{"id":610,"date":"2005-04-26T07:54:00","date_gmt":"2005-04-26T07:54:00","guid":{"rendered":"https:\/\/www.euroresidentes.com\/viajes\/volar\/el-superjumbo-a380"},"modified":"2016-03-10T10:33:29","modified_gmt":"2016-03-10T10:33:29","slug":"el-superjumbo-a380","status":"publish","type":"post","link":"https:\/\/www.euroresidentes.com\/viajes\/volar\/el-superjumbo-a380\/","title":{"rendered":"El superjumbo A380"},"content":{"rendered":"<p><strong>Ultimas noticias: <a href=\"http:\/\/www.euroresidentes.com\/Blogs\/avances_tecnologicos\/2005\/04\/primer-vuelo-de-prueba-del-airbus-a380.htm\" target=\"_blank\">Primer vuelo de prueba del Airbus A380<\/a><\/strong><br \/><strong><\/strong><br \/><strong>El superjumbo A380 realiza su primer vuelo de prueba<\/strong><\/p>\n<p>La ciudad francesa de Toulouse a las 10.30 de ma\u00f1ana d\u00eda 27 de abril ser\u00e1 el escenario del primer vuelo del Airbus A380 en un radio de 300 kil\u00f3metros. Un proyecto de la industria europea que ha alcanzado una proyecci\u00f3n pol\u00edtica y medi\u00e1tica sin precedentes en este tipo de proyectos.<\/p>\n<p><strong>Pruebas de vuelo<\/strong><\/p>\n<p>El vuelo tiene como objetivo, comprobar en la pr\u00e1ctica si el aparato es capaz de despegar, de acuerdo con las caracter\u00edsticas t\u00e9cnicas de dise\u00f1o (planos, modelos inform\u00e1ticos y resultados del t\u00fanel de viento). El superjumbo A380 simular\u00e1 con 420 toneladas de lastre, las 560 que corresponden a un vuelo normal del avi\u00f3n con asientos y pasajeros.<\/p>\n<p><strong>El avi\u00f3n superjumbo A380<\/strong><\/p>\n<p>Este gigante de 73 metros de largo, 80 de envergadura y 24 de altura, posee las proporciones de a un edificio de siete pisos. En teor\u00eda, este proyecto europeo es un reto para el liderazgo de Boeing, el gigante aeron\u00e1utico estadounidense, en el dominio del mercado mundial de fabricaci\u00f3n de aeronaves.<\/p>\n<p><strong>Exhibici\u00f3n a\u00e9rea<\/strong><\/p>\n<p>El superjumbo A380 se ha convertido en un fen\u00f3meno medi\u00e1tico. Hoy en Toulouse se ha levantado tanta expectaci\u00f3n en los medios de comunicaci\u00f3n que lo que deber\u00eda haber sido una prueba rutinaria se ha convertido en una exhibici\u00f3n a\u00e9rea. Se espera que unas 40.000 personas presencien esta prueba. Incluso se ha levantado una pantalla gigante de televisi\u00f3n en la plaza del ayuntamiento.<\/p>\n<p>Su componente de show medi\u00e1tico hace pasar desapercibidas algunas cuestiones cruciales de momento no abordadas. \u00bfEn qu\u00e9 medida afectar\u00e1 a los costes y tarifas? \u00bfEs el A380 un candidato a propiciar vuelos baratos trasatl\u00e1nticos?<\/p>\n<ul>\n<li><a href=\"http:\/\/www.euroresidentes.com\/Blogs\/rodriguez_zapatero\/2005\/01\/superjumbo-a380.html\">Presentaci\u00f3n Superjumbo A380 <\/a><\/li>\n<\/ul>\n","protected":false},"excerpt":{"rendered":"<p>Ultimas noticias: Primer vuelo de prueba del Airbus A380El superjumbo A380 realiza su primer vuelo de prueba La ciudad francesa de Toulouse a las 10.30 de ma\u00f1ana d\u00eda 27 de abril ser\u00e1 el escenario del primer vuelo del Airbus A380 en un radio de 300 kil\u00f3metros. Un proyecto de la industria europea que ha alcanzado una proyecci\u00f3n pol\u00edtica y medi\u00e1tica sin precedentes en este tipo de proyectos. Pruebas de vuelo El vuelo tiene como objetivo, comprobar en la pr\u00e1ctica si el aparato es capaz de despegar, de acuerdo con las caracter\u00edsticas t\u00e9cnicas de dise\u00f1o (planos, modelos inform\u00e1ticos y resultados del <\/p>\n","protected":false},"author":1,"featured_media":0,"comment_status":"open","ping_status":"open","sticky":false,"template":"","format":"standard","meta":{"footnotes":""},"categories":[1],"tags":[11],"class_list":["post-610","post","type-post","status-publish","format-standard","hentry","category-general","tag-aviones"],"yoast_head":"<!-- This site is optimized with the Yoast SEO plugin v24.1 - https:\/\/yoast.com\/wordpress\/plugins\/seo\/ -->\n<title>El superjumbo A380 - Volar<\/title>\n<meta name=\"robots\" content=\"index, follow, max-snippet:-1, max-image-preview:large, max-video-preview:-1\" \/>\n<link rel=\"canonical\" href=\"https:\/\/www.euroresidentes.com\/viajes\/volar\/el-superjumbo-a380\/\" \/>\n<meta property=\"og:locale\" content=\"es_ES\" \/>\n<meta property=\"og:type\" content=\"article\" \/>\n<meta property=\"og:title\" content=\"El superjumbo A380 - Volar\" \/>\n<meta property=\"og:description\" content=\"Ultimas noticias: Primer vuelo de prueba del Airbus A380El superjumbo A380 realiza su primer vuelo de prueba La ciudad francesa de Toulouse a las 10.30 de ma\u00f1ana d\u00eda 27 de abril ser\u00e1 el escenario del primer vuelo del Airbus A380 en un radio de 300 kil\u00f3metros. Un proyecto de la industria europea que ha alcanzado una proyecci\u00f3n pol\u00edtica y medi\u00e1tica sin precedentes en este tipo de proyectos. Pruebas de vuelo El vuelo tiene como objetivo, comprobar en la pr\u00e1ctica si el aparato es capaz de despegar, de acuerdo con las caracter\u00edsticas t\u00e9cnicas de dise\u00f1o (planos, modelos inform\u00e1ticos y resultados del\" \/>\n<meta property=\"og:url\" content=\"https:\/\/www.euroresidentes.com\/viajes\/volar\/el-superjumbo-a380\/\" \/>\n<meta property=\"og:site_name\" content=\"Volar\" \/>\n<meta property=\"article:publisher\" content=\"https:\/\/www.facebook.com\/euroresidentes\/\" \/>\n<meta property=\"article:published_time\" content=\"2005-04-26T07:54:00+00:00\" \/>\n<meta property=\"article:modified_time\" content=\"2016-03-10T10:33:29+00:00\" \/>\n<meta name=\"author\" content=\"Euroresidentes\" \/>\n<meta name=\"twitter:card\" content=\"summary_large_image\" \/>\n<meta name=\"twitter:label1\" content=\"Written by\" \/>\n\t<meta name=\"twitter:data1\" content=\"Euroresidentes\" \/>\n\t<meta name=\"twitter:label2\" content=\"Est. reading time\" \/>\n\t<meta name=\"twitter:data2\" content=\"2 minutos\" \/>\n<script type=\"application\/ld+json\" class=\"yoast-schema-graph\">{\"@context\":\"https:\/\/schema.org\",\"@graph\":[{\"@type\":\"WebPage\",\"@id\":\"https:\/\/www.euroresidentes.com\/viajes\/volar\/el-superjumbo-a380\/\",\"url\":\"https:\/\/www.euroresidentes.com\/viajes\/volar\/el-superjumbo-a380\/\",\"name\":\"El superjumbo A380 - Volar\",\"isPartOf\":{\"@id\":\"https:\/\/www.euroresidentes.com\/viajes\/volar\/#website\"},\"datePublished\":\"2005-04-26T07:54:00+00:00\",\"dateModified\":\"2016-03-10T10:33:29+00:00\",\"author\":{\"@id\":\"https:\/\/www.euroresidentes.com\/viajes\/volar\/#\/schema\/person\/4bbb21ebb04e241332a6c1c0c1f40bc1\"},\"breadcrumb\":{\"@id\":\"https:\/\/www.euroresidentes.com\/viajes\/volar\/el-superjumbo-a380\/#breadcrumb\"},\"inLanguage\":\"es\",\"potentialAction\":[{\"@type\":\"ReadAction\",\"target\":[\"https:\/\/www.euroresidentes.com\/viajes\/volar\/el-superjumbo-a380\/\"]}]},{\"@type\":\"BreadcrumbList\",\"@id\":\"https:\/\/www.euroresidentes.com\/viajes\/volar\/el-superjumbo-a380\/#breadcrumb\",\"itemListElement\":[{\"@type\":\"ListItem\",\"position\":1,\"name\":\"Portada\",\"item\":\"https:\/\/www.euroresidentes.com\/viajes\/volar\/\"},{\"@type\":\"ListItem\",\"position\":2,\"name\":\"El superjumbo A380\"}]},{\"@type\":\"WebSite\",\"@id\":\"https:\/\/www.euroresidentes.com\/viajes\/volar\/#website\",\"url\":\"https:\/\/www.euroresidentes.com\/viajes\/volar\/\",\"name\":\"Volar\",\"description\":\"Volar Euroresidentes\",\"potentialAction\":[{\"@type\":\"SearchAction\",\"target\":{\"@type\":\"EntryPoint\",\"urlTemplate\":\"https:\/\/www.euroresidentes.com\/viajes\/volar\/?s={search_term_string}\"},\"query-input\":{\"@type\":\"PropertyValueSpecification\",\"valueRequired\":true,\"valueName\":\"search_term_string\"}}],\"inLanguage\":\"es\"},{\"@type\":\"Person\",\"@id\":\"https:\/\/www.euroresidentes.com\/viajes\/volar\/#\/schema\/person\/4bbb21ebb04e241332a6c1c0c1f40bc1\",\"name\":\"Euroresidentes\",\"image\":{\"@type\":\"ImageObject\",\"inLanguage\":\"es\",\"@id\":\"https:\/\/www.euroresidentes.com\/viajes\/volar\/#\/schema\/person\/image\/\",\"url\":\"https:\/\/www.euroresidentes.com\/viajes\/volar\/wp-content\/uploads\/sites\/2\/2016\/03\/logo-euroresidentes-150x150.jpg\",\"contentUrl\":\"https:\/\/www.euroresidentes.com\/viajes\/volar\/wp-content\/uploads\/sites\/2\/2016\/03\/logo-euroresidentes-150x150.jpg\",\"caption\":\"Euroresidentes\"},\"description\":\"EuroresidentesContenidos \u00fatiles que ayudan a resolver las necesidades grandes y peque\u00f1as de al vida cotidiana.\",\"sameAs\":[\"https:\/\/www.euroresidentes.com\/info.htm\"],\"url\":\"https:\/\/www.euroresidentes.com\/viajes\/volar\/author\/euroresidentes\/\"}]}<\/script>\n<!-- \/ Yoast SEO plugin. -->","yoast_head_json":{"title":"El superjumbo A380 - Volar","robots":{"index":"index","follow":"follow","max-snippet":"max-snippet:-1","max-image-preview":"max-image-preview:large","max-video-preview":"max-video-preview:-1"},"canonical":"https:\/\/www.euroresidentes.com\/viajes\/volar\/el-superjumbo-a380\/","og_locale":"es_ES","og_type":"article","og_title":"El superjumbo A380 - Volar","og_description":"Ultimas noticias: Primer vuelo de prueba del Airbus A380El superjumbo A380 realiza su primer vuelo de prueba La ciudad francesa de Toulouse a las 10.30 de ma\u00f1ana d\u00eda 27 de abril ser\u00e1 el escenario del primer vuelo del Airbus A380 en un radio de 300 kil\u00f3metros. Un proyecto de la industria europea que ha alcanzado una proyecci\u00f3n pol\u00edtica y medi\u00e1tica sin precedentes en este tipo de proyectos. Pruebas de vuelo El vuelo tiene como objetivo, comprobar en la pr\u00e1ctica si el aparato es capaz de despegar, de acuerdo con las caracter\u00edsticas t\u00e9cnicas de dise\u00f1o (planos, modelos inform\u00e1ticos y resultados del","og_url":"https:\/\/www.euroresidentes.com\/viajes\/volar\/el-superjumbo-a380\/","og_site_name":"Volar","article_publisher":"https:\/\/www.facebook.com\/euroresidentes\/","article_published_time":"2005-04-26T07:54:00+00:00","article_modified_time":"2016-03-10T10:33:29+00:00","author":"Euroresidentes","twitter_card":"summary_large_image","twitter_misc":{"Written by":"Euroresidentes","Est. reading time":"2 minutos"},"schema":{"@context":"https:\/\/schema.org","@graph":[{"@type":"WebPage","@id":"https:\/\/www.euroresidentes.com\/viajes\/volar\/el-superjumbo-a380\/","url":"https:\/\/www.euroresidentes.com\/viajes\/volar\/el-superjumbo-a380\/","name":"El superjumbo A380 - Volar","isPartOf":{"@id":"https:\/\/www.euroresidentes.com\/viajes\/volar\/#website"},"datePublished":"2005-04-26T07:54:00+00:00","dateModified":"2016-03-10T10:33:29+00:00","author":{"@id":"https:\/\/www.euroresidentes.com\/viajes\/volar\/#\/schema\/person\/4bbb21ebb04e241332a6c1c0c1f40bc1"},"breadcrumb":{"@id":"https:\/\/www.euroresidentes.com\/viajes\/volar\/el-superjumbo-a380\/#breadcrumb"},"inLanguage":"es","potentialAction":[{"@type":"ReadAction","target":["https:\/\/www.euroresidentes.com\/viajes\/volar\/el-superjumbo-a380\/"]}]},{"@type":"BreadcrumbList","@id":"https:\/\/www.euroresidentes.com\/viajes\/volar\/el-superjumbo-a380\/#breadcrumb","itemListElement":[{"@type":"ListItem","position":1,"name":"Portada","item":"https:\/\/www.euroresidentes.com\/viajes\/volar\/"},{"@type":"ListItem","position":2,"name":"El superjumbo A380"}]},{"@type":"WebSite","@id":"https:\/\/www.euroresidentes.com\/viajes\/volar\/#website","url":"https:\/\/www.euroresidentes.com\/viajes\/volar\/","name":"Volar","description":"Volar Euroresidentes","potentialAction":[{"@type":"SearchAction","target":{"@type":"EntryPoint","urlTemplate":"https:\/\/www.euroresidentes.com\/viajes\/volar\/?s={search_term_string}"},"query-input":{"@type":"PropertyValueSpecification","valueRequired":true,"valueName":"search_term_string"}}],"inLanguage":"es"},{"@type":"Person","@id":"https:\/\/www.euroresidentes.com\/viajes\/volar\/#\/schema\/person\/4bbb21ebb04e241332a6c1c0c1f40bc1","name":"Euroresidentes","image":{"@type":"ImageObject","inLanguage":"es","@id":"https:\/\/www.euroresidentes.com\/viajes\/volar\/#\/schema\/person\/image\/","url":"https:\/\/www.euroresidentes.com\/viajes\/volar\/wp-content\/uploads\/sites\/2\/2016\/03\/logo-euroresidentes-150x150.jpg","contentUrl":"https:\/\/www.euroresidentes.com\/viajes\/volar\/wp-content\/uploads\/sites\/2\/2016\/03\/logo-euroresidentes-150x150.jpg","caption":"Euroresidentes"},"description":"EuroresidentesContenidos \u00fatiles que ayudan a resolver las necesidades grandes y peque\u00f1as de al vida cotidiana.","sameAs":["https:\/\/www.euroresidentes.com\/info.htm"],"url":"https:\/\/www.euroresidentes.com\/viajes\/volar\/author\/euroresidentes\/"}]}},"_links":{"self":[{"href":"https:\/\/www.euroresidentes.com\/viajes\/volar\/wp-json\/wp\/v2\/posts\/610","targetHints":{"allow":["GET"]}}],"collection":[{"href":"https:\/\/www.euroresidentes.com\/viajes\/volar\/wp-json\/wp\/v2\/posts"}],"about":[{"href":"https:\/\/www.euroresidentes.com\/viajes\/volar\/wp-json\/wp\/v2\/types\/post"}],"author":[{"embeddable":true,"href":"https:\/\/www.euroresidentes.com\/viajes\/volar\/wp-json\/wp\/v2\/users\/1"}],"replies":[{"embeddable":true,"href":"https:\/\/www.euroresidentes.com\/viajes\/volar\/wp-json\/wp\/v2\/comments?post=610"}],"version-history":[{"count":1,"href":"https:\/\/www.euroresidentes.com\/viajes\/volar\/wp-json\/wp\/v2\/posts\/610\/revisions"}],"predecessor-version":[{"id":1279,"href":"https:\/\/www.euroresidentes.com\/viajes\/volar\/wp-json\/wp\/v2\/posts\/610\/revisions\/1279"}],"wp:attachment":[{"href":"https:\/\/www.euroresidentes.com\/viajes\/volar\/wp-json\/wp\/v2\/media?parent=610"}],"wp:term":[{"taxonomy":"category","embeddable":true,"href":"https:\/\/www.euroresidentes.com\/viajes\/volar\/wp-json\/wp\/v2\/categories?post=610"},{"taxonomy":"post_tag","embeddable":true,"href":"https:\/\/www.euroresidentes.com\/viajes\/volar\/wp-json\/wp\/v2\/tags?post=610"}],"curies":[{"name":"wp","href":"https:\/\/api.w.org\/{rel}","templated":true}]}}