{"id":576,"date":"2005-08-20T17:16:00","date_gmt":"2005-08-20T17:16:00","guid":{"rendered":"https:\/\/www.euroresidentes.com\/viajes\/volar\/mlaga"},"modified":"2016-03-10T10:30:22","modified_gmt":"2016-03-10T10:30:22","slug":"mlaga","status":"publish","type":"post","link":"https:\/\/www.euroresidentes.com\/viajes\/volar\/mlaga\/","title":{"rendered":"M\u00e1laga"},"content":{"rendered":"<p><strong>Vuelos baratos M\u00e1laga \u2013 Ginebra con <a href=\"http:\/\/www.euroresidentes.com\/viajes\/vuelos\/aerolineas_vuelos_baratos\/easyjet.htm\">EasyJet<\/a><\/strong><\/p>\n<p>M\u00e1laga y Ginebra quedar\u00e1n conectadas con <a href=\"http:\/\/www.euroresidentes.com\/viajes\/vuelos\/vuelos_baratos_easyjet.htm\">vuelos baratos de EasyJet<\/a> a partir del pr\u00f3ximos d\u00eda 1 de noviembre. En n\u00famero de habitantes (184 758) es la segunda ciudad de Suiza despu\u00e9s de Zurich y la primera de habla francesa. Segunda sede de las Naciones Unidas, con fuerte proyecci\u00f3n internacional, posee una amplia comunidad hispana y con los Alpes como destino ideal para esquiar.<\/p>\n<p>Ginebra dispone de un aeropuerto internacional Cointrin que est\u00e1 explotado en com\u00fan con Francia, pues tiene una parte de su suelo en territorio franc\u00e9s). Est\u00e1 conectado con el tren de alta velocidad (en poco mas de tres horas, para un poco m\u00e1s de 500 km).<\/p>\n<p><strong>Vuelos M\u00e1laga de EsayJet<\/strong><\/p>\n<p>Con esta iniciativa se refuerza de forma importante los vuelos que ya mantiene la compa\u00f1\u00eda con M\u00e1laga. En estos momentos M\u00e1laga est\u00e1 conectada con las siguientes ciudades a trav\u00e9s de EasyJet: Basilea, Belfast, Bristol, Ginebra, Liverpool, Londres (todos los aeropuertos), Newcastle y Nottingham.<\/p>\n<p>La importancia de M\u00e1laga y la Costa del Sol como centros tur\u00edsticos del sur del Mediterr\u00e1neo espa\u00f1ol queda reflejada en esta intensa actividad a\u00e9rea.<\/p>\n<p><strong>M\u00e1laga segundo aeropuerto de destino espa\u00f1ol<\/strong><\/p>\n<p>El an\u00e1lisis de los datos m\u00e1s recientes (mayo) de los aeropuertos de destino revela que M\u00e1laga con 227.000 pasajeros (un 28% m\u00e1s que el a\u00f1o anterior) es el segundo destino m\u00e1s importante en vuelos baratos, tras el aeropuerto de Son Sant Joan, en Palma de Mallorca (340.000 pasajeros). El 79,9% de las llegadas en Andaluc\u00eda se concentraron en el aeropuerto de M\u00e1laga, procedentes en la mayor\u00eda de los casos de Reino Unido, con los aeropuertos de Stansted en Londres y Birmingham como principales puntos de origen.<\/p>\n<p>A las niciativas de easyJet, hay que agregar las de Vueling con sus trayectos nacionales M\u00e1laga- Barcelona y <a href=\"http:\/\/www.euroresidentes.com\/Blogs\/vuelos_baratos\/2005\/03\/bilbao-mlaga-con-vueling.html\">M\u00e1laga- Bilbao<\/a>.<\/p>\n<p>Enlaces relacionados:<\/p>\n<ul>\n<li><a href=\"http:\/\/www.euroresidentes.com\/hoteles\/malaga\/\">Hoteles M\u00e1laga<\/a><\/li>\n<li><a href=\"http:\/\/fotos.euroresidentes.com\/pueblos\/costa\/costa_del_sol.htm\">Costa del Sol<\/a><\/li>\n<li><a href=\"http:\/\/www.euroresidentes.com\/viajes\/vuelos\/vuelos_baratos_londres.htm\">Vuelos baratos Londres<\/a><\/li>\n<\/ul>\n","protected":false},"excerpt":{"rendered":"<p>Vuelos baratos M\u00e1laga \u2013 Ginebra con EasyJet M\u00e1laga y Ginebra quedar\u00e1n conectadas con vuelos baratos de EasyJet a partir del pr\u00f3ximos d\u00eda 1 de noviembre. En n\u00famero de habitantes (184 758) es la segunda ciudad de Suiza despu\u00e9s de Zurich y la primera de habla francesa. Segunda sede de las Naciones Unidas, con fuerte proyecci\u00f3n internacional, posee una amplia comunidad hispana y con los Alpes como destino ideal para esquiar. Ginebra dispone de un aeropuerto internacional Cointrin que est\u00e1 explotado en com\u00fan con Francia, pues tiene una parte de su suelo en territorio franc\u00e9s). Est\u00e1 conectado con el tren de <\/p>\n","protected":false},"author":1,"featured_media":0,"comment_status":"open","ping_status":"open","sticky":false,"template":"","format":"standard","meta":{"footnotes":""},"categories":[1],"tags":[49],"class_list":["post-576","post","type-post","status-publish","format-standard","hentry","category-general","tag-malaga"],"yoast_head":"<!-- This site is optimized with the Yoast SEO plugin v24.1 - https:\/\/yoast.com\/wordpress\/plugins\/seo\/ -->\n<title>M\u00e1laga - Volar<\/title>\n<meta name=\"robots\" content=\"index, follow, max-snippet:-1, max-image-preview:large, max-video-preview:-1\" \/>\n<link rel=\"canonical\" href=\"https:\/\/www.euroresidentes.com\/viajes\/volar\/mlaga\/\" \/>\n<meta property=\"og:locale\" content=\"es_ES\" \/>\n<meta property=\"og:type\" content=\"article\" \/>\n<meta property=\"og:title\" content=\"M\u00e1laga - Volar\" \/>\n<meta property=\"og:description\" content=\"Vuelos baratos M\u00e1laga \u2013 Ginebra con EasyJet M\u00e1laga y Ginebra quedar\u00e1n conectadas con vuelos baratos de EasyJet a partir del pr\u00f3ximos d\u00eda 1 de noviembre. En n\u00famero de habitantes (184 758) es la segunda ciudad de Suiza despu\u00e9s de Zurich y la primera de habla francesa. Segunda sede de las Naciones Unidas, con fuerte proyecci\u00f3n internacional, posee una amplia comunidad hispana y con los Alpes como destino ideal para esquiar. Ginebra dispone de un aeropuerto internacional Cointrin que est\u00e1 explotado en com\u00fan con Francia, pues tiene una parte de su suelo en territorio franc\u00e9s). Est\u00e1 conectado con el tren de\" \/>\n<meta property=\"og:url\" content=\"https:\/\/www.euroresidentes.com\/viajes\/volar\/mlaga\/\" \/>\n<meta property=\"og:site_name\" content=\"Volar\" \/>\n<meta property=\"article:publisher\" content=\"https:\/\/www.facebook.com\/euroresidentes\/\" \/>\n<meta property=\"article:published_time\" content=\"2005-08-20T17:16:00+00:00\" \/>\n<meta property=\"article:modified_time\" content=\"2016-03-10T10:30:22+00:00\" \/>\n<meta name=\"author\" content=\"Euroresidentes\" \/>\n<meta name=\"twitter:card\" content=\"summary_large_image\" \/>\n<meta name=\"twitter:label1\" content=\"Written by\" \/>\n\t<meta name=\"twitter:data1\" content=\"Euroresidentes\" \/>\n\t<meta name=\"twitter:label2\" content=\"Est. reading time\" \/>\n\t<meta name=\"twitter:data2\" content=\"2 minutos\" \/>\n<script type=\"application\/ld+json\" class=\"yoast-schema-graph\">{\"@context\":\"https:\/\/schema.org\",\"@graph\":[{\"@type\":\"WebPage\",\"@id\":\"https:\/\/www.euroresidentes.com\/viajes\/volar\/mlaga\/\",\"url\":\"https:\/\/www.euroresidentes.com\/viajes\/volar\/mlaga\/\",\"name\":\"M\u00e1laga - Volar\",\"isPartOf\":{\"@id\":\"https:\/\/www.euroresidentes.com\/viajes\/volar\/#website\"},\"datePublished\":\"2005-08-20T17:16:00+00:00\",\"dateModified\":\"2016-03-10T10:30:22+00:00\",\"author\":{\"@id\":\"https:\/\/www.euroresidentes.com\/viajes\/volar\/#\/schema\/person\/4bbb21ebb04e241332a6c1c0c1f40bc1\"},\"breadcrumb\":{\"@id\":\"https:\/\/www.euroresidentes.com\/viajes\/volar\/mlaga\/#breadcrumb\"},\"inLanguage\":\"es\",\"potentialAction\":[{\"@type\":\"ReadAction\",\"target\":[\"https:\/\/www.euroresidentes.com\/viajes\/volar\/mlaga\/\"]}]},{\"@type\":\"BreadcrumbList\",\"@id\":\"https:\/\/www.euroresidentes.com\/viajes\/volar\/mlaga\/#breadcrumb\",\"itemListElement\":[{\"@type\":\"ListItem\",\"position\":1,\"name\":\"Portada\",\"item\":\"https:\/\/www.euroresidentes.com\/viajes\/volar\/\"},{\"@type\":\"ListItem\",\"position\":2,\"name\":\"M\u00e1laga\"}]},{\"@type\":\"WebSite\",\"@id\":\"https:\/\/www.euroresidentes.com\/viajes\/volar\/#website\",\"url\":\"https:\/\/www.euroresidentes.com\/viajes\/volar\/\",\"name\":\"Volar\",\"description\":\"Volar Euroresidentes\",\"potentialAction\":[{\"@type\":\"SearchAction\",\"target\":{\"@type\":\"EntryPoint\",\"urlTemplate\":\"https:\/\/www.euroresidentes.com\/viajes\/volar\/?s={search_term_string}\"},\"query-input\":{\"@type\":\"PropertyValueSpecification\",\"valueRequired\":true,\"valueName\":\"search_term_string\"}}],\"inLanguage\":\"es\"},{\"@type\":\"Person\",\"@id\":\"https:\/\/www.euroresidentes.com\/viajes\/volar\/#\/schema\/person\/4bbb21ebb04e241332a6c1c0c1f40bc1\",\"name\":\"Euroresidentes\",\"image\":{\"@type\":\"ImageObject\",\"inLanguage\":\"es\",\"@id\":\"https:\/\/www.euroresidentes.com\/viajes\/volar\/#\/schema\/person\/image\/\",\"url\":\"https:\/\/www.euroresidentes.com\/viajes\/volar\/wp-content\/uploads\/sites\/2\/2016\/03\/logo-euroresidentes-150x150.jpg\",\"contentUrl\":\"https:\/\/www.euroresidentes.com\/viajes\/volar\/wp-content\/uploads\/sites\/2\/2016\/03\/logo-euroresidentes-150x150.jpg\",\"caption\":\"Euroresidentes\"},\"description\":\"EuroresidentesContenidos \u00fatiles que ayudan a resolver las necesidades grandes y peque\u00f1as de al vida cotidiana.\",\"sameAs\":[\"https:\/\/www.euroresidentes.com\/info.htm\"],\"url\":\"https:\/\/www.euroresidentes.com\/viajes\/volar\/author\/euroresidentes\/\"}]}<\/script>\n<!-- \/ Yoast SEO plugin. -->","yoast_head_json":{"title":"M\u00e1laga - Volar","robots":{"index":"index","follow":"follow","max-snippet":"max-snippet:-1","max-image-preview":"max-image-preview:large","max-video-preview":"max-video-preview:-1"},"canonical":"https:\/\/www.euroresidentes.com\/viajes\/volar\/mlaga\/","og_locale":"es_ES","og_type":"article","og_title":"M\u00e1laga - Volar","og_description":"Vuelos baratos M\u00e1laga \u2013 Ginebra con EasyJet M\u00e1laga y Ginebra quedar\u00e1n conectadas con vuelos baratos de EasyJet a partir del pr\u00f3ximos d\u00eda 1 de noviembre. En n\u00famero de habitantes (184 758) es la segunda ciudad de Suiza despu\u00e9s de Zurich y la primera de habla francesa. Segunda sede de las Naciones Unidas, con fuerte proyecci\u00f3n internacional, posee una amplia comunidad hispana y con los Alpes como destino ideal para esquiar. Ginebra dispone de un aeropuerto internacional Cointrin que est\u00e1 explotado en com\u00fan con Francia, pues tiene una parte de su suelo en territorio franc\u00e9s). Est\u00e1 conectado con el tren de","og_url":"https:\/\/www.euroresidentes.com\/viajes\/volar\/mlaga\/","og_site_name":"Volar","article_publisher":"https:\/\/www.facebook.com\/euroresidentes\/","article_published_time":"2005-08-20T17:16:00+00:00","article_modified_time":"2016-03-10T10:30:22+00:00","author":"Euroresidentes","twitter_card":"summary_large_image","twitter_misc":{"Written by":"Euroresidentes","Est. reading time":"2 minutos"},"schema":{"@context":"https:\/\/schema.org","@graph":[{"@type":"WebPage","@id":"https:\/\/www.euroresidentes.com\/viajes\/volar\/mlaga\/","url":"https:\/\/www.euroresidentes.com\/viajes\/volar\/mlaga\/","name":"M\u00e1laga - Volar","isPartOf":{"@id":"https:\/\/www.euroresidentes.com\/viajes\/volar\/#website"},"datePublished":"2005-08-20T17:16:00+00:00","dateModified":"2016-03-10T10:30:22+00:00","author":{"@id":"https:\/\/www.euroresidentes.com\/viajes\/volar\/#\/schema\/person\/4bbb21ebb04e241332a6c1c0c1f40bc1"},"breadcrumb":{"@id":"https:\/\/www.euroresidentes.com\/viajes\/volar\/mlaga\/#breadcrumb"},"inLanguage":"es","potentialAction":[{"@type":"ReadAction","target":["https:\/\/www.euroresidentes.com\/viajes\/volar\/mlaga\/"]}]},{"@type":"BreadcrumbList","@id":"https:\/\/www.euroresidentes.com\/viajes\/volar\/mlaga\/#breadcrumb","itemListElement":[{"@type":"ListItem","position":1,"name":"Portada","item":"https:\/\/www.euroresidentes.com\/viajes\/volar\/"},{"@type":"ListItem","position":2,"name":"M\u00e1laga"}]},{"@type":"WebSite","@id":"https:\/\/www.euroresidentes.com\/viajes\/volar\/#website","url":"https:\/\/www.euroresidentes.com\/viajes\/volar\/","name":"Volar","description":"Volar Euroresidentes","potentialAction":[{"@type":"SearchAction","target":{"@type":"EntryPoint","urlTemplate":"https:\/\/www.euroresidentes.com\/viajes\/volar\/?s={search_term_string}"},"query-input":{"@type":"PropertyValueSpecification","valueRequired":true,"valueName":"search_term_string"}}],"inLanguage":"es"},{"@type":"Person","@id":"https:\/\/www.euroresidentes.com\/viajes\/volar\/#\/schema\/person\/4bbb21ebb04e241332a6c1c0c1f40bc1","name":"Euroresidentes","image":{"@type":"ImageObject","inLanguage":"es","@id":"https:\/\/www.euroresidentes.com\/viajes\/volar\/#\/schema\/person\/image\/","url":"https:\/\/www.euroresidentes.com\/viajes\/volar\/wp-content\/uploads\/sites\/2\/2016\/03\/logo-euroresidentes-150x150.jpg","contentUrl":"https:\/\/www.euroresidentes.com\/viajes\/volar\/wp-content\/uploads\/sites\/2\/2016\/03\/logo-euroresidentes-150x150.jpg","caption":"Euroresidentes"},"description":"EuroresidentesContenidos \u00fatiles que ayudan a resolver las necesidades grandes y peque\u00f1as de al vida cotidiana.","sameAs":["https:\/\/www.euroresidentes.com\/info.htm"],"url":"https:\/\/www.euroresidentes.com\/viajes\/volar\/author\/euroresidentes\/"}]}},"_links":{"self":[{"href":"https:\/\/www.euroresidentes.com\/viajes\/volar\/wp-json\/wp\/v2\/posts\/576","targetHints":{"allow":["GET"]}}],"collection":[{"href":"https:\/\/www.euroresidentes.com\/viajes\/volar\/wp-json\/wp\/v2\/posts"}],"about":[{"href":"https:\/\/www.euroresidentes.com\/viajes\/volar\/wp-json\/wp\/v2\/types\/post"}],"author":[{"embeddable":true,"href":"https:\/\/www.euroresidentes.com\/viajes\/volar\/wp-json\/wp\/v2\/users\/1"}],"replies":[{"embeddable":true,"href":"https:\/\/www.euroresidentes.com\/viajes\/volar\/wp-json\/wp\/v2\/comments?post=576"}],"version-history":[{"count":1,"href":"https:\/\/www.euroresidentes.com\/viajes\/volar\/wp-json\/wp\/v2\/posts\/576\/revisions"}],"predecessor-version":[{"id":1245,"href":"https:\/\/www.euroresidentes.com\/viajes\/volar\/wp-json\/wp\/v2\/posts\/576\/revisions\/1245"}],"wp:attachment":[{"href":"https:\/\/www.euroresidentes.com\/viajes\/volar\/wp-json\/wp\/v2\/media?parent=576"}],"wp:term":[{"taxonomy":"category","embeddable":true,"href":"https:\/\/www.euroresidentes.com\/viajes\/volar\/wp-json\/wp\/v2\/categories?post=576"},{"taxonomy":"post_tag","embeddable":true,"href":"https:\/\/www.euroresidentes.com\/viajes\/volar\/wp-json\/wp\/v2\/tags?post=576"}],"curies":[{"name":"wp","href":"https:\/\/api.w.org\/{rel}","templated":true}]}}