{"id":520,"date":"2006-03-22T21:30:00","date_gmt":"2006-03-22T21:30:00","guid":{"rendered":"https:\/\/www.euroresidentes.com\/viajes\/volar\/lista-negra-de-aerolneas-de-la-ue"},"modified":"2016-03-10T10:27:14","modified_gmt":"2016-03-10T10:27:14","slug":"lista-negra-de-aerolneas-de-la-ue","status":"publish","type":"post","link":"https:\/\/www.euroresidentes.com\/viajes\/volar\/lista-negra-de-aerolneas-de-la-ue\/","title":{"rendered":"Lista negra de aerol\u00edneas de la UE"},"content":{"rendered":"<p>Los ministros de Transporte de los 25 pa\u00edses de la UE pidieron a la Comisi\u00f3n Europea que elaborara una lista negra tras una serie de accidentes en operadores de vuelos charter y tras haber identificado lagunos pa\u00edses miembros su propias listas negras.  <strong>Lista negra de compa\u00f1\u00edas a\u00e9reas de la UE<\/strong>Ahora la Uni\u00f3n Europea ha prohibido a 96 aerol\u00edneas, en su mayor\u00eda africanas, a operar dentro del espacio a\u00e9reo de la Uni\u00f3n, a efector de mejorar la seguridad a\u00e9rea y proporcionar las mayores garant\u00edas a los viajeros. Los pa\u00edses m\u00e1s afectados por las prohibiciones: <\/p>\n<ul>\n<li>Rep\u00fablica Democr\u00e1tica del Congo (50)  <\/li>\n<li>Sierra Leona (13)<\/li>\n<li>Guinea Ecuatorial  (11)<\/li>\n<li>Suazilandia (6)<\/li>\n<li>Liberia (3)<\/li>\n<li>Tailandia (1) <\/li>\n<li>Kazajst\u00e1n (2)<\/li>\n<li>Kirguizist\u00e1n (2)<\/li>\n<li>Afganist\u00e1n (1)<\/li>\n<li>Corea del Norte (1)<\/li>\n<li>Uganda (1)<\/li>\n<li>Comores (1)<\/li>\n<\/ul>\n<p>Entre las compa\u00f1\u00edas incluidas: la tailandesa Phuket Airlines, la liberiana International Air Services, la norcoreana Air Koryo y la comorense Air Comores Services. <strong><a href=\"http:\/\/europa.eu.int\/comm\/transport\/air\/safety\/doc\/flywell\/2006_03_22_flywell_list_en.pdf\">Ver lista completa de compa\u00f1\u00edas a\u00e9reas prohibidas en la UE<\/a><\/strong>.La lista negra ser\u00e1 publicada en los sitios de Internet de las autoridades comunitarias y nacionales responsables de la seguridad a\u00e9rea, as\u00ed como en los de aeropuertos, agencias de viaje u oficinas de operadores tur\u00edsticosLa  lista negra tiene por objetivo mantener a las aerol\u00edneas dudosas fuera del espacio a\u00e9reo de Europa y garantizar los m\u00e1s altos est\u00e1ndares de seguridad. No obstante las compa\u00f1\u00edas prohibidas no suelen mantener vuelos dentro del espacio europeo, por lo que se trata m\u00e1s bien de medidas preventivas. No obstante la Comisi\u00f3n pide a la gente que evite viajar con estas aerol\u00edneas en otras partes del mundo.La relaci\u00f3n, que ser\u00e1 revisada cada tres meses y desde ahora las aerol\u00edneas incluidas en la lista podr\u00e1n presentar una solicitud de ser eliminados de la misma una vez que cumplan con los requisitos de seguridad m\u00ednimos, seg\u00fan se\u00f1al\u00f3 la Comisi\u00f3n. <strong>Obligaci\u00f3n de informar de las agencias de viaje<\/strong>Las agencias de venta estar\u00e1n obligadas a informar a los clientes del nombre de la aerol\u00ednea de cada vuelo que contraten, as\u00ed como a compensarles econ\u00f3micamente si, por un cambio de \u00faltima hora, las reemplazan por una incluida en la \u00ablista negra\u00bb. <strong>Temas relacionados con lista negra de aerol\u00edneas<\/strong><\/p>\n<ul>\n<li><a class=\"l\" onmousedown=\"return clk(this.href,'res','1','')\" href=\"http:\/\/www.euroresidentes.com\/Blogs\/vuelos_baratos\/2005\/08\/listas-negras-de-aerolneas.html\">Listas negras de aerol\u00edneas<\/a><\/li>\n<\/ul>\n","protected":false},"excerpt":{"rendered":"<p>Los ministros de Transporte de los 25 pa\u00edses de la UE pidieron a la Comisi\u00f3n Europea que elaborara una lista negra tras una serie de accidentes en operadores de vuelos charter y tras haber identificado lagunos pa\u00edses miembros su propias listas negras. Lista negra de compa\u00f1\u00edas a\u00e9reas de la UEAhora la Uni\u00f3n Europea ha prohibido a 96 aerol\u00edneas, en su mayor\u00eda africanas, a operar dentro del espacio a\u00e9reo de la Uni\u00f3n, a efector de mejorar la seguridad a\u00e9rea y proporcionar las mayores garant\u00edas a los viajeros. Los pa\u00edses m\u00e1s afectados por las prohibiciones: Rep\u00fablica Democr\u00e1tica del Congo (50) Sierra Leona <\/p>\n","protected":false},"author":1,"featured_media":0,"comment_status":"open","ping_status":"open","sticky":false,"template":"","format":"standard","meta":{"footnotes":""},"categories":[1],"tags":[34],"class_list":["post-520","post","type-post","status-publish","format-standard","hentry","category-general","tag-normas"],"yoast_head":"<!-- This site is optimized with the Yoast SEO plugin v24.1 - https:\/\/yoast.com\/wordpress\/plugins\/seo\/ -->\n<title>Lista negra de aerol\u00edneas de la UE - Volar<\/title>\n<meta name=\"robots\" content=\"index, follow, max-snippet:-1, max-image-preview:large, max-video-preview:-1\" \/>\n<link rel=\"canonical\" href=\"https:\/\/www.euroresidentes.com\/viajes\/volar\/lista-negra-de-aerolneas-de-la-ue\/\" \/>\n<meta property=\"og:locale\" content=\"es_ES\" \/>\n<meta property=\"og:type\" content=\"article\" \/>\n<meta property=\"og:title\" content=\"Lista negra de aerol\u00edneas de la UE - Volar\" \/>\n<meta property=\"og:description\" content=\"Los ministros de Transporte de los 25 pa\u00edses de la UE pidieron a la Comisi\u00f3n Europea que elaborara una lista negra tras una serie de accidentes en operadores de vuelos charter y tras haber identificado lagunos pa\u00edses miembros su propias listas negras. Lista negra de compa\u00f1\u00edas a\u00e9reas de la UEAhora la Uni\u00f3n Europea ha prohibido a 96 aerol\u00edneas, en su mayor\u00eda africanas, a operar dentro del espacio a\u00e9reo de la Uni\u00f3n, a efector de mejorar la seguridad a\u00e9rea y proporcionar las mayores garant\u00edas a los viajeros. Los pa\u00edses m\u00e1s afectados por las prohibiciones: Rep\u00fablica Democr\u00e1tica del Congo (50) Sierra Leona\" \/>\n<meta property=\"og:url\" content=\"https:\/\/www.euroresidentes.com\/viajes\/volar\/lista-negra-de-aerolneas-de-la-ue\/\" \/>\n<meta property=\"og:site_name\" content=\"Volar\" \/>\n<meta property=\"article:publisher\" content=\"https:\/\/www.facebook.com\/euroresidentes\/\" \/>\n<meta property=\"article:published_time\" content=\"2006-03-22T21:30:00+00:00\" \/>\n<meta property=\"article:modified_time\" content=\"2016-03-10T10:27:14+00:00\" \/>\n<meta name=\"author\" content=\"Euroresidentes\" \/>\n<meta name=\"twitter:card\" content=\"summary_large_image\" \/>\n<meta name=\"twitter:label1\" content=\"Written by\" \/>\n\t<meta name=\"twitter:data1\" content=\"Euroresidentes\" \/>\n\t<meta name=\"twitter:label2\" content=\"Est. reading time\" \/>\n\t<meta name=\"twitter:data2\" content=\"2 minutos\" \/>\n<script type=\"application\/ld+json\" class=\"yoast-schema-graph\">{\"@context\":\"https:\/\/schema.org\",\"@graph\":[{\"@type\":\"WebPage\",\"@id\":\"https:\/\/www.euroresidentes.com\/viajes\/volar\/lista-negra-de-aerolneas-de-la-ue\/\",\"url\":\"https:\/\/www.euroresidentes.com\/viajes\/volar\/lista-negra-de-aerolneas-de-la-ue\/\",\"name\":\"Lista negra de aerol\u00edneas de la UE - Volar\",\"isPartOf\":{\"@id\":\"https:\/\/www.euroresidentes.com\/viajes\/volar\/#website\"},\"datePublished\":\"2006-03-22T21:30:00+00:00\",\"dateModified\":\"2016-03-10T10:27:14+00:00\",\"author\":{\"@id\":\"https:\/\/www.euroresidentes.com\/viajes\/volar\/#\/schema\/person\/4bbb21ebb04e241332a6c1c0c1f40bc1\"},\"breadcrumb\":{\"@id\":\"https:\/\/www.euroresidentes.com\/viajes\/volar\/lista-negra-de-aerolneas-de-la-ue\/#breadcrumb\"},\"inLanguage\":\"es\",\"potentialAction\":[{\"@type\":\"ReadAction\",\"target\":[\"https:\/\/www.euroresidentes.com\/viajes\/volar\/lista-negra-de-aerolneas-de-la-ue\/\"]}]},{\"@type\":\"BreadcrumbList\",\"@id\":\"https:\/\/www.euroresidentes.com\/viajes\/volar\/lista-negra-de-aerolneas-de-la-ue\/#breadcrumb\",\"itemListElement\":[{\"@type\":\"ListItem\",\"position\":1,\"name\":\"Portada\",\"item\":\"https:\/\/www.euroresidentes.com\/viajes\/volar\/\"},{\"@type\":\"ListItem\",\"position\":2,\"name\":\"Lista negra de aerol\u00edneas de la UE\"}]},{\"@type\":\"WebSite\",\"@id\":\"https:\/\/www.euroresidentes.com\/viajes\/volar\/#website\",\"url\":\"https:\/\/www.euroresidentes.com\/viajes\/volar\/\",\"name\":\"Volar\",\"description\":\"Volar Euroresidentes\",\"potentialAction\":[{\"@type\":\"SearchAction\",\"target\":{\"@type\":\"EntryPoint\",\"urlTemplate\":\"https:\/\/www.euroresidentes.com\/viajes\/volar\/?s={search_term_string}\"},\"query-input\":{\"@type\":\"PropertyValueSpecification\",\"valueRequired\":true,\"valueName\":\"search_term_string\"}}],\"inLanguage\":\"es\"},{\"@type\":\"Person\",\"@id\":\"https:\/\/www.euroresidentes.com\/viajes\/volar\/#\/schema\/person\/4bbb21ebb04e241332a6c1c0c1f40bc1\",\"name\":\"Euroresidentes\",\"image\":{\"@type\":\"ImageObject\",\"inLanguage\":\"es\",\"@id\":\"https:\/\/www.euroresidentes.com\/viajes\/volar\/#\/schema\/person\/image\/\",\"url\":\"https:\/\/www.euroresidentes.com\/viajes\/volar\/wp-content\/uploads\/sites\/2\/2016\/03\/logo-euroresidentes-150x150.jpg\",\"contentUrl\":\"https:\/\/www.euroresidentes.com\/viajes\/volar\/wp-content\/uploads\/sites\/2\/2016\/03\/logo-euroresidentes-150x150.jpg\",\"caption\":\"Euroresidentes\"},\"description\":\"EuroresidentesContenidos \u00fatiles que ayudan a resolver las necesidades grandes y peque\u00f1as de al vida cotidiana.\",\"sameAs\":[\"https:\/\/www.euroresidentes.com\/info.htm\"],\"url\":\"https:\/\/www.euroresidentes.com\/viajes\/volar\/author\/euroresidentes\/\"}]}<\/script>\n<!-- \/ Yoast SEO plugin. -->","yoast_head_json":{"title":"Lista negra de aerol\u00edneas de la UE - Volar","robots":{"index":"index","follow":"follow","max-snippet":"max-snippet:-1","max-image-preview":"max-image-preview:large","max-video-preview":"max-video-preview:-1"},"canonical":"https:\/\/www.euroresidentes.com\/viajes\/volar\/lista-negra-de-aerolneas-de-la-ue\/","og_locale":"es_ES","og_type":"article","og_title":"Lista negra de aerol\u00edneas de la UE - Volar","og_description":"Los ministros de Transporte de los 25 pa\u00edses de la UE pidieron a la Comisi\u00f3n Europea que elaborara una lista negra tras una serie de accidentes en operadores de vuelos charter y tras haber identificado lagunos pa\u00edses miembros su propias listas negras. Lista negra de compa\u00f1\u00edas a\u00e9reas de la UEAhora la Uni\u00f3n Europea ha prohibido a 96 aerol\u00edneas, en su mayor\u00eda africanas, a operar dentro del espacio a\u00e9reo de la Uni\u00f3n, a efector de mejorar la seguridad a\u00e9rea y proporcionar las mayores garant\u00edas a los viajeros. Los pa\u00edses m\u00e1s afectados por las prohibiciones: Rep\u00fablica Democr\u00e1tica del Congo (50) Sierra Leona","og_url":"https:\/\/www.euroresidentes.com\/viajes\/volar\/lista-negra-de-aerolneas-de-la-ue\/","og_site_name":"Volar","article_publisher":"https:\/\/www.facebook.com\/euroresidentes\/","article_published_time":"2006-03-22T21:30:00+00:00","article_modified_time":"2016-03-10T10:27:14+00:00","author":"Euroresidentes","twitter_card":"summary_large_image","twitter_misc":{"Written by":"Euroresidentes","Est. reading time":"2 minutos"},"schema":{"@context":"https:\/\/schema.org","@graph":[{"@type":"WebPage","@id":"https:\/\/www.euroresidentes.com\/viajes\/volar\/lista-negra-de-aerolneas-de-la-ue\/","url":"https:\/\/www.euroresidentes.com\/viajes\/volar\/lista-negra-de-aerolneas-de-la-ue\/","name":"Lista negra de aerol\u00edneas de la UE - Volar","isPartOf":{"@id":"https:\/\/www.euroresidentes.com\/viajes\/volar\/#website"},"datePublished":"2006-03-22T21:30:00+00:00","dateModified":"2016-03-10T10:27:14+00:00","author":{"@id":"https:\/\/www.euroresidentes.com\/viajes\/volar\/#\/schema\/person\/4bbb21ebb04e241332a6c1c0c1f40bc1"},"breadcrumb":{"@id":"https:\/\/www.euroresidentes.com\/viajes\/volar\/lista-negra-de-aerolneas-de-la-ue\/#breadcrumb"},"inLanguage":"es","potentialAction":[{"@type":"ReadAction","target":["https:\/\/www.euroresidentes.com\/viajes\/volar\/lista-negra-de-aerolneas-de-la-ue\/"]}]},{"@type":"BreadcrumbList","@id":"https:\/\/www.euroresidentes.com\/viajes\/volar\/lista-negra-de-aerolneas-de-la-ue\/#breadcrumb","itemListElement":[{"@type":"ListItem","position":1,"name":"Portada","item":"https:\/\/www.euroresidentes.com\/viajes\/volar\/"},{"@type":"ListItem","position":2,"name":"Lista negra de aerol\u00edneas de la UE"}]},{"@type":"WebSite","@id":"https:\/\/www.euroresidentes.com\/viajes\/volar\/#website","url":"https:\/\/www.euroresidentes.com\/viajes\/volar\/","name":"Volar","description":"Volar Euroresidentes","potentialAction":[{"@type":"SearchAction","target":{"@type":"EntryPoint","urlTemplate":"https:\/\/www.euroresidentes.com\/viajes\/volar\/?s={search_term_string}"},"query-input":{"@type":"PropertyValueSpecification","valueRequired":true,"valueName":"search_term_string"}}],"inLanguage":"es"},{"@type":"Person","@id":"https:\/\/www.euroresidentes.com\/viajes\/volar\/#\/schema\/person\/4bbb21ebb04e241332a6c1c0c1f40bc1","name":"Euroresidentes","image":{"@type":"ImageObject","inLanguage":"es","@id":"https:\/\/www.euroresidentes.com\/viajes\/volar\/#\/schema\/person\/image\/","url":"https:\/\/www.euroresidentes.com\/viajes\/volar\/wp-content\/uploads\/sites\/2\/2016\/03\/logo-euroresidentes-150x150.jpg","contentUrl":"https:\/\/www.euroresidentes.com\/viajes\/volar\/wp-content\/uploads\/sites\/2\/2016\/03\/logo-euroresidentes-150x150.jpg","caption":"Euroresidentes"},"description":"EuroresidentesContenidos \u00fatiles que ayudan a resolver las necesidades grandes y peque\u00f1as de al vida cotidiana.","sameAs":["https:\/\/www.euroresidentes.com\/info.htm"],"url":"https:\/\/www.euroresidentes.com\/viajes\/volar\/author\/euroresidentes\/"}]}},"_links":{"self":[{"href":"https:\/\/www.euroresidentes.com\/viajes\/volar\/wp-json\/wp\/v2\/posts\/520","targetHints":{"allow":["GET"]}}],"collection":[{"href":"https:\/\/www.euroresidentes.com\/viajes\/volar\/wp-json\/wp\/v2\/posts"}],"about":[{"href":"https:\/\/www.euroresidentes.com\/viajes\/volar\/wp-json\/wp\/v2\/types\/post"}],"author":[{"embeddable":true,"href":"https:\/\/www.euroresidentes.com\/viajes\/volar\/wp-json\/wp\/v2\/users\/1"}],"replies":[{"embeddable":true,"href":"https:\/\/www.euroresidentes.com\/viajes\/volar\/wp-json\/wp\/v2\/comments?post=520"}],"version-history":[{"count":1,"href":"https:\/\/www.euroresidentes.com\/viajes\/volar\/wp-json\/wp\/v2\/posts\/520\/revisions"}],"predecessor-version":[{"id":1188,"href":"https:\/\/www.euroresidentes.com\/viajes\/volar\/wp-json\/wp\/v2\/posts\/520\/revisions\/1188"}],"wp:attachment":[{"href":"https:\/\/www.euroresidentes.com\/viajes\/volar\/wp-json\/wp\/v2\/media?parent=520"}],"wp:term":[{"taxonomy":"category","embeddable":true,"href":"https:\/\/www.euroresidentes.com\/viajes\/volar\/wp-json\/wp\/v2\/categories?post=520"},{"taxonomy":"post_tag","embeddable":true,"href":"https:\/\/www.euroresidentes.com\/viajes\/volar\/wp-json\/wp\/v2\/tags?post=520"}],"curies":[{"name":"wp","href":"https:\/\/api.w.org\/{rel}","templated":true}]}}