{"id":514,"date":"2006-04-24T19:06:00","date_gmt":"2006-04-24T19:06:00","guid":{"rendered":"https:\/\/www.euroresidentes.com\/viajes\/volar\/la-seguridad-area-y-control-de-las"},"modified":"2016-03-10T10:27:13","modified_gmt":"2016-03-10T10:27:13","slug":"la-seguridad-area-y-control-de-las","status":"publish","type":"post","link":"https:\/\/www.euroresidentes.com\/viajes\/volar\/la-seguridad-area-y-control-de-las\/","title":{"rendered":"La seguridad a\u00e9rea y control de las aerol\u00edneas"},"content":{"rendered":"<p>Mas de 400 pilotos del  Sindicato Espa\u00f1ol de Pilotos de L\u00edneas A\u00e9reas (SEPLA)  ha celebrado una manifestaci\u00f3n en la T4 de Barajas para demandar al Gobierno una mayor seguridad a\u00e9rea. <\/p>\n<p>Lo pilotos denuncian \u00abel control pr\u00e1cticamente nulo\u00bb que el Gobierno realiza sobre las aerol\u00edneas que operan en nuestro pa\u00eds, advirtiendo que no est\u00e1n dispuestos a volar \u00aba cualquier precio\u00bb. Exigen un mayor compromiso en materia de seguridad y un incremento de las inspecciones y auditorias que se realizan a los aparatos. Seg\u00fan los datos del SEPLA, en la actualidad s\u00f3lo se inspecciona un avi\u00f3n de cada 10.000 y los resultados de dichos controles son ocultados.<\/p>\n<p><strong>La lista negra de aerol\u00edneas en Europa<\/strong><\/p>\n<p>La Uni\u00f3n Europea ha publicado una lista negra de compa\u00f1\u00edas a\u00e9reas que incumplen las normas de seguridad, Espa\u00f1a ha sido uno de los pocos pa\u00edses que no ha aportado ninguna aerol\u00ednea a esa lista\u00bb afirm\u00f3 Nieto, que tambi\u00e9n ha afirmado que es \u00abfalso\u00bb que no exista ninguna compa\u00f1\u00eda que incumpla las normas de seguridad en el mercado espa\u00f1ol.<\/p>\n<p><strong>Temas relacionados con Seguridad a\u00e9rea y control de las aerol\u00edneas<\/strong><\/p>\n<ul>\n<li><a class=\"l\" onmousedown=\"return clk(this.href,'res','1','')\" href=\"http:\/\/www.euroresidentes.com\/Blogs\/vuelos_baratos\/2006\/03\/lista-negra-de-aerolneas-de-la-ue.html\">Lista negra de aerol\u00edneas de la UE<\/a><\/li>\n<li><a class=\"l\" onmousedown=\"return clk(this.href,'res','2','')\" href=\"http:\/\/www.euroresidentes.com\/Blogs\/vuelos_baratos\/2005\/08\/listas-negras-de-aerolneas.html\">Listas negras de aerol\u00edneas<\/a><\/li>\n<li><a class=\"l\" onmousedown=\"return clk(this.href,'res','5','')\" href=\"http:\/\/www.euroresidentes.com\/viajes\/vuelos\/miedo_a_volar_en_avion.htm\">Miedo a volar<\/a><\/li>\n<\/ul>\n","protected":false},"excerpt":{"rendered":"<p>Mas de 400 pilotos del Sindicato Espa\u00f1ol de Pilotos de L\u00edneas A\u00e9reas (SEPLA) ha celebrado una manifestaci\u00f3n en la T4 de Barajas para demandar al Gobierno una mayor seguridad a\u00e9rea. Lo pilotos denuncian \u00abel control pr\u00e1cticamente nulo\u00bb que el Gobierno realiza sobre las aerol\u00edneas que operan en nuestro pa\u00eds, advirtiendo que no est\u00e1n dispuestos a volar \u00aba cualquier precio\u00bb. Exigen un mayor compromiso en materia de seguridad y un incremento de las inspecciones y auditorias que se realizan a los aparatos. Seg\u00fan los datos del SEPLA, en la actualidad s\u00f3lo se inspecciona un avi\u00f3n de cada 10.000 y los resultados <\/p>\n","protected":false},"author":1,"featured_media":0,"comment_status":"open","ping_status":"open","sticky":false,"template":"","format":"standard","meta":{"footnotes":""},"categories":[1],"tags":[34],"class_list":["post-514","post","type-post","status-publish","format-standard","hentry","category-general","tag-normas"],"yoast_head":"<!-- This site is optimized with the Yoast SEO plugin v24.1 - https:\/\/yoast.com\/wordpress\/plugins\/seo\/ -->\n<title>La seguridad a\u00e9rea y control de las aerol\u00edneas - Volar<\/title>\n<meta name=\"robots\" content=\"index, follow, max-snippet:-1, max-image-preview:large, max-video-preview:-1\" \/>\n<link rel=\"canonical\" href=\"https:\/\/www.euroresidentes.com\/viajes\/volar\/la-seguridad-area-y-control-de-las\/\" \/>\n<meta property=\"og:locale\" content=\"es_ES\" \/>\n<meta property=\"og:type\" content=\"article\" \/>\n<meta property=\"og:title\" content=\"La seguridad a\u00e9rea y control de las aerol\u00edneas - Volar\" \/>\n<meta property=\"og:description\" content=\"Mas de 400 pilotos del Sindicato Espa\u00f1ol de Pilotos de L\u00edneas A\u00e9reas (SEPLA) ha celebrado una manifestaci\u00f3n en la T4 de Barajas para demandar al Gobierno una mayor seguridad a\u00e9rea. Lo pilotos denuncian \u00abel control pr\u00e1cticamente nulo\u00bb que el Gobierno realiza sobre las aerol\u00edneas que operan en nuestro pa\u00eds, advirtiendo que no est\u00e1n dispuestos a volar \u00aba cualquier precio\u00bb. Exigen un mayor compromiso en materia de seguridad y un incremento de las inspecciones y auditorias que se realizan a los aparatos. Seg\u00fan los datos del SEPLA, en la actualidad s\u00f3lo se inspecciona un avi\u00f3n de cada 10.000 y los resultados\" \/>\n<meta property=\"og:url\" content=\"https:\/\/www.euroresidentes.com\/viajes\/volar\/la-seguridad-area-y-control-de-las\/\" \/>\n<meta property=\"og:site_name\" content=\"Volar\" \/>\n<meta property=\"article:publisher\" content=\"https:\/\/www.facebook.com\/euroresidentes\/\" \/>\n<meta property=\"article:published_time\" content=\"2006-04-24T19:06:00+00:00\" \/>\n<meta property=\"article:modified_time\" content=\"2016-03-10T10:27:13+00:00\" \/>\n<meta name=\"author\" content=\"Euroresidentes\" \/>\n<meta name=\"twitter:card\" content=\"summary_large_image\" \/>\n<meta name=\"twitter:label1\" content=\"Written by\" \/>\n\t<meta name=\"twitter:data1\" content=\"Euroresidentes\" \/>\n\t<meta name=\"twitter:label2\" content=\"Est. reading time\" \/>\n\t<meta name=\"twitter:data2\" content=\"1 minuto\" \/>\n<script type=\"application\/ld+json\" class=\"yoast-schema-graph\">{\"@context\":\"https:\/\/schema.org\",\"@graph\":[{\"@type\":\"WebPage\",\"@id\":\"https:\/\/www.euroresidentes.com\/viajes\/volar\/la-seguridad-area-y-control-de-las\/\",\"url\":\"https:\/\/www.euroresidentes.com\/viajes\/volar\/la-seguridad-area-y-control-de-las\/\",\"name\":\"La seguridad a\u00e9rea y control de las aerol\u00edneas - Volar\",\"isPartOf\":{\"@id\":\"https:\/\/www.euroresidentes.com\/viajes\/volar\/#website\"},\"datePublished\":\"2006-04-24T19:06:00+00:00\",\"dateModified\":\"2016-03-10T10:27:13+00:00\",\"author\":{\"@id\":\"https:\/\/www.euroresidentes.com\/viajes\/volar\/#\/schema\/person\/4bbb21ebb04e241332a6c1c0c1f40bc1\"},\"breadcrumb\":{\"@id\":\"https:\/\/www.euroresidentes.com\/viajes\/volar\/la-seguridad-area-y-control-de-las\/#breadcrumb\"},\"inLanguage\":\"es\",\"potentialAction\":[{\"@type\":\"ReadAction\",\"target\":[\"https:\/\/www.euroresidentes.com\/viajes\/volar\/la-seguridad-area-y-control-de-las\/\"]}]},{\"@type\":\"BreadcrumbList\",\"@id\":\"https:\/\/www.euroresidentes.com\/viajes\/volar\/la-seguridad-area-y-control-de-las\/#breadcrumb\",\"itemListElement\":[{\"@type\":\"ListItem\",\"position\":1,\"name\":\"Portada\",\"item\":\"https:\/\/www.euroresidentes.com\/viajes\/volar\/\"},{\"@type\":\"ListItem\",\"position\":2,\"name\":\"La seguridad a\u00e9rea y control de las aerol\u00edneas\"}]},{\"@type\":\"WebSite\",\"@id\":\"https:\/\/www.euroresidentes.com\/viajes\/volar\/#website\",\"url\":\"https:\/\/www.euroresidentes.com\/viajes\/volar\/\",\"name\":\"Volar\",\"description\":\"Volar Euroresidentes\",\"potentialAction\":[{\"@type\":\"SearchAction\",\"target\":{\"@type\":\"EntryPoint\",\"urlTemplate\":\"https:\/\/www.euroresidentes.com\/viajes\/volar\/?s={search_term_string}\"},\"query-input\":{\"@type\":\"PropertyValueSpecification\",\"valueRequired\":true,\"valueName\":\"search_term_string\"}}],\"inLanguage\":\"es\"},{\"@type\":\"Person\",\"@id\":\"https:\/\/www.euroresidentes.com\/viajes\/volar\/#\/schema\/person\/4bbb21ebb04e241332a6c1c0c1f40bc1\",\"name\":\"Euroresidentes\",\"image\":{\"@type\":\"ImageObject\",\"inLanguage\":\"es\",\"@id\":\"https:\/\/www.euroresidentes.com\/viajes\/volar\/#\/schema\/person\/image\/\",\"url\":\"https:\/\/www.euroresidentes.com\/viajes\/volar\/wp-content\/uploads\/sites\/2\/2016\/03\/logo-euroresidentes-150x150.jpg\",\"contentUrl\":\"https:\/\/www.euroresidentes.com\/viajes\/volar\/wp-content\/uploads\/sites\/2\/2016\/03\/logo-euroresidentes-150x150.jpg\",\"caption\":\"Euroresidentes\"},\"description\":\"EuroresidentesContenidos \u00fatiles que ayudan a resolver las necesidades grandes y peque\u00f1as de al vida cotidiana.\",\"sameAs\":[\"https:\/\/www.euroresidentes.com\/info.htm\"],\"url\":\"https:\/\/www.euroresidentes.com\/viajes\/volar\/author\/euroresidentes\/\"}]}<\/script>\n<!-- \/ Yoast SEO plugin. -->","yoast_head_json":{"title":"La seguridad a\u00e9rea y control de las aerol\u00edneas - Volar","robots":{"index":"index","follow":"follow","max-snippet":"max-snippet:-1","max-image-preview":"max-image-preview:large","max-video-preview":"max-video-preview:-1"},"canonical":"https:\/\/www.euroresidentes.com\/viajes\/volar\/la-seguridad-area-y-control-de-las\/","og_locale":"es_ES","og_type":"article","og_title":"La seguridad a\u00e9rea y control de las aerol\u00edneas - Volar","og_description":"Mas de 400 pilotos del Sindicato Espa\u00f1ol de Pilotos de L\u00edneas A\u00e9reas (SEPLA) ha celebrado una manifestaci\u00f3n en la T4 de Barajas para demandar al Gobierno una mayor seguridad a\u00e9rea. Lo pilotos denuncian \u00abel control pr\u00e1cticamente nulo\u00bb que el Gobierno realiza sobre las aerol\u00edneas que operan en nuestro pa\u00eds, advirtiendo que no est\u00e1n dispuestos a volar \u00aba cualquier precio\u00bb. Exigen un mayor compromiso en materia de seguridad y un incremento de las inspecciones y auditorias que se realizan a los aparatos. Seg\u00fan los datos del SEPLA, en la actualidad s\u00f3lo se inspecciona un avi\u00f3n de cada 10.000 y los resultados","og_url":"https:\/\/www.euroresidentes.com\/viajes\/volar\/la-seguridad-area-y-control-de-las\/","og_site_name":"Volar","article_publisher":"https:\/\/www.facebook.com\/euroresidentes\/","article_published_time":"2006-04-24T19:06:00+00:00","article_modified_time":"2016-03-10T10:27:13+00:00","author":"Euroresidentes","twitter_card":"summary_large_image","twitter_misc":{"Written by":"Euroresidentes","Est. reading time":"1 minuto"},"schema":{"@context":"https:\/\/schema.org","@graph":[{"@type":"WebPage","@id":"https:\/\/www.euroresidentes.com\/viajes\/volar\/la-seguridad-area-y-control-de-las\/","url":"https:\/\/www.euroresidentes.com\/viajes\/volar\/la-seguridad-area-y-control-de-las\/","name":"La seguridad a\u00e9rea y control de las aerol\u00edneas - Volar","isPartOf":{"@id":"https:\/\/www.euroresidentes.com\/viajes\/volar\/#website"},"datePublished":"2006-04-24T19:06:00+00:00","dateModified":"2016-03-10T10:27:13+00:00","author":{"@id":"https:\/\/www.euroresidentes.com\/viajes\/volar\/#\/schema\/person\/4bbb21ebb04e241332a6c1c0c1f40bc1"},"breadcrumb":{"@id":"https:\/\/www.euroresidentes.com\/viajes\/volar\/la-seguridad-area-y-control-de-las\/#breadcrumb"},"inLanguage":"es","potentialAction":[{"@type":"ReadAction","target":["https:\/\/www.euroresidentes.com\/viajes\/volar\/la-seguridad-area-y-control-de-las\/"]}]},{"@type":"BreadcrumbList","@id":"https:\/\/www.euroresidentes.com\/viajes\/volar\/la-seguridad-area-y-control-de-las\/#breadcrumb","itemListElement":[{"@type":"ListItem","position":1,"name":"Portada","item":"https:\/\/www.euroresidentes.com\/viajes\/volar\/"},{"@type":"ListItem","position":2,"name":"La seguridad a\u00e9rea y control de las aerol\u00edneas"}]},{"@type":"WebSite","@id":"https:\/\/www.euroresidentes.com\/viajes\/volar\/#website","url":"https:\/\/www.euroresidentes.com\/viajes\/volar\/","name":"Volar","description":"Volar Euroresidentes","potentialAction":[{"@type":"SearchAction","target":{"@type":"EntryPoint","urlTemplate":"https:\/\/www.euroresidentes.com\/viajes\/volar\/?s={search_term_string}"},"query-input":{"@type":"PropertyValueSpecification","valueRequired":true,"valueName":"search_term_string"}}],"inLanguage":"es"},{"@type":"Person","@id":"https:\/\/www.euroresidentes.com\/viajes\/volar\/#\/schema\/person\/4bbb21ebb04e241332a6c1c0c1f40bc1","name":"Euroresidentes","image":{"@type":"ImageObject","inLanguage":"es","@id":"https:\/\/www.euroresidentes.com\/viajes\/volar\/#\/schema\/person\/image\/","url":"https:\/\/www.euroresidentes.com\/viajes\/volar\/wp-content\/uploads\/sites\/2\/2016\/03\/logo-euroresidentes-150x150.jpg","contentUrl":"https:\/\/www.euroresidentes.com\/viajes\/volar\/wp-content\/uploads\/sites\/2\/2016\/03\/logo-euroresidentes-150x150.jpg","caption":"Euroresidentes"},"description":"EuroresidentesContenidos \u00fatiles que ayudan a resolver las necesidades grandes y peque\u00f1as de al vida cotidiana.","sameAs":["https:\/\/www.euroresidentes.com\/info.htm"],"url":"https:\/\/www.euroresidentes.com\/viajes\/volar\/author\/euroresidentes\/"}]}},"_links":{"self":[{"href":"https:\/\/www.euroresidentes.com\/viajes\/volar\/wp-json\/wp\/v2\/posts\/514","targetHints":{"allow":["GET"]}}],"collection":[{"href":"https:\/\/www.euroresidentes.com\/viajes\/volar\/wp-json\/wp\/v2\/posts"}],"about":[{"href":"https:\/\/www.euroresidentes.com\/viajes\/volar\/wp-json\/wp\/v2\/types\/post"}],"author":[{"embeddable":true,"href":"https:\/\/www.euroresidentes.com\/viajes\/volar\/wp-json\/wp\/v2\/users\/1"}],"replies":[{"embeddable":true,"href":"https:\/\/www.euroresidentes.com\/viajes\/volar\/wp-json\/wp\/v2\/comments?post=514"}],"version-history":[{"count":1,"href":"https:\/\/www.euroresidentes.com\/viajes\/volar\/wp-json\/wp\/v2\/posts\/514\/revisions"}],"predecessor-version":[{"id":1181,"href":"https:\/\/www.euroresidentes.com\/viajes\/volar\/wp-json\/wp\/v2\/posts\/514\/revisions\/1181"}],"wp:attachment":[{"href":"https:\/\/www.euroresidentes.com\/viajes\/volar\/wp-json\/wp\/v2\/media?parent=514"}],"wp:term":[{"taxonomy":"category","embeddable":true,"href":"https:\/\/www.euroresidentes.com\/viajes\/volar\/wp-json\/wp\/v2\/categories?post=514"},{"taxonomy":"post_tag","embeddable":true,"href":"https:\/\/www.euroresidentes.com\/viajes\/volar\/wp-json\/wp\/v2\/tags?post=514"}],"curies":[{"name":"wp","href":"https:\/\/api.w.org\/{rel}","templated":true}]}}