{"id":471,"date":"2006-10-18T09:43:00","date_gmt":"2006-10-18T09:43:00","guid":{"rendered":"https:\/\/www.euroresidentes.com\/viajes\/volar\/vuelos-madrid-vigo-con-air-europa"},"modified":"2016-03-10T10:21:03","modified_gmt":"2016-03-10T10:21:03","slug":"vuelos-madrid-vigo-con-air-europa","status":"publish","type":"post","link":"https:\/\/www.euroresidentes.com\/viajes\/volar\/vuelos-madrid-vigo-con-air-europa\/","title":{"rendered":"Vuelos Madrid &#8211; Vigo con Air Europa"},"content":{"rendered":"<p>Air Europa, dentro de su pol\u00edtica de vuelos para este oto\u00f1o, ha puesto en marcha una nueva ruta: Madrid &#8211; Vigo &#8211; Madrid que inicia sus vuelos a partir del <strong>1 de Noviembre<\/strong>. El precio ser\u00e1 de <strong>35\u20ac \/ el trayecto<\/strong> bajo las condiciones siguientes:<\/p>\n<ul>\n<li>Hay que reservar un d\u00eda antes.<\/li>\n<li>Los ni\u00f1os tendr\u00e1n un 10% de descuento. Y los b\u00e9b\u00e9s que no ocupen asiento un 90% de descuento sobre le precio del billete<\/li>\n<li>Los impuestos y los gastos de servicios no est\u00e1n incluidos en el precio.<\/li>\n<li>La oferta depender\u00e1 de la disponibilidad de la propia compa\u00f1\u00eda, as\u00ed es que las plazas ser\u00e1n limitadas. <\/li>\n<\/ul>\n<p>Para m\u00e1s informaci\u00f3n: <a class=\"l\" onmousedown=\"return clk(this.href,'','','res','1','')\" href=\"http:\/\/www.air-europa.com\/es\/default.html\">P\u00e1gina oficial de AirEuropa<\/a><strong>M\u00e1s informaci\u00f3n sobre vuelos Madrid &#8211; Vigo y Air Europa:<\/strong><\/p>\n<ul>\n<li><a class=\"l\" onmousedown=\"return clk(this.href,'','','res','2','')\" href=\"http:\/\/www.euroresidentes.com\/viajes\/vuelos\/vuelos_baratos_madrid.htm\">Vuelos baratos Madrid<\/a><\/li>\n<\/ul>\n<p><strong>Noticias anteriores de Air Europa:<\/strong><\/p>\n<ul>\n<li><a class=\"l\" onmousedown=\"return clk(this.href,'','','res','1','')\" href=\"http:\/\/www.euroresidentes.com\/Blogs\/vuelos_baratos\/2005\/09\/oferta-especial-de-air-europa.html\">Oferta especial de Air Europa<\/a><\/li>\n<li><a class=\"l\" onmousedown=\"return clk(this.href,'','','res','2','')\" href=\"http:\/\/www.euroresidentes.com\/Blogs\/vuelos_baratos\/2006\/09\/oferta-de-vuelos-peninsula-de-air.html\">Oferta de vuelos Peninsula de Air Europa<\/a><\/li>\n<\/ul>\n<p><a class=\"l\" onmousedown=\"return clk(this.href,'','','res','2','')\" href=\"http:\/\/www.euroresidentes.com\/viajes\/vuelos\/vuelos_baratos_madrid.htm\"><\/a> <\/p>\n","protected":false},"excerpt":{"rendered":"<p>Air Europa, dentro de su pol\u00edtica de vuelos para este oto\u00f1o, ha puesto en marcha una nueva ruta: Madrid &#8211; Vigo &#8211; Madrid que inicia sus vuelos a partir del 1 de Noviembre. El precio ser\u00e1 de 35\u20ac \/ el trayecto bajo las condiciones siguientes: Hay que reservar un d\u00eda antes. Los ni\u00f1os tendr\u00e1n un 10% de descuento. Y los b\u00e9b\u00e9s que no ocupen asiento un 90% de descuento sobre le precio del billete Los impuestos y los gastos de servicios no est\u00e1n incluidos en el precio. La oferta depender\u00e1 de la disponibilidad de la propia compa\u00f1\u00eda, as\u00ed es que <\/p>\n","protected":false},"author":1,"featured_media":0,"comment_status":"open","ping_status":"open","sticky":false,"template":"","format":"standard","meta":{"footnotes":""},"categories":[1],"tags":[50,22],"class_list":["post-471","post","type-post","status-publish","format-standard","hentry","category-general","tag-air-europa","tag-madrid"],"yoast_head":"<!-- This site is optimized with the Yoast SEO plugin v24.1 - https:\/\/yoast.com\/wordpress\/plugins\/seo\/ -->\n<title>Vuelos Madrid - Vigo con Air Europa - Volar<\/title>\n<meta name=\"robots\" content=\"index, follow, max-snippet:-1, max-image-preview:large, max-video-preview:-1\" \/>\n<link rel=\"canonical\" href=\"https:\/\/www.euroresidentes.com\/viajes\/volar\/vuelos-madrid-vigo-con-air-europa\/\" \/>\n<meta property=\"og:locale\" content=\"es_ES\" \/>\n<meta property=\"og:type\" content=\"article\" \/>\n<meta property=\"og:title\" content=\"Vuelos Madrid - Vigo con Air Europa - Volar\" \/>\n<meta property=\"og:description\" content=\"Air Europa, dentro de su pol\u00edtica de vuelos para este oto\u00f1o, ha puesto en marcha una nueva ruta: Madrid &#8211; Vigo &#8211; Madrid que inicia sus vuelos a partir del 1 de Noviembre. El precio ser\u00e1 de 35\u20ac \/ el trayecto bajo las condiciones siguientes: Hay que reservar un d\u00eda antes. Los ni\u00f1os tendr\u00e1n un 10% de descuento. Y los b\u00e9b\u00e9s que no ocupen asiento un 90% de descuento sobre le precio del billete Los impuestos y los gastos de servicios no est\u00e1n incluidos en el precio. La oferta depender\u00e1 de la disponibilidad de la propia compa\u00f1\u00eda, as\u00ed es que\" \/>\n<meta property=\"og:url\" content=\"https:\/\/www.euroresidentes.com\/viajes\/volar\/vuelos-madrid-vigo-con-air-europa\/\" \/>\n<meta property=\"og:site_name\" content=\"Volar\" \/>\n<meta property=\"article:publisher\" content=\"https:\/\/www.facebook.com\/euroresidentes\/\" \/>\n<meta property=\"article:published_time\" content=\"2006-10-18T09:43:00+00:00\" \/>\n<meta property=\"article:modified_time\" content=\"2016-03-10T10:21:03+00:00\" \/>\n<meta name=\"author\" content=\"Euroresidentes\" \/>\n<meta name=\"twitter:card\" content=\"summary_large_image\" \/>\n<meta name=\"twitter:label1\" content=\"Written by\" \/>\n\t<meta name=\"twitter:data1\" content=\"Euroresidentes\" \/>\n\t<meta name=\"twitter:label2\" content=\"Est. reading time\" \/>\n\t<meta name=\"twitter:data2\" content=\"1 minuto\" \/>\n<script type=\"application\/ld+json\" class=\"yoast-schema-graph\">{\"@context\":\"https:\/\/schema.org\",\"@graph\":[{\"@type\":\"WebPage\",\"@id\":\"https:\/\/www.euroresidentes.com\/viajes\/volar\/vuelos-madrid-vigo-con-air-europa\/\",\"url\":\"https:\/\/www.euroresidentes.com\/viajes\/volar\/vuelos-madrid-vigo-con-air-europa\/\",\"name\":\"Vuelos Madrid - Vigo con Air Europa - Volar\",\"isPartOf\":{\"@id\":\"https:\/\/www.euroresidentes.com\/viajes\/volar\/#website\"},\"datePublished\":\"2006-10-18T09:43:00+00:00\",\"dateModified\":\"2016-03-10T10:21:03+00:00\",\"author\":{\"@id\":\"https:\/\/www.euroresidentes.com\/viajes\/volar\/#\/schema\/person\/4bbb21ebb04e241332a6c1c0c1f40bc1\"},\"breadcrumb\":{\"@id\":\"https:\/\/www.euroresidentes.com\/viajes\/volar\/vuelos-madrid-vigo-con-air-europa\/#breadcrumb\"},\"inLanguage\":\"es\",\"potentialAction\":[{\"@type\":\"ReadAction\",\"target\":[\"https:\/\/www.euroresidentes.com\/viajes\/volar\/vuelos-madrid-vigo-con-air-europa\/\"]}]},{\"@type\":\"BreadcrumbList\",\"@id\":\"https:\/\/www.euroresidentes.com\/viajes\/volar\/vuelos-madrid-vigo-con-air-europa\/#breadcrumb\",\"itemListElement\":[{\"@type\":\"ListItem\",\"position\":1,\"name\":\"Portada\",\"item\":\"https:\/\/www.euroresidentes.com\/viajes\/volar\/\"},{\"@type\":\"ListItem\",\"position\":2,\"name\":\"Vuelos Madrid &#8211; Vigo con Air Europa\"}]},{\"@type\":\"WebSite\",\"@id\":\"https:\/\/www.euroresidentes.com\/viajes\/volar\/#website\",\"url\":\"https:\/\/www.euroresidentes.com\/viajes\/volar\/\",\"name\":\"Volar\",\"description\":\"Volar Euroresidentes\",\"potentialAction\":[{\"@type\":\"SearchAction\",\"target\":{\"@type\":\"EntryPoint\",\"urlTemplate\":\"https:\/\/www.euroresidentes.com\/viajes\/volar\/?s={search_term_string}\"},\"query-input\":{\"@type\":\"PropertyValueSpecification\",\"valueRequired\":true,\"valueName\":\"search_term_string\"}}],\"inLanguage\":\"es\"},{\"@type\":\"Person\",\"@id\":\"https:\/\/www.euroresidentes.com\/viajes\/volar\/#\/schema\/person\/4bbb21ebb04e241332a6c1c0c1f40bc1\",\"name\":\"Euroresidentes\",\"image\":{\"@type\":\"ImageObject\",\"inLanguage\":\"es\",\"@id\":\"https:\/\/www.euroresidentes.com\/viajes\/volar\/#\/schema\/person\/image\/\",\"url\":\"https:\/\/www.euroresidentes.com\/viajes\/volar\/wp-content\/uploads\/sites\/2\/2016\/03\/logo-euroresidentes-150x150.jpg\",\"contentUrl\":\"https:\/\/www.euroresidentes.com\/viajes\/volar\/wp-content\/uploads\/sites\/2\/2016\/03\/logo-euroresidentes-150x150.jpg\",\"caption\":\"Euroresidentes\"},\"description\":\"EuroresidentesContenidos \u00fatiles que ayudan a resolver las necesidades grandes y peque\u00f1as de al vida cotidiana.\",\"sameAs\":[\"https:\/\/www.euroresidentes.com\/info.htm\"],\"url\":\"https:\/\/www.euroresidentes.com\/viajes\/volar\/author\/euroresidentes\/\"}]}<\/script>\n<!-- \/ Yoast SEO plugin. -->","yoast_head_json":{"title":"Vuelos Madrid - Vigo con Air Europa - Volar","robots":{"index":"index","follow":"follow","max-snippet":"max-snippet:-1","max-image-preview":"max-image-preview:large","max-video-preview":"max-video-preview:-1"},"canonical":"https:\/\/www.euroresidentes.com\/viajes\/volar\/vuelos-madrid-vigo-con-air-europa\/","og_locale":"es_ES","og_type":"article","og_title":"Vuelos Madrid - Vigo con Air Europa - Volar","og_description":"Air Europa, dentro de su pol\u00edtica de vuelos para este oto\u00f1o, ha puesto en marcha una nueva ruta: Madrid &#8211; Vigo &#8211; Madrid que inicia sus vuelos a partir del 1 de Noviembre. El precio ser\u00e1 de 35\u20ac \/ el trayecto bajo las condiciones siguientes: Hay que reservar un d\u00eda antes. Los ni\u00f1os tendr\u00e1n un 10% de descuento. Y los b\u00e9b\u00e9s que no ocupen asiento un 90% de descuento sobre le precio del billete Los impuestos y los gastos de servicios no est\u00e1n incluidos en el precio. La oferta depender\u00e1 de la disponibilidad de la propia compa\u00f1\u00eda, as\u00ed es que","og_url":"https:\/\/www.euroresidentes.com\/viajes\/volar\/vuelos-madrid-vigo-con-air-europa\/","og_site_name":"Volar","article_publisher":"https:\/\/www.facebook.com\/euroresidentes\/","article_published_time":"2006-10-18T09:43:00+00:00","article_modified_time":"2016-03-10T10:21:03+00:00","author":"Euroresidentes","twitter_card":"summary_large_image","twitter_misc":{"Written by":"Euroresidentes","Est. reading time":"1 minuto"},"schema":{"@context":"https:\/\/schema.org","@graph":[{"@type":"WebPage","@id":"https:\/\/www.euroresidentes.com\/viajes\/volar\/vuelos-madrid-vigo-con-air-europa\/","url":"https:\/\/www.euroresidentes.com\/viajes\/volar\/vuelos-madrid-vigo-con-air-europa\/","name":"Vuelos Madrid - Vigo con Air Europa - Volar","isPartOf":{"@id":"https:\/\/www.euroresidentes.com\/viajes\/volar\/#website"},"datePublished":"2006-10-18T09:43:00+00:00","dateModified":"2016-03-10T10:21:03+00:00","author":{"@id":"https:\/\/www.euroresidentes.com\/viajes\/volar\/#\/schema\/person\/4bbb21ebb04e241332a6c1c0c1f40bc1"},"breadcrumb":{"@id":"https:\/\/www.euroresidentes.com\/viajes\/volar\/vuelos-madrid-vigo-con-air-europa\/#breadcrumb"},"inLanguage":"es","potentialAction":[{"@type":"ReadAction","target":["https:\/\/www.euroresidentes.com\/viajes\/volar\/vuelos-madrid-vigo-con-air-europa\/"]}]},{"@type":"BreadcrumbList","@id":"https:\/\/www.euroresidentes.com\/viajes\/volar\/vuelos-madrid-vigo-con-air-europa\/#breadcrumb","itemListElement":[{"@type":"ListItem","position":1,"name":"Portada","item":"https:\/\/www.euroresidentes.com\/viajes\/volar\/"},{"@type":"ListItem","position":2,"name":"Vuelos Madrid &#8211; Vigo con Air Europa"}]},{"@type":"WebSite","@id":"https:\/\/www.euroresidentes.com\/viajes\/volar\/#website","url":"https:\/\/www.euroresidentes.com\/viajes\/volar\/","name":"Volar","description":"Volar Euroresidentes","potentialAction":[{"@type":"SearchAction","target":{"@type":"EntryPoint","urlTemplate":"https:\/\/www.euroresidentes.com\/viajes\/volar\/?s={search_term_string}"},"query-input":{"@type":"PropertyValueSpecification","valueRequired":true,"valueName":"search_term_string"}}],"inLanguage":"es"},{"@type":"Person","@id":"https:\/\/www.euroresidentes.com\/viajes\/volar\/#\/schema\/person\/4bbb21ebb04e241332a6c1c0c1f40bc1","name":"Euroresidentes","image":{"@type":"ImageObject","inLanguage":"es","@id":"https:\/\/www.euroresidentes.com\/viajes\/volar\/#\/schema\/person\/image\/","url":"https:\/\/www.euroresidentes.com\/viajes\/volar\/wp-content\/uploads\/sites\/2\/2016\/03\/logo-euroresidentes-150x150.jpg","contentUrl":"https:\/\/www.euroresidentes.com\/viajes\/volar\/wp-content\/uploads\/sites\/2\/2016\/03\/logo-euroresidentes-150x150.jpg","caption":"Euroresidentes"},"description":"EuroresidentesContenidos \u00fatiles que ayudan a resolver las necesidades grandes y peque\u00f1as de al vida cotidiana.","sameAs":["https:\/\/www.euroresidentes.com\/info.htm"],"url":"https:\/\/www.euroresidentes.com\/viajes\/volar\/author\/euroresidentes\/"}]}},"_links":{"self":[{"href":"https:\/\/www.euroresidentes.com\/viajes\/volar\/wp-json\/wp\/v2\/posts\/471","targetHints":{"allow":["GET"]}}],"collection":[{"href":"https:\/\/www.euroresidentes.com\/viajes\/volar\/wp-json\/wp\/v2\/posts"}],"about":[{"href":"https:\/\/www.euroresidentes.com\/viajes\/volar\/wp-json\/wp\/v2\/types\/post"}],"author":[{"embeddable":true,"href":"https:\/\/www.euroresidentes.com\/viajes\/volar\/wp-json\/wp\/v2\/users\/1"}],"replies":[{"embeddable":true,"href":"https:\/\/www.euroresidentes.com\/viajes\/volar\/wp-json\/wp\/v2\/comments?post=471"}],"version-history":[{"count":1,"href":"https:\/\/www.euroresidentes.com\/viajes\/volar\/wp-json\/wp\/v2\/posts\/471\/revisions"}],"predecessor-version":[{"id":1133,"href":"https:\/\/www.euroresidentes.com\/viajes\/volar\/wp-json\/wp\/v2\/posts\/471\/revisions\/1133"}],"wp:attachment":[{"href":"https:\/\/www.euroresidentes.com\/viajes\/volar\/wp-json\/wp\/v2\/media?parent=471"}],"wp:term":[{"taxonomy":"category","embeddable":true,"href":"https:\/\/www.euroresidentes.com\/viajes\/volar\/wp-json\/wp\/v2\/categories?post=471"},{"taxonomy":"post_tag","embeddable":true,"href":"https:\/\/www.euroresidentes.com\/viajes\/volar\/wp-json\/wp\/v2\/tags?post=471"}],"curies":[{"name":"wp","href":"https:\/\/api.w.org\/{rel}","templated":true}]}}