{"id":462,"date":"2006-11-02T01:00:00","date_gmt":"2006-11-02T01:00:00","guid":{"rendered":"https:\/\/www.euroresidentes.com\/viajes\/volar\/vuelos-baratos-madrid-faro"},"modified":"2016-03-10T10:21:02","modified_gmt":"2016-03-10T10:21:02","slug":"vuelos-baratos-madrid-faro","status":"publish","type":"post","link":"https:\/\/www.euroresidentes.com\/viajes\/volar\/vuelos-baratos-madrid-faro\/","title":{"rendered":"Vuelos baratos Madrid &#8211; Faro"},"content":{"rendered":"<p>La aerol\u00ednea Ryanair ha puesto en servicio la conexi\u00f3n Madrid y Faro (Portugal)  que empezar\u00e1  a funcionar diariamente a partir del 22 de noviembre.<\/p>\n<p> Ryanair al conectar Madrid con Faro pone al alcance de los madrile\u00f1os tod el atractivo de la zona costera del Portugal, la bella regi\u00f3n del Algarve, que comprende todo el litoral sur de Portugal.<\/p>\n<p>Reservas, frecuencia, horario de los vuelos Madrid- Faro<\/p>\n<p>La frecuencia de la conexi\u00f3n Madrid- Faro ser\u00e1 de un vuelo de ida y vuelta cada d\u00eda.  El horario de los vuelos: La salida de Madrid ser\u00e1 a las 12:50 horas y la vuelta desde Faro a las 13:35 horas.<\/p>\n<p>Ya pueden hacerse reservas de billetes desde ya mismo en la p\u00e1gina web de Ryanair: www.ryanair.com  aunque los vuelos empiezan a partir del 22 de noviembre.<\/p>\n<p>Precios de los vuelos<\/p>\n<p>En estos momentos hemos hecho un intento de reserva Madrid &#8211; Faro con Ryanair para el puente de la Constituci\u00f3n reservando billetes para el d\u00eda 1 de diciembre y vuelta el d\u00eda 7. Las tarifas de Ryanair (en este momento) son de 4,99 \u20ac (ida) y 0,01 \u20ac (vuelta). Toda una oportunidad para viajar.<\/p>\n<p>Temas relacionados con Vuelos baratos Madrid &#8211; Faro:<\/p>\n<ul>\n<li><a class=\"l\" href=\"http:\/\/www.euroresidentes.com\/viajes\/vuelos\/aerolineas_vuelos_baratos\/ryanair.htm\">Ryanair<\/a><\/li>\n<li><a class=\"l\" href=\"http:\/\/www.euroresidentes.com\/Blogs\/vuelos_baratos\/2006\/10\/vuelos-de-ryanair-en-madrid.html\">Vuelos de Ryanair en Madrid<\/a><\/li>\n<li><a class=\"l\" href=\"http:\/\/www.euroresidentes.com\/Blogs\/vuelos_baratos\/2005\/03\/vuelos-de-easyjet-ciudades-europeas.html\">Vuelos de Easyjet a ciudades europeas<\/a><\/li>\n<\/ul>\n","protected":false},"excerpt":{"rendered":"<p>La aerol\u00ednea Ryanair ha puesto en servicio la conexi\u00f3n Madrid y Faro (Portugal) que empezar\u00e1 a funcionar diariamente a partir del 22 de noviembre. Ryanair al conectar Madrid con Faro pone al alcance de los madrile\u00f1os tod el atractivo de la zona costera del Portugal, la bella regi\u00f3n del Algarve, que comprende todo el litoral sur de Portugal. Reservas, frecuencia, horario de los vuelos Madrid- Faro La frecuencia de la conexi\u00f3n Madrid- Faro ser\u00e1 de un vuelo de ida y vuelta cada d\u00eda. El horario de los vuelos: La salida de Madrid ser\u00e1 a las 12:50 horas y la vuelta <\/p>\n","protected":false},"author":1,"featured_media":0,"comment_status":"open","ping_status":"open","sticky":false,"template":"","format":"standard","meta":{"footnotes":""},"categories":[1],"tags":[22],"class_list":["post-462","post","type-post","status-publish","format-standard","hentry","category-general","tag-madrid"],"yoast_head":"<!-- This site is optimized with the Yoast SEO plugin v24.1 - https:\/\/yoast.com\/wordpress\/plugins\/seo\/ -->\n<title>Vuelos baratos Madrid - Faro - Volar<\/title>\n<meta name=\"robots\" content=\"index, follow, max-snippet:-1, max-image-preview:large, max-video-preview:-1\" \/>\n<link rel=\"canonical\" href=\"https:\/\/www.euroresidentes.com\/viajes\/volar\/vuelos-baratos-madrid-faro\/\" \/>\n<meta property=\"og:locale\" content=\"es_ES\" \/>\n<meta property=\"og:type\" content=\"article\" \/>\n<meta property=\"og:title\" content=\"Vuelos baratos Madrid - Faro - Volar\" \/>\n<meta property=\"og:description\" content=\"La aerol\u00ednea Ryanair ha puesto en servicio la conexi\u00f3n Madrid y Faro (Portugal) que empezar\u00e1 a funcionar diariamente a partir del 22 de noviembre. Ryanair al conectar Madrid con Faro pone al alcance de los madrile\u00f1os tod el atractivo de la zona costera del Portugal, la bella regi\u00f3n del Algarve, que comprende todo el litoral sur de Portugal. Reservas, frecuencia, horario de los vuelos Madrid- Faro La frecuencia de la conexi\u00f3n Madrid- Faro ser\u00e1 de un vuelo de ida y vuelta cada d\u00eda. El horario de los vuelos: La salida de Madrid ser\u00e1 a las 12:50 horas y la vuelta\" \/>\n<meta property=\"og:url\" content=\"https:\/\/www.euroresidentes.com\/viajes\/volar\/vuelos-baratos-madrid-faro\/\" \/>\n<meta property=\"og:site_name\" content=\"Volar\" \/>\n<meta property=\"article:publisher\" content=\"https:\/\/www.facebook.com\/euroresidentes\/\" \/>\n<meta property=\"article:published_time\" content=\"2006-11-02T01:00:00+00:00\" \/>\n<meta property=\"article:modified_time\" content=\"2016-03-10T10:21:02+00:00\" \/>\n<meta name=\"author\" content=\"Euroresidentes\" \/>\n<meta name=\"twitter:card\" content=\"summary_large_image\" \/>\n<meta name=\"twitter:label1\" content=\"Written by\" \/>\n\t<meta name=\"twitter:data1\" content=\"Euroresidentes\" \/>\n\t<meta name=\"twitter:label2\" content=\"Est. reading time\" \/>\n\t<meta name=\"twitter:data2\" content=\"1 minuto\" \/>\n<script type=\"application\/ld+json\" class=\"yoast-schema-graph\">{\"@context\":\"https:\/\/schema.org\",\"@graph\":[{\"@type\":\"WebPage\",\"@id\":\"https:\/\/www.euroresidentes.com\/viajes\/volar\/vuelos-baratos-madrid-faro\/\",\"url\":\"https:\/\/www.euroresidentes.com\/viajes\/volar\/vuelos-baratos-madrid-faro\/\",\"name\":\"Vuelos baratos Madrid - Faro - Volar\",\"isPartOf\":{\"@id\":\"https:\/\/www.euroresidentes.com\/viajes\/volar\/#website\"},\"datePublished\":\"2006-11-02T01:00:00+00:00\",\"dateModified\":\"2016-03-10T10:21:02+00:00\",\"author\":{\"@id\":\"https:\/\/www.euroresidentes.com\/viajes\/volar\/#\/schema\/person\/4bbb21ebb04e241332a6c1c0c1f40bc1\"},\"breadcrumb\":{\"@id\":\"https:\/\/www.euroresidentes.com\/viajes\/volar\/vuelos-baratos-madrid-faro\/#breadcrumb\"},\"inLanguage\":\"es\",\"potentialAction\":[{\"@type\":\"ReadAction\",\"target\":[\"https:\/\/www.euroresidentes.com\/viajes\/volar\/vuelos-baratos-madrid-faro\/\"]}]},{\"@type\":\"BreadcrumbList\",\"@id\":\"https:\/\/www.euroresidentes.com\/viajes\/volar\/vuelos-baratos-madrid-faro\/#breadcrumb\",\"itemListElement\":[{\"@type\":\"ListItem\",\"position\":1,\"name\":\"Portada\",\"item\":\"https:\/\/www.euroresidentes.com\/viajes\/volar\/\"},{\"@type\":\"ListItem\",\"position\":2,\"name\":\"Vuelos baratos Madrid &#8211; Faro\"}]},{\"@type\":\"WebSite\",\"@id\":\"https:\/\/www.euroresidentes.com\/viajes\/volar\/#website\",\"url\":\"https:\/\/www.euroresidentes.com\/viajes\/volar\/\",\"name\":\"Volar\",\"description\":\"Volar Euroresidentes\",\"potentialAction\":[{\"@type\":\"SearchAction\",\"target\":{\"@type\":\"EntryPoint\",\"urlTemplate\":\"https:\/\/www.euroresidentes.com\/viajes\/volar\/?s={search_term_string}\"},\"query-input\":{\"@type\":\"PropertyValueSpecification\",\"valueRequired\":true,\"valueName\":\"search_term_string\"}}],\"inLanguage\":\"es\"},{\"@type\":\"Person\",\"@id\":\"https:\/\/www.euroresidentes.com\/viajes\/volar\/#\/schema\/person\/4bbb21ebb04e241332a6c1c0c1f40bc1\",\"name\":\"Euroresidentes\",\"image\":{\"@type\":\"ImageObject\",\"inLanguage\":\"es\",\"@id\":\"https:\/\/www.euroresidentes.com\/viajes\/volar\/#\/schema\/person\/image\/\",\"url\":\"https:\/\/www.euroresidentes.com\/viajes\/volar\/wp-content\/uploads\/sites\/2\/2016\/03\/logo-euroresidentes-150x150.jpg\",\"contentUrl\":\"https:\/\/www.euroresidentes.com\/viajes\/volar\/wp-content\/uploads\/sites\/2\/2016\/03\/logo-euroresidentes-150x150.jpg\",\"caption\":\"Euroresidentes\"},\"description\":\"EuroresidentesContenidos \u00fatiles que ayudan a resolver las necesidades grandes y peque\u00f1as de al vida cotidiana.\",\"sameAs\":[\"https:\/\/www.euroresidentes.com\/info.htm\"],\"url\":\"https:\/\/www.euroresidentes.com\/viajes\/volar\/author\/euroresidentes\/\"}]}<\/script>\n<!-- \/ Yoast SEO plugin. -->","yoast_head_json":{"title":"Vuelos baratos Madrid - Faro - Volar","robots":{"index":"index","follow":"follow","max-snippet":"max-snippet:-1","max-image-preview":"max-image-preview:large","max-video-preview":"max-video-preview:-1"},"canonical":"https:\/\/www.euroresidentes.com\/viajes\/volar\/vuelos-baratos-madrid-faro\/","og_locale":"es_ES","og_type":"article","og_title":"Vuelos baratos Madrid - Faro - Volar","og_description":"La aerol\u00ednea Ryanair ha puesto en servicio la conexi\u00f3n Madrid y Faro (Portugal) que empezar\u00e1 a funcionar diariamente a partir del 22 de noviembre. Ryanair al conectar Madrid con Faro pone al alcance de los madrile\u00f1os tod el atractivo de la zona costera del Portugal, la bella regi\u00f3n del Algarve, que comprende todo el litoral sur de Portugal. Reservas, frecuencia, horario de los vuelos Madrid- Faro La frecuencia de la conexi\u00f3n Madrid- Faro ser\u00e1 de un vuelo de ida y vuelta cada d\u00eda. El horario de los vuelos: La salida de Madrid ser\u00e1 a las 12:50 horas y la vuelta","og_url":"https:\/\/www.euroresidentes.com\/viajes\/volar\/vuelos-baratos-madrid-faro\/","og_site_name":"Volar","article_publisher":"https:\/\/www.facebook.com\/euroresidentes\/","article_published_time":"2006-11-02T01:00:00+00:00","article_modified_time":"2016-03-10T10:21:02+00:00","author":"Euroresidentes","twitter_card":"summary_large_image","twitter_misc":{"Written by":"Euroresidentes","Est. reading time":"1 minuto"},"schema":{"@context":"https:\/\/schema.org","@graph":[{"@type":"WebPage","@id":"https:\/\/www.euroresidentes.com\/viajes\/volar\/vuelos-baratos-madrid-faro\/","url":"https:\/\/www.euroresidentes.com\/viajes\/volar\/vuelos-baratos-madrid-faro\/","name":"Vuelos baratos Madrid - Faro - Volar","isPartOf":{"@id":"https:\/\/www.euroresidentes.com\/viajes\/volar\/#website"},"datePublished":"2006-11-02T01:00:00+00:00","dateModified":"2016-03-10T10:21:02+00:00","author":{"@id":"https:\/\/www.euroresidentes.com\/viajes\/volar\/#\/schema\/person\/4bbb21ebb04e241332a6c1c0c1f40bc1"},"breadcrumb":{"@id":"https:\/\/www.euroresidentes.com\/viajes\/volar\/vuelos-baratos-madrid-faro\/#breadcrumb"},"inLanguage":"es","potentialAction":[{"@type":"ReadAction","target":["https:\/\/www.euroresidentes.com\/viajes\/volar\/vuelos-baratos-madrid-faro\/"]}]},{"@type":"BreadcrumbList","@id":"https:\/\/www.euroresidentes.com\/viajes\/volar\/vuelos-baratos-madrid-faro\/#breadcrumb","itemListElement":[{"@type":"ListItem","position":1,"name":"Portada","item":"https:\/\/www.euroresidentes.com\/viajes\/volar\/"},{"@type":"ListItem","position":2,"name":"Vuelos baratos Madrid &#8211; Faro"}]},{"@type":"WebSite","@id":"https:\/\/www.euroresidentes.com\/viajes\/volar\/#website","url":"https:\/\/www.euroresidentes.com\/viajes\/volar\/","name":"Volar","description":"Volar Euroresidentes","potentialAction":[{"@type":"SearchAction","target":{"@type":"EntryPoint","urlTemplate":"https:\/\/www.euroresidentes.com\/viajes\/volar\/?s={search_term_string}"},"query-input":{"@type":"PropertyValueSpecification","valueRequired":true,"valueName":"search_term_string"}}],"inLanguage":"es"},{"@type":"Person","@id":"https:\/\/www.euroresidentes.com\/viajes\/volar\/#\/schema\/person\/4bbb21ebb04e241332a6c1c0c1f40bc1","name":"Euroresidentes","image":{"@type":"ImageObject","inLanguage":"es","@id":"https:\/\/www.euroresidentes.com\/viajes\/volar\/#\/schema\/person\/image\/","url":"https:\/\/www.euroresidentes.com\/viajes\/volar\/wp-content\/uploads\/sites\/2\/2016\/03\/logo-euroresidentes-150x150.jpg","contentUrl":"https:\/\/www.euroresidentes.com\/viajes\/volar\/wp-content\/uploads\/sites\/2\/2016\/03\/logo-euroresidentes-150x150.jpg","caption":"Euroresidentes"},"description":"EuroresidentesContenidos \u00fatiles que ayudan a resolver las necesidades grandes y peque\u00f1as de al vida cotidiana.","sameAs":["https:\/\/www.euroresidentes.com\/info.htm"],"url":"https:\/\/www.euroresidentes.com\/viajes\/volar\/author\/euroresidentes\/"}]}},"_links":{"self":[{"href":"https:\/\/www.euroresidentes.com\/viajes\/volar\/wp-json\/wp\/v2\/posts\/462","targetHints":{"allow":["GET"]}}],"collection":[{"href":"https:\/\/www.euroresidentes.com\/viajes\/volar\/wp-json\/wp\/v2\/posts"}],"about":[{"href":"https:\/\/www.euroresidentes.com\/viajes\/volar\/wp-json\/wp\/v2\/types\/post"}],"author":[{"embeddable":true,"href":"https:\/\/www.euroresidentes.com\/viajes\/volar\/wp-json\/wp\/v2\/users\/1"}],"replies":[{"embeddable":true,"href":"https:\/\/www.euroresidentes.com\/viajes\/volar\/wp-json\/wp\/v2\/comments?post=462"}],"version-history":[{"count":1,"href":"https:\/\/www.euroresidentes.com\/viajes\/volar\/wp-json\/wp\/v2\/posts\/462\/revisions"}],"predecessor-version":[{"id":1124,"href":"https:\/\/www.euroresidentes.com\/viajes\/volar\/wp-json\/wp\/v2\/posts\/462\/revisions\/1124"}],"wp:attachment":[{"href":"https:\/\/www.euroresidentes.com\/viajes\/volar\/wp-json\/wp\/v2\/media?parent=462"}],"wp:term":[{"taxonomy":"category","embeddable":true,"href":"https:\/\/www.euroresidentes.com\/viajes\/volar\/wp-json\/wp\/v2\/categories?post=462"},{"taxonomy":"post_tag","embeddable":true,"href":"https:\/\/www.euroresidentes.com\/viajes\/volar\/wp-json\/wp\/v2\/tags?post=462"}],"curies":[{"name":"wp","href":"https:\/\/api.w.org\/{rel}","templated":true}]}}