{"id":371,"date":"2008-05-28T07:34:00","date_gmt":"2008-05-28T07:34:00","guid":{"rendered":"https:\/\/www.euroresidentes.com\/viajes\/volar\/vuelos-entre-espaa-y-irlanda"},"modified":"2016-03-10T10:08:41","modified_gmt":"2016-03-10T10:08:41","slug":"vuelos-entre-espaa-y-irlanda","status":"publish","type":"post","link":"https:\/\/www.euroresidentes.com\/viajes\/volar\/vuelos-entre-espaa-y-irlanda\/","title":{"rendered":"Vuelos entre Espa\u00f1a y Irlanda"},"content":{"rendered":"<p>Seg\u00fan un art\u00edculo publicado este mes en cheapflights.co.uk, la aerol\u00ednea irlandesa Aer Lingus ha anunciado su programa de invierno desde el aeropuerto de Cork.<br \/>Los billetes a varios destinos, como Tenerife, Lanzarote y M\u00e1laga, se pusieron a la venta el 21 de mayo.<\/p>\n<p>El programa incluye tambi\u00e9n un nuevo servicio a Ginebra, que empezar\u00e1 a funcionar a comienzos de diciembre de este a\u00f1o. <\/p>\n<p>Adem\u00e1s, la aerol\u00ednea ampliar\u00e1 su servicio a Faro, volando a la ciudad portuguesa hasta finales de noviembre.<\/p>\n<p>Esto eleva a 18 el n\u00famero de rutas de la compa\u00f1\u00eda desde Cork.<\/p>\n<p>Seg\u00fan Enda Corneille, directora de asuntos generales de Aer Lingus, la aerol\u00ednea se siente complacida con el n\u00famero de rutas que actualmente ofrece a los pasajeros. \u00abEstamos encantados de ampliar nuestra oferta, proporcionando a nuestros clientes una mayor elecci\u00f3n de destinos y un servicio de mejor calidad; y creando nuevos enlaces en el turismo entrante, todo lo cual est\u00e1 mejorando nuestra clientela desde Cork\u00bb. <br \/>Aer Lingus ha incrementado un 70% su capacidad desde el aeropuerto de Cork en los \u00faltimos seis a\u00f1os. <\/p>\n<p>Fuente: <a href=\"http:\/\/news.cheapflights.co.uk\/flights\/2008\/05\/winter-schedule.html\">Cheap Flights<\/a><\/p>\n","protected":false},"excerpt":{"rendered":"<p>Seg\u00fan un art\u00edculo publicado este mes en cheapflights.co.uk, la aerol\u00ednea irlandesa Aer Lingus ha anunciado su programa de invierno desde el aeropuerto de Cork.Los billetes a varios destinos, como Tenerife, Lanzarote y M\u00e1laga, se pusieron a la venta el 21 de mayo. El programa incluye tambi\u00e9n un nuevo servicio a Ginebra, que empezar\u00e1 a funcionar a comienzos de diciembre de este a\u00f1o. Adem\u00e1s, la aerol\u00ednea ampliar\u00e1 su servicio a Faro, volando a la ciudad portuguesa hasta finales de noviembre. Esto eleva a 18 el n\u00famero de rutas de la compa\u00f1\u00eda desde Cork. Seg\u00fan Enda Corneille, directora de asuntos generales de <\/p>\n","protected":false},"author":1,"featured_media":0,"comment_status":"open","ping_status":"open","sticky":false,"template":"","format":"standard","meta":{"footnotes":""},"categories":[1],"tags":[],"class_list":["post-371","post","type-post","status-publish","format-standard","hentry","category-general"],"yoast_head":"<!-- This site is optimized with the Yoast SEO plugin v24.1 - https:\/\/yoast.com\/wordpress\/plugins\/seo\/ -->\n<title>Vuelos entre Espa\u00f1a y Irlanda - Volar<\/title>\n<meta name=\"robots\" content=\"index, follow, max-snippet:-1, max-image-preview:large, max-video-preview:-1\" \/>\n<link rel=\"canonical\" href=\"https:\/\/www.euroresidentes.com\/viajes\/volar\/vuelos-entre-espaa-y-irlanda\/\" \/>\n<meta property=\"og:locale\" content=\"es_ES\" \/>\n<meta property=\"og:type\" content=\"article\" \/>\n<meta property=\"og:title\" content=\"Vuelos entre Espa\u00f1a y Irlanda - Volar\" \/>\n<meta property=\"og:description\" content=\"Seg\u00fan un art\u00edculo publicado este mes en cheapflights.co.uk, la aerol\u00ednea irlandesa Aer Lingus ha anunciado su programa de invierno desde el aeropuerto de Cork.Los billetes a varios destinos, como Tenerife, Lanzarote y M\u00e1laga, se pusieron a la venta el 21 de mayo. El programa incluye tambi\u00e9n un nuevo servicio a Ginebra, que empezar\u00e1 a funcionar a comienzos de diciembre de este a\u00f1o. Adem\u00e1s, la aerol\u00ednea ampliar\u00e1 su servicio a Faro, volando a la ciudad portuguesa hasta finales de noviembre. Esto eleva a 18 el n\u00famero de rutas de la compa\u00f1\u00eda desde Cork. Seg\u00fan Enda Corneille, directora de asuntos generales de\" \/>\n<meta property=\"og:url\" content=\"https:\/\/www.euroresidentes.com\/viajes\/volar\/vuelos-entre-espaa-y-irlanda\/\" \/>\n<meta property=\"og:site_name\" content=\"Volar\" \/>\n<meta property=\"article:publisher\" content=\"https:\/\/www.facebook.com\/euroresidentes\/\" \/>\n<meta property=\"article:published_time\" content=\"2008-05-28T07:34:00+00:00\" \/>\n<meta property=\"article:modified_time\" content=\"2016-03-10T10:08:41+00:00\" \/>\n<meta name=\"author\" content=\"Euroresidentes\" \/>\n<meta name=\"twitter:card\" content=\"summary_large_image\" \/>\n<meta name=\"twitter:label1\" content=\"Written by\" \/>\n\t<meta name=\"twitter:data1\" content=\"Euroresidentes\" \/>\n\t<meta name=\"twitter:label2\" content=\"Est. reading time\" \/>\n\t<meta name=\"twitter:data2\" content=\"1 minuto\" \/>\n<script type=\"application\/ld+json\" class=\"yoast-schema-graph\">{\"@context\":\"https:\/\/schema.org\",\"@graph\":[{\"@type\":\"WebPage\",\"@id\":\"https:\/\/www.euroresidentes.com\/viajes\/volar\/vuelos-entre-espaa-y-irlanda\/\",\"url\":\"https:\/\/www.euroresidentes.com\/viajes\/volar\/vuelos-entre-espaa-y-irlanda\/\",\"name\":\"Vuelos entre Espa\u00f1a y Irlanda - Volar\",\"isPartOf\":{\"@id\":\"https:\/\/www.euroresidentes.com\/viajes\/volar\/#website\"},\"datePublished\":\"2008-05-28T07:34:00+00:00\",\"dateModified\":\"2016-03-10T10:08:41+00:00\",\"author\":{\"@id\":\"https:\/\/www.euroresidentes.com\/viajes\/volar\/#\/schema\/person\/4bbb21ebb04e241332a6c1c0c1f40bc1\"},\"breadcrumb\":{\"@id\":\"https:\/\/www.euroresidentes.com\/viajes\/volar\/vuelos-entre-espaa-y-irlanda\/#breadcrumb\"},\"inLanguage\":\"es\",\"potentialAction\":[{\"@type\":\"ReadAction\",\"target\":[\"https:\/\/www.euroresidentes.com\/viajes\/volar\/vuelos-entre-espaa-y-irlanda\/\"]}]},{\"@type\":\"BreadcrumbList\",\"@id\":\"https:\/\/www.euroresidentes.com\/viajes\/volar\/vuelos-entre-espaa-y-irlanda\/#breadcrumb\",\"itemListElement\":[{\"@type\":\"ListItem\",\"position\":1,\"name\":\"Portada\",\"item\":\"https:\/\/www.euroresidentes.com\/viajes\/volar\/\"},{\"@type\":\"ListItem\",\"position\":2,\"name\":\"Vuelos entre Espa\u00f1a y Irlanda\"}]},{\"@type\":\"WebSite\",\"@id\":\"https:\/\/www.euroresidentes.com\/viajes\/volar\/#website\",\"url\":\"https:\/\/www.euroresidentes.com\/viajes\/volar\/\",\"name\":\"Volar\",\"description\":\"Volar Euroresidentes\",\"potentialAction\":[{\"@type\":\"SearchAction\",\"target\":{\"@type\":\"EntryPoint\",\"urlTemplate\":\"https:\/\/www.euroresidentes.com\/viajes\/volar\/?s={search_term_string}\"},\"query-input\":{\"@type\":\"PropertyValueSpecification\",\"valueRequired\":true,\"valueName\":\"search_term_string\"}}],\"inLanguage\":\"es\"},{\"@type\":\"Person\",\"@id\":\"https:\/\/www.euroresidentes.com\/viajes\/volar\/#\/schema\/person\/4bbb21ebb04e241332a6c1c0c1f40bc1\",\"name\":\"Euroresidentes\",\"image\":{\"@type\":\"ImageObject\",\"inLanguage\":\"es\",\"@id\":\"https:\/\/www.euroresidentes.com\/viajes\/volar\/#\/schema\/person\/image\/\",\"url\":\"https:\/\/www.euroresidentes.com\/viajes\/volar\/wp-content\/uploads\/sites\/2\/2016\/03\/logo-euroresidentes-150x150.jpg\",\"contentUrl\":\"https:\/\/www.euroresidentes.com\/viajes\/volar\/wp-content\/uploads\/sites\/2\/2016\/03\/logo-euroresidentes-150x150.jpg\",\"caption\":\"Euroresidentes\"},\"description\":\"EuroresidentesContenidos \u00fatiles que ayudan a resolver las necesidades grandes y peque\u00f1as de al vida cotidiana.\",\"sameAs\":[\"https:\/\/www.euroresidentes.com\/info.htm\"],\"url\":\"https:\/\/www.euroresidentes.com\/viajes\/volar\/author\/euroresidentes\/\"}]}<\/script>\n<!-- \/ Yoast SEO plugin. -->","yoast_head_json":{"title":"Vuelos entre Espa\u00f1a y Irlanda - Volar","robots":{"index":"index","follow":"follow","max-snippet":"max-snippet:-1","max-image-preview":"max-image-preview:large","max-video-preview":"max-video-preview:-1"},"canonical":"https:\/\/www.euroresidentes.com\/viajes\/volar\/vuelos-entre-espaa-y-irlanda\/","og_locale":"es_ES","og_type":"article","og_title":"Vuelos entre Espa\u00f1a y Irlanda - Volar","og_description":"Seg\u00fan un art\u00edculo publicado este mes en cheapflights.co.uk, la aerol\u00ednea irlandesa Aer Lingus ha anunciado su programa de invierno desde el aeropuerto de Cork.Los billetes a varios destinos, como Tenerife, Lanzarote y M\u00e1laga, se pusieron a la venta el 21 de mayo. El programa incluye tambi\u00e9n un nuevo servicio a Ginebra, que empezar\u00e1 a funcionar a comienzos de diciembre de este a\u00f1o. Adem\u00e1s, la aerol\u00ednea ampliar\u00e1 su servicio a Faro, volando a la ciudad portuguesa hasta finales de noviembre. Esto eleva a 18 el n\u00famero de rutas de la compa\u00f1\u00eda desde Cork. Seg\u00fan Enda Corneille, directora de asuntos generales de","og_url":"https:\/\/www.euroresidentes.com\/viajes\/volar\/vuelos-entre-espaa-y-irlanda\/","og_site_name":"Volar","article_publisher":"https:\/\/www.facebook.com\/euroresidentes\/","article_published_time":"2008-05-28T07:34:00+00:00","article_modified_time":"2016-03-10T10:08:41+00:00","author":"Euroresidentes","twitter_card":"summary_large_image","twitter_misc":{"Written by":"Euroresidentes","Est. reading time":"1 minuto"},"schema":{"@context":"https:\/\/schema.org","@graph":[{"@type":"WebPage","@id":"https:\/\/www.euroresidentes.com\/viajes\/volar\/vuelos-entre-espaa-y-irlanda\/","url":"https:\/\/www.euroresidentes.com\/viajes\/volar\/vuelos-entre-espaa-y-irlanda\/","name":"Vuelos entre Espa\u00f1a y Irlanda - Volar","isPartOf":{"@id":"https:\/\/www.euroresidentes.com\/viajes\/volar\/#website"},"datePublished":"2008-05-28T07:34:00+00:00","dateModified":"2016-03-10T10:08:41+00:00","author":{"@id":"https:\/\/www.euroresidentes.com\/viajes\/volar\/#\/schema\/person\/4bbb21ebb04e241332a6c1c0c1f40bc1"},"breadcrumb":{"@id":"https:\/\/www.euroresidentes.com\/viajes\/volar\/vuelos-entre-espaa-y-irlanda\/#breadcrumb"},"inLanguage":"es","potentialAction":[{"@type":"ReadAction","target":["https:\/\/www.euroresidentes.com\/viajes\/volar\/vuelos-entre-espaa-y-irlanda\/"]}]},{"@type":"BreadcrumbList","@id":"https:\/\/www.euroresidentes.com\/viajes\/volar\/vuelos-entre-espaa-y-irlanda\/#breadcrumb","itemListElement":[{"@type":"ListItem","position":1,"name":"Portada","item":"https:\/\/www.euroresidentes.com\/viajes\/volar\/"},{"@type":"ListItem","position":2,"name":"Vuelos entre Espa\u00f1a y Irlanda"}]},{"@type":"WebSite","@id":"https:\/\/www.euroresidentes.com\/viajes\/volar\/#website","url":"https:\/\/www.euroresidentes.com\/viajes\/volar\/","name":"Volar","description":"Volar Euroresidentes","potentialAction":[{"@type":"SearchAction","target":{"@type":"EntryPoint","urlTemplate":"https:\/\/www.euroresidentes.com\/viajes\/volar\/?s={search_term_string}"},"query-input":{"@type":"PropertyValueSpecification","valueRequired":true,"valueName":"search_term_string"}}],"inLanguage":"es"},{"@type":"Person","@id":"https:\/\/www.euroresidentes.com\/viajes\/volar\/#\/schema\/person\/4bbb21ebb04e241332a6c1c0c1f40bc1","name":"Euroresidentes","image":{"@type":"ImageObject","inLanguage":"es","@id":"https:\/\/www.euroresidentes.com\/viajes\/volar\/#\/schema\/person\/image\/","url":"https:\/\/www.euroresidentes.com\/viajes\/volar\/wp-content\/uploads\/sites\/2\/2016\/03\/logo-euroresidentes-150x150.jpg","contentUrl":"https:\/\/www.euroresidentes.com\/viajes\/volar\/wp-content\/uploads\/sites\/2\/2016\/03\/logo-euroresidentes-150x150.jpg","caption":"Euroresidentes"},"description":"EuroresidentesContenidos \u00fatiles que ayudan a resolver las necesidades grandes y peque\u00f1as de al vida cotidiana.","sameAs":["https:\/\/www.euroresidentes.com\/info.htm"],"url":"https:\/\/www.euroresidentes.com\/viajes\/volar\/author\/euroresidentes\/"}]}},"_links":{"self":[{"href":"https:\/\/www.euroresidentes.com\/viajes\/volar\/wp-json\/wp\/v2\/posts\/371","targetHints":{"allow":["GET"]}}],"collection":[{"href":"https:\/\/www.euroresidentes.com\/viajes\/volar\/wp-json\/wp\/v2\/posts"}],"about":[{"href":"https:\/\/www.euroresidentes.com\/viajes\/volar\/wp-json\/wp\/v2\/types\/post"}],"author":[{"embeddable":true,"href":"https:\/\/www.euroresidentes.com\/viajes\/volar\/wp-json\/wp\/v2\/users\/1"}],"replies":[{"embeddable":true,"href":"https:\/\/www.euroresidentes.com\/viajes\/volar\/wp-json\/wp\/v2\/comments?post=371"}],"version-history":[{"count":1,"href":"https:\/\/www.euroresidentes.com\/viajes\/volar\/wp-json\/wp\/v2\/posts\/371\/revisions"}],"predecessor-version":[{"id":1020,"href":"https:\/\/www.euroresidentes.com\/viajes\/volar\/wp-json\/wp\/v2\/posts\/371\/revisions\/1020"}],"wp:attachment":[{"href":"https:\/\/www.euroresidentes.com\/viajes\/volar\/wp-json\/wp\/v2\/media?parent=371"}],"wp:term":[{"taxonomy":"category","embeddable":true,"href":"https:\/\/www.euroresidentes.com\/viajes\/volar\/wp-json\/wp\/v2\/categories?post=371"},{"taxonomy":"post_tag","embeddable":true,"href":"https:\/\/www.euroresidentes.com\/viajes\/volar\/wp-json\/wp\/v2\/tags?post=371"}],"curies":[{"name":"wp","href":"https:\/\/api.w.org\/{rel}","templated":true}]}}