{"id":356,"date":"2008-09-24T06:51:00","date_gmt":"2008-09-24T06:51:00","guid":{"rendered":"https:\/\/www.euroresidentes.com\/viajes\/volar\/vuelos-entre-edimburgo-y-las-islas"},"modified":"2016-03-10T10:05:36","modified_gmt":"2016-03-10T10:05:36","slug":"vuelos-entre-edimburgo-y-las-islas","status":"publish","type":"post","link":"https:\/\/www.euroresidentes.com\/viajes\/volar\/vuelos-entre-edimburgo-y-las-islas\/","title":{"rendered":"Vuelos entre Edimburgo y las Islas Baleares"},"content":{"rendered":"<p>Jet2.com ha a\u00f1adido tres nuevas rutas desde el aeropuerto de Edimburgo a su programaci\u00f3n para el verano de 2009.<\/p>\n<p>A partir del 21 de mayo, sus aviones transportar\u00e1n turistas desde la capital escocesa a Ibiza, Menorca y Venecia.<\/p>\n<p>Las nuevas rutas se han dado a conocer tras el anuncio de otras conexiones desde varios aeropuertos regionales, adem\u00e1s de un nuevo enlace de Edimburgo a Cerde\u00f1a.<\/p>\n<p>A principios de este mes, la aerol\u00ednea econ\u00f3mica confirm\u00f3 que empezar\u00eda a volar desde el aeropuerto de Leeds Bradford a Avignon, Ginebra, Krakow, La Rochelle, Par\u00eds, Praga y Toulouse.<\/p>\n<p>Los nuevos vuelos de Jet2.com significan que mas brit\u00e1nicos podr\u00e1n disfrutar de vacaciones en las Islas Baleares, y que espa\u00f1oles residentes en <a href=\"http:\/\/www.euroresidentes.com\/viajes\/guias\/guia-de-menorca.htm\">Menorca<\/a> e <a href=\"http:\/\/www.euroresidentes.com\/viajes\/guias\/guia-de-ibiza.htm\">Ibiza<\/a> podr\u00e1n desplazarse con mayor facilidad a Edimburgo para conocer esta bella ciudad y sus alrededores, o para disfrutar en verano del Festival de Edimburgo.<\/p>\n<p>Actualmente, Jet2.com cuenta con 39 rutas desde su base en el aeropuerto de Leeds Bradford, a una amplia gama por destinos de toda Europa.<\/p>\n","protected":false},"excerpt":{"rendered":"<p>Jet2.com ha a\u00f1adido tres nuevas rutas desde el aeropuerto de Edimburgo a su programaci\u00f3n para el verano de 2009. A partir del 21 de mayo, sus aviones transportar\u00e1n turistas desde la capital escocesa a Ibiza, Menorca y Venecia. Las nuevas rutas se han dado a conocer tras el anuncio de otras conexiones desde varios aeropuertos regionales, adem\u00e1s de un nuevo enlace de Edimburgo a Cerde\u00f1a. A principios de este mes, la aerol\u00ednea econ\u00f3mica confirm\u00f3 que empezar\u00eda a volar desde el aeropuerto de Leeds Bradford a Avignon, Ginebra, Krakow, La Rochelle, Par\u00eds, Praga y Toulouse. Los nuevos vuelos de Jet2.com significan <\/p>\n","protected":false},"author":1,"featured_media":0,"comment_status":"open","ping_status":"open","sticky":false,"template":"","format":"standard","meta":{"footnotes":""},"categories":[1],"tags":[],"class_list":["post-356","post","type-post","status-publish","format-standard","hentry","category-general"],"yoast_head":"<!-- This site is optimized with the Yoast SEO plugin v24.1 - https:\/\/yoast.com\/wordpress\/plugins\/seo\/ -->\n<title>Vuelos entre Edimburgo y las Islas Baleares - Volar<\/title>\n<meta name=\"robots\" content=\"index, follow, max-snippet:-1, max-image-preview:large, max-video-preview:-1\" \/>\n<link rel=\"canonical\" href=\"https:\/\/www.euroresidentes.com\/viajes\/volar\/vuelos-entre-edimburgo-y-las-islas\/\" \/>\n<meta property=\"og:locale\" content=\"es_ES\" \/>\n<meta property=\"og:type\" content=\"article\" \/>\n<meta property=\"og:title\" content=\"Vuelos entre Edimburgo y las Islas Baleares - Volar\" \/>\n<meta property=\"og:description\" content=\"Jet2.com ha a\u00f1adido tres nuevas rutas desde el aeropuerto de Edimburgo a su programaci\u00f3n para el verano de 2009. A partir del 21 de mayo, sus aviones transportar\u00e1n turistas desde la capital escocesa a Ibiza, Menorca y Venecia. Las nuevas rutas se han dado a conocer tras el anuncio de otras conexiones desde varios aeropuertos regionales, adem\u00e1s de un nuevo enlace de Edimburgo a Cerde\u00f1a. A principios de este mes, la aerol\u00ednea econ\u00f3mica confirm\u00f3 que empezar\u00eda a volar desde el aeropuerto de Leeds Bradford a Avignon, Ginebra, Krakow, La Rochelle, Par\u00eds, Praga y Toulouse. Los nuevos vuelos de Jet2.com significan\" \/>\n<meta property=\"og:url\" content=\"https:\/\/www.euroresidentes.com\/viajes\/volar\/vuelos-entre-edimburgo-y-las-islas\/\" \/>\n<meta property=\"og:site_name\" content=\"Volar\" \/>\n<meta property=\"article:publisher\" content=\"https:\/\/www.facebook.com\/euroresidentes\/\" \/>\n<meta property=\"article:published_time\" content=\"2008-09-24T06:51:00+00:00\" \/>\n<meta property=\"article:modified_time\" content=\"2016-03-10T10:05:36+00:00\" \/>\n<meta name=\"author\" content=\"Euroresidentes\" \/>\n<meta name=\"twitter:card\" content=\"summary_large_image\" \/>\n<meta name=\"twitter:label1\" content=\"Written by\" \/>\n\t<meta name=\"twitter:data1\" content=\"Euroresidentes\" \/>\n\t<meta name=\"twitter:label2\" content=\"Est. reading time\" \/>\n\t<meta name=\"twitter:data2\" content=\"1 minuto\" \/>\n<script type=\"application\/ld+json\" class=\"yoast-schema-graph\">{\"@context\":\"https:\/\/schema.org\",\"@graph\":[{\"@type\":\"WebPage\",\"@id\":\"https:\/\/www.euroresidentes.com\/viajes\/volar\/vuelos-entre-edimburgo-y-las-islas\/\",\"url\":\"https:\/\/www.euroresidentes.com\/viajes\/volar\/vuelos-entre-edimburgo-y-las-islas\/\",\"name\":\"Vuelos entre Edimburgo y las Islas Baleares - Volar\",\"isPartOf\":{\"@id\":\"https:\/\/www.euroresidentes.com\/viajes\/volar\/#website\"},\"datePublished\":\"2008-09-24T06:51:00+00:00\",\"dateModified\":\"2016-03-10T10:05:36+00:00\",\"author\":{\"@id\":\"https:\/\/www.euroresidentes.com\/viajes\/volar\/#\/schema\/person\/4bbb21ebb04e241332a6c1c0c1f40bc1\"},\"breadcrumb\":{\"@id\":\"https:\/\/www.euroresidentes.com\/viajes\/volar\/vuelos-entre-edimburgo-y-las-islas\/#breadcrumb\"},\"inLanguage\":\"es\",\"potentialAction\":[{\"@type\":\"ReadAction\",\"target\":[\"https:\/\/www.euroresidentes.com\/viajes\/volar\/vuelos-entre-edimburgo-y-las-islas\/\"]}]},{\"@type\":\"BreadcrumbList\",\"@id\":\"https:\/\/www.euroresidentes.com\/viajes\/volar\/vuelos-entre-edimburgo-y-las-islas\/#breadcrumb\",\"itemListElement\":[{\"@type\":\"ListItem\",\"position\":1,\"name\":\"Portada\",\"item\":\"https:\/\/www.euroresidentes.com\/viajes\/volar\/\"},{\"@type\":\"ListItem\",\"position\":2,\"name\":\"Vuelos entre Edimburgo y las Islas Baleares\"}]},{\"@type\":\"WebSite\",\"@id\":\"https:\/\/www.euroresidentes.com\/viajes\/volar\/#website\",\"url\":\"https:\/\/www.euroresidentes.com\/viajes\/volar\/\",\"name\":\"Volar\",\"description\":\"Volar Euroresidentes\",\"potentialAction\":[{\"@type\":\"SearchAction\",\"target\":{\"@type\":\"EntryPoint\",\"urlTemplate\":\"https:\/\/www.euroresidentes.com\/viajes\/volar\/?s={search_term_string}\"},\"query-input\":{\"@type\":\"PropertyValueSpecification\",\"valueRequired\":true,\"valueName\":\"search_term_string\"}}],\"inLanguage\":\"es\"},{\"@type\":\"Person\",\"@id\":\"https:\/\/www.euroresidentes.com\/viajes\/volar\/#\/schema\/person\/4bbb21ebb04e241332a6c1c0c1f40bc1\",\"name\":\"Euroresidentes\",\"image\":{\"@type\":\"ImageObject\",\"inLanguage\":\"es\",\"@id\":\"https:\/\/www.euroresidentes.com\/viajes\/volar\/#\/schema\/person\/image\/\",\"url\":\"https:\/\/www.euroresidentes.com\/viajes\/volar\/wp-content\/uploads\/sites\/2\/2016\/03\/logo-euroresidentes-150x150.jpg\",\"contentUrl\":\"https:\/\/www.euroresidentes.com\/viajes\/volar\/wp-content\/uploads\/sites\/2\/2016\/03\/logo-euroresidentes-150x150.jpg\",\"caption\":\"Euroresidentes\"},\"description\":\"EuroresidentesContenidos \u00fatiles que ayudan a resolver las necesidades grandes y peque\u00f1as de al vida cotidiana.\",\"sameAs\":[\"https:\/\/www.euroresidentes.com\/info.htm\"],\"url\":\"https:\/\/www.euroresidentes.com\/viajes\/volar\/author\/euroresidentes\/\"}]}<\/script>\n<!-- \/ Yoast SEO plugin. -->","yoast_head_json":{"title":"Vuelos entre Edimburgo y las Islas Baleares - Volar","robots":{"index":"index","follow":"follow","max-snippet":"max-snippet:-1","max-image-preview":"max-image-preview:large","max-video-preview":"max-video-preview:-1"},"canonical":"https:\/\/www.euroresidentes.com\/viajes\/volar\/vuelos-entre-edimburgo-y-las-islas\/","og_locale":"es_ES","og_type":"article","og_title":"Vuelos entre Edimburgo y las Islas Baleares - Volar","og_description":"Jet2.com ha a\u00f1adido tres nuevas rutas desde el aeropuerto de Edimburgo a su programaci\u00f3n para el verano de 2009. A partir del 21 de mayo, sus aviones transportar\u00e1n turistas desde la capital escocesa a Ibiza, Menorca y Venecia. Las nuevas rutas se han dado a conocer tras el anuncio de otras conexiones desde varios aeropuertos regionales, adem\u00e1s de un nuevo enlace de Edimburgo a Cerde\u00f1a. A principios de este mes, la aerol\u00ednea econ\u00f3mica confirm\u00f3 que empezar\u00eda a volar desde el aeropuerto de Leeds Bradford a Avignon, Ginebra, Krakow, La Rochelle, Par\u00eds, Praga y Toulouse. Los nuevos vuelos de Jet2.com significan","og_url":"https:\/\/www.euroresidentes.com\/viajes\/volar\/vuelos-entre-edimburgo-y-las-islas\/","og_site_name":"Volar","article_publisher":"https:\/\/www.facebook.com\/euroresidentes\/","article_published_time":"2008-09-24T06:51:00+00:00","article_modified_time":"2016-03-10T10:05:36+00:00","author":"Euroresidentes","twitter_card":"summary_large_image","twitter_misc":{"Written by":"Euroresidentes","Est. reading time":"1 minuto"},"schema":{"@context":"https:\/\/schema.org","@graph":[{"@type":"WebPage","@id":"https:\/\/www.euroresidentes.com\/viajes\/volar\/vuelos-entre-edimburgo-y-las-islas\/","url":"https:\/\/www.euroresidentes.com\/viajes\/volar\/vuelos-entre-edimburgo-y-las-islas\/","name":"Vuelos entre Edimburgo y las Islas Baleares - Volar","isPartOf":{"@id":"https:\/\/www.euroresidentes.com\/viajes\/volar\/#website"},"datePublished":"2008-09-24T06:51:00+00:00","dateModified":"2016-03-10T10:05:36+00:00","author":{"@id":"https:\/\/www.euroresidentes.com\/viajes\/volar\/#\/schema\/person\/4bbb21ebb04e241332a6c1c0c1f40bc1"},"breadcrumb":{"@id":"https:\/\/www.euroresidentes.com\/viajes\/volar\/vuelos-entre-edimburgo-y-las-islas\/#breadcrumb"},"inLanguage":"es","potentialAction":[{"@type":"ReadAction","target":["https:\/\/www.euroresidentes.com\/viajes\/volar\/vuelos-entre-edimburgo-y-las-islas\/"]}]},{"@type":"BreadcrumbList","@id":"https:\/\/www.euroresidentes.com\/viajes\/volar\/vuelos-entre-edimburgo-y-las-islas\/#breadcrumb","itemListElement":[{"@type":"ListItem","position":1,"name":"Portada","item":"https:\/\/www.euroresidentes.com\/viajes\/volar\/"},{"@type":"ListItem","position":2,"name":"Vuelos entre Edimburgo y las Islas Baleares"}]},{"@type":"WebSite","@id":"https:\/\/www.euroresidentes.com\/viajes\/volar\/#website","url":"https:\/\/www.euroresidentes.com\/viajes\/volar\/","name":"Volar","description":"Volar Euroresidentes","potentialAction":[{"@type":"SearchAction","target":{"@type":"EntryPoint","urlTemplate":"https:\/\/www.euroresidentes.com\/viajes\/volar\/?s={search_term_string}"},"query-input":{"@type":"PropertyValueSpecification","valueRequired":true,"valueName":"search_term_string"}}],"inLanguage":"es"},{"@type":"Person","@id":"https:\/\/www.euroresidentes.com\/viajes\/volar\/#\/schema\/person\/4bbb21ebb04e241332a6c1c0c1f40bc1","name":"Euroresidentes","image":{"@type":"ImageObject","inLanguage":"es","@id":"https:\/\/www.euroresidentes.com\/viajes\/volar\/#\/schema\/person\/image\/","url":"https:\/\/www.euroresidentes.com\/viajes\/volar\/wp-content\/uploads\/sites\/2\/2016\/03\/logo-euroresidentes-150x150.jpg","contentUrl":"https:\/\/www.euroresidentes.com\/viajes\/volar\/wp-content\/uploads\/sites\/2\/2016\/03\/logo-euroresidentes-150x150.jpg","caption":"Euroresidentes"},"description":"EuroresidentesContenidos \u00fatiles que ayudan a resolver las necesidades grandes y peque\u00f1as de al vida cotidiana.","sameAs":["https:\/\/www.euroresidentes.com\/info.htm"],"url":"https:\/\/www.euroresidentes.com\/viajes\/volar\/author\/euroresidentes\/"}]}},"_links":{"self":[{"href":"https:\/\/www.euroresidentes.com\/viajes\/volar\/wp-json\/wp\/v2\/posts\/356","targetHints":{"allow":["GET"]}}],"collection":[{"href":"https:\/\/www.euroresidentes.com\/viajes\/volar\/wp-json\/wp\/v2\/posts"}],"about":[{"href":"https:\/\/www.euroresidentes.com\/viajes\/volar\/wp-json\/wp\/v2\/types\/post"}],"author":[{"embeddable":true,"href":"https:\/\/www.euroresidentes.com\/viajes\/volar\/wp-json\/wp\/v2\/users\/1"}],"replies":[{"embeddable":true,"href":"https:\/\/www.euroresidentes.com\/viajes\/volar\/wp-json\/wp\/v2\/comments?post=356"}],"version-history":[{"count":1,"href":"https:\/\/www.euroresidentes.com\/viajes\/volar\/wp-json\/wp\/v2\/posts\/356\/revisions"}],"predecessor-version":[{"id":1003,"href":"https:\/\/www.euroresidentes.com\/viajes\/volar\/wp-json\/wp\/v2\/posts\/356\/revisions\/1003"}],"wp:attachment":[{"href":"https:\/\/www.euroresidentes.com\/viajes\/volar\/wp-json\/wp\/v2\/media?parent=356"}],"wp:term":[{"taxonomy":"category","embeddable":true,"href":"https:\/\/www.euroresidentes.com\/viajes\/volar\/wp-json\/wp\/v2\/categories?post=356"},{"taxonomy":"post_tag","embeddable":true,"href":"https:\/\/www.euroresidentes.com\/viajes\/volar\/wp-json\/wp\/v2\/tags?post=356"}],"curies":[{"name":"wp","href":"https:\/\/api.w.org\/{rel}","templated":true}]}}