{"id":334,"date":"2009-02-23T09:14:00","date_gmt":"2009-02-23T09:14:00","guid":{"rendered":"https:\/\/www.euroresidentes.com\/viajes\/volar\/llamadas-por-telefono-movil-en-vuelos"},"modified":"2016-03-10T10:02:31","modified_gmt":"2016-03-10T10:02:31","slug":"llamadas-por-telefono-movil-en-vuelos","status":"publish","type":"post","link":"https:\/\/www.euroresidentes.com\/viajes\/volar\/llamadas-por-telefono-movil-en-vuelos\/","title":{"rendered":"Llamadas por tel\u00e9fono m\u00f3vil en vuelos de Ryanair"},"content":{"rendered":"<p>Ryanair, la aerol\u00ednea econ\u00f3mica irlandesa, ha anunciado su intenci\u00f3n de permitir el uso de tel\u00e9fonos m\u00f3viles en todos sus vuelos.<\/p>\n<p>Los pasajeros podr\u00e1n hacer y recibir llamadas y enviar mensajes de texto y correos electr\u00f3nicos desde sus m\u00f3viles; el servicio se pondr\u00e1 en marcha primero en los vuelos que tengan el aeropuerto de Dubl\u00edn como punto de salida o de llegada, para posteriormente, en los pr\u00f3ximos meses, ir ampli\u00e1ndolo al resto de la flota de la compa\u00f1\u00eda.<\/p>\n<p>El servicio de llamadas estar\u00e1 operativo una vez que el avi\u00f3n alcance los 10.000 pies, pero de momento, no todos los proveedores de telefon\u00eda m\u00f3vil han firmado.<\/p>\n<p>El nuevo servicio ha sido presentado por Michael O&#8217;Leary, presidentes de la compa\u00f1\u00eda, en el aeropuerto de Dubl\u00edn. O&#8217;Leary apareci\u00f3 vestido de tel\u00e9fono m\u00f3vil y alarde\u00f3 de que equipar a cada avi\u00f3n para el servicio cuesta m\u00e1s de 100.000 libras. Su compa\u00f1\u00eda compartir\u00e1 los beneficios con el proveedor de comunicaciones, una empresa suiza llamada OnAir.<\/p>\n<p>\u00abAnimaremos todo lo posible a nuestros pasajeros a que llamen, ya que eso reducir\u00e1 nuestros coses e incrementar\u00e1 nuestros beneficios\u00bb, se\u00f1al\u00f3 O&#8217;Leary.<\/p>\n<p>Los pasajeros del servicio de la ma\u00f1ana de Ryanair con salida desde Gatwick se mostraron m\u00e1s esc\u00e9pticos en cuanto a sus beneficios. La mayor\u00eda de ellos volv\u00eda de sus vacaciones en Londres y se hab\u00edan dejado los tel\u00e9fonos en casa.<\/p>\n<p>Despu\u00e9s de que miembros de la tripulaci\u00f3n avisaran a los pasajeros de la puesta en marcha del servicio a trav\u00e9s de los monitores de televisi\u00f3n del avi\u00f3n, Lorna, de 13 a\u00f1os de edad, pidi\u00f3 prestado el tel\u00e9fono a su madre, Fiona Mallick, y qued\u00f3 impresionada de poder hablar inmediatamente con su padre. Luego, prob\u00f3 a enviar mensajes de texto.<\/p>\n<p>No obstante, Mallick observ\u00f3 que cada una de ellas hab\u00eda pagado tan solo 2,75\u20ac por su billete y, dado que el coste de las llamadas abordo es de 3 libras (3,40\u20ac) por minuto, el experimento de su hija hab\u00eda costado m\u00e1s que sus billetes de avi\u00f3n. <\/p>\n<p>A pesar de la insistencia de O&#8217;Leary en que los turistas ser\u00e1n los principales usuarios del servicio, los pasajeros se empe\u00f1an en que lo ser\u00e1n los hombres de negocios. Seg\u00fan Stephen McNamara, portavoz de Ryanair: \u00abYa es muy popular desde los vuelos de prueba. Al mirar hacia los asientos prioritarios, donde se sientan los pasajeros de empresa, se les puede ver utilizando sus Blackberries. Creo que en unos cuantos a\u00f1os esto estar\u00e1 disponible en todos los vuelos\u00bb.<\/p>\n<p>Fuente: <a href=\"http:\/\/www.guardian.co.uk\/travel\/2009\/feb\/19\/ryanair-mobilephones\">The Guardian Travel<\/a><\/p>\n","protected":false},"excerpt":{"rendered":"<p>Ryanair, la aerol\u00ednea econ\u00f3mica irlandesa, ha anunciado su intenci\u00f3n de permitir el uso de tel\u00e9fonos m\u00f3viles en todos sus vuelos. Los pasajeros podr\u00e1n hacer y recibir llamadas y enviar mensajes de texto y correos electr\u00f3nicos desde sus m\u00f3viles; el servicio se pondr\u00e1 en marcha primero en los vuelos que tengan el aeropuerto de Dubl\u00edn como punto de salida o de llegada, para posteriormente, en los pr\u00f3ximos meses, ir ampli\u00e1ndolo al resto de la flota de la compa\u00f1\u00eda. El servicio de llamadas estar\u00e1 operativo una vez que el avi\u00f3n alcance los 10.000 pies, pero de momento, no todos los proveedores de <\/p>\n","protected":false},"author":1,"featured_media":0,"comment_status":"open","ping_status":"open","sticky":false,"template":"","format":"standard","meta":{"footnotes":""},"categories":[1],"tags":[],"class_list":["post-334","post","type-post","status-publish","format-standard","hentry","category-general"],"yoast_head":"<!-- This site is optimized with the Yoast SEO plugin v24.1 - https:\/\/yoast.com\/wordpress\/plugins\/seo\/ -->\n<title>Llamadas por tel\u00e9fono m\u00f3vil en vuelos de Ryanair - Volar<\/title>\n<meta name=\"robots\" content=\"index, follow, max-snippet:-1, max-image-preview:large, max-video-preview:-1\" \/>\n<link rel=\"canonical\" href=\"https:\/\/www.euroresidentes.com\/viajes\/volar\/llamadas-por-telefono-movil-en-vuelos\/\" \/>\n<meta property=\"og:locale\" content=\"es_ES\" \/>\n<meta property=\"og:type\" content=\"article\" \/>\n<meta property=\"og:title\" content=\"Llamadas por tel\u00e9fono m\u00f3vil en vuelos de Ryanair - Volar\" \/>\n<meta property=\"og:description\" content=\"Ryanair, la aerol\u00ednea econ\u00f3mica irlandesa, ha anunciado su intenci\u00f3n de permitir el uso de tel\u00e9fonos m\u00f3viles en todos sus vuelos. Los pasajeros podr\u00e1n hacer y recibir llamadas y enviar mensajes de texto y correos electr\u00f3nicos desde sus m\u00f3viles; el servicio se pondr\u00e1 en marcha primero en los vuelos que tengan el aeropuerto de Dubl\u00edn como punto de salida o de llegada, para posteriormente, en los pr\u00f3ximos meses, ir ampli\u00e1ndolo al resto de la flota de la compa\u00f1\u00eda. El servicio de llamadas estar\u00e1 operativo una vez que el avi\u00f3n alcance los 10.000 pies, pero de momento, no todos los proveedores de\" \/>\n<meta property=\"og:url\" content=\"https:\/\/www.euroresidentes.com\/viajes\/volar\/llamadas-por-telefono-movil-en-vuelos\/\" \/>\n<meta property=\"og:site_name\" content=\"Volar\" \/>\n<meta property=\"article:publisher\" content=\"https:\/\/www.facebook.com\/euroresidentes\/\" \/>\n<meta property=\"article:published_time\" content=\"2009-02-23T09:14:00+00:00\" \/>\n<meta property=\"article:modified_time\" content=\"2016-03-10T10:02:31+00:00\" \/>\n<meta name=\"author\" content=\"Euroresidentes\" \/>\n<meta name=\"twitter:card\" content=\"summary_large_image\" \/>\n<meta name=\"twitter:label1\" content=\"Written by\" \/>\n\t<meta name=\"twitter:data1\" content=\"Euroresidentes\" \/>\n\t<meta name=\"twitter:label2\" content=\"Est. reading time\" \/>\n\t<meta name=\"twitter:data2\" content=\"2 minutos\" \/>\n<script type=\"application\/ld+json\" class=\"yoast-schema-graph\">{\"@context\":\"https:\/\/schema.org\",\"@graph\":[{\"@type\":\"WebPage\",\"@id\":\"https:\/\/www.euroresidentes.com\/viajes\/volar\/llamadas-por-telefono-movil-en-vuelos\/\",\"url\":\"https:\/\/www.euroresidentes.com\/viajes\/volar\/llamadas-por-telefono-movil-en-vuelos\/\",\"name\":\"Llamadas por tel\u00e9fono m\u00f3vil en vuelos de Ryanair - Volar\",\"isPartOf\":{\"@id\":\"https:\/\/www.euroresidentes.com\/viajes\/volar\/#website\"},\"datePublished\":\"2009-02-23T09:14:00+00:00\",\"dateModified\":\"2016-03-10T10:02:31+00:00\",\"author\":{\"@id\":\"https:\/\/www.euroresidentes.com\/viajes\/volar\/#\/schema\/person\/4bbb21ebb04e241332a6c1c0c1f40bc1\"},\"breadcrumb\":{\"@id\":\"https:\/\/www.euroresidentes.com\/viajes\/volar\/llamadas-por-telefono-movil-en-vuelos\/#breadcrumb\"},\"inLanguage\":\"es\",\"potentialAction\":[{\"@type\":\"ReadAction\",\"target\":[\"https:\/\/www.euroresidentes.com\/viajes\/volar\/llamadas-por-telefono-movil-en-vuelos\/\"]}]},{\"@type\":\"BreadcrumbList\",\"@id\":\"https:\/\/www.euroresidentes.com\/viajes\/volar\/llamadas-por-telefono-movil-en-vuelos\/#breadcrumb\",\"itemListElement\":[{\"@type\":\"ListItem\",\"position\":1,\"name\":\"Portada\",\"item\":\"https:\/\/www.euroresidentes.com\/viajes\/volar\/\"},{\"@type\":\"ListItem\",\"position\":2,\"name\":\"Llamadas por tel\u00e9fono m\u00f3vil en vuelos de Ryanair\"}]},{\"@type\":\"WebSite\",\"@id\":\"https:\/\/www.euroresidentes.com\/viajes\/volar\/#website\",\"url\":\"https:\/\/www.euroresidentes.com\/viajes\/volar\/\",\"name\":\"Volar\",\"description\":\"Volar Euroresidentes\",\"potentialAction\":[{\"@type\":\"SearchAction\",\"target\":{\"@type\":\"EntryPoint\",\"urlTemplate\":\"https:\/\/www.euroresidentes.com\/viajes\/volar\/?s={search_term_string}\"},\"query-input\":{\"@type\":\"PropertyValueSpecification\",\"valueRequired\":true,\"valueName\":\"search_term_string\"}}],\"inLanguage\":\"es\"},{\"@type\":\"Person\",\"@id\":\"https:\/\/www.euroresidentes.com\/viajes\/volar\/#\/schema\/person\/4bbb21ebb04e241332a6c1c0c1f40bc1\",\"name\":\"Euroresidentes\",\"image\":{\"@type\":\"ImageObject\",\"inLanguage\":\"es\",\"@id\":\"https:\/\/www.euroresidentes.com\/viajes\/volar\/#\/schema\/person\/image\/\",\"url\":\"https:\/\/www.euroresidentes.com\/viajes\/volar\/wp-content\/uploads\/sites\/2\/2016\/03\/logo-euroresidentes-150x150.jpg\",\"contentUrl\":\"https:\/\/www.euroresidentes.com\/viajes\/volar\/wp-content\/uploads\/sites\/2\/2016\/03\/logo-euroresidentes-150x150.jpg\",\"caption\":\"Euroresidentes\"},\"description\":\"EuroresidentesContenidos \u00fatiles que ayudan a resolver las necesidades grandes y peque\u00f1as de al vida cotidiana.\",\"sameAs\":[\"https:\/\/www.euroresidentes.com\/info.htm\"],\"url\":\"https:\/\/www.euroresidentes.com\/viajes\/volar\/author\/euroresidentes\/\"}]}<\/script>\n<!-- \/ Yoast SEO plugin. -->","yoast_head_json":{"title":"Llamadas por tel\u00e9fono m\u00f3vil en vuelos de Ryanair - Volar","robots":{"index":"index","follow":"follow","max-snippet":"max-snippet:-1","max-image-preview":"max-image-preview:large","max-video-preview":"max-video-preview:-1"},"canonical":"https:\/\/www.euroresidentes.com\/viajes\/volar\/llamadas-por-telefono-movil-en-vuelos\/","og_locale":"es_ES","og_type":"article","og_title":"Llamadas por tel\u00e9fono m\u00f3vil en vuelos de Ryanair - Volar","og_description":"Ryanair, la aerol\u00ednea econ\u00f3mica irlandesa, ha anunciado su intenci\u00f3n de permitir el uso de tel\u00e9fonos m\u00f3viles en todos sus vuelos. Los pasajeros podr\u00e1n hacer y recibir llamadas y enviar mensajes de texto y correos electr\u00f3nicos desde sus m\u00f3viles; el servicio se pondr\u00e1 en marcha primero en los vuelos que tengan el aeropuerto de Dubl\u00edn como punto de salida o de llegada, para posteriormente, en los pr\u00f3ximos meses, ir ampli\u00e1ndolo al resto de la flota de la compa\u00f1\u00eda. El servicio de llamadas estar\u00e1 operativo una vez que el avi\u00f3n alcance los 10.000 pies, pero de momento, no todos los proveedores de","og_url":"https:\/\/www.euroresidentes.com\/viajes\/volar\/llamadas-por-telefono-movil-en-vuelos\/","og_site_name":"Volar","article_publisher":"https:\/\/www.facebook.com\/euroresidentes\/","article_published_time":"2009-02-23T09:14:00+00:00","article_modified_time":"2016-03-10T10:02:31+00:00","author":"Euroresidentes","twitter_card":"summary_large_image","twitter_misc":{"Written by":"Euroresidentes","Est. reading time":"2 minutos"},"schema":{"@context":"https:\/\/schema.org","@graph":[{"@type":"WebPage","@id":"https:\/\/www.euroresidentes.com\/viajes\/volar\/llamadas-por-telefono-movil-en-vuelos\/","url":"https:\/\/www.euroresidentes.com\/viajes\/volar\/llamadas-por-telefono-movil-en-vuelos\/","name":"Llamadas por tel\u00e9fono m\u00f3vil en vuelos de Ryanair - Volar","isPartOf":{"@id":"https:\/\/www.euroresidentes.com\/viajes\/volar\/#website"},"datePublished":"2009-02-23T09:14:00+00:00","dateModified":"2016-03-10T10:02:31+00:00","author":{"@id":"https:\/\/www.euroresidentes.com\/viajes\/volar\/#\/schema\/person\/4bbb21ebb04e241332a6c1c0c1f40bc1"},"breadcrumb":{"@id":"https:\/\/www.euroresidentes.com\/viajes\/volar\/llamadas-por-telefono-movil-en-vuelos\/#breadcrumb"},"inLanguage":"es","potentialAction":[{"@type":"ReadAction","target":["https:\/\/www.euroresidentes.com\/viajes\/volar\/llamadas-por-telefono-movil-en-vuelos\/"]}]},{"@type":"BreadcrumbList","@id":"https:\/\/www.euroresidentes.com\/viajes\/volar\/llamadas-por-telefono-movil-en-vuelos\/#breadcrumb","itemListElement":[{"@type":"ListItem","position":1,"name":"Portada","item":"https:\/\/www.euroresidentes.com\/viajes\/volar\/"},{"@type":"ListItem","position":2,"name":"Llamadas por tel\u00e9fono m\u00f3vil en vuelos de Ryanair"}]},{"@type":"WebSite","@id":"https:\/\/www.euroresidentes.com\/viajes\/volar\/#website","url":"https:\/\/www.euroresidentes.com\/viajes\/volar\/","name":"Volar","description":"Volar Euroresidentes","potentialAction":[{"@type":"SearchAction","target":{"@type":"EntryPoint","urlTemplate":"https:\/\/www.euroresidentes.com\/viajes\/volar\/?s={search_term_string}"},"query-input":{"@type":"PropertyValueSpecification","valueRequired":true,"valueName":"search_term_string"}}],"inLanguage":"es"},{"@type":"Person","@id":"https:\/\/www.euroresidentes.com\/viajes\/volar\/#\/schema\/person\/4bbb21ebb04e241332a6c1c0c1f40bc1","name":"Euroresidentes","image":{"@type":"ImageObject","inLanguage":"es","@id":"https:\/\/www.euroresidentes.com\/viajes\/volar\/#\/schema\/person\/image\/","url":"https:\/\/www.euroresidentes.com\/viajes\/volar\/wp-content\/uploads\/sites\/2\/2016\/03\/logo-euroresidentes-150x150.jpg","contentUrl":"https:\/\/www.euroresidentes.com\/viajes\/volar\/wp-content\/uploads\/sites\/2\/2016\/03\/logo-euroresidentes-150x150.jpg","caption":"Euroresidentes"},"description":"EuroresidentesContenidos \u00fatiles que ayudan a resolver las necesidades grandes y peque\u00f1as de al vida cotidiana.","sameAs":["https:\/\/www.euroresidentes.com\/info.htm"],"url":"https:\/\/www.euroresidentes.com\/viajes\/volar\/author\/euroresidentes\/"}]}},"_links":{"self":[{"href":"https:\/\/www.euroresidentes.com\/viajes\/volar\/wp-json\/wp\/v2\/posts\/334","targetHints":{"allow":["GET"]}}],"collection":[{"href":"https:\/\/www.euroresidentes.com\/viajes\/volar\/wp-json\/wp\/v2\/posts"}],"about":[{"href":"https:\/\/www.euroresidentes.com\/viajes\/volar\/wp-json\/wp\/v2\/types\/post"}],"author":[{"embeddable":true,"href":"https:\/\/www.euroresidentes.com\/viajes\/volar\/wp-json\/wp\/v2\/users\/1"}],"replies":[{"embeddable":true,"href":"https:\/\/www.euroresidentes.com\/viajes\/volar\/wp-json\/wp\/v2\/comments?post=334"}],"version-history":[{"count":1,"href":"https:\/\/www.euroresidentes.com\/viajes\/volar\/wp-json\/wp\/v2\/posts\/334\/revisions"}],"predecessor-version":[{"id":979,"href":"https:\/\/www.euroresidentes.com\/viajes\/volar\/wp-json\/wp\/v2\/posts\/334\/revisions\/979"}],"wp:attachment":[{"href":"https:\/\/www.euroresidentes.com\/viajes\/volar\/wp-json\/wp\/v2\/media?parent=334"}],"wp:term":[{"taxonomy":"category","embeddable":true,"href":"https:\/\/www.euroresidentes.com\/viajes\/volar\/wp-json\/wp\/v2\/categories?post=334"},{"taxonomy":"post_tag","embeddable":true,"href":"https:\/\/www.euroresidentes.com\/viajes\/volar\/wp-json\/wp\/v2\/tags?post=334"}],"curies":[{"name":"wp","href":"https:\/\/api.w.org\/{rel}","templated":true}]}}