{"id":299,"date":"2009-10-05T09:30:00","date_gmt":"2009-10-05T09:30:00","guid":{"rendered":"https:\/\/www.euroresidentes.com\/viajes\/volar\/uso-de-las-redes-sociales-por-parte-de"},"modified":"2016-03-10T09:59:26","modified_gmt":"2016-03-10T09:59:26","slug":"uso-de-las-redes-sociales-por-parte-de","status":"publish","type":"post","link":"https:\/\/www.euroresidentes.com\/viajes\/volar\/uso-de-las-redes-sociales-por-parte-de\/","title":{"rendered":"Uso de las redes sociales por parte de las aerol\u00edneas"},"content":{"rendered":"<p>Este mes The Standard publica <a href=\"http:\/\/www.thestandard.com\/news\/2009\/10\/01\/web-2-0-face-british-airways-vs-virgin-atlantic\">esta interesante noticia<\/a> sobre el uso de los medios sociales por parte de pasajeros de avion y tambi\u00e9n por las propias aerol\u00edneas British Airways y Virgin Atlantic.<\/p>\n<p>Todas las semanas aparece un grupo nuevo en Facebook o un v\u00eddeo m\u00e1s en YouTube protestando por alg\u00fan cambio de pol\u00edtica o servicio engorrosos. Este verano, un m\u00fasico public\u00f3 <a href=\"http:\/\/www.youtube.com\/watch?v=5YGc4zOqozo\">este v\u00eddeo de protesta en YouTube<\/a> despu\u00e9s de que su guitarra fuese destrozada por los trabajadores que se encargan del equipaje de United Airlines. El v\u00eddeo ya ha sido visto m\u00e1s 5 millones de veces.<\/p>\n<p>Hace menos tiempo, un agente de viajes de Londres cre\u00f3 un \u00abgrupo de presi\u00f3n\u00bb en Facebook dirigido a British Airways y su excesiva tarifa para reservar asiento por anticipado. Twitter ha pasado a ser uno de los sitios favoritos para despotricar sobre las humillaciones del las aerol\u00edneas, gracias en gran medida a la posibilidad de hacerlo con un tel\u00e9fono m\u00f3vil desde la terminal del aeropuerto justo despu\u00e9s de que se haya cancelado un vuelo o de que el personal de la aerol\u00ednea se haya comportado de forma desagradable.<\/p>\n<p>Pero no son solo los clientes est\u00e1n utilizando las redes sociales y otras herramientas de la Web 2.0 para protestar por la mala calidad del servicio o las tarifas de las aerol\u00edneas. Algunas aerol\u00edneas est\u00e1n fomentando estas cr\u00edticas con sus propias armas Web 2.0 para atraer clientes y desde\u00f1ar a sus rivales. Por ejemplo, en la p\u00e1gina de protestas de British Airways se observa una referencia a un post publicado en la p\u00e1gina de fans de Virgin Atlantic que dice: \u00abEn vista de los elevados precios de los asientos en BA, los pasajeros pueden optar por elegir una aerol\u00ednea con una mejor relaci\u00f3n calidad-precio, como Virgin Atlantic. Nosotros no cobramos por la reserva de asientos y no tenemos planes de hacerlo\u00bb.<\/p>\n<p>115 personas han se\u00f1alado que \u201cles gusta\u201d esta declaraci\u00f3n, que ya cuenta con 70 comentarios, muchos de los cuales alaban a Virgin y\/o critican a BA. La declaraci\u00f3n apareci\u00f3 en la p\u00e1gina oficial de fans de Virgin America, que actualmente cuenta con 19.847 fans. La aerol\u00ednea tambi\u00e9n cuenta con la impresionante cifra de 34.123 seguidores en Twitter, en comparaci\u00f3n con los 4.352 fans de Facebook y los 6.969 seguidores de Twitter que tiene BA.<\/p>\n<p>Es evidente que las redes sociales van a ser una parte importante del negocio en adelante. No porque est\u00e9n de moda, sino porque es donde los clientes pasan cada vez m\u00e1s tiempo. Las aerol\u00edneas que aprovechen estas redes, tendr\u00e1n muchas oportunidades de captar clientes, mientras que las que prefieran quedarse con los scripts de la Web 1.0 \u2013correos electr\u00f3nicos semanales, respuestas enlatadas a las consultas de los clientes o sitios Web basados en servicios\u2013 corren el riesgo de quedarse atr\u00e1s.<\/p>\n","protected":false},"excerpt":{"rendered":"<p>Este mes The Standard publica esta interesante noticia sobre el uso de los medios sociales por parte de pasajeros de avion y tambi\u00e9n por las propias aerol\u00edneas British Airways y Virgin Atlantic. Todas las semanas aparece un grupo nuevo en Facebook o un v\u00eddeo m\u00e1s en YouTube protestando por alg\u00fan cambio de pol\u00edtica o servicio engorrosos. Este verano, un m\u00fasico public\u00f3 este v\u00eddeo de protesta en YouTube despu\u00e9s de que su guitarra fuese destrozada por los trabajadores que se encargan del equipaje de United Airlines. El v\u00eddeo ya ha sido visto m\u00e1s 5 millones de veces. Hace menos tiempo, un <\/p>\n","protected":false},"author":1,"featured_media":0,"comment_status":"open","ping_status":"open","sticky":false,"template":"","format":"standard","meta":{"footnotes":""},"categories":[1],"tags":[],"class_list":["post-299","post","type-post","status-publish","format-standard","hentry","category-general"],"yoast_head":"<!-- This site is optimized with the Yoast SEO plugin v24.1 - https:\/\/yoast.com\/wordpress\/plugins\/seo\/ -->\n<title>Uso de las redes sociales por parte de las aerol\u00edneas - Volar<\/title>\n<meta name=\"robots\" content=\"index, follow, max-snippet:-1, max-image-preview:large, max-video-preview:-1\" \/>\n<link rel=\"canonical\" href=\"https:\/\/www.euroresidentes.com\/viajes\/volar\/uso-de-las-redes-sociales-por-parte-de\/\" \/>\n<meta property=\"og:locale\" content=\"es_ES\" \/>\n<meta property=\"og:type\" content=\"article\" \/>\n<meta property=\"og:title\" content=\"Uso de las redes sociales por parte de las aerol\u00edneas - Volar\" \/>\n<meta property=\"og:description\" content=\"Este mes The Standard publica esta interesante noticia sobre el uso de los medios sociales por parte de pasajeros de avion y tambi\u00e9n por las propias aerol\u00edneas British Airways y Virgin Atlantic. Todas las semanas aparece un grupo nuevo en Facebook o un v\u00eddeo m\u00e1s en YouTube protestando por alg\u00fan cambio de pol\u00edtica o servicio engorrosos. Este verano, un m\u00fasico public\u00f3 este v\u00eddeo de protesta en YouTube despu\u00e9s de que su guitarra fuese destrozada por los trabajadores que se encargan del equipaje de United Airlines. El v\u00eddeo ya ha sido visto m\u00e1s 5 millones de veces. Hace menos tiempo, un\" \/>\n<meta property=\"og:url\" content=\"https:\/\/www.euroresidentes.com\/viajes\/volar\/uso-de-las-redes-sociales-por-parte-de\/\" \/>\n<meta property=\"og:site_name\" content=\"Volar\" \/>\n<meta property=\"article:publisher\" content=\"https:\/\/www.facebook.com\/euroresidentes\/\" \/>\n<meta property=\"article:published_time\" content=\"2009-10-05T09:30:00+00:00\" \/>\n<meta property=\"article:modified_time\" content=\"2016-03-10T09:59:26+00:00\" \/>\n<meta name=\"author\" content=\"Euroresidentes\" \/>\n<meta name=\"twitter:card\" content=\"summary_large_image\" \/>\n<meta name=\"twitter:label1\" content=\"Written by\" \/>\n\t<meta name=\"twitter:data1\" content=\"Euroresidentes\" \/>\n\t<meta name=\"twitter:label2\" content=\"Est. reading time\" \/>\n\t<meta name=\"twitter:data2\" content=\"2 minutos\" \/>\n<script type=\"application\/ld+json\" class=\"yoast-schema-graph\">{\"@context\":\"https:\/\/schema.org\",\"@graph\":[{\"@type\":\"WebPage\",\"@id\":\"https:\/\/www.euroresidentes.com\/viajes\/volar\/uso-de-las-redes-sociales-por-parte-de\/\",\"url\":\"https:\/\/www.euroresidentes.com\/viajes\/volar\/uso-de-las-redes-sociales-por-parte-de\/\",\"name\":\"Uso de las redes sociales por parte de las aerol\u00edneas - Volar\",\"isPartOf\":{\"@id\":\"https:\/\/www.euroresidentes.com\/viajes\/volar\/#website\"},\"datePublished\":\"2009-10-05T09:30:00+00:00\",\"dateModified\":\"2016-03-10T09:59:26+00:00\",\"author\":{\"@id\":\"https:\/\/www.euroresidentes.com\/viajes\/volar\/#\/schema\/person\/4bbb21ebb04e241332a6c1c0c1f40bc1\"},\"breadcrumb\":{\"@id\":\"https:\/\/www.euroresidentes.com\/viajes\/volar\/uso-de-las-redes-sociales-por-parte-de\/#breadcrumb\"},\"inLanguage\":\"es\",\"potentialAction\":[{\"@type\":\"ReadAction\",\"target\":[\"https:\/\/www.euroresidentes.com\/viajes\/volar\/uso-de-las-redes-sociales-por-parte-de\/\"]}]},{\"@type\":\"BreadcrumbList\",\"@id\":\"https:\/\/www.euroresidentes.com\/viajes\/volar\/uso-de-las-redes-sociales-por-parte-de\/#breadcrumb\",\"itemListElement\":[{\"@type\":\"ListItem\",\"position\":1,\"name\":\"Portada\",\"item\":\"https:\/\/www.euroresidentes.com\/viajes\/volar\/\"},{\"@type\":\"ListItem\",\"position\":2,\"name\":\"Uso de las redes sociales por parte de las aerol\u00edneas\"}]},{\"@type\":\"WebSite\",\"@id\":\"https:\/\/www.euroresidentes.com\/viajes\/volar\/#website\",\"url\":\"https:\/\/www.euroresidentes.com\/viajes\/volar\/\",\"name\":\"Volar\",\"description\":\"Volar Euroresidentes\",\"potentialAction\":[{\"@type\":\"SearchAction\",\"target\":{\"@type\":\"EntryPoint\",\"urlTemplate\":\"https:\/\/www.euroresidentes.com\/viajes\/volar\/?s={search_term_string}\"},\"query-input\":{\"@type\":\"PropertyValueSpecification\",\"valueRequired\":true,\"valueName\":\"search_term_string\"}}],\"inLanguage\":\"es\"},{\"@type\":\"Person\",\"@id\":\"https:\/\/www.euroresidentes.com\/viajes\/volar\/#\/schema\/person\/4bbb21ebb04e241332a6c1c0c1f40bc1\",\"name\":\"Euroresidentes\",\"image\":{\"@type\":\"ImageObject\",\"inLanguage\":\"es\",\"@id\":\"https:\/\/www.euroresidentes.com\/viajes\/volar\/#\/schema\/person\/image\/\",\"url\":\"https:\/\/www.euroresidentes.com\/viajes\/volar\/wp-content\/uploads\/sites\/2\/2016\/03\/logo-euroresidentes-150x150.jpg\",\"contentUrl\":\"https:\/\/www.euroresidentes.com\/viajes\/volar\/wp-content\/uploads\/sites\/2\/2016\/03\/logo-euroresidentes-150x150.jpg\",\"caption\":\"Euroresidentes\"},\"description\":\"EuroresidentesContenidos \u00fatiles que ayudan a resolver las necesidades grandes y peque\u00f1as de al vida cotidiana.\",\"sameAs\":[\"https:\/\/www.euroresidentes.com\/info.htm\"],\"url\":\"https:\/\/www.euroresidentes.com\/viajes\/volar\/author\/euroresidentes\/\"}]}<\/script>\n<!-- \/ Yoast SEO plugin. -->","yoast_head_json":{"title":"Uso de las redes sociales por parte de las aerol\u00edneas - Volar","robots":{"index":"index","follow":"follow","max-snippet":"max-snippet:-1","max-image-preview":"max-image-preview:large","max-video-preview":"max-video-preview:-1"},"canonical":"https:\/\/www.euroresidentes.com\/viajes\/volar\/uso-de-las-redes-sociales-por-parte-de\/","og_locale":"es_ES","og_type":"article","og_title":"Uso de las redes sociales por parte de las aerol\u00edneas - Volar","og_description":"Este mes The Standard publica esta interesante noticia sobre el uso de los medios sociales por parte de pasajeros de avion y tambi\u00e9n por las propias aerol\u00edneas British Airways y Virgin Atlantic. Todas las semanas aparece un grupo nuevo en Facebook o un v\u00eddeo m\u00e1s en YouTube protestando por alg\u00fan cambio de pol\u00edtica o servicio engorrosos. Este verano, un m\u00fasico public\u00f3 este v\u00eddeo de protesta en YouTube despu\u00e9s de que su guitarra fuese destrozada por los trabajadores que se encargan del equipaje de United Airlines. El v\u00eddeo ya ha sido visto m\u00e1s 5 millones de veces. Hace menos tiempo, un","og_url":"https:\/\/www.euroresidentes.com\/viajes\/volar\/uso-de-las-redes-sociales-por-parte-de\/","og_site_name":"Volar","article_publisher":"https:\/\/www.facebook.com\/euroresidentes\/","article_published_time":"2009-10-05T09:30:00+00:00","article_modified_time":"2016-03-10T09:59:26+00:00","author":"Euroresidentes","twitter_card":"summary_large_image","twitter_misc":{"Written by":"Euroresidentes","Est. reading time":"2 minutos"},"schema":{"@context":"https:\/\/schema.org","@graph":[{"@type":"WebPage","@id":"https:\/\/www.euroresidentes.com\/viajes\/volar\/uso-de-las-redes-sociales-por-parte-de\/","url":"https:\/\/www.euroresidentes.com\/viajes\/volar\/uso-de-las-redes-sociales-por-parte-de\/","name":"Uso de las redes sociales por parte de las aerol\u00edneas - Volar","isPartOf":{"@id":"https:\/\/www.euroresidentes.com\/viajes\/volar\/#website"},"datePublished":"2009-10-05T09:30:00+00:00","dateModified":"2016-03-10T09:59:26+00:00","author":{"@id":"https:\/\/www.euroresidentes.com\/viajes\/volar\/#\/schema\/person\/4bbb21ebb04e241332a6c1c0c1f40bc1"},"breadcrumb":{"@id":"https:\/\/www.euroresidentes.com\/viajes\/volar\/uso-de-las-redes-sociales-por-parte-de\/#breadcrumb"},"inLanguage":"es","potentialAction":[{"@type":"ReadAction","target":["https:\/\/www.euroresidentes.com\/viajes\/volar\/uso-de-las-redes-sociales-por-parte-de\/"]}]},{"@type":"BreadcrumbList","@id":"https:\/\/www.euroresidentes.com\/viajes\/volar\/uso-de-las-redes-sociales-por-parte-de\/#breadcrumb","itemListElement":[{"@type":"ListItem","position":1,"name":"Portada","item":"https:\/\/www.euroresidentes.com\/viajes\/volar\/"},{"@type":"ListItem","position":2,"name":"Uso de las redes sociales por parte de las aerol\u00edneas"}]},{"@type":"WebSite","@id":"https:\/\/www.euroresidentes.com\/viajes\/volar\/#website","url":"https:\/\/www.euroresidentes.com\/viajes\/volar\/","name":"Volar","description":"Volar Euroresidentes","potentialAction":[{"@type":"SearchAction","target":{"@type":"EntryPoint","urlTemplate":"https:\/\/www.euroresidentes.com\/viajes\/volar\/?s={search_term_string}"},"query-input":{"@type":"PropertyValueSpecification","valueRequired":true,"valueName":"search_term_string"}}],"inLanguage":"es"},{"@type":"Person","@id":"https:\/\/www.euroresidentes.com\/viajes\/volar\/#\/schema\/person\/4bbb21ebb04e241332a6c1c0c1f40bc1","name":"Euroresidentes","image":{"@type":"ImageObject","inLanguage":"es","@id":"https:\/\/www.euroresidentes.com\/viajes\/volar\/#\/schema\/person\/image\/","url":"https:\/\/www.euroresidentes.com\/viajes\/volar\/wp-content\/uploads\/sites\/2\/2016\/03\/logo-euroresidentes-150x150.jpg","contentUrl":"https:\/\/www.euroresidentes.com\/viajes\/volar\/wp-content\/uploads\/sites\/2\/2016\/03\/logo-euroresidentes-150x150.jpg","caption":"Euroresidentes"},"description":"EuroresidentesContenidos \u00fatiles que ayudan a resolver las necesidades grandes y peque\u00f1as de al vida cotidiana.","sameAs":["https:\/\/www.euroresidentes.com\/info.htm"],"url":"https:\/\/www.euroresidentes.com\/viajes\/volar\/author\/euroresidentes\/"}]}},"_links":{"self":[{"href":"https:\/\/www.euroresidentes.com\/viajes\/volar\/wp-json\/wp\/v2\/posts\/299","targetHints":{"allow":["GET"]}}],"collection":[{"href":"https:\/\/www.euroresidentes.com\/viajes\/volar\/wp-json\/wp\/v2\/posts"}],"about":[{"href":"https:\/\/www.euroresidentes.com\/viajes\/volar\/wp-json\/wp\/v2\/types\/post"}],"author":[{"embeddable":true,"href":"https:\/\/www.euroresidentes.com\/viajes\/volar\/wp-json\/wp\/v2\/users\/1"}],"replies":[{"embeddable":true,"href":"https:\/\/www.euroresidentes.com\/viajes\/volar\/wp-json\/wp\/v2\/comments?post=299"}],"version-history":[{"count":1,"href":"https:\/\/www.euroresidentes.com\/viajes\/volar\/wp-json\/wp\/v2\/posts\/299\/revisions"}],"predecessor-version":[{"id":943,"href":"https:\/\/www.euroresidentes.com\/viajes\/volar\/wp-json\/wp\/v2\/posts\/299\/revisions\/943"}],"wp:attachment":[{"href":"https:\/\/www.euroresidentes.com\/viajes\/volar\/wp-json\/wp\/v2\/media?parent=299"}],"wp:term":[{"taxonomy":"category","embeddable":true,"href":"https:\/\/www.euroresidentes.com\/viajes\/volar\/wp-json\/wp\/v2\/categories?post=299"},{"taxonomy":"post_tag","embeddable":true,"href":"https:\/\/www.euroresidentes.com\/viajes\/volar\/wp-json\/wp\/v2\/tags?post=299"}],"curies":[{"name":"wp","href":"https:\/\/api.w.org\/{rel}","templated":true}]}}