{"id":260,"date":"2010-11-03T10:54:00","date_gmt":"2010-11-03T10:54:00","guid":{"rendered":"https:\/\/www.euroresidentes.com\/viajes\/volar\/subida-de-las-tarifas-de-ryanair"},"modified":"2016-03-10T09:56:19","modified_gmt":"2016-03-10T09:56:19","slug":"subida-de-las-tarifas-de-ryanair","status":"publish","type":"post","link":"https:\/\/www.euroresidentes.com\/viajes\/volar\/subida-de-las-tarifas-de-ryanair\/","title":{"rendered":"Subida de las tarifas de Ryanair"},"content":{"rendered":"<p><b>Las tarifas de Ryanair subir\u00e1n casi un 10%<\/b><\/p>\n<p>Ryanair increment\u00f3 sus objetivos de beneficios anuales tras anunciar que los pasajeros pagar\u00e1n m\u00e1s por sus tarifas este invierno de lo que se esperaba anteriormente.<\/p>\n<p>La aerol\u00ednea se\u00f1al\u00f3 que los rendimientos econ\u00f3micos, o tarifas promedio, aumentar\u00edan cerca del 10% a lo largo de los pr\u00f3ximos seis meses e impulsar\u00edan los beneficios netos desde un rango de previsiones de 350-375 millones de euros a 380-400 millones de euros. La semana pasada, British Airways volvi\u00f3 a presentar beneficios por primera vez en dos a\u00f1os, en parte, gracias a un aumento de dos d\u00edgitos en los rendimientos.<\/p>\n<p>Las cifras del primer semestre de Ryanair reiteraron el estado de la aerol\u00ednea como una de las m\u00e1s rentables del sector, con un aumento de los beneficios netos para los seis meses hasta el 30 de septiembre del 17% hasta alcanzar los 451,9 millones de euros. Sin embargo, eso no fue suficiente para aplacar la decepci\u00f3n de algunos observadores del mercado despu\u00e9s de que la aerol\u00ednea no alcanzara las expectativas de beneficios para el segundo trimestre en casi un 10%.<\/p>\n<p>Michael O&#8217;Leary, director ejecutivo de Ryanair, se\u00f1al\u00f3 que espera que las compa\u00f1\u00edas de renombre, como British Airways, Lufthansa y Air France reduzcan su capacidad en los vuelos de corto recorrido y aumenten las tarifas a lo largo de los pr\u00f3ximos dos a\u00f1os, con Ryanair siguiendo su estela.<\/p>\n<p>O&#8217;Leary tambi\u00e9n advirti\u00f3 que las tarifas por facturaci\u00f3n del equipaje, que en los meses de verano eran de 20 libras por una maleta y 35 libras por la segunda, aumentar\u00e1n el pr\u00f3ximo verano.<\/p>\n<p>Adem\u00e1s, O&#8217;Leary se hizo eco de las cr\u00edticas que la semana pasada realiz\u00f3 su hom\u00f3logo de BA, Willie Walsh, ante el aumento de impuestos de vuelo en Reino Unido, advirtiendo que el aumento de APD podr\u00eda llegar a golpear la incipiente recuperaci\u00f3n econ\u00f3mica del Reino Unido al disuadir a la gente de visitar y \/ o salir del Reino Unido.<\/p>\n<p>Fuente: <a href=\"http:\/\/www.guardian.co.uk\/business\/2010\/nov\/01\/ryanair-fares-to-rise-almost-10-per-cent\">The Guardian Business<\/a><\/p>\n","protected":false},"excerpt":{"rendered":"<p>Las tarifas de Ryanair subir\u00e1n casi un 10% Ryanair increment\u00f3 sus objetivos de beneficios anuales tras anunciar que los pasajeros pagar\u00e1n m\u00e1s por sus tarifas este invierno de lo que se esperaba anteriormente. La aerol\u00ednea se\u00f1al\u00f3 que los rendimientos econ\u00f3micos, o tarifas promedio, aumentar\u00edan cerca del 10% a lo largo de los pr\u00f3ximos seis meses e impulsar\u00edan los beneficios netos desde un rango de previsiones de 350-375 millones de euros a 380-400 millones de euros. La semana pasada, British Airways volvi\u00f3 a presentar beneficios por primera vez en dos a\u00f1os, en parte, gracias a un aumento de dos d\u00edgitos en <\/p>\n","protected":false},"author":1,"featured_media":0,"comment_status":"open","ping_status":"open","sticky":false,"template":"","format":"standard","meta":{"footnotes":""},"categories":[1],"tags":[],"class_list":["post-260","post","type-post","status-publish","format-standard","hentry","category-general"],"yoast_head":"<!-- This site is optimized with the Yoast SEO plugin v24.1 - https:\/\/yoast.com\/wordpress\/plugins\/seo\/ -->\n<title>Subida de las tarifas de Ryanair - Volar<\/title>\n<meta name=\"robots\" content=\"index, follow, max-snippet:-1, max-image-preview:large, max-video-preview:-1\" \/>\n<link rel=\"canonical\" href=\"https:\/\/www.euroresidentes.com\/viajes\/volar\/subida-de-las-tarifas-de-ryanair\/\" \/>\n<meta property=\"og:locale\" content=\"es_ES\" \/>\n<meta property=\"og:type\" content=\"article\" \/>\n<meta property=\"og:title\" content=\"Subida de las tarifas de Ryanair - Volar\" \/>\n<meta property=\"og:description\" content=\"Las tarifas de Ryanair subir\u00e1n casi un 10% Ryanair increment\u00f3 sus objetivos de beneficios anuales tras anunciar que los pasajeros pagar\u00e1n m\u00e1s por sus tarifas este invierno de lo que se esperaba anteriormente. La aerol\u00ednea se\u00f1al\u00f3 que los rendimientos econ\u00f3micos, o tarifas promedio, aumentar\u00edan cerca del 10% a lo largo de los pr\u00f3ximos seis meses e impulsar\u00edan los beneficios netos desde un rango de previsiones de 350-375 millones de euros a 380-400 millones de euros. La semana pasada, British Airways volvi\u00f3 a presentar beneficios por primera vez en dos a\u00f1os, en parte, gracias a un aumento de dos d\u00edgitos en\" \/>\n<meta property=\"og:url\" content=\"https:\/\/www.euroresidentes.com\/viajes\/volar\/subida-de-las-tarifas-de-ryanair\/\" \/>\n<meta property=\"og:site_name\" content=\"Volar\" \/>\n<meta property=\"article:publisher\" content=\"https:\/\/www.facebook.com\/euroresidentes\/\" \/>\n<meta property=\"article:published_time\" content=\"2010-11-03T10:54:00+00:00\" \/>\n<meta property=\"article:modified_time\" content=\"2016-03-10T09:56:19+00:00\" \/>\n<meta name=\"author\" content=\"Euroresidentes\" \/>\n<meta name=\"twitter:card\" content=\"summary_large_image\" \/>\n<meta name=\"twitter:label1\" content=\"Written by\" \/>\n\t<meta name=\"twitter:data1\" content=\"Euroresidentes\" \/>\n\t<meta name=\"twitter:label2\" content=\"Est. reading time\" \/>\n\t<meta name=\"twitter:data2\" content=\"2 minutos\" \/>\n<script type=\"application\/ld+json\" class=\"yoast-schema-graph\">{\"@context\":\"https:\/\/schema.org\",\"@graph\":[{\"@type\":\"WebPage\",\"@id\":\"https:\/\/www.euroresidentes.com\/viajes\/volar\/subida-de-las-tarifas-de-ryanair\/\",\"url\":\"https:\/\/www.euroresidentes.com\/viajes\/volar\/subida-de-las-tarifas-de-ryanair\/\",\"name\":\"Subida de las tarifas de Ryanair - Volar\",\"isPartOf\":{\"@id\":\"https:\/\/www.euroresidentes.com\/viajes\/volar\/#website\"},\"datePublished\":\"2010-11-03T10:54:00+00:00\",\"dateModified\":\"2016-03-10T09:56:19+00:00\",\"author\":{\"@id\":\"https:\/\/www.euroresidentes.com\/viajes\/volar\/#\/schema\/person\/4bbb21ebb04e241332a6c1c0c1f40bc1\"},\"breadcrumb\":{\"@id\":\"https:\/\/www.euroresidentes.com\/viajes\/volar\/subida-de-las-tarifas-de-ryanair\/#breadcrumb\"},\"inLanguage\":\"es\",\"potentialAction\":[{\"@type\":\"ReadAction\",\"target\":[\"https:\/\/www.euroresidentes.com\/viajes\/volar\/subida-de-las-tarifas-de-ryanair\/\"]}]},{\"@type\":\"BreadcrumbList\",\"@id\":\"https:\/\/www.euroresidentes.com\/viajes\/volar\/subida-de-las-tarifas-de-ryanair\/#breadcrumb\",\"itemListElement\":[{\"@type\":\"ListItem\",\"position\":1,\"name\":\"Portada\",\"item\":\"https:\/\/www.euroresidentes.com\/viajes\/volar\/\"},{\"@type\":\"ListItem\",\"position\":2,\"name\":\"Subida de las tarifas de Ryanair\"}]},{\"@type\":\"WebSite\",\"@id\":\"https:\/\/www.euroresidentes.com\/viajes\/volar\/#website\",\"url\":\"https:\/\/www.euroresidentes.com\/viajes\/volar\/\",\"name\":\"Volar\",\"description\":\"Volar Euroresidentes\",\"potentialAction\":[{\"@type\":\"SearchAction\",\"target\":{\"@type\":\"EntryPoint\",\"urlTemplate\":\"https:\/\/www.euroresidentes.com\/viajes\/volar\/?s={search_term_string}\"},\"query-input\":{\"@type\":\"PropertyValueSpecification\",\"valueRequired\":true,\"valueName\":\"search_term_string\"}}],\"inLanguage\":\"es\"},{\"@type\":\"Person\",\"@id\":\"https:\/\/www.euroresidentes.com\/viajes\/volar\/#\/schema\/person\/4bbb21ebb04e241332a6c1c0c1f40bc1\",\"name\":\"Euroresidentes\",\"image\":{\"@type\":\"ImageObject\",\"inLanguage\":\"es\",\"@id\":\"https:\/\/www.euroresidentes.com\/viajes\/volar\/#\/schema\/person\/image\/\",\"url\":\"https:\/\/www.euroresidentes.com\/viajes\/volar\/wp-content\/uploads\/sites\/2\/2016\/03\/logo-euroresidentes-150x150.jpg\",\"contentUrl\":\"https:\/\/www.euroresidentes.com\/viajes\/volar\/wp-content\/uploads\/sites\/2\/2016\/03\/logo-euroresidentes-150x150.jpg\",\"caption\":\"Euroresidentes\"},\"description\":\"EuroresidentesContenidos \u00fatiles que ayudan a resolver las necesidades grandes y peque\u00f1as de al vida cotidiana.\",\"sameAs\":[\"https:\/\/www.euroresidentes.com\/info.htm\"],\"url\":\"https:\/\/www.euroresidentes.com\/viajes\/volar\/author\/euroresidentes\/\"}]}<\/script>\n<!-- \/ Yoast SEO plugin. -->","yoast_head_json":{"title":"Subida de las tarifas de Ryanair - Volar","robots":{"index":"index","follow":"follow","max-snippet":"max-snippet:-1","max-image-preview":"max-image-preview:large","max-video-preview":"max-video-preview:-1"},"canonical":"https:\/\/www.euroresidentes.com\/viajes\/volar\/subida-de-las-tarifas-de-ryanair\/","og_locale":"es_ES","og_type":"article","og_title":"Subida de las tarifas de Ryanair - Volar","og_description":"Las tarifas de Ryanair subir\u00e1n casi un 10% Ryanair increment\u00f3 sus objetivos de beneficios anuales tras anunciar que los pasajeros pagar\u00e1n m\u00e1s por sus tarifas este invierno de lo que se esperaba anteriormente. La aerol\u00ednea se\u00f1al\u00f3 que los rendimientos econ\u00f3micos, o tarifas promedio, aumentar\u00edan cerca del 10% a lo largo de los pr\u00f3ximos seis meses e impulsar\u00edan los beneficios netos desde un rango de previsiones de 350-375 millones de euros a 380-400 millones de euros. La semana pasada, British Airways volvi\u00f3 a presentar beneficios por primera vez en dos a\u00f1os, en parte, gracias a un aumento de dos d\u00edgitos en","og_url":"https:\/\/www.euroresidentes.com\/viajes\/volar\/subida-de-las-tarifas-de-ryanair\/","og_site_name":"Volar","article_publisher":"https:\/\/www.facebook.com\/euroresidentes\/","article_published_time":"2010-11-03T10:54:00+00:00","article_modified_time":"2016-03-10T09:56:19+00:00","author":"Euroresidentes","twitter_card":"summary_large_image","twitter_misc":{"Written by":"Euroresidentes","Est. reading time":"2 minutos"},"schema":{"@context":"https:\/\/schema.org","@graph":[{"@type":"WebPage","@id":"https:\/\/www.euroresidentes.com\/viajes\/volar\/subida-de-las-tarifas-de-ryanair\/","url":"https:\/\/www.euroresidentes.com\/viajes\/volar\/subida-de-las-tarifas-de-ryanair\/","name":"Subida de las tarifas de Ryanair - Volar","isPartOf":{"@id":"https:\/\/www.euroresidentes.com\/viajes\/volar\/#website"},"datePublished":"2010-11-03T10:54:00+00:00","dateModified":"2016-03-10T09:56:19+00:00","author":{"@id":"https:\/\/www.euroresidentes.com\/viajes\/volar\/#\/schema\/person\/4bbb21ebb04e241332a6c1c0c1f40bc1"},"breadcrumb":{"@id":"https:\/\/www.euroresidentes.com\/viajes\/volar\/subida-de-las-tarifas-de-ryanair\/#breadcrumb"},"inLanguage":"es","potentialAction":[{"@type":"ReadAction","target":["https:\/\/www.euroresidentes.com\/viajes\/volar\/subida-de-las-tarifas-de-ryanair\/"]}]},{"@type":"BreadcrumbList","@id":"https:\/\/www.euroresidentes.com\/viajes\/volar\/subida-de-las-tarifas-de-ryanair\/#breadcrumb","itemListElement":[{"@type":"ListItem","position":1,"name":"Portada","item":"https:\/\/www.euroresidentes.com\/viajes\/volar\/"},{"@type":"ListItem","position":2,"name":"Subida de las tarifas de Ryanair"}]},{"@type":"WebSite","@id":"https:\/\/www.euroresidentes.com\/viajes\/volar\/#website","url":"https:\/\/www.euroresidentes.com\/viajes\/volar\/","name":"Volar","description":"Volar Euroresidentes","potentialAction":[{"@type":"SearchAction","target":{"@type":"EntryPoint","urlTemplate":"https:\/\/www.euroresidentes.com\/viajes\/volar\/?s={search_term_string}"},"query-input":{"@type":"PropertyValueSpecification","valueRequired":true,"valueName":"search_term_string"}}],"inLanguage":"es"},{"@type":"Person","@id":"https:\/\/www.euroresidentes.com\/viajes\/volar\/#\/schema\/person\/4bbb21ebb04e241332a6c1c0c1f40bc1","name":"Euroresidentes","image":{"@type":"ImageObject","inLanguage":"es","@id":"https:\/\/www.euroresidentes.com\/viajes\/volar\/#\/schema\/person\/image\/","url":"https:\/\/www.euroresidentes.com\/viajes\/volar\/wp-content\/uploads\/sites\/2\/2016\/03\/logo-euroresidentes-150x150.jpg","contentUrl":"https:\/\/www.euroresidentes.com\/viajes\/volar\/wp-content\/uploads\/sites\/2\/2016\/03\/logo-euroresidentes-150x150.jpg","caption":"Euroresidentes"},"description":"EuroresidentesContenidos \u00fatiles que ayudan a resolver las necesidades grandes y peque\u00f1as de al vida cotidiana.","sameAs":["https:\/\/www.euroresidentes.com\/info.htm"],"url":"https:\/\/www.euroresidentes.com\/viajes\/volar\/author\/euroresidentes\/"}]}},"_links":{"self":[{"href":"https:\/\/www.euroresidentes.com\/viajes\/volar\/wp-json\/wp\/v2\/posts\/260","targetHints":{"allow":["GET"]}}],"collection":[{"href":"https:\/\/www.euroresidentes.com\/viajes\/volar\/wp-json\/wp\/v2\/posts"}],"about":[{"href":"https:\/\/www.euroresidentes.com\/viajes\/volar\/wp-json\/wp\/v2\/types\/post"}],"author":[{"embeddable":true,"href":"https:\/\/www.euroresidentes.com\/viajes\/volar\/wp-json\/wp\/v2\/users\/1"}],"replies":[{"embeddable":true,"href":"https:\/\/www.euroresidentes.com\/viajes\/volar\/wp-json\/wp\/v2\/comments?post=260"}],"version-history":[{"count":1,"href":"https:\/\/www.euroresidentes.com\/viajes\/volar\/wp-json\/wp\/v2\/posts\/260\/revisions"}],"predecessor-version":[{"id":900,"href":"https:\/\/www.euroresidentes.com\/viajes\/volar\/wp-json\/wp\/v2\/posts\/260\/revisions\/900"}],"wp:attachment":[{"href":"https:\/\/www.euroresidentes.com\/viajes\/volar\/wp-json\/wp\/v2\/media?parent=260"}],"wp:term":[{"taxonomy":"category","embeddable":true,"href":"https:\/\/www.euroresidentes.com\/viajes\/volar\/wp-json\/wp\/v2\/categories?post=260"},{"taxonomy":"post_tag","embeddable":true,"href":"https:\/\/www.euroresidentes.com\/viajes\/volar\/wp-json\/wp\/v2\/tags?post=260"}],"curies":[{"name":"wp","href":"https:\/\/api.w.org\/{rel}","templated":true}]}}