{"id":253,"date":"2011-01-24T12:30:00","date_gmt":"2011-01-24T12:30:00","guid":{"rendered":"https:\/\/www.euroresidentes.com\/viajes\/volar\/coste-de-llevar-equipaje-en-vuelos-de"},"modified":"2016-03-10T09:53:15","modified_gmt":"2016-03-10T09:53:15","slug":"coste-de-llevar-equipaje-en-vuelos-de","status":"publish","type":"post","link":"https:\/\/www.euroresidentes.com\/viajes\/volar\/coste-de-llevar-equipaje-en-vuelos-de\/","title":{"rendered":"Coste de llevar equipaje en vuelos de Easyjet"},"content":{"rendered":"<p><b>EasyJet cobrar\u00e1 por kil\u00f3metro el equipaje<\/b><\/p>\n<p>EasyJet pretende cambiar la forma en que cobra a los pasajeros por el equipaje facturado. Seg\u00fan el tabloide brit\u00e1nico Daily Mirror, la aerol\u00ednea podr\u00eda dejar de cobrar un precio fijo de 9 libras por maleta y pasar a cobrar por el n\u00famero de kil\u00f3metros recorridos.<\/p>\n<p>Los viajeros de vuelos de corta distancia pueden ahorrar dinero, pero los que realicen vuelos de largo recorrido a destinos lejanos ver\u00e1n incrementados los costes.<\/p>\n<p>Seg\u00fan el Mirror, la aerol\u00ednea podr\u00eda introducir estos precios el mes que viene. En contraposici\u00f3n, el aspecto positivo podr\u00eda ser un aumento en el tama\u00f1o m\u00e1ximo permitido para el equipaje de mano. Actualmente, se permite un solo bulto de equipaje de mano. No hay l\u00edmite de peso, pero las dimensiones m\u00e1ximas son 56 x 45 x 25 cm.<\/p>\n<p>El Mirror se\u00f1ala que el cambio en la pol\u00edtica de EasyJet es un intento \u00abde diferenciarse de Ryanair\u00bb, que \u00abdesalienta activamente a los pasajeros a llevar equipaje\u00bb, al tiempo que ofrece tarifas m\u00e1s baratas que las compa\u00f1\u00edas a\u00e9reas tradicionales, como British Airways.<\/p>\n","protected":false},"excerpt":{"rendered":"<p>EasyJet cobrar\u00e1 por kil\u00f3metro el equipaje EasyJet pretende cambiar la forma en que cobra a los pasajeros por el equipaje facturado. Seg\u00fan el tabloide brit\u00e1nico Daily Mirror, la aerol\u00ednea podr\u00eda dejar de cobrar un precio fijo de 9 libras por maleta y pasar a cobrar por el n\u00famero de kil\u00f3metros recorridos. Los viajeros de vuelos de corta distancia pueden ahorrar dinero, pero los que realicen vuelos de largo recorrido a destinos lejanos ver\u00e1n incrementados los costes. Seg\u00fan el Mirror, la aerol\u00ednea podr\u00eda introducir estos precios el mes que viene. En contraposici\u00f3n, el aspecto positivo podr\u00eda ser un aumento en el <\/p>\n","protected":false},"author":1,"featured_media":0,"comment_status":"open","ping_status":"open","sticky":false,"template":"","format":"standard","meta":{"footnotes":""},"categories":[1],"tags":[],"class_list":["post-253","post","type-post","status-publish","format-standard","hentry","category-general"],"yoast_head":"<!-- This site is optimized with the Yoast SEO plugin v24.1 - https:\/\/yoast.com\/wordpress\/plugins\/seo\/ -->\n<title>Coste de llevar equipaje en vuelos de Easyjet - Volar<\/title>\n<meta name=\"robots\" content=\"index, follow, max-snippet:-1, max-image-preview:large, max-video-preview:-1\" \/>\n<link rel=\"canonical\" href=\"https:\/\/www.euroresidentes.com\/viajes\/volar\/coste-de-llevar-equipaje-en-vuelos-de\/\" \/>\n<meta property=\"og:locale\" content=\"es_ES\" \/>\n<meta property=\"og:type\" content=\"article\" \/>\n<meta property=\"og:title\" content=\"Coste de llevar equipaje en vuelos de Easyjet - Volar\" \/>\n<meta property=\"og:description\" content=\"EasyJet cobrar\u00e1 por kil\u00f3metro el equipaje EasyJet pretende cambiar la forma en que cobra a los pasajeros por el equipaje facturado. Seg\u00fan el tabloide brit\u00e1nico Daily Mirror, la aerol\u00ednea podr\u00eda dejar de cobrar un precio fijo de 9 libras por maleta y pasar a cobrar por el n\u00famero de kil\u00f3metros recorridos. Los viajeros de vuelos de corta distancia pueden ahorrar dinero, pero los que realicen vuelos de largo recorrido a destinos lejanos ver\u00e1n incrementados los costes. Seg\u00fan el Mirror, la aerol\u00ednea podr\u00eda introducir estos precios el mes que viene. En contraposici\u00f3n, el aspecto positivo podr\u00eda ser un aumento en el\" \/>\n<meta property=\"og:url\" content=\"https:\/\/www.euroresidentes.com\/viajes\/volar\/coste-de-llevar-equipaje-en-vuelos-de\/\" \/>\n<meta property=\"og:site_name\" content=\"Volar\" \/>\n<meta property=\"article:publisher\" content=\"https:\/\/www.facebook.com\/euroresidentes\/\" \/>\n<meta property=\"article:published_time\" content=\"2011-01-24T12:30:00+00:00\" \/>\n<meta property=\"article:modified_time\" content=\"2016-03-10T09:53:15+00:00\" \/>\n<meta name=\"author\" content=\"Euroresidentes\" \/>\n<meta name=\"twitter:card\" content=\"summary_large_image\" \/>\n<meta name=\"twitter:label1\" content=\"Written by\" \/>\n\t<meta name=\"twitter:data1\" content=\"Euroresidentes\" \/>\n\t<meta name=\"twitter:label2\" content=\"Est. reading time\" \/>\n\t<meta name=\"twitter:data2\" content=\"1 minuto\" \/>\n<script type=\"application\/ld+json\" class=\"yoast-schema-graph\">{\"@context\":\"https:\/\/schema.org\",\"@graph\":[{\"@type\":\"WebPage\",\"@id\":\"https:\/\/www.euroresidentes.com\/viajes\/volar\/coste-de-llevar-equipaje-en-vuelos-de\/\",\"url\":\"https:\/\/www.euroresidentes.com\/viajes\/volar\/coste-de-llevar-equipaje-en-vuelos-de\/\",\"name\":\"Coste de llevar equipaje en vuelos de Easyjet - Volar\",\"isPartOf\":{\"@id\":\"https:\/\/www.euroresidentes.com\/viajes\/volar\/#website\"},\"datePublished\":\"2011-01-24T12:30:00+00:00\",\"dateModified\":\"2016-03-10T09:53:15+00:00\",\"author\":{\"@id\":\"https:\/\/www.euroresidentes.com\/viajes\/volar\/#\/schema\/person\/4bbb21ebb04e241332a6c1c0c1f40bc1\"},\"breadcrumb\":{\"@id\":\"https:\/\/www.euroresidentes.com\/viajes\/volar\/coste-de-llevar-equipaje-en-vuelos-de\/#breadcrumb\"},\"inLanguage\":\"es\",\"potentialAction\":[{\"@type\":\"ReadAction\",\"target\":[\"https:\/\/www.euroresidentes.com\/viajes\/volar\/coste-de-llevar-equipaje-en-vuelos-de\/\"]}]},{\"@type\":\"BreadcrumbList\",\"@id\":\"https:\/\/www.euroresidentes.com\/viajes\/volar\/coste-de-llevar-equipaje-en-vuelos-de\/#breadcrumb\",\"itemListElement\":[{\"@type\":\"ListItem\",\"position\":1,\"name\":\"Portada\",\"item\":\"https:\/\/www.euroresidentes.com\/viajes\/volar\/\"},{\"@type\":\"ListItem\",\"position\":2,\"name\":\"Coste de llevar equipaje en vuelos de Easyjet\"}]},{\"@type\":\"WebSite\",\"@id\":\"https:\/\/www.euroresidentes.com\/viajes\/volar\/#website\",\"url\":\"https:\/\/www.euroresidentes.com\/viajes\/volar\/\",\"name\":\"Volar\",\"description\":\"Volar Euroresidentes\",\"potentialAction\":[{\"@type\":\"SearchAction\",\"target\":{\"@type\":\"EntryPoint\",\"urlTemplate\":\"https:\/\/www.euroresidentes.com\/viajes\/volar\/?s={search_term_string}\"},\"query-input\":{\"@type\":\"PropertyValueSpecification\",\"valueRequired\":true,\"valueName\":\"search_term_string\"}}],\"inLanguage\":\"es\"},{\"@type\":\"Person\",\"@id\":\"https:\/\/www.euroresidentes.com\/viajes\/volar\/#\/schema\/person\/4bbb21ebb04e241332a6c1c0c1f40bc1\",\"name\":\"Euroresidentes\",\"image\":{\"@type\":\"ImageObject\",\"inLanguage\":\"es\",\"@id\":\"https:\/\/www.euroresidentes.com\/viajes\/volar\/#\/schema\/person\/image\/\",\"url\":\"https:\/\/www.euroresidentes.com\/viajes\/volar\/wp-content\/uploads\/sites\/2\/2016\/03\/logo-euroresidentes-150x150.jpg\",\"contentUrl\":\"https:\/\/www.euroresidentes.com\/viajes\/volar\/wp-content\/uploads\/sites\/2\/2016\/03\/logo-euroresidentes-150x150.jpg\",\"caption\":\"Euroresidentes\"},\"description\":\"EuroresidentesContenidos \u00fatiles que ayudan a resolver las necesidades grandes y peque\u00f1as de al vida cotidiana.\",\"sameAs\":[\"https:\/\/www.euroresidentes.com\/info.htm\"],\"url\":\"https:\/\/www.euroresidentes.com\/viajes\/volar\/author\/euroresidentes\/\"}]}<\/script>\n<!-- \/ Yoast SEO plugin. -->","yoast_head_json":{"title":"Coste de llevar equipaje en vuelos de Easyjet - Volar","robots":{"index":"index","follow":"follow","max-snippet":"max-snippet:-1","max-image-preview":"max-image-preview:large","max-video-preview":"max-video-preview:-1"},"canonical":"https:\/\/www.euroresidentes.com\/viajes\/volar\/coste-de-llevar-equipaje-en-vuelos-de\/","og_locale":"es_ES","og_type":"article","og_title":"Coste de llevar equipaje en vuelos de Easyjet - Volar","og_description":"EasyJet cobrar\u00e1 por kil\u00f3metro el equipaje EasyJet pretende cambiar la forma en que cobra a los pasajeros por el equipaje facturado. Seg\u00fan el tabloide brit\u00e1nico Daily Mirror, la aerol\u00ednea podr\u00eda dejar de cobrar un precio fijo de 9 libras por maleta y pasar a cobrar por el n\u00famero de kil\u00f3metros recorridos. Los viajeros de vuelos de corta distancia pueden ahorrar dinero, pero los que realicen vuelos de largo recorrido a destinos lejanos ver\u00e1n incrementados los costes. Seg\u00fan el Mirror, la aerol\u00ednea podr\u00eda introducir estos precios el mes que viene. En contraposici\u00f3n, el aspecto positivo podr\u00eda ser un aumento en el","og_url":"https:\/\/www.euroresidentes.com\/viajes\/volar\/coste-de-llevar-equipaje-en-vuelos-de\/","og_site_name":"Volar","article_publisher":"https:\/\/www.facebook.com\/euroresidentes\/","article_published_time":"2011-01-24T12:30:00+00:00","article_modified_time":"2016-03-10T09:53:15+00:00","author":"Euroresidentes","twitter_card":"summary_large_image","twitter_misc":{"Written by":"Euroresidentes","Est. reading time":"1 minuto"},"schema":{"@context":"https:\/\/schema.org","@graph":[{"@type":"WebPage","@id":"https:\/\/www.euroresidentes.com\/viajes\/volar\/coste-de-llevar-equipaje-en-vuelos-de\/","url":"https:\/\/www.euroresidentes.com\/viajes\/volar\/coste-de-llevar-equipaje-en-vuelos-de\/","name":"Coste de llevar equipaje en vuelos de Easyjet - Volar","isPartOf":{"@id":"https:\/\/www.euroresidentes.com\/viajes\/volar\/#website"},"datePublished":"2011-01-24T12:30:00+00:00","dateModified":"2016-03-10T09:53:15+00:00","author":{"@id":"https:\/\/www.euroresidentes.com\/viajes\/volar\/#\/schema\/person\/4bbb21ebb04e241332a6c1c0c1f40bc1"},"breadcrumb":{"@id":"https:\/\/www.euroresidentes.com\/viajes\/volar\/coste-de-llevar-equipaje-en-vuelos-de\/#breadcrumb"},"inLanguage":"es","potentialAction":[{"@type":"ReadAction","target":["https:\/\/www.euroresidentes.com\/viajes\/volar\/coste-de-llevar-equipaje-en-vuelos-de\/"]}]},{"@type":"BreadcrumbList","@id":"https:\/\/www.euroresidentes.com\/viajes\/volar\/coste-de-llevar-equipaje-en-vuelos-de\/#breadcrumb","itemListElement":[{"@type":"ListItem","position":1,"name":"Portada","item":"https:\/\/www.euroresidentes.com\/viajes\/volar\/"},{"@type":"ListItem","position":2,"name":"Coste de llevar equipaje en vuelos de Easyjet"}]},{"@type":"WebSite","@id":"https:\/\/www.euroresidentes.com\/viajes\/volar\/#website","url":"https:\/\/www.euroresidentes.com\/viajes\/volar\/","name":"Volar","description":"Volar Euroresidentes","potentialAction":[{"@type":"SearchAction","target":{"@type":"EntryPoint","urlTemplate":"https:\/\/www.euroresidentes.com\/viajes\/volar\/?s={search_term_string}"},"query-input":{"@type":"PropertyValueSpecification","valueRequired":true,"valueName":"search_term_string"}}],"inLanguage":"es"},{"@type":"Person","@id":"https:\/\/www.euroresidentes.com\/viajes\/volar\/#\/schema\/person\/4bbb21ebb04e241332a6c1c0c1f40bc1","name":"Euroresidentes","image":{"@type":"ImageObject","inLanguage":"es","@id":"https:\/\/www.euroresidentes.com\/viajes\/volar\/#\/schema\/person\/image\/","url":"https:\/\/www.euroresidentes.com\/viajes\/volar\/wp-content\/uploads\/sites\/2\/2016\/03\/logo-euroresidentes-150x150.jpg","contentUrl":"https:\/\/www.euroresidentes.com\/viajes\/volar\/wp-content\/uploads\/sites\/2\/2016\/03\/logo-euroresidentes-150x150.jpg","caption":"Euroresidentes"},"description":"EuroresidentesContenidos \u00fatiles que ayudan a resolver las necesidades grandes y peque\u00f1as de al vida cotidiana.","sameAs":["https:\/\/www.euroresidentes.com\/info.htm"],"url":"https:\/\/www.euroresidentes.com\/viajes\/volar\/author\/euroresidentes\/"}]}},"_links":{"self":[{"href":"https:\/\/www.euroresidentes.com\/viajes\/volar\/wp-json\/wp\/v2\/posts\/253","targetHints":{"allow":["GET"]}}],"collection":[{"href":"https:\/\/www.euroresidentes.com\/viajes\/volar\/wp-json\/wp\/v2\/posts"}],"about":[{"href":"https:\/\/www.euroresidentes.com\/viajes\/volar\/wp-json\/wp\/v2\/types\/post"}],"author":[{"embeddable":true,"href":"https:\/\/www.euroresidentes.com\/viajes\/volar\/wp-json\/wp\/v2\/users\/1"}],"replies":[{"embeddable":true,"href":"https:\/\/www.euroresidentes.com\/viajes\/volar\/wp-json\/wp\/v2\/comments?post=253"}],"version-history":[{"count":1,"href":"https:\/\/www.euroresidentes.com\/viajes\/volar\/wp-json\/wp\/v2\/posts\/253\/revisions"}],"predecessor-version":[{"id":893,"href":"https:\/\/www.euroresidentes.com\/viajes\/volar\/wp-json\/wp\/v2\/posts\/253\/revisions\/893"}],"wp:attachment":[{"href":"https:\/\/www.euroresidentes.com\/viajes\/volar\/wp-json\/wp\/v2\/media?parent=253"}],"wp:term":[{"taxonomy":"category","embeddable":true,"href":"https:\/\/www.euroresidentes.com\/viajes\/volar\/wp-json\/wp\/v2\/categories?post=253"},{"taxonomy":"post_tag","embeddable":true,"href":"https:\/\/www.euroresidentes.com\/viajes\/volar\/wp-json\/wp\/v2\/tags?post=253"}],"curies":[{"name":"wp","href":"https:\/\/api.w.org\/{rel}","templated":true}]}}