{"id":249,"date":"2011-04-04T10:56:00","date_gmt":"2011-04-04T10:56:00","guid":{"rendered":"https:\/\/www.euroresidentes.com\/viajes\/volar\/vuelos-sin-ninos-de-ryanair"},"modified":"2016-03-10T09:53:15","modified_gmt":"2016-03-10T09:53:15","slug":"vuelos-sin-ninos-de-ryanair","status":"publish","type":"post","link":"https:\/\/www.euroresidentes.com\/viajes\/volar\/vuelos-sin-ninos-de-ryanair\/","title":{"rendered":"Vuelos sin ni\u00f1os de Ryanair"},"content":{"rendered":"<p><b>Ryanair presenta los vuelos \u00absin ni\u00f1os\u00bb<\/b><\/p>\n<p><a href=\"http:\/\/www.euroresidentes.com\/viajes\/vuelos\/aerolineas_vuelos_baratos\/ryanair.htm\">Ryanair<\/a> ha anunciado que introducir\u00e1 vuelos \u00absin ni\u00f1os\u00bb a partir de octubre (como parte de su programa de invierno) despu\u00e9s de que una encuesta de 1.000 pasajeros realizada en Europa mostrara que la mitad de ellos habr\u00edan pagado unas tarifas m\u00e1s elevadas para evitar a los ni\u00f1os de los dem\u00e1s. Seg\u00fan la encuesta, un tercio de los pasajeros (36%) han visto algunos de sus vuelos \u00abarruinados\u00bb por los ni\u00f1os ruidosos de otras personas, y una de cada cinco personas (18%) ha pedido a Ryanair que restrinja el n\u00famero de ni\u00f1os en los vuelos.<\/p>\n<p>Si bien la encuesta mostr\u00f3 que los pasajeros prefieren evitar a los ni\u00f1os de otras personas, la mayor\u00eda coincidieron en &#8216;culpar&#8217; firmemente a los padres, siendo las quejas principales:<\/p>\n<p>1. Un 50%: los padres que esperan un \u00abtratamiento especial\u00bb por tener hijos.<br \/>\n2. Un 25%: los padres que permiten a sus ni\u00f1os molestar a los pasajeros que van en los asientos de atr\u00e1s.<br \/>\n3. Un 15%: los padres que embarcan tarde y esperan que los dem\u00e1s les ayuden a acomodarse.<br \/>\n4. Un 10%: los padres que permiten a sus ni\u00f1os correr por los pasillos o dar patadas en los asientos.<\/p>\n","protected":false},"excerpt":{"rendered":"<p>Ryanair presenta los vuelos \u00absin ni\u00f1os\u00bb Ryanair ha anunciado que introducir\u00e1 vuelos \u00absin ni\u00f1os\u00bb a partir de octubre (como parte de su programa de invierno) despu\u00e9s de que una encuesta de 1.000 pasajeros realizada en Europa mostrara que la mitad de ellos habr\u00edan pagado unas tarifas m\u00e1s elevadas para evitar a los ni\u00f1os de los dem\u00e1s. Seg\u00fan la encuesta, un tercio de los pasajeros (36%) han visto algunos de sus vuelos \u00abarruinados\u00bb por los ni\u00f1os ruidosos de otras personas, y una de cada cinco personas (18%) ha pedido a Ryanair que restrinja el n\u00famero de ni\u00f1os en los vuelos. Si <\/p>\n","protected":false},"author":1,"featured_media":0,"comment_status":"open","ping_status":"open","sticky":false,"template":"","format":"standard","meta":{"footnotes":""},"categories":[1],"tags":[],"class_list":["post-249","post","type-post","status-publish","format-standard","hentry","category-general"],"yoast_head":"<!-- This site is optimized with the Yoast SEO plugin v24.1 - https:\/\/yoast.com\/wordpress\/plugins\/seo\/ -->\n<title>Vuelos sin ni\u00f1os de Ryanair - Volar<\/title>\n<meta name=\"robots\" content=\"index, follow, max-snippet:-1, max-image-preview:large, max-video-preview:-1\" \/>\n<link rel=\"canonical\" href=\"https:\/\/www.euroresidentes.com\/viajes\/volar\/vuelos-sin-ninos-de-ryanair\/\" \/>\n<meta property=\"og:locale\" content=\"es_ES\" \/>\n<meta property=\"og:type\" content=\"article\" \/>\n<meta property=\"og:title\" content=\"Vuelos sin ni\u00f1os de Ryanair - Volar\" \/>\n<meta property=\"og:description\" content=\"Ryanair presenta los vuelos \u00absin ni\u00f1os\u00bb Ryanair ha anunciado que introducir\u00e1 vuelos \u00absin ni\u00f1os\u00bb a partir de octubre (como parte de su programa de invierno) despu\u00e9s de que una encuesta de 1.000 pasajeros realizada en Europa mostrara que la mitad de ellos habr\u00edan pagado unas tarifas m\u00e1s elevadas para evitar a los ni\u00f1os de los dem\u00e1s. Seg\u00fan la encuesta, un tercio de los pasajeros (36%) han visto algunos de sus vuelos \u00abarruinados\u00bb por los ni\u00f1os ruidosos de otras personas, y una de cada cinco personas (18%) ha pedido a Ryanair que restrinja el n\u00famero de ni\u00f1os en los vuelos. Si\" \/>\n<meta property=\"og:url\" content=\"https:\/\/www.euroresidentes.com\/viajes\/volar\/vuelos-sin-ninos-de-ryanair\/\" \/>\n<meta property=\"og:site_name\" content=\"Volar\" \/>\n<meta property=\"article:publisher\" content=\"https:\/\/www.facebook.com\/euroresidentes\/\" \/>\n<meta property=\"article:published_time\" content=\"2011-04-04T10:56:00+00:00\" \/>\n<meta property=\"article:modified_time\" content=\"2016-03-10T09:53:15+00:00\" \/>\n<meta name=\"author\" content=\"Euroresidentes\" \/>\n<meta name=\"twitter:card\" content=\"summary_large_image\" \/>\n<meta name=\"twitter:label1\" content=\"Written by\" \/>\n\t<meta name=\"twitter:data1\" content=\"Euroresidentes\" \/>\n\t<meta name=\"twitter:label2\" content=\"Est. reading time\" \/>\n\t<meta name=\"twitter:data2\" content=\"1 minuto\" \/>\n<script type=\"application\/ld+json\" class=\"yoast-schema-graph\">{\"@context\":\"https:\/\/schema.org\",\"@graph\":[{\"@type\":\"WebPage\",\"@id\":\"https:\/\/www.euroresidentes.com\/viajes\/volar\/vuelos-sin-ninos-de-ryanair\/\",\"url\":\"https:\/\/www.euroresidentes.com\/viajes\/volar\/vuelos-sin-ninos-de-ryanair\/\",\"name\":\"Vuelos sin ni\u00f1os de Ryanair - Volar\",\"isPartOf\":{\"@id\":\"https:\/\/www.euroresidentes.com\/viajes\/volar\/#website\"},\"datePublished\":\"2011-04-04T10:56:00+00:00\",\"dateModified\":\"2016-03-10T09:53:15+00:00\",\"author\":{\"@id\":\"https:\/\/www.euroresidentes.com\/viajes\/volar\/#\/schema\/person\/4bbb21ebb04e241332a6c1c0c1f40bc1\"},\"breadcrumb\":{\"@id\":\"https:\/\/www.euroresidentes.com\/viajes\/volar\/vuelos-sin-ninos-de-ryanair\/#breadcrumb\"},\"inLanguage\":\"es\",\"potentialAction\":[{\"@type\":\"ReadAction\",\"target\":[\"https:\/\/www.euroresidentes.com\/viajes\/volar\/vuelos-sin-ninos-de-ryanair\/\"]}]},{\"@type\":\"BreadcrumbList\",\"@id\":\"https:\/\/www.euroresidentes.com\/viajes\/volar\/vuelos-sin-ninos-de-ryanair\/#breadcrumb\",\"itemListElement\":[{\"@type\":\"ListItem\",\"position\":1,\"name\":\"Portada\",\"item\":\"https:\/\/www.euroresidentes.com\/viajes\/volar\/\"},{\"@type\":\"ListItem\",\"position\":2,\"name\":\"Vuelos sin ni\u00f1os de Ryanair\"}]},{\"@type\":\"WebSite\",\"@id\":\"https:\/\/www.euroresidentes.com\/viajes\/volar\/#website\",\"url\":\"https:\/\/www.euroresidentes.com\/viajes\/volar\/\",\"name\":\"Volar\",\"description\":\"Volar Euroresidentes\",\"potentialAction\":[{\"@type\":\"SearchAction\",\"target\":{\"@type\":\"EntryPoint\",\"urlTemplate\":\"https:\/\/www.euroresidentes.com\/viajes\/volar\/?s={search_term_string}\"},\"query-input\":{\"@type\":\"PropertyValueSpecification\",\"valueRequired\":true,\"valueName\":\"search_term_string\"}}],\"inLanguage\":\"es\"},{\"@type\":\"Person\",\"@id\":\"https:\/\/www.euroresidentes.com\/viajes\/volar\/#\/schema\/person\/4bbb21ebb04e241332a6c1c0c1f40bc1\",\"name\":\"Euroresidentes\",\"image\":{\"@type\":\"ImageObject\",\"inLanguage\":\"es\",\"@id\":\"https:\/\/www.euroresidentes.com\/viajes\/volar\/#\/schema\/person\/image\/\",\"url\":\"https:\/\/www.euroresidentes.com\/viajes\/volar\/wp-content\/uploads\/sites\/2\/2016\/03\/logo-euroresidentes-150x150.jpg\",\"contentUrl\":\"https:\/\/www.euroresidentes.com\/viajes\/volar\/wp-content\/uploads\/sites\/2\/2016\/03\/logo-euroresidentes-150x150.jpg\",\"caption\":\"Euroresidentes\"},\"description\":\"EuroresidentesContenidos \u00fatiles que ayudan a resolver las necesidades grandes y peque\u00f1as de al vida cotidiana.\",\"sameAs\":[\"https:\/\/www.euroresidentes.com\/info.htm\"],\"url\":\"https:\/\/www.euroresidentes.com\/viajes\/volar\/author\/euroresidentes\/\"}]}<\/script>\n<!-- \/ Yoast SEO plugin. -->","yoast_head_json":{"title":"Vuelos sin ni\u00f1os de Ryanair - Volar","robots":{"index":"index","follow":"follow","max-snippet":"max-snippet:-1","max-image-preview":"max-image-preview:large","max-video-preview":"max-video-preview:-1"},"canonical":"https:\/\/www.euroresidentes.com\/viajes\/volar\/vuelos-sin-ninos-de-ryanair\/","og_locale":"es_ES","og_type":"article","og_title":"Vuelos sin ni\u00f1os de Ryanair - Volar","og_description":"Ryanair presenta los vuelos \u00absin ni\u00f1os\u00bb Ryanair ha anunciado que introducir\u00e1 vuelos \u00absin ni\u00f1os\u00bb a partir de octubre (como parte de su programa de invierno) despu\u00e9s de que una encuesta de 1.000 pasajeros realizada en Europa mostrara que la mitad de ellos habr\u00edan pagado unas tarifas m\u00e1s elevadas para evitar a los ni\u00f1os de los dem\u00e1s. Seg\u00fan la encuesta, un tercio de los pasajeros (36%) han visto algunos de sus vuelos \u00abarruinados\u00bb por los ni\u00f1os ruidosos de otras personas, y una de cada cinco personas (18%) ha pedido a Ryanair que restrinja el n\u00famero de ni\u00f1os en los vuelos. Si","og_url":"https:\/\/www.euroresidentes.com\/viajes\/volar\/vuelos-sin-ninos-de-ryanair\/","og_site_name":"Volar","article_publisher":"https:\/\/www.facebook.com\/euroresidentes\/","article_published_time":"2011-04-04T10:56:00+00:00","article_modified_time":"2016-03-10T09:53:15+00:00","author":"Euroresidentes","twitter_card":"summary_large_image","twitter_misc":{"Written by":"Euroresidentes","Est. reading time":"1 minuto"},"schema":{"@context":"https:\/\/schema.org","@graph":[{"@type":"WebPage","@id":"https:\/\/www.euroresidentes.com\/viajes\/volar\/vuelos-sin-ninos-de-ryanair\/","url":"https:\/\/www.euroresidentes.com\/viajes\/volar\/vuelos-sin-ninos-de-ryanair\/","name":"Vuelos sin ni\u00f1os de Ryanair - Volar","isPartOf":{"@id":"https:\/\/www.euroresidentes.com\/viajes\/volar\/#website"},"datePublished":"2011-04-04T10:56:00+00:00","dateModified":"2016-03-10T09:53:15+00:00","author":{"@id":"https:\/\/www.euroresidentes.com\/viajes\/volar\/#\/schema\/person\/4bbb21ebb04e241332a6c1c0c1f40bc1"},"breadcrumb":{"@id":"https:\/\/www.euroresidentes.com\/viajes\/volar\/vuelos-sin-ninos-de-ryanair\/#breadcrumb"},"inLanguage":"es","potentialAction":[{"@type":"ReadAction","target":["https:\/\/www.euroresidentes.com\/viajes\/volar\/vuelos-sin-ninos-de-ryanair\/"]}]},{"@type":"BreadcrumbList","@id":"https:\/\/www.euroresidentes.com\/viajes\/volar\/vuelos-sin-ninos-de-ryanair\/#breadcrumb","itemListElement":[{"@type":"ListItem","position":1,"name":"Portada","item":"https:\/\/www.euroresidentes.com\/viajes\/volar\/"},{"@type":"ListItem","position":2,"name":"Vuelos sin ni\u00f1os de Ryanair"}]},{"@type":"WebSite","@id":"https:\/\/www.euroresidentes.com\/viajes\/volar\/#website","url":"https:\/\/www.euroresidentes.com\/viajes\/volar\/","name":"Volar","description":"Volar Euroresidentes","potentialAction":[{"@type":"SearchAction","target":{"@type":"EntryPoint","urlTemplate":"https:\/\/www.euroresidentes.com\/viajes\/volar\/?s={search_term_string}"},"query-input":{"@type":"PropertyValueSpecification","valueRequired":true,"valueName":"search_term_string"}}],"inLanguage":"es"},{"@type":"Person","@id":"https:\/\/www.euroresidentes.com\/viajes\/volar\/#\/schema\/person\/4bbb21ebb04e241332a6c1c0c1f40bc1","name":"Euroresidentes","image":{"@type":"ImageObject","inLanguage":"es","@id":"https:\/\/www.euroresidentes.com\/viajes\/volar\/#\/schema\/person\/image\/","url":"https:\/\/www.euroresidentes.com\/viajes\/volar\/wp-content\/uploads\/sites\/2\/2016\/03\/logo-euroresidentes-150x150.jpg","contentUrl":"https:\/\/www.euroresidentes.com\/viajes\/volar\/wp-content\/uploads\/sites\/2\/2016\/03\/logo-euroresidentes-150x150.jpg","caption":"Euroresidentes"},"description":"EuroresidentesContenidos \u00fatiles que ayudan a resolver las necesidades grandes y peque\u00f1as de al vida cotidiana.","sameAs":["https:\/\/www.euroresidentes.com\/info.htm"],"url":"https:\/\/www.euroresidentes.com\/viajes\/volar\/author\/euroresidentes\/"}]}},"_links":{"self":[{"href":"https:\/\/www.euroresidentes.com\/viajes\/volar\/wp-json\/wp\/v2\/posts\/249","targetHints":{"allow":["GET"]}}],"collection":[{"href":"https:\/\/www.euroresidentes.com\/viajes\/volar\/wp-json\/wp\/v2\/posts"}],"about":[{"href":"https:\/\/www.euroresidentes.com\/viajes\/volar\/wp-json\/wp\/v2\/types\/post"}],"author":[{"embeddable":true,"href":"https:\/\/www.euroresidentes.com\/viajes\/volar\/wp-json\/wp\/v2\/users\/1"}],"replies":[{"embeddable":true,"href":"https:\/\/www.euroresidentes.com\/viajes\/volar\/wp-json\/wp\/v2\/comments?post=249"}],"version-history":[{"count":1,"href":"https:\/\/www.euroresidentes.com\/viajes\/volar\/wp-json\/wp\/v2\/posts\/249\/revisions"}],"predecessor-version":[{"id":888,"href":"https:\/\/www.euroresidentes.com\/viajes\/volar\/wp-json\/wp\/v2\/posts\/249\/revisions\/888"}],"wp:attachment":[{"href":"https:\/\/www.euroresidentes.com\/viajes\/volar\/wp-json\/wp\/v2\/media?parent=249"}],"wp:term":[{"taxonomy":"category","embeddable":true,"href":"https:\/\/www.euroresidentes.com\/viajes\/volar\/wp-json\/wp\/v2\/categories?post=249"},{"taxonomy":"post_tag","embeddable":true,"href":"https:\/\/www.euroresidentes.com\/viajes\/volar\/wp-json\/wp\/v2\/tags?post=249"}],"curies":[{"name":"wp","href":"https:\/\/api.w.org\/{rel}","templated":true}]}}