{"id":204,"date":"2014-12-16T18:11:00","date_gmt":"2014-12-16T18:11:00","guid":{"rendered":"https:\/\/www.euroresidentes.com\/viajes\/volar\/como-es-nuestra-personalidad-segun-e"},"modified":"2016-03-10T09:46:34","modified_gmt":"2016-03-10T09:46:34","slug":"como-es-nuestra-personalidad-segun-e","status":"publish","type":"post","link":"https:\/\/www.euroresidentes.com\/viajes\/volar\/como-es-nuestra-personalidad-segun-e\/","title":{"rendered":"C\u00f3mo es nuestra personalidad seg\u00fan el asiento que elegimos en un avi\u00f3n"},"content":{"rendered":"<p><\/p>\n<div class=\"separator\" style=\"clear: both; text-align: center;\">\n<a href=\"https:\/\/www.euroresidentes.com\/viajes\/volar\/wp-content\/uploads\/sites\/2\/2014\/12\/AsientosAvion.jpg\" imageanchor=\"1\" style=\"margin-left: 1em; margin-right: 1em;\"><img loading=\"lazy\" decoding=\"async\" border=\"0\" src=\"https:\/\/www.euroresidentes.com\/viajes\/volar\/wp-content\/uploads\/sites\/2\/2014\/12\/AsientosAvion.jpg\" height=\"240\" width=\"320\" \/><\/a><\/div>\n<p><b>\u00bfSab\u00edas que el asiento que eliges en un avi\u00f3n supuestamente dice mucho de ti?<\/b><\/p>\n<h3>\n<b>Si prefieres el pasillo:<\/b><\/h3>\n<p><\/p>\n<div class=\"separator\" style=\"clear: both; text-align: center;\">\n<a href=\"https:\/\/www.euroresidentes.com\/viajes\/volar\/wp-content\/uploads\/sites\/2\/2014\/12\/Pasillo.jpg\" imageanchor=\"1\" style=\"margin-left: 1em; margin-right: 1em;\"><img loading=\"lazy\" decoding=\"async\" border=\"0\" src=\"https:\/\/www.euroresidentes.com\/viajes\/volar\/wp-content\/uploads\/sites\/2\/2014\/12\/Pasillo.jpg\" height=\"240\" width=\"320\" \/><\/a><\/div>\n<ul>\n<li><b>Valoras la libertad:<\/b> Elegir un asiento de pasillo es una expresi\u00f3n de libertad, dado que sabes que puedes levantarte para ir al ba\u00f1o, caminar o `para ir a por una bebida o aperitivo sin tener que molestar a nadie ni pasar por encima de tu compa\u00f1ero de asiento. <\/li>\n<\/ul>\n<ul>\n<li><b>Eres una persona introvertida:<\/b> Cuando est\u00e1n rodeadas de gente (como en un avi\u00f3n, a veces durante horas), las personas introvertidas se sienten f\u00edsicamente inc\u00f3modas y tienden a preferir permanecer en la periferia, donde hay una ruta de escape f\u00e1cil y no tienen que molestar a sus compa\u00f1eros de asiento para poder levantarse.<\/li>\n<\/ul>\n<ul>\n<li><b>Est\u00e1s centrado en los negocios y el trabajo:<\/b> No pierdes el tiempo mirando por la ventanilla o so\u00f1ando despierto; lo m\u00e1s probable es que te pases el viaje trabajando o leyendo un libro. Desde un asiento de pasillo tambi\u00e9n es m\u00e1s r\u00e1pido salir del avi\u00f3n (hay una diferencia de un minuto o dos con respecto a otros asientos), por lo que es una buena elecci\u00f3n si tienes que llegar a una cita y cada minuto cuenta.<\/li>\n<\/ul>\n<ul>\n<li><b>Te gusta estar en posici\u00f3n de poder: <\/b>En cierto sentido, tienes el control sobre tus compa\u00f1eros de asiento, dado que tienen que pedirte permiso para ir al ba\u00f1o o, en definitiva, levantarse por cualquier otro motivo.<\/li>\n<\/ul>\n<ul>\n<li><b>Tiendes a la claustrofobia:<\/b> En el pasillo es donde hay m\u00e1s espacio abierto. Tambi\u00e9n hay personas que tienen miedo a volar o miedo a las alturas y prefieren sentarse en un asiento de pasillo para no mirar por la ventana.<\/li>\n<\/ul>\n<p><\/p>\n<h3>\n<b>Si prefieres ventanilla:<\/b><\/h3>\n<div class=\"separator\" style=\"clear: both; text-align: center;\">\n<\/div>\n<div class=\"separator\" style=\"clear: both; text-align: center;\">\n<\/div>\n<div class=\"separator\" style=\"clear: both; text-align: center;\">\n<\/div>\n<div class=\"separator\" style=\"clear: both; text-align: center;\">\n<\/div>\n<div class=\"separator\" style=\"clear: both; text-align: center;\">\n<\/div>\n<div class=\"separator\" style=\"clear: both; text-align: center;\">\n<b><a href=\"https:\/\/www.euroresidentes.com\/viajes\/volar\/wp-content\/uploads\/sites\/2\/2014\/12\/ventanilla.jpg\" imageanchor=\"1\" style=\"margin-left: 1em; margin-right: 1em;\"><img loading=\"lazy\" decoding=\"async\" border=\"0\" src=\"https:\/\/www.euroresidentes.com\/viajes\/volar\/wp-content\/uploads\/sites\/2\/2014\/12\/ventanilla.jpg\" height=\"240\" width=\"320\" \/><\/a><\/b><\/div>\n<ul>\n<li><b>Valoras tu privacidad: <\/b>Elegir un asiento de ventanilla implica que tener una pared a un lado, lo cual te proporciona cierto aislamiento y hace que nadie tenga que pedirte que te muevas para ir al ba\u00f1o o por cualquier otra raz\u00f3n.<\/li>\n<\/ul>\n<ul>\n<li><b>Te gusta sentirte como en casa: <\/b>Puedes crear tu propio rinc\u00f3n junto a la ventana, la zona es m\u00e1s acogedora y puedes apoyar la almohada contra la pared para dormir un poco m\u00e1s c\u00f3modo. Puedes utilizar el reposabrazos como espacio de almacenamiento temporal; y el espacio entre el reposabrazos y la pared es ideal para guardar una manta, una almohada o ambas.<\/li>\n<\/ul>\n<ul>\n<li><b>Eres una persona so\u00f1adora: <\/b>Puedes mirar por la ventanilla y pensar en todos los lugares incre\u00edbles que podr\u00edas visitar.<\/li>\n<\/ul>\n<ul>\n<li><b>Est\u00e1s abierto a nuevas experiencias:<\/b> Al mirar por la ventanilla puedes ver nuevos lugares y admirar las asombrosas maravillas de nuestro planeta a medida que pasan por debajo.<\/li>\n<\/ul>\n<p><\/p>\n<h3>\n<b>Si te sientes c\u00f3modo en el asiento del medio:<\/b><\/h3>\n<p><\/p>\n<div class=\"separator\" style=\"clear: both; text-align: center;\">\n<a href=\"https:\/\/www.euroresidentes.com\/viajes\/volar\/wp-content\/uploads\/sites\/2\/2014\/12\/AsientoMedio.jpg\" imageanchor=\"1\" style=\"margin-left: 1em; margin-right: 1em;\"><img loading=\"lazy\" decoding=\"async\" border=\"0\" src=\"https:\/\/www.euroresidentes.com\/viajes\/volar\/wp-content\/uploads\/sites\/2\/2014\/12\/AsientoMedio.jpg\" height=\"240\" width=\"320\" \/><\/a><\/div>\n<ul>\n<li><b>Eres una persona extrovertida: <\/b>A las personas extrovertidas les gusta el contacto social, por lo que no temen tanto como otros el hecho de sentarse entre dos extra\u00f1os.<\/li>\n<\/ul>\n<ul>\n<li><b>Eres una persona muy evolucionada: <\/b>Estar a gusto en el asiento del medio, sobre todo en un vuelo largo, es todo un ejercicio de aceptaci\u00f3n y voluntad. Si eres capaz de renunciar a tu privacidad y tu autonom\u00eda y darte cuenta de que es s\u00f3lo un momento pasajero en el tiempo, es probable que seas el pasajero m\u00e1s ilustrado del avi\u00f3n.<\/li>\n<\/ul>\n<ul>\n<li><b>Eres una persona considerada:<\/b> A menudo, cuando alguien elige este asiento es porque va acompa\u00f1ado de un amigo o pareja y cede, a modo de regalo, a su compa\u00f1ero de viaje la ventanilla o pasillo.<\/li>\n<\/ul>\n<ul>\n<li><b>Tienes el menor rango en la jerarqu\u00eda del grupo:<\/b> Si viajas con la familia o amigos y te toca el asiento del medio, probablemente seas el menor en jerarqu\u00eda dentro del grupo, aunque no siempre tiene que ser as\u00ed necesariamente, en el caso de un grupo de amigos podr\u00edas ser el m\u00e1s sociable y actuar como enlace.<\/li>\n<\/ul>\n<ul>\n<li><b>Eres desorganizado:<\/b> Las personas que acaban ocupando el asiento del medio en repetidas ocasiones podr\u00edan estar ah\u00ed por no planificar el viaje con suficiente antelaci\u00f3n.<\/li>\n<\/ul>\n<p><\/p>\n<h3>\n<b>Si siempre viajas en Business:<\/b><\/h3>\n<p><b>&nbsp; <\/b><\/p>\n<ul>\n<li><b>Eres un fan\u00e1tico del control: <\/b>No quieres tener que elegir, por ejemplo, entre libertad y comodidad; y pagar un dinero extra te permite contar con ambas cosas. Adem\u00e1s, hay mucho sitio para guardar el equipaje de mano.<\/li>\n<\/ul>\n<ul>\n<li><b>Valoras tu tiempo: <\/b>Una de las ventajas del billete de clase Business es que incluye embarque prioritario. Adem\u00e1s, estar en la parte delantera del avi\u00f3n tambi\u00e9n te permite abandonarlo con mayor rapidez.<\/li>\n<\/ul>\n<ul>\n<li><b>Eres un poco pretencioso: <\/b>A veces, a la gente le gusta viajar en clase Bussines por impresionar a los dem\u00e1s. <\/li>\n<\/ul>\n<ul>\n<li><b>Eres rico: <\/b>O bien tienes muchos puntos del programa de fidelidad de viajeros frecuentes.<\/li>\n<\/ul>\n<p><\/p>\n<h3>\n<b>En cualquier caso&#8230;<\/b><\/h3>\n<p>\nA veces, <b>depende de la situaci\u00f3n: <\/b>una misma persona puede elegir habitualmente un asiento de ventana porque disfruta de la vista y tiene un poco m\u00e1s de privacidad y, en cambio, preferir el asiento del pasillo si tiene que salir del avi\u00f3n r\u00e1pidamente o sabe que en ese vuelo el asiento de ventanilla en realidad no tiene ninguna ventana o tiene la vista obstruida de forma significativa.<\/p>\n<p><\/p>\n","protected":false},"excerpt":{"rendered":"<p>\u00bfSab\u00edas que el asiento que eliges en un avi\u00f3n supuestamente dice mucho de ti? Si prefieres el pasillo: Valoras la libertad: Elegir un asiento de pasillo es una expresi\u00f3n de libertad, dado que sabes que puedes levantarte para ir al ba\u00f1o, caminar o `para ir a por una bebida o aperitivo sin tener que molestar a nadie ni pasar por encima de tu compa\u00f1ero de asiento. Eres una persona introvertida: Cuando est\u00e1n rodeadas de gente (como en un avi\u00f3n, a veces durante horas), las personas introvertidas se sienten f\u00edsicamente inc\u00f3modas y tienden a preferir permanecer en la periferia, donde hay <\/p>\n","protected":false},"author":1,"featured_media":732,"comment_status":"open","ping_status":"open","sticky":false,"template":"","format":"standard","meta":{"footnotes":""},"categories":[1],"tags":[],"class_list":["post-204","post","type-post","status-publish","format-standard","has-post-thumbnail","hentry","category-general","has_thumb"],"yoast_head":"<!-- This site is optimized with the Yoast SEO plugin v24.1 - https:\/\/yoast.com\/wordpress\/plugins\/seo\/ -->\n<title>C\u00f3mo es nuestra personalidad seg\u00fan el asiento que elegimos en un avi\u00f3n - Volar<\/title>\n<meta name=\"robots\" content=\"index, follow, max-snippet:-1, max-image-preview:large, max-video-preview:-1\" \/>\n<link rel=\"canonical\" href=\"https:\/\/www.euroresidentes.com\/viajes\/volar\/como-es-nuestra-personalidad-segun-e\/\" \/>\n<meta property=\"og:locale\" content=\"es_ES\" \/>\n<meta property=\"og:type\" content=\"article\" \/>\n<meta property=\"og:title\" content=\"C\u00f3mo es nuestra personalidad seg\u00fan el asiento que elegimos en un avi\u00f3n - Volar\" \/>\n<meta property=\"og:description\" content=\"\u00bfSab\u00edas que el asiento que eliges en un avi\u00f3n supuestamente dice mucho de ti? Si prefieres el pasillo: Valoras la libertad: Elegir un asiento de pasillo es una expresi\u00f3n de libertad, dado que sabes que puedes levantarte para ir al ba\u00f1o, caminar o `para ir a por una bebida o aperitivo sin tener que molestar a nadie ni pasar por encima de tu compa\u00f1ero de asiento. Eres una persona introvertida: Cuando est\u00e1n rodeadas de gente (como en un avi\u00f3n, a veces durante horas), las personas introvertidas se sienten f\u00edsicamente inc\u00f3modas y tienden a preferir permanecer en la periferia, donde hay\" \/>\n<meta property=\"og:url\" content=\"https:\/\/www.euroresidentes.com\/viajes\/volar\/como-es-nuestra-personalidad-segun-e\/\" \/>\n<meta property=\"og:site_name\" content=\"Volar\" \/>\n<meta property=\"article:publisher\" content=\"https:\/\/www.facebook.com\/euroresidentes\/\" \/>\n<meta property=\"article:published_time\" content=\"2014-12-16T18:11:00+00:00\" \/>\n<meta property=\"article:modified_time\" content=\"2016-03-10T09:46:34+00:00\" \/>\n<meta property=\"og:image\" content=\"https:\/\/www.euroresidentes.com\/viajes\/volar\/wp-content\/uploads\/sites\/2\/2014\/12\/AsientosAvion.jpg\" \/>\n\t<meta property=\"og:image:width\" content=\"600\" \/>\n\t<meta property=\"og:image:height\" content=\"450\" \/>\n\t<meta property=\"og:image:type\" content=\"image\/jpeg\" \/>\n<meta name=\"author\" content=\"Euroresidentes\" \/>\n<meta name=\"twitter:card\" content=\"summary_large_image\" \/>\n<meta name=\"twitter:label1\" content=\"Written by\" \/>\n\t<meta name=\"twitter:data1\" content=\"Euroresidentes\" \/>\n\t<meta name=\"twitter:label2\" content=\"Est. reading time\" \/>\n\t<meta name=\"twitter:data2\" content=\"4 minutos\" \/>\n<script type=\"application\/ld+json\" class=\"yoast-schema-graph\">{\"@context\":\"https:\/\/schema.org\",\"@graph\":[{\"@type\":\"WebPage\",\"@id\":\"https:\/\/www.euroresidentes.com\/viajes\/volar\/como-es-nuestra-personalidad-segun-e\/\",\"url\":\"https:\/\/www.euroresidentes.com\/viajes\/volar\/como-es-nuestra-personalidad-segun-e\/\",\"name\":\"C\u00f3mo es nuestra personalidad seg\u00fan el asiento que elegimos en un avi\u00f3n - Volar\",\"isPartOf\":{\"@id\":\"https:\/\/www.euroresidentes.com\/viajes\/volar\/#website\"},\"primaryImageOfPage\":{\"@id\":\"https:\/\/www.euroresidentes.com\/viajes\/volar\/como-es-nuestra-personalidad-segun-e\/#primaryimage\"},\"image\":{\"@id\":\"https:\/\/www.euroresidentes.com\/viajes\/volar\/como-es-nuestra-personalidad-segun-e\/#primaryimage\"},\"thumbnailUrl\":\"https:\/\/www.euroresidentes.com\/viajes\/volar\/wp-content\/uploads\/sites\/2\/2014\/12\/AsientosAvion.jpg\",\"datePublished\":\"2014-12-16T18:11:00+00:00\",\"dateModified\":\"2016-03-10T09:46:34+00:00\",\"author\":{\"@id\":\"https:\/\/www.euroresidentes.com\/viajes\/volar\/#\/schema\/person\/4bbb21ebb04e241332a6c1c0c1f40bc1\"},\"breadcrumb\":{\"@id\":\"https:\/\/www.euroresidentes.com\/viajes\/volar\/como-es-nuestra-personalidad-segun-e\/#breadcrumb\"},\"inLanguage\":\"es\",\"potentialAction\":[{\"@type\":\"ReadAction\",\"target\":[\"https:\/\/www.euroresidentes.com\/viajes\/volar\/como-es-nuestra-personalidad-segun-e\/\"]}]},{\"@type\":\"ImageObject\",\"inLanguage\":\"es\",\"@id\":\"https:\/\/www.euroresidentes.com\/viajes\/volar\/como-es-nuestra-personalidad-segun-e\/#primaryimage\",\"url\":\"https:\/\/www.euroresidentes.com\/viajes\/volar\/wp-content\/uploads\/sites\/2\/2014\/12\/AsientosAvion.jpg\",\"contentUrl\":\"https:\/\/www.euroresidentes.com\/viajes\/volar\/wp-content\/uploads\/sites\/2\/2014\/12\/AsientosAvion.jpg\",\"width\":600,\"height\":450},{\"@type\":\"BreadcrumbList\",\"@id\":\"https:\/\/www.euroresidentes.com\/viajes\/volar\/como-es-nuestra-personalidad-segun-e\/#breadcrumb\",\"itemListElement\":[{\"@type\":\"ListItem\",\"position\":1,\"name\":\"Portada\",\"item\":\"https:\/\/www.euroresidentes.com\/viajes\/volar\/\"},{\"@type\":\"ListItem\",\"position\":2,\"name\":\"C\u00f3mo es nuestra personalidad seg\u00fan el asiento que elegimos en un avi\u00f3n\"}]},{\"@type\":\"WebSite\",\"@id\":\"https:\/\/www.euroresidentes.com\/viajes\/volar\/#website\",\"url\":\"https:\/\/www.euroresidentes.com\/viajes\/volar\/\",\"name\":\"Volar\",\"description\":\"Volar Euroresidentes\",\"potentialAction\":[{\"@type\":\"SearchAction\",\"target\":{\"@type\":\"EntryPoint\",\"urlTemplate\":\"https:\/\/www.euroresidentes.com\/viajes\/volar\/?s={search_term_string}\"},\"query-input\":{\"@type\":\"PropertyValueSpecification\",\"valueRequired\":true,\"valueName\":\"search_term_string\"}}],\"inLanguage\":\"es\"},{\"@type\":\"Person\",\"@id\":\"https:\/\/www.euroresidentes.com\/viajes\/volar\/#\/schema\/person\/4bbb21ebb04e241332a6c1c0c1f40bc1\",\"name\":\"Euroresidentes\",\"image\":{\"@type\":\"ImageObject\",\"inLanguage\":\"es\",\"@id\":\"https:\/\/www.euroresidentes.com\/viajes\/volar\/#\/schema\/person\/image\/\",\"url\":\"https:\/\/www.euroresidentes.com\/viajes\/volar\/wp-content\/uploads\/sites\/2\/2016\/03\/logo-euroresidentes-150x150.jpg\",\"contentUrl\":\"https:\/\/www.euroresidentes.com\/viajes\/volar\/wp-content\/uploads\/sites\/2\/2016\/03\/logo-euroresidentes-150x150.jpg\",\"caption\":\"Euroresidentes\"},\"description\":\"EuroresidentesContenidos \u00fatiles que ayudan a resolver las necesidades grandes y peque\u00f1as de al vida cotidiana.\",\"sameAs\":[\"https:\/\/www.euroresidentes.com\/info.htm\"],\"url\":\"https:\/\/www.euroresidentes.com\/viajes\/volar\/author\/euroresidentes\/\"}]}<\/script>\n<!-- \/ Yoast SEO plugin. -->","yoast_head_json":{"title":"C\u00f3mo es nuestra personalidad seg\u00fan el asiento que elegimos en un avi\u00f3n - Volar","robots":{"index":"index","follow":"follow","max-snippet":"max-snippet:-1","max-image-preview":"max-image-preview:large","max-video-preview":"max-video-preview:-1"},"canonical":"https:\/\/www.euroresidentes.com\/viajes\/volar\/como-es-nuestra-personalidad-segun-e\/","og_locale":"es_ES","og_type":"article","og_title":"C\u00f3mo es nuestra personalidad seg\u00fan el asiento que elegimos en un avi\u00f3n - Volar","og_description":"\u00bfSab\u00edas que el asiento que eliges en un avi\u00f3n supuestamente dice mucho de ti? Si prefieres el pasillo: Valoras la libertad: Elegir un asiento de pasillo es una expresi\u00f3n de libertad, dado que sabes que puedes levantarte para ir al ba\u00f1o, caminar o `para ir a por una bebida o aperitivo sin tener que molestar a nadie ni pasar por encima de tu compa\u00f1ero de asiento. Eres una persona introvertida: Cuando est\u00e1n rodeadas de gente (como en un avi\u00f3n, a veces durante horas), las personas introvertidas se sienten f\u00edsicamente inc\u00f3modas y tienden a preferir permanecer en la periferia, donde hay","og_url":"https:\/\/www.euroresidentes.com\/viajes\/volar\/como-es-nuestra-personalidad-segun-e\/","og_site_name":"Volar","article_publisher":"https:\/\/www.facebook.com\/euroresidentes\/","article_published_time":"2014-12-16T18:11:00+00:00","article_modified_time":"2016-03-10T09:46:34+00:00","og_image":[{"width":600,"height":450,"url":"https:\/\/www.euroresidentes.com\/viajes\/volar\/wp-content\/uploads\/sites\/2\/2014\/12\/AsientosAvion.jpg","type":"image\/jpeg"}],"author":"Euroresidentes","twitter_card":"summary_large_image","twitter_misc":{"Written by":"Euroresidentes","Est. reading time":"4 minutos"},"schema":{"@context":"https:\/\/schema.org","@graph":[{"@type":"WebPage","@id":"https:\/\/www.euroresidentes.com\/viajes\/volar\/como-es-nuestra-personalidad-segun-e\/","url":"https:\/\/www.euroresidentes.com\/viajes\/volar\/como-es-nuestra-personalidad-segun-e\/","name":"C\u00f3mo es nuestra personalidad seg\u00fan el asiento que elegimos en un avi\u00f3n - Volar","isPartOf":{"@id":"https:\/\/www.euroresidentes.com\/viajes\/volar\/#website"},"primaryImageOfPage":{"@id":"https:\/\/www.euroresidentes.com\/viajes\/volar\/como-es-nuestra-personalidad-segun-e\/#primaryimage"},"image":{"@id":"https:\/\/www.euroresidentes.com\/viajes\/volar\/como-es-nuestra-personalidad-segun-e\/#primaryimage"},"thumbnailUrl":"https:\/\/www.euroresidentes.com\/viajes\/volar\/wp-content\/uploads\/sites\/2\/2014\/12\/AsientosAvion.jpg","datePublished":"2014-12-16T18:11:00+00:00","dateModified":"2016-03-10T09:46:34+00:00","author":{"@id":"https:\/\/www.euroresidentes.com\/viajes\/volar\/#\/schema\/person\/4bbb21ebb04e241332a6c1c0c1f40bc1"},"breadcrumb":{"@id":"https:\/\/www.euroresidentes.com\/viajes\/volar\/como-es-nuestra-personalidad-segun-e\/#breadcrumb"},"inLanguage":"es","potentialAction":[{"@type":"ReadAction","target":["https:\/\/www.euroresidentes.com\/viajes\/volar\/como-es-nuestra-personalidad-segun-e\/"]}]},{"@type":"ImageObject","inLanguage":"es","@id":"https:\/\/www.euroresidentes.com\/viajes\/volar\/como-es-nuestra-personalidad-segun-e\/#primaryimage","url":"https:\/\/www.euroresidentes.com\/viajes\/volar\/wp-content\/uploads\/sites\/2\/2014\/12\/AsientosAvion.jpg","contentUrl":"https:\/\/www.euroresidentes.com\/viajes\/volar\/wp-content\/uploads\/sites\/2\/2014\/12\/AsientosAvion.jpg","width":600,"height":450},{"@type":"BreadcrumbList","@id":"https:\/\/www.euroresidentes.com\/viajes\/volar\/como-es-nuestra-personalidad-segun-e\/#breadcrumb","itemListElement":[{"@type":"ListItem","position":1,"name":"Portada","item":"https:\/\/www.euroresidentes.com\/viajes\/volar\/"},{"@type":"ListItem","position":2,"name":"C\u00f3mo es nuestra personalidad seg\u00fan el asiento que elegimos en un avi\u00f3n"}]},{"@type":"WebSite","@id":"https:\/\/www.euroresidentes.com\/viajes\/volar\/#website","url":"https:\/\/www.euroresidentes.com\/viajes\/volar\/","name":"Volar","description":"Volar Euroresidentes","potentialAction":[{"@type":"SearchAction","target":{"@type":"EntryPoint","urlTemplate":"https:\/\/www.euroresidentes.com\/viajes\/volar\/?s={search_term_string}"},"query-input":{"@type":"PropertyValueSpecification","valueRequired":true,"valueName":"search_term_string"}}],"inLanguage":"es"},{"@type":"Person","@id":"https:\/\/www.euroresidentes.com\/viajes\/volar\/#\/schema\/person\/4bbb21ebb04e241332a6c1c0c1f40bc1","name":"Euroresidentes","image":{"@type":"ImageObject","inLanguage":"es","@id":"https:\/\/www.euroresidentes.com\/viajes\/volar\/#\/schema\/person\/image\/","url":"https:\/\/www.euroresidentes.com\/viajes\/volar\/wp-content\/uploads\/sites\/2\/2016\/03\/logo-euroresidentes-150x150.jpg","contentUrl":"https:\/\/www.euroresidentes.com\/viajes\/volar\/wp-content\/uploads\/sites\/2\/2016\/03\/logo-euroresidentes-150x150.jpg","caption":"Euroresidentes"},"description":"EuroresidentesContenidos \u00fatiles que ayudan a resolver las necesidades grandes y peque\u00f1as de al vida cotidiana.","sameAs":["https:\/\/www.euroresidentes.com\/info.htm"],"url":"https:\/\/www.euroresidentes.com\/viajes\/volar\/author\/euroresidentes\/"}]}},"_links":{"self":[{"href":"https:\/\/www.euroresidentes.com\/viajes\/volar\/wp-json\/wp\/v2\/posts\/204","targetHints":{"allow":["GET"]}}],"collection":[{"href":"https:\/\/www.euroresidentes.com\/viajes\/volar\/wp-json\/wp\/v2\/posts"}],"about":[{"href":"https:\/\/www.euroresidentes.com\/viajes\/volar\/wp-json\/wp\/v2\/types\/post"}],"author":[{"embeddable":true,"href":"https:\/\/www.euroresidentes.com\/viajes\/volar\/wp-json\/wp\/v2\/users\/1"}],"replies":[{"embeddable":true,"href":"https:\/\/www.euroresidentes.com\/viajes\/volar\/wp-json\/wp\/v2\/comments?post=204"}],"version-history":[{"count":1,"href":"https:\/\/www.euroresidentes.com\/viajes\/volar\/wp-json\/wp\/v2\/posts\/204\/revisions"}],"predecessor-version":[{"id":736,"href":"https:\/\/www.euroresidentes.com\/viajes\/volar\/wp-json\/wp\/v2\/posts\/204\/revisions\/736"}],"wp:featuredmedia":[{"embeddable":true,"href":"https:\/\/www.euroresidentes.com\/viajes\/volar\/wp-json\/wp\/v2\/media\/732"}],"wp:attachment":[{"href":"https:\/\/www.euroresidentes.com\/viajes\/volar\/wp-json\/wp\/v2\/media?parent=204"}],"wp:term":[{"taxonomy":"category","embeddable":true,"href":"https:\/\/www.euroresidentes.com\/viajes\/volar\/wp-json\/wp\/v2\/categories?post=204"},{"taxonomy":"post_tag","embeddable":true,"href":"https:\/\/www.euroresidentes.com\/viajes\/volar\/wp-json\/wp\/v2\/tags?post=204"}],"curies":[{"name":"wp","href":"https:\/\/api.w.org\/{rel}","templated":true}]}}