{"id":202,"date":"2015-01-16T13:22:00","date_gmt":"2015-01-16T13:22:00","guid":{"rendered":"https:\/\/www.euroresidentes.com\/viajes\/volar\/2014-ano-tragico-aviacion"},"modified":"2017-12-07T13:02:56","modified_gmt":"2017-12-07T12:02:56","slug":"2014-ano-tragico-aviacion","status":"publish","type":"post","link":"https:\/\/www.euroresidentes.com\/viajes\/volar\/2014-ano-tragico-aviacion\/","title":{"rendered":"\u00bfHa sido 2014 un a\u00f1o tr\u00e1gico para la aviaci\u00f3n?"},"content":{"rendered":"<div class=\"separator\" style=\"clear: both; text-align: left;\">MH370, MH17, Air Alg\u00e9ire 5017 y finalmente la desaparici\u00f3n del vuelo 8501 de AirAsia entre Indonesia y Singapur el 28 de diciembre pone fin a un <b>a\u00f1o ins\u00f3lito<\/b> para la aviaci\u00f3n.<\/div>\n<p>\n \u00bfPodr\u00eda considerarse 2014 el peor a\u00f1o de la historia reciente de la aviaci\u00f3n? S\u00ed y no, depende de c\u00f3mo definamos \u00abpeor\u00bb. 2014: el menor n\u00famero de accidentes (en los \u00faltimos 80 a\u00f1os) y al mismo mayor n\u00famero de cat\u00e1strofes (muertes) desde 2005.<\/p>\n<h3><b>ACCIDENTES de aviones en 2014<\/b><\/h3>\n<p><b><br \/>\n <\/b> Seg\u00fan el Bureau of Aircraft Accidents Archieves (BAAA), departamento con base en Ginebra que se encarga de registrar los accidentes a\u00e9reos, 2014 ha sido <b>el a\u00f1o con el menor n\u00famero de accidentes en los \u00faltimos 80 a\u00f1os.\u00a0<\/b><br \/>\n <b><br \/>\n <\/b> Con la desaparici\u00f3n del avi\u00f3n de AirAsia, ahora catalogado como accidente, en 2014 se registraron <b>un total de 111<\/b>, una cifra que no se hab\u00eda visto desde 1927.<\/p>\n<div style=\"text-align: left;\"><div id=\"attachment_1627\" style=\"width: 650px\" class=\"wp-caption aligncenter\"><a href=\"https:\/\/www.euroresidentes.com\/viajes\/volar\/wp-content\/uploads\/sites\/2\/2015\/01\/accidentes-anuales-avion.jpg\"><img loading=\"lazy\" decoding=\"async\" aria-describedby=\"caption-attachment-1627\" class=\"size-full wp-image-1627\" src=\"https:\/\/www.euroresidentes.com\/viajes\/volar\/wp-content\/uploads\/sites\/2\/2015\/01\/accidentes-anuales-avion.jpg\" alt=\"ACCIDENTES DE AVI\u00d3N\u00a0POR A\u00d1O Fuente: edition.cnn.com\/\" width=\"640\" height=\"360\" srcset=\"https:\/\/www.euroresidentes.com\/viajes\/volar\/wp-content\/uploads\/sites\/2\/2015\/01\/accidentes-anuales-avion.jpg 640w, https:\/\/www.euroresidentes.com\/viajes\/volar\/wp-content\/uploads\/sites\/2\/2015\/01\/accidentes-anuales-avion-300x169.jpg 300w\" sizes=\"auto, (max-width: 640px) 100vw, 640px\" \/><\/a><p id=\"caption-attachment-1627\" class=\"wp-caption-text\">ACCIDENTES DE AVI\u00d3N\u00a0POR A\u00d1O<br \/>\n Fuente: edition.cnn.com\/<\/p><\/div><br \/>\n \u00abSi tenemos en cuenta \u00fanicamente el n\u00famero de accidentes de avi\u00f3n, <b>volar en la actualidad es m\u00e1s seguro<\/b>\u00ab, afirma Kane Ray, analista de la Oficina de Aviaci\u00f3n Internacional, una consultora mundial de aviaci\u00f3n. \u00abSin embargo, cada vez hay m\u00e1s vuelos, por lo que naturalmente, el n\u00famero total de accidentes puede parecer similar al de otras d\u00e9cadas e incluso m\u00e1s alto en cuanto a cat\u00e1strofes\u00bb\u00a0<\/div>\n<p><b><br \/>\n <\/b> <b>CAT\u00c1STROFES DE AVIONES 2014<\/b><br \/>\n <b><\/b><br \/>\n En cuanto a las cat\u00e1strofes, <b>la cifras muestran un panorama m\u00e1s negro<\/b>. Antes de lo ocurrido con el vuelo de AirAsia QZ8501, las cat\u00e1strofes a\u00e9reas en 2014 se llevaron la vida de <b>1.158 personas<\/b>.<\/p>\n<p> El vuelo de AirAsia transportaba 162 pasajeros, de los cuales s\u00f3lo se ha confirmado la muerte de 46. Suponiendo que hubieran fallecido en el accidente todos los que iban a bordo, <b>las cifras aumentar\u00edan a 1.320 siendo 2014 el a\u00f1o con m\u00e1s v\u00edctimas desde 2005,<\/b> seg\u00fan la BAAA. 2014 ha puesto fin a un r\u00e9cord de seguridad a\u00e9rea que mejoraba constantemente.<\/p>\n<div id=\"attachment_1628\" style=\"width: 650px\" class=\"wp-caption aligncenter\"><a href=\"https:\/\/www.euroresidentes.com\/viajes\/volar\/wp-content\/uploads\/sites\/2\/2015\/01\/muertes-anuales-avion.jpg\"><img loading=\"lazy\" decoding=\"async\" aria-describedby=\"caption-attachment-1628\" class=\"wp-image-1628 size-full\" src=\"https:\/\/www.euroresidentes.com\/viajes\/volar\/wp-content\/uploads\/sites\/2\/2015\/01\/muertes-anuales-avion.jpg\" alt=\"muertes-anuales-avion\" width=\"640\" height=\"360\" srcset=\"https:\/\/www.euroresidentes.com\/viajes\/volar\/wp-content\/uploads\/sites\/2\/2015\/01\/muertes-anuales-avion.jpg 640w, https:\/\/www.euroresidentes.com\/viajes\/volar\/wp-content\/uploads\/sites\/2\/2015\/01\/muertes-anuales-avion-300x169.jpg 300w\" sizes=\"auto, (max-width: 640px) 100vw, 640px\" \/><\/a><p id=\"caption-attachment-1628\" class=\"wp-caption-text\">MUERTES POR A\u00d1O Fuente: edition.cnn.com\/<\/p><\/div>\n<p>\n \u00abCada 10 a\u00f1os aproximadamente, siempre suele haber un a\u00f1o que es menos seguro que los anteriores. Desafortunadamente 2014 ha sido uno de esos\u00bb, dec\u00eda Ronan Hubert del BAAA.<\/p>\n<p>\n En <b>2013<\/b>, 265 personas fallecieron en accidentes de avi\u00f3n, convirti\u00e9ndose en <b>el a\u00f1o m\u00e1s seguro en la historia de la aviaci\u00f3n<\/b> desde 1945, seg\u00fan la Aviation Safety Network (Red de Seguridad A\u00e9rea),<br \/>\n la cual registra el n\u00famero de accidentes de forma distinta a la BBA.<\/p>\n<p> La primera s\u00f3lo registra los accidentes de aeronaves con capacidad para transportar a 14 o m\u00e1s pasajeros, \u00a0mientras que la BAAA contabiliza los accidentes de aviones con una capacidad m\u00ednima de 6 pasajeros, adem\u00e1s de los miembros de la tripulaci\u00f3n.<\/p>\n<p> Otra diferencia clave es que la Red de Seguridad A\u00e9rea no cuenta a las v\u00edctimas del vuelo 17 de Malasya Airlines dado que los atentados o actos de sabotaje no est\u00e1n dentro de sus indicadores de seguridad.<\/p>\n<p> Por su parte, las estad\u00edsticas de la BAAA computan \u00abcualquier suceso en el que una aeronave quede inutilizada\u00bb.<\/p>\n<h3><b>UN A\u00d1O A\u00c9REO TR\u00c1GICO PARA ASIA<\/b><\/h3>\n<p><b><br \/>\n <\/b> <b>Asia<\/b> ha sido v\u00edctima de un a\u00f1o especialmente tr\u00e1gico. <\/p>\n<p> La aerol\u00ednea Malaysia Airlines ten\u00eda un r\u00e9cord de seguridad excelente, hasta que lleg\u00f3 2014:<\/p>\n<p> En marzo, el <b>vuelo 370<\/b> desapareci\u00f3 de su ruta Kuala Lumpur-Pek\u00edn con 239 pasajeros a bordo. \u00a0Las autoridades creen que el avi\u00f3n est\u00e1 en alg\u00fan lugar del Oc\u00e9ano \u00cdndico si bien 10 meses despu\u00e9s sigue desaparecido. <\/p>\n<p> En Julio, el <b>vuelo 17 <\/b>de Malaysia Airlines fue derribado al este de Ucrania. En \u00e9l perecieron las 298 personas que iban a bordo.<\/p>\n<p> Respecto a AirAsia, aunque tenga su base en Malasia, el vuelo que desapareci\u00f3 el domingo 28 de diciembre de 2014 estaba a cargo de AirAsia Indonesia, una afiliada con base de operaciones en Jakarta y Surabaya. Hasta el martes 30 de diciembre no se encontraron restos del avi\u00f3n. \u00a0Fue entonces cuando empez\u00f3 a reinar el miedo ante la desaparici\u00f3n de dos vuelos el mismo a\u00f1o y en el mismo lugar. \u00a0\u00abEsta es mi peor pesadilla\u00bb, afirmaba v\u00eda Twitter el presidente ejecutivo Tony Fernandes cuando los grupos de rescate buscaban el vuelo <b>AirAsia QZ8501<\/b>.<\/p>\n<p> El martes 30 de diciembre los equipos de b\u00fasqueda encontraban restos del vuelo de AirAsia en el mar de Java. \u00a0Antes de lo ocurrido, el r\u00e9cord de seguridad de AirAsia era casi perfecto, sin accidentes fatales previos. <\/p>\n<p> Otros dos desastres ocurridos en Julio se llevaron la vida de decenas de personas. \u00a0En Taiwan, 48 personas murieron en el <b>vuelo 222 de TransAsia Airways,<\/b> \u00a0aunque sigue sin saberse cu\u00e1l fue la causa del accidente.<\/p>\n<p> Por su parte, el <b>vuelo 5017 de AirAlg\u00e9rie<\/b> acab\u00f3 con la vida de 116 personas en su ruta Burkina Faso-Algeria. El avi\u00f3n cay\u00f3 en Mali. En este caso la causa del accidente tambi\u00e9n se desconoce, aunque se sabe que el avi\u00f3n cambi\u00f3 su ruta a causa del mal tiempo.<\/p>\n<h3><b>VOLAR EN AVI\u00d3N SIGUE SIENDO SEGURO<\/b><\/h3>\n<p><b><br \/>\n <\/b> Pese a todo esto, <b>el n\u00famero de v\u00edctimas mortales en accidentes a\u00e9reos sigue siendo mucho inferior a los accidentes de tr\u00e1fico.\u00a0<\/b><br \/>\n <b><br \/>\n <\/b> El a\u00f1o pasado, la Organizaci\u00f3n Mundial de la Salud afirmaba que cada a\u00f1o <b>mueren cerca de 1.24 millones de personas en las carreteras, <\/b>mientras que el a\u00f1o con m\u00e1s muertes en la historia de la <b>aviaci\u00f3n <\/b>fue 1972, con un total de<b> 3.346 v\u00edctimas <\/b>seg\u00fan informaba la BAAA. <\/p>\n<p> Seg\u00fan Hubert, desde entonces, la tecnolog\u00eda ha mejorado y las aerol\u00edneas, compa\u00f1\u00edas de seguros y reguladores se han preocupado por tener unos niveles de seguridad a\u00e9rea pr\u00f3ximos a cero. Afirmaba tambi\u00e9n que \u00ab<b>los accidentes no siempre se pueden evitar, pero con cada uno de ellos aprendemos algo y esto nos ayuda a mejorar\u00bb<\/b>.<\/p>\n<p> Seg\u00fan la Organizaci\u00f3n de la Aviaci\u00f3n Civil Internacional, el n\u00famero de vuelos comerciales ha aumentado en los \u00faltimos a\u00f1os, llegando a los 30 millones en 2011. <b>A pesar de las cat\u00e1strofes a\u00e9reas que han tenido lugar en 2014<\/b>, Goelz afirmaba que <b>\u00abes un \u00edndice relativamente bajo teniendo en cuenta el n\u00famero masivo de personas que vuelan en la actualidad\u00bb<\/b>. <\/p>\n<p>\n Fuente:\u00a0<a href=\"http:\/\/edition.cnn.com\/2014\/12\/29\/travel\/aviation-year-in-review\/\" target=\"_blank\">http:\/\/edition.cnn.com\/2014\/12\/29\/travel\/aviation-year-in-review\/<\/a><\/p>\n","protected":false},"excerpt":{"rendered":"<p>MH370, MH17, Air Alg\u00e9ire 5017 y finalmente la desaparici\u00f3n del vuelo 8501 de AirAsia entre Indonesia y Singapur el 28 de diciembre pone fin a un a\u00f1o ins\u00f3lito para la aviaci\u00f3n. \u00bfPodr\u00eda considerarse 2014 el peor a\u00f1o de la historia reciente de la aviaci\u00f3n? S\u00ed y no, depende de c\u00f3mo definamos \u00abpeor\u00bb. 2014: el menor n\u00famero de accidentes (en los \u00faltimos 80 a\u00f1os) y al mismo mayor n\u00famero de cat\u00e1strofes (muertes) desde 2005. ACCIDENTES de aviones en 2014 Seg\u00fan el Bureau of Aircraft Accidents Archieves (BAAA), departamento con base en Ginebra que se encarga de registrar los accidentes a\u00e9reos, 2014 <\/p>\n","protected":false},"author":1,"featured_media":1628,"comment_status":"open","ping_status":"open","sticky":false,"template":"","format":"standard","meta":{"footnotes":""},"categories":[1],"tags":[],"class_list":["post-202","post","type-post","status-publish","format-standard","has-post-thumbnail","hentry","category-general","has_thumb"],"yoast_head":"<!-- This site is optimized with the Yoast SEO plugin v24.1 - https:\/\/yoast.com\/wordpress\/plugins\/seo\/ -->\n<title>\u00bfHa sido 2014 un a\u00f1o tr\u00e1gico para la aviaci\u00f3n? - Volar<\/title>\n<meta name=\"robots\" content=\"index, follow, max-snippet:-1, max-image-preview:large, max-video-preview:-1\" \/>\n<link rel=\"canonical\" href=\"https:\/\/www.euroresidentes.com\/viajes\/volar\/2014-ano-tragico-aviacion\/\" \/>\n<meta property=\"og:locale\" content=\"es_ES\" \/>\n<meta property=\"og:type\" content=\"article\" \/>\n<meta property=\"og:title\" content=\"\u00bfHa sido 2014 un a\u00f1o tr\u00e1gico para la aviaci\u00f3n? - Volar\" \/>\n<meta property=\"og:description\" content=\"MH370, MH17, Air Alg\u00e9ire 5017 y finalmente la desaparici\u00f3n del vuelo 8501 de AirAsia entre Indonesia y Singapur el 28 de diciembre pone fin a un a\u00f1o ins\u00f3lito para la aviaci\u00f3n. \u00bfPodr\u00eda considerarse 2014 el peor a\u00f1o de la historia reciente de la aviaci\u00f3n? S\u00ed y no, depende de c\u00f3mo definamos \u00abpeor\u00bb. 2014: el menor n\u00famero de accidentes (en los \u00faltimos 80 a\u00f1os) y al mismo mayor n\u00famero de cat\u00e1strofes (muertes) desde 2005. ACCIDENTES de aviones en 2014 Seg\u00fan el Bureau of Aircraft Accidents Archieves (BAAA), departamento con base en Ginebra que se encarga de registrar los accidentes a\u00e9reos, 2014\" \/>\n<meta property=\"og:url\" content=\"https:\/\/www.euroresidentes.com\/viajes\/volar\/2014-ano-tragico-aviacion\/\" \/>\n<meta property=\"og:site_name\" content=\"Volar\" \/>\n<meta property=\"article:publisher\" content=\"https:\/\/www.facebook.com\/euroresidentes\/\" \/>\n<meta property=\"article:published_time\" content=\"2015-01-16T13:22:00+00:00\" \/>\n<meta property=\"article:modified_time\" content=\"2017-12-07T12:02:56+00:00\" \/>\n<meta property=\"og:image\" content=\"https:\/\/www.euroresidentes.com\/viajes\/volar\/wp-content\/uploads\/sites\/2\/2015\/01\/muertes-anuales-avion.jpg\" \/>\n\t<meta property=\"og:image:width\" content=\"640\" \/>\n\t<meta property=\"og:image:height\" content=\"360\" \/>\n\t<meta property=\"og:image:type\" content=\"image\/jpeg\" \/>\n<meta name=\"author\" content=\"Euroresidentes\" \/>\n<meta name=\"twitter:card\" content=\"summary_large_image\" \/>\n<meta name=\"twitter:label1\" content=\"Written by\" \/>\n\t<meta name=\"twitter:data1\" content=\"Euroresidentes\" \/>\n\t<meta name=\"twitter:label2\" content=\"Est. reading time\" \/>\n\t<meta name=\"twitter:data2\" content=\"5 minutos\" \/>\n<script type=\"application\/ld+json\" class=\"yoast-schema-graph\">{\"@context\":\"https:\/\/schema.org\",\"@graph\":[{\"@type\":\"WebPage\",\"@id\":\"https:\/\/www.euroresidentes.com\/viajes\/volar\/2014-ano-tragico-aviacion\/\",\"url\":\"https:\/\/www.euroresidentes.com\/viajes\/volar\/2014-ano-tragico-aviacion\/\",\"name\":\"\u00bfHa sido 2014 un a\u00f1o tr\u00e1gico para la aviaci\u00f3n? - Volar\",\"isPartOf\":{\"@id\":\"https:\/\/www.euroresidentes.com\/viajes\/volar\/#website\"},\"primaryImageOfPage\":{\"@id\":\"https:\/\/www.euroresidentes.com\/viajes\/volar\/2014-ano-tragico-aviacion\/#primaryimage\"},\"image\":{\"@id\":\"https:\/\/www.euroresidentes.com\/viajes\/volar\/2014-ano-tragico-aviacion\/#primaryimage\"},\"thumbnailUrl\":\"https:\/\/www.euroresidentes.com\/viajes\/volar\/wp-content\/uploads\/sites\/2\/2015\/01\/muertes-anuales-avion.jpg\",\"datePublished\":\"2015-01-16T13:22:00+00:00\",\"dateModified\":\"2017-12-07T12:02:56+00:00\",\"author\":{\"@id\":\"https:\/\/www.euroresidentes.com\/viajes\/volar\/#\/schema\/person\/4bbb21ebb04e241332a6c1c0c1f40bc1\"},\"breadcrumb\":{\"@id\":\"https:\/\/www.euroresidentes.com\/viajes\/volar\/2014-ano-tragico-aviacion\/#breadcrumb\"},\"inLanguage\":\"es\",\"potentialAction\":[{\"@type\":\"ReadAction\",\"target\":[\"https:\/\/www.euroresidentes.com\/viajes\/volar\/2014-ano-tragico-aviacion\/\"]}]},{\"@type\":\"ImageObject\",\"inLanguage\":\"es\",\"@id\":\"https:\/\/www.euroresidentes.com\/viajes\/volar\/2014-ano-tragico-aviacion\/#primaryimage\",\"url\":\"https:\/\/www.euroresidentes.com\/viajes\/volar\/wp-content\/uploads\/sites\/2\/2015\/01\/muertes-anuales-avion.jpg\",\"contentUrl\":\"https:\/\/www.euroresidentes.com\/viajes\/volar\/wp-content\/uploads\/sites\/2\/2015\/01\/muertes-anuales-avion.jpg\",\"width\":640,\"height\":360},{\"@type\":\"BreadcrumbList\",\"@id\":\"https:\/\/www.euroresidentes.com\/viajes\/volar\/2014-ano-tragico-aviacion\/#breadcrumb\",\"itemListElement\":[{\"@type\":\"ListItem\",\"position\":1,\"name\":\"Portada\",\"item\":\"https:\/\/www.euroresidentes.com\/viajes\/volar\/\"},{\"@type\":\"ListItem\",\"position\":2,\"name\":\"\u00bfHa sido 2014 un a\u00f1o tr\u00e1gico para la aviaci\u00f3n?\"}]},{\"@type\":\"WebSite\",\"@id\":\"https:\/\/www.euroresidentes.com\/viajes\/volar\/#website\",\"url\":\"https:\/\/www.euroresidentes.com\/viajes\/volar\/\",\"name\":\"Volar\",\"description\":\"Volar Euroresidentes\",\"potentialAction\":[{\"@type\":\"SearchAction\",\"target\":{\"@type\":\"EntryPoint\",\"urlTemplate\":\"https:\/\/www.euroresidentes.com\/viajes\/volar\/?s={search_term_string}\"},\"query-input\":{\"@type\":\"PropertyValueSpecification\",\"valueRequired\":true,\"valueName\":\"search_term_string\"}}],\"inLanguage\":\"es\"},{\"@type\":\"Person\",\"@id\":\"https:\/\/www.euroresidentes.com\/viajes\/volar\/#\/schema\/person\/4bbb21ebb04e241332a6c1c0c1f40bc1\",\"name\":\"Euroresidentes\",\"image\":{\"@type\":\"ImageObject\",\"inLanguage\":\"es\",\"@id\":\"https:\/\/www.euroresidentes.com\/viajes\/volar\/#\/schema\/person\/image\/\",\"url\":\"https:\/\/www.euroresidentes.com\/viajes\/volar\/wp-content\/uploads\/sites\/2\/2016\/03\/logo-euroresidentes-150x150.jpg\",\"contentUrl\":\"https:\/\/www.euroresidentes.com\/viajes\/volar\/wp-content\/uploads\/sites\/2\/2016\/03\/logo-euroresidentes-150x150.jpg\",\"caption\":\"Euroresidentes\"},\"description\":\"EuroresidentesContenidos \u00fatiles que ayudan a resolver las necesidades grandes y peque\u00f1as de al vida cotidiana.\",\"sameAs\":[\"https:\/\/www.euroresidentes.com\/info.htm\"],\"url\":\"https:\/\/www.euroresidentes.com\/viajes\/volar\/author\/euroresidentes\/\"}]}<\/script>\n<!-- \/ Yoast SEO plugin. -->","yoast_head_json":{"title":"\u00bfHa sido 2014 un a\u00f1o tr\u00e1gico para la aviaci\u00f3n? - Volar","robots":{"index":"index","follow":"follow","max-snippet":"max-snippet:-1","max-image-preview":"max-image-preview:large","max-video-preview":"max-video-preview:-1"},"canonical":"https:\/\/www.euroresidentes.com\/viajes\/volar\/2014-ano-tragico-aviacion\/","og_locale":"es_ES","og_type":"article","og_title":"\u00bfHa sido 2014 un a\u00f1o tr\u00e1gico para la aviaci\u00f3n? - Volar","og_description":"MH370, MH17, Air Alg\u00e9ire 5017 y finalmente la desaparici\u00f3n del vuelo 8501 de AirAsia entre Indonesia y Singapur el 28 de diciembre pone fin a un a\u00f1o ins\u00f3lito para la aviaci\u00f3n. \u00bfPodr\u00eda considerarse 2014 el peor a\u00f1o de la historia reciente de la aviaci\u00f3n? S\u00ed y no, depende de c\u00f3mo definamos \u00abpeor\u00bb. 2014: el menor n\u00famero de accidentes (en los \u00faltimos 80 a\u00f1os) y al mismo mayor n\u00famero de cat\u00e1strofes (muertes) desde 2005. ACCIDENTES de aviones en 2014 Seg\u00fan el Bureau of Aircraft Accidents Archieves (BAAA), departamento con base en Ginebra que se encarga de registrar los accidentes a\u00e9reos, 2014","og_url":"https:\/\/www.euroresidentes.com\/viajes\/volar\/2014-ano-tragico-aviacion\/","og_site_name":"Volar","article_publisher":"https:\/\/www.facebook.com\/euroresidentes\/","article_published_time":"2015-01-16T13:22:00+00:00","article_modified_time":"2017-12-07T12:02:56+00:00","og_image":[{"width":640,"height":360,"url":"https:\/\/www.euroresidentes.com\/viajes\/volar\/wp-content\/uploads\/sites\/2\/2015\/01\/muertes-anuales-avion.jpg","type":"image\/jpeg"}],"author":"Euroresidentes","twitter_card":"summary_large_image","twitter_misc":{"Written by":"Euroresidentes","Est. reading time":"5 minutos"},"schema":{"@context":"https:\/\/schema.org","@graph":[{"@type":"WebPage","@id":"https:\/\/www.euroresidentes.com\/viajes\/volar\/2014-ano-tragico-aviacion\/","url":"https:\/\/www.euroresidentes.com\/viajes\/volar\/2014-ano-tragico-aviacion\/","name":"\u00bfHa sido 2014 un a\u00f1o tr\u00e1gico para la aviaci\u00f3n? - Volar","isPartOf":{"@id":"https:\/\/www.euroresidentes.com\/viajes\/volar\/#website"},"primaryImageOfPage":{"@id":"https:\/\/www.euroresidentes.com\/viajes\/volar\/2014-ano-tragico-aviacion\/#primaryimage"},"image":{"@id":"https:\/\/www.euroresidentes.com\/viajes\/volar\/2014-ano-tragico-aviacion\/#primaryimage"},"thumbnailUrl":"https:\/\/www.euroresidentes.com\/viajes\/volar\/wp-content\/uploads\/sites\/2\/2015\/01\/muertes-anuales-avion.jpg","datePublished":"2015-01-16T13:22:00+00:00","dateModified":"2017-12-07T12:02:56+00:00","author":{"@id":"https:\/\/www.euroresidentes.com\/viajes\/volar\/#\/schema\/person\/4bbb21ebb04e241332a6c1c0c1f40bc1"},"breadcrumb":{"@id":"https:\/\/www.euroresidentes.com\/viajes\/volar\/2014-ano-tragico-aviacion\/#breadcrumb"},"inLanguage":"es","potentialAction":[{"@type":"ReadAction","target":["https:\/\/www.euroresidentes.com\/viajes\/volar\/2014-ano-tragico-aviacion\/"]}]},{"@type":"ImageObject","inLanguage":"es","@id":"https:\/\/www.euroresidentes.com\/viajes\/volar\/2014-ano-tragico-aviacion\/#primaryimage","url":"https:\/\/www.euroresidentes.com\/viajes\/volar\/wp-content\/uploads\/sites\/2\/2015\/01\/muertes-anuales-avion.jpg","contentUrl":"https:\/\/www.euroresidentes.com\/viajes\/volar\/wp-content\/uploads\/sites\/2\/2015\/01\/muertes-anuales-avion.jpg","width":640,"height":360},{"@type":"BreadcrumbList","@id":"https:\/\/www.euroresidentes.com\/viajes\/volar\/2014-ano-tragico-aviacion\/#breadcrumb","itemListElement":[{"@type":"ListItem","position":1,"name":"Portada","item":"https:\/\/www.euroresidentes.com\/viajes\/volar\/"},{"@type":"ListItem","position":2,"name":"\u00bfHa sido 2014 un a\u00f1o tr\u00e1gico para la aviaci\u00f3n?"}]},{"@type":"WebSite","@id":"https:\/\/www.euroresidentes.com\/viajes\/volar\/#website","url":"https:\/\/www.euroresidentes.com\/viajes\/volar\/","name":"Volar","description":"Volar Euroresidentes","potentialAction":[{"@type":"SearchAction","target":{"@type":"EntryPoint","urlTemplate":"https:\/\/www.euroresidentes.com\/viajes\/volar\/?s={search_term_string}"},"query-input":{"@type":"PropertyValueSpecification","valueRequired":true,"valueName":"search_term_string"}}],"inLanguage":"es"},{"@type":"Person","@id":"https:\/\/www.euroresidentes.com\/viajes\/volar\/#\/schema\/person\/4bbb21ebb04e241332a6c1c0c1f40bc1","name":"Euroresidentes","image":{"@type":"ImageObject","inLanguage":"es","@id":"https:\/\/www.euroresidentes.com\/viajes\/volar\/#\/schema\/person\/image\/","url":"https:\/\/www.euroresidentes.com\/viajes\/volar\/wp-content\/uploads\/sites\/2\/2016\/03\/logo-euroresidentes-150x150.jpg","contentUrl":"https:\/\/www.euroresidentes.com\/viajes\/volar\/wp-content\/uploads\/sites\/2\/2016\/03\/logo-euroresidentes-150x150.jpg","caption":"Euroresidentes"},"description":"EuroresidentesContenidos \u00fatiles que ayudan a resolver las necesidades grandes y peque\u00f1as de al vida cotidiana.","sameAs":["https:\/\/www.euroresidentes.com\/info.htm"],"url":"https:\/\/www.euroresidentes.com\/viajes\/volar\/author\/euroresidentes\/"}]}},"_links":{"self":[{"href":"https:\/\/www.euroresidentes.com\/viajes\/volar\/wp-json\/wp\/v2\/posts\/202","targetHints":{"allow":["GET"]}}],"collection":[{"href":"https:\/\/www.euroresidentes.com\/viajes\/volar\/wp-json\/wp\/v2\/posts"}],"about":[{"href":"https:\/\/www.euroresidentes.com\/viajes\/volar\/wp-json\/wp\/v2\/types\/post"}],"author":[{"embeddable":true,"href":"https:\/\/www.euroresidentes.com\/viajes\/volar\/wp-json\/wp\/v2\/users\/1"}],"replies":[{"embeddable":true,"href":"https:\/\/www.euroresidentes.com\/viajes\/volar\/wp-json\/wp\/v2\/comments?post=202"}],"version-history":[{"count":4,"href":"https:\/\/www.euroresidentes.com\/viajes\/volar\/wp-json\/wp\/v2\/posts\/202\/revisions"}],"predecessor-version":[{"id":1632,"href":"https:\/\/www.euroresidentes.com\/viajes\/volar\/wp-json\/wp\/v2\/posts\/202\/revisions\/1632"}],"wp:featuredmedia":[{"embeddable":true,"href":"https:\/\/www.euroresidentes.com\/viajes\/volar\/wp-json\/wp\/v2\/media\/1628"}],"wp:attachment":[{"href":"https:\/\/www.euroresidentes.com\/viajes\/volar\/wp-json\/wp\/v2\/media?parent=202"}],"wp:term":[{"taxonomy":"category","embeddable":true,"href":"https:\/\/www.euroresidentes.com\/viajes\/volar\/wp-json\/wp\/v2\/categories?post=202"},{"taxonomy":"post_tag","embeddable":true,"href":"https:\/\/www.euroresidentes.com\/viajes\/volar\/wp-json\/wp\/v2\/tags?post=202"}],"curies":[{"name":"wp","href":"https:\/\/api.w.org\/{rel}","templated":true}]}}