{"id":189,"date":"2015-09-07T16:34:00","date_gmt":"2015-09-07T16:34:00","guid":{"rendered":"https:\/\/www.euroresidentes.com\/viajes\/volar\/aeromexico-realiza-el-primer-vuelo"},"modified":"2018-08-08T13:32:58","modified_gmt":"2018-08-08T11:32:58","slug":"aeromexico-realiza-el-primer-vuelo","status":"publish","type":"post","link":"https:\/\/www.euroresidentes.com\/viajes\/volar\/aeromexico-realiza-el-primer-vuelo\/","title":{"rendered":"Primer vuelo transpac\u00edfico tripulado s\u00f3lo por mujeres. \u00bfGran avance en igualdad?"},"content":{"rendered":"<p>El 27 de agosto de 2015, 13 mujeres de la aerol\u00ednea Aerom\u00e9xico hicieron historia al ser la <b>primera tripulaci\u00f3n de un vuelo transpac\u00edfico integrada \u00fanicamente por mujeres<\/b>. Como en todo evento sin precedentes, la noticia ha tenido una gran repercusi\u00f3n, especialmente en los EE.UU. Sin embargo, analizando la noticia con m\u00e1s detalle, lo que en un principio podr\u00eda parecer un enorme avance en la igualdad entre hombres y mujeres dentro del campo de la aviaci\u00f3n, podr\u00eda ser en realidad un indicativo de su carencia. <\/p>\n<div class=\"separator\" style=\"clear: both; text-align: center;\"><a style=\"margin-left: 1em; margin-right: 1em;\" href=\"https:\/\/www.euroresidentes.com\/viajes\/volar\/wp-content\/uploads\/sites\/2\/2015\/09\/Aeromexico-tripulacion-mujeres.jpg\"><img decoding=\"async\" title=\"\" src=\"https:\/\/www.euroresidentes.com\/viajes\/volar\/wp-content\/uploads\/sites\/2\/2015\/09\/Aeromexico-tripulacion-mujeres.jpg\" alt=\"Tripulaci\u00f3n de cabina del vuelo de Aerom\u00e9xico\" border=\"0\" \/><\/a><\/div>\n<p>La aerol\u00ednea mexicana revel\u00f3 en un comunicado de prensa que la tripulaci\u00f3n del vuelo AM098, con una ruta que atravesaba el Pac\u00edfico, estaba formada \u00edntegramente por mujeres: la capitana Ver\u00f3nica Cervantes y sus dos co-capitanas: Genoveva Leipold y Myriam L\u00f3pez; junto con 10 auxiliares de vuelo: Sandra Pichardo, Martha Jimenez, Ofelia Castillo, Alma Heredia, Sara Bautista, Sandra Monroy, White Austria, Gloria Peralta, Blanca Estela Taylor y Alejandra Mercado.<\/p>\n<p><b>Las 13 mujeres transportaron a m\u00e1s de 170 pasajeros en un Boeing 777<\/b>, el avi\u00f3n m\u00e1s grande de la flota de Aerom\u00e9xico. El vuelo dur\u00f3 m\u00e1s de 15 horas, en las que recorrieron los 11.049 kil\u00f3metros que separan la Ciudad de M\u00e9xico de Shanghai, con una escala en Tijuana.<\/p>\n<p><\/p>\n<div class=\"separator\" style=\"clear: both; text-align: center;\"><a style=\"margin-left: 1em; margin-right: 1em;\" href=\"https:\/\/www.euroresidentes.com\/viajes\/volar\/wp-content\/uploads\/sites\/2\/2015\/09\/Aeromexico-tripulacion-completa.jpg\"><img decoding=\"async\" title=\"\" src=\"https:\/\/www.euroresidentes.com\/viajes\/volar\/wp-content\/uploads\/sites\/2\/2015\/09\/Aeromexico-tripulacion-completa.jpg\" alt=\"Tripulaci\u00f3n completa del vuelo de Aerom\u00e9xico\" border=\"0\" \/><\/a><\/div>\n<p>En la actualidad, el personal femenino de la l\u00ednea a\u00e9rea consta de 50 pilotos y m\u00e1s de 1.800 auxiliares de vuelo. <\/p>\n<p>Seg\u00fan la aerol\u00ednea, <b>el vuelo se program\u00f3 con el respaldo de la Asociaci\u00f3n Sindical de Pilotos Aviadores de M\u00e9xico (ASPA) y la Asociaci\u00f3n de Auxiliares de Vuelo de M\u00e9xico<\/b>. Y el prop\u00f3sito es asegurar que este tipo de vuelos se implementan de forma regular. <\/p>\n<p><b>La noticia ha tenido un enorme impacto<\/b> en los EE.UU., al ser la primera vez en la historia que se da esta situaci\u00f3n. No obstante, no podemos evitar preguntarnos si alguna vez ha habido un vuelo transpac\u00edfico comercial con una tripulaci\u00f3n formada \u00edntegramente por hombres dado que, tradicionalmente, las auxiliares de vuelo siempre han sido mayoritariamente mujeres. Es probable que no. \u00bfTendr\u00eda tanta repercusi\u00f3n la noticia en ese caso?<\/p>\n<p>Tambi\u00e9n resulta llamativo que la aerol\u00ednea resalte en su comunicado que el vuelo se program\u00f3 \u201ccon el respaldo\u201d de las asociaciones de pilotos y auxiliares. \u00bfRealmente era necesario este respaldo?<\/p>\n<p>Hoy en d\u00eda, en pleno siglo XXI, <b>no deber\u00eda haber ninguna duda de que una mujer piloto es tan competente como un hombre<\/b> para realizar su trabajo si ambos tienen la misma formaci\u00f3n y experiencia.<\/p>\n<p>Sin duda, esta noticia es una muestra de que todav\u00eda queda mucho por hacer en cuanto a igualdad entre hombres y mujeres. S\u00f3lo <b>podremos hablar de \u201cigualdad\u201d cuando un vuelo tripulado \u00edntegramente por mujeres no tenga que ser programado ni sea noticia<\/b>, sino una simple y curiosa coincidencia.<\/p>\n<p><\/p>\n<h3><b>Seguir leyendo:<\/b><\/h3>\n<ul>\n<li><a href=\"http:\/\/noticias-vuelos-baratos.euroresidentes.com\/2015\/04\/como-ser-piloto-de-aerolineas.html\" target=\"_blank\" rel=\"noopener\">C\u00f3mo se llega a ser piloto de aerol\u00edneas<\/a><\/li>\n<li><a href=\"http:\/\/mujeres-que-rompen-moldes.euroresidentes.com\/\" target=\"_blank\" rel=\"noopener\">Mujeres que rompen moldes<\/a><\/li>\n<li><a href=\"http:\/\/noticias-internet.euroresidentes.com\/2014\/05\/las-10-mujeres-mas-influyentes-en-la.html\" target=\"_blank\" rel=\"noopener\">Las 10 mujeres m\u00e1s influyentes en la tecnolog\u00eda mundial<\/a><\/li>\n<\/ul>\n<p>&nbsp;<\/p>\n","protected":false},"excerpt":{"rendered":"<p>El 27 de agosto de 2015, 13 mujeres de la aerol\u00ednea Aerom\u00e9xico hicieron historia al ser la primera tripulaci\u00f3n de un vuelo transpac\u00edfico integrada \u00fanicamente por mujeres. Como en todo evento sin precedentes, la noticia ha tenido una gran repercusi\u00f3n, especialmente en los EE.UU. Sin embargo, analizando la noticia con m\u00e1s detalle, lo que en un principio podr\u00eda parecer un enorme avance en la igualdad entre hombres y mujeres dentro del campo de la aviaci\u00f3n, podr\u00eda ser en realidad un indicativo de su carencia. La aerol\u00ednea mexicana revel\u00f3 en un comunicado de prensa que la tripulaci\u00f3n del vuelo AM098, con <\/p>\n","protected":false},"author":1,"featured_media":655,"comment_status":"open","ping_status":"open","sticky":false,"template":"","format":"standard","meta":{"footnotes":""},"categories":[1],"tags":[],"class_list":["post-189","post","type-post","status-publish","format-standard","has-post-thumbnail","hentry","category-general","has_thumb"],"yoast_head":"<!-- This site is optimized with the Yoast SEO plugin v24.1 - https:\/\/yoast.com\/wordpress\/plugins\/seo\/ -->\n<title>Primer vuelo transpac\u00edfico tripulado s\u00f3lo por mujeres. \u00bfGran avance en igualdad? - Volar<\/title>\n<meta name=\"robots\" content=\"index, follow, max-snippet:-1, max-image-preview:large, max-video-preview:-1\" \/>\n<link rel=\"canonical\" href=\"https:\/\/www.euroresidentes.com\/viajes\/volar\/aeromexico-realiza-el-primer-vuelo\/\" \/>\n<meta property=\"og:locale\" content=\"es_ES\" \/>\n<meta property=\"og:type\" content=\"article\" \/>\n<meta property=\"og:title\" content=\"Primer vuelo transpac\u00edfico tripulado s\u00f3lo por mujeres. \u00bfGran avance en igualdad? - Volar\" \/>\n<meta property=\"og:description\" content=\"El 27 de agosto de 2015, 13 mujeres de la aerol\u00ednea Aerom\u00e9xico hicieron historia al ser la primera tripulaci\u00f3n de un vuelo transpac\u00edfico integrada \u00fanicamente por mujeres. Como en todo evento sin precedentes, la noticia ha tenido una gran repercusi\u00f3n, especialmente en los EE.UU. Sin embargo, analizando la noticia con m\u00e1s detalle, lo que en un principio podr\u00eda parecer un enorme avance en la igualdad entre hombres y mujeres dentro del campo de la aviaci\u00f3n, podr\u00eda ser en realidad un indicativo de su carencia. La aerol\u00ednea mexicana revel\u00f3 en un comunicado de prensa que la tripulaci\u00f3n del vuelo AM098, con\" \/>\n<meta property=\"og:url\" content=\"https:\/\/www.euroresidentes.com\/viajes\/volar\/aeromexico-realiza-el-primer-vuelo\/\" \/>\n<meta property=\"og:site_name\" content=\"Volar\" \/>\n<meta property=\"article:publisher\" content=\"https:\/\/www.facebook.com\/euroresidentes\/\" \/>\n<meta property=\"article:published_time\" content=\"2015-09-07T16:34:00+00:00\" \/>\n<meta property=\"article:modified_time\" content=\"2018-08-08T11:32:58+00:00\" \/>\n<meta property=\"og:image\" content=\"https:\/\/www.euroresidentes.com\/viajes\/volar\/wp-content\/uploads\/sites\/2\/2015\/09\/Aeromexico-tripulacion-mujeres.jpg\" \/>\n\t<meta property=\"og:image:width\" content=\"600\" \/>\n\t<meta property=\"og:image:height\" content=\"450\" \/>\n\t<meta property=\"og:image:type\" content=\"image\/jpeg\" \/>\n<meta name=\"author\" content=\"Euroresidentes\" \/>\n<meta name=\"twitter:card\" content=\"summary_large_image\" \/>\n<meta name=\"twitter:label1\" content=\"Written by\" \/>\n\t<meta name=\"twitter:data1\" content=\"Euroresidentes\" \/>\n\t<meta name=\"twitter:label2\" content=\"Est. reading time\" \/>\n\t<meta name=\"twitter:data2\" content=\"3 minutos\" \/>\n<script type=\"application\/ld+json\" class=\"yoast-schema-graph\">{\"@context\":\"https:\/\/schema.org\",\"@graph\":[{\"@type\":\"WebPage\",\"@id\":\"https:\/\/www.euroresidentes.com\/viajes\/volar\/aeromexico-realiza-el-primer-vuelo\/\",\"url\":\"https:\/\/www.euroresidentes.com\/viajes\/volar\/aeromexico-realiza-el-primer-vuelo\/\",\"name\":\"Primer vuelo transpac\u00edfico tripulado s\u00f3lo por mujeres. \u00bfGran avance en igualdad? - Volar\",\"isPartOf\":{\"@id\":\"https:\/\/www.euroresidentes.com\/viajes\/volar\/#website\"},\"primaryImageOfPage\":{\"@id\":\"https:\/\/www.euroresidentes.com\/viajes\/volar\/aeromexico-realiza-el-primer-vuelo\/#primaryimage\"},\"image\":{\"@id\":\"https:\/\/www.euroresidentes.com\/viajes\/volar\/aeromexico-realiza-el-primer-vuelo\/#primaryimage\"},\"thumbnailUrl\":\"https:\/\/www.euroresidentes.com\/viajes\/volar\/wp-content\/uploads\/sites\/2\/2015\/09\/Aeromexico-tripulacion-mujeres.jpg\",\"datePublished\":\"2015-09-07T16:34:00+00:00\",\"dateModified\":\"2018-08-08T11:32:58+00:00\",\"author\":{\"@id\":\"https:\/\/www.euroresidentes.com\/viajes\/volar\/#\/schema\/person\/4bbb21ebb04e241332a6c1c0c1f40bc1\"},\"breadcrumb\":{\"@id\":\"https:\/\/www.euroresidentes.com\/viajes\/volar\/aeromexico-realiza-el-primer-vuelo\/#breadcrumb\"},\"inLanguage\":\"es\",\"potentialAction\":[{\"@type\":\"ReadAction\",\"target\":[\"https:\/\/www.euroresidentes.com\/viajes\/volar\/aeromexico-realiza-el-primer-vuelo\/\"]}]},{\"@type\":\"ImageObject\",\"inLanguage\":\"es\",\"@id\":\"https:\/\/www.euroresidentes.com\/viajes\/volar\/aeromexico-realiza-el-primer-vuelo\/#primaryimage\",\"url\":\"https:\/\/www.euroresidentes.com\/viajes\/volar\/wp-content\/uploads\/sites\/2\/2015\/09\/Aeromexico-tripulacion-mujeres.jpg\",\"contentUrl\":\"https:\/\/www.euroresidentes.com\/viajes\/volar\/wp-content\/uploads\/sites\/2\/2015\/09\/Aeromexico-tripulacion-mujeres.jpg\",\"width\":600,\"height\":450},{\"@type\":\"BreadcrumbList\",\"@id\":\"https:\/\/www.euroresidentes.com\/viajes\/volar\/aeromexico-realiza-el-primer-vuelo\/#breadcrumb\",\"itemListElement\":[{\"@type\":\"ListItem\",\"position\":1,\"name\":\"Portada\",\"item\":\"https:\/\/www.euroresidentes.com\/viajes\/volar\/\"},{\"@type\":\"ListItem\",\"position\":2,\"name\":\"Primer vuelo transpac\u00edfico tripulado s\u00f3lo por mujeres. \u00bfGran avance en igualdad?\"}]},{\"@type\":\"WebSite\",\"@id\":\"https:\/\/www.euroresidentes.com\/viajes\/volar\/#website\",\"url\":\"https:\/\/www.euroresidentes.com\/viajes\/volar\/\",\"name\":\"Volar\",\"description\":\"Volar Euroresidentes\",\"potentialAction\":[{\"@type\":\"SearchAction\",\"target\":{\"@type\":\"EntryPoint\",\"urlTemplate\":\"https:\/\/www.euroresidentes.com\/viajes\/volar\/?s={search_term_string}\"},\"query-input\":{\"@type\":\"PropertyValueSpecification\",\"valueRequired\":true,\"valueName\":\"search_term_string\"}}],\"inLanguage\":\"es\"},{\"@type\":\"Person\",\"@id\":\"https:\/\/www.euroresidentes.com\/viajes\/volar\/#\/schema\/person\/4bbb21ebb04e241332a6c1c0c1f40bc1\",\"name\":\"Euroresidentes\",\"image\":{\"@type\":\"ImageObject\",\"inLanguage\":\"es\",\"@id\":\"https:\/\/www.euroresidentes.com\/viajes\/volar\/#\/schema\/person\/image\/\",\"url\":\"https:\/\/www.euroresidentes.com\/viajes\/volar\/wp-content\/uploads\/sites\/2\/2016\/03\/logo-euroresidentes-150x150.jpg\",\"contentUrl\":\"https:\/\/www.euroresidentes.com\/viajes\/volar\/wp-content\/uploads\/sites\/2\/2016\/03\/logo-euroresidentes-150x150.jpg\",\"caption\":\"Euroresidentes\"},\"description\":\"EuroresidentesContenidos \u00fatiles que ayudan a resolver las necesidades grandes y peque\u00f1as de al vida cotidiana.\",\"sameAs\":[\"https:\/\/www.euroresidentes.com\/info.htm\"],\"url\":\"https:\/\/www.euroresidentes.com\/viajes\/volar\/author\/euroresidentes\/\"}]}<\/script>\n<!-- \/ Yoast SEO plugin. -->","yoast_head_json":{"title":"Primer vuelo transpac\u00edfico tripulado s\u00f3lo por mujeres. \u00bfGran avance en igualdad? - Volar","robots":{"index":"index","follow":"follow","max-snippet":"max-snippet:-1","max-image-preview":"max-image-preview:large","max-video-preview":"max-video-preview:-1"},"canonical":"https:\/\/www.euroresidentes.com\/viajes\/volar\/aeromexico-realiza-el-primer-vuelo\/","og_locale":"es_ES","og_type":"article","og_title":"Primer vuelo transpac\u00edfico tripulado s\u00f3lo por mujeres. \u00bfGran avance en igualdad? - Volar","og_description":"El 27 de agosto de 2015, 13 mujeres de la aerol\u00ednea Aerom\u00e9xico hicieron historia al ser la primera tripulaci\u00f3n de un vuelo transpac\u00edfico integrada \u00fanicamente por mujeres. Como en todo evento sin precedentes, la noticia ha tenido una gran repercusi\u00f3n, especialmente en los EE.UU. Sin embargo, analizando la noticia con m\u00e1s detalle, lo que en un principio podr\u00eda parecer un enorme avance en la igualdad entre hombres y mujeres dentro del campo de la aviaci\u00f3n, podr\u00eda ser en realidad un indicativo de su carencia. La aerol\u00ednea mexicana revel\u00f3 en un comunicado de prensa que la tripulaci\u00f3n del vuelo AM098, con","og_url":"https:\/\/www.euroresidentes.com\/viajes\/volar\/aeromexico-realiza-el-primer-vuelo\/","og_site_name":"Volar","article_publisher":"https:\/\/www.facebook.com\/euroresidentes\/","article_published_time":"2015-09-07T16:34:00+00:00","article_modified_time":"2018-08-08T11:32:58+00:00","og_image":[{"width":600,"height":450,"url":"https:\/\/www.euroresidentes.com\/viajes\/volar\/wp-content\/uploads\/sites\/2\/2015\/09\/Aeromexico-tripulacion-mujeres.jpg","type":"image\/jpeg"}],"author":"Euroresidentes","twitter_card":"summary_large_image","twitter_misc":{"Written by":"Euroresidentes","Est. reading time":"3 minutos"},"schema":{"@context":"https:\/\/schema.org","@graph":[{"@type":"WebPage","@id":"https:\/\/www.euroresidentes.com\/viajes\/volar\/aeromexico-realiza-el-primer-vuelo\/","url":"https:\/\/www.euroresidentes.com\/viajes\/volar\/aeromexico-realiza-el-primer-vuelo\/","name":"Primer vuelo transpac\u00edfico tripulado s\u00f3lo por mujeres. \u00bfGran avance en igualdad? - Volar","isPartOf":{"@id":"https:\/\/www.euroresidentes.com\/viajes\/volar\/#website"},"primaryImageOfPage":{"@id":"https:\/\/www.euroresidentes.com\/viajes\/volar\/aeromexico-realiza-el-primer-vuelo\/#primaryimage"},"image":{"@id":"https:\/\/www.euroresidentes.com\/viajes\/volar\/aeromexico-realiza-el-primer-vuelo\/#primaryimage"},"thumbnailUrl":"https:\/\/www.euroresidentes.com\/viajes\/volar\/wp-content\/uploads\/sites\/2\/2015\/09\/Aeromexico-tripulacion-mujeres.jpg","datePublished":"2015-09-07T16:34:00+00:00","dateModified":"2018-08-08T11:32:58+00:00","author":{"@id":"https:\/\/www.euroresidentes.com\/viajes\/volar\/#\/schema\/person\/4bbb21ebb04e241332a6c1c0c1f40bc1"},"breadcrumb":{"@id":"https:\/\/www.euroresidentes.com\/viajes\/volar\/aeromexico-realiza-el-primer-vuelo\/#breadcrumb"},"inLanguage":"es","potentialAction":[{"@type":"ReadAction","target":["https:\/\/www.euroresidentes.com\/viajes\/volar\/aeromexico-realiza-el-primer-vuelo\/"]}]},{"@type":"ImageObject","inLanguage":"es","@id":"https:\/\/www.euroresidentes.com\/viajes\/volar\/aeromexico-realiza-el-primer-vuelo\/#primaryimage","url":"https:\/\/www.euroresidentes.com\/viajes\/volar\/wp-content\/uploads\/sites\/2\/2015\/09\/Aeromexico-tripulacion-mujeres.jpg","contentUrl":"https:\/\/www.euroresidentes.com\/viajes\/volar\/wp-content\/uploads\/sites\/2\/2015\/09\/Aeromexico-tripulacion-mujeres.jpg","width":600,"height":450},{"@type":"BreadcrumbList","@id":"https:\/\/www.euroresidentes.com\/viajes\/volar\/aeromexico-realiza-el-primer-vuelo\/#breadcrumb","itemListElement":[{"@type":"ListItem","position":1,"name":"Portada","item":"https:\/\/www.euroresidentes.com\/viajes\/volar\/"},{"@type":"ListItem","position":2,"name":"Primer vuelo transpac\u00edfico tripulado s\u00f3lo por mujeres. \u00bfGran avance en igualdad?"}]},{"@type":"WebSite","@id":"https:\/\/www.euroresidentes.com\/viajes\/volar\/#website","url":"https:\/\/www.euroresidentes.com\/viajes\/volar\/","name":"Volar","description":"Volar Euroresidentes","potentialAction":[{"@type":"SearchAction","target":{"@type":"EntryPoint","urlTemplate":"https:\/\/www.euroresidentes.com\/viajes\/volar\/?s={search_term_string}"},"query-input":{"@type":"PropertyValueSpecification","valueRequired":true,"valueName":"search_term_string"}}],"inLanguage":"es"},{"@type":"Person","@id":"https:\/\/www.euroresidentes.com\/viajes\/volar\/#\/schema\/person\/4bbb21ebb04e241332a6c1c0c1f40bc1","name":"Euroresidentes","image":{"@type":"ImageObject","inLanguage":"es","@id":"https:\/\/www.euroresidentes.com\/viajes\/volar\/#\/schema\/person\/image\/","url":"https:\/\/www.euroresidentes.com\/viajes\/volar\/wp-content\/uploads\/sites\/2\/2016\/03\/logo-euroresidentes-150x150.jpg","contentUrl":"https:\/\/www.euroresidentes.com\/viajes\/volar\/wp-content\/uploads\/sites\/2\/2016\/03\/logo-euroresidentes-150x150.jpg","caption":"Euroresidentes"},"description":"EuroresidentesContenidos \u00fatiles que ayudan a resolver las necesidades grandes y peque\u00f1as de al vida cotidiana.","sameAs":["https:\/\/www.euroresidentes.com\/info.htm"],"url":"https:\/\/www.euroresidentes.com\/viajes\/volar\/author\/euroresidentes\/"}]}},"_links":{"self":[{"href":"https:\/\/www.euroresidentes.com\/viajes\/volar\/wp-json\/wp\/v2\/posts\/189","targetHints":{"allow":["GET"]}}],"collection":[{"href":"https:\/\/www.euroresidentes.com\/viajes\/volar\/wp-json\/wp\/v2\/posts"}],"about":[{"href":"https:\/\/www.euroresidentes.com\/viajes\/volar\/wp-json\/wp\/v2\/types\/post"}],"author":[{"embeddable":true,"href":"https:\/\/www.euroresidentes.com\/viajes\/volar\/wp-json\/wp\/v2\/users\/1"}],"replies":[{"embeddable":true,"href":"https:\/\/www.euroresidentes.com\/viajes\/volar\/wp-json\/wp\/v2\/comments?post=189"}],"version-history":[{"count":2,"href":"https:\/\/www.euroresidentes.com\/viajes\/volar\/wp-json\/wp\/v2\/posts\/189\/revisions"}],"predecessor-version":[{"id":1656,"href":"https:\/\/www.euroresidentes.com\/viajes\/volar\/wp-json\/wp\/v2\/posts\/189\/revisions\/1656"}],"wp:featuredmedia":[{"embeddable":true,"href":"https:\/\/www.euroresidentes.com\/viajes\/volar\/wp-json\/wp\/v2\/media\/655"}],"wp:attachment":[{"href":"https:\/\/www.euroresidentes.com\/viajes\/volar\/wp-json\/wp\/v2\/media?parent=189"}],"wp:term":[{"taxonomy":"category","embeddable":true,"href":"https:\/\/www.euroresidentes.com\/viajes\/volar\/wp-json\/wp\/v2\/categories?post=189"},{"taxonomy":"post_tag","embeddable":true,"href":"https:\/\/www.euroresidentes.com\/viajes\/volar\/wp-json\/wp\/v2\/tags?post=189"}],"curies":[{"name":"wp","href":"https:\/\/api.w.org\/{rel}","templated":true}]}}