{"id":1433,"date":"2006-12-29T23:54:00","date_gmt":"2006-12-29T23:54:00","guid":{"rendered":"https:\/\/www.euroresidentes.com\/viajes\/volar\/bilbao-mlaga-con-spanair"},"modified":"2006-12-29T23:54:00","modified_gmt":"2006-12-29T23:54:00","slug":"bilbao-mlaga-con-spanair","status":"publish","type":"post","link":"https:\/\/www.euroresidentes.com\/viajes\/volar\/bilbao-mlaga-con-spanair\/","title":{"rendered":"Bilbao &#8211; M\u00e1laga con Spanair"},"content":{"rendered":"<p>La compa\u00f1\u00eda Spanair ha iniciado la rutas  desde M\u00e1laga y Jerez a Bilbao previstos para principios de a\u00f1o 2007 con una  frecuencia de dos vuelos diarios.<\/p>\n<p>La aerol\u00ednea Spanair inform\u00f3 de dos nuevas rutas que conectar\u00e1 a Bilbao con el sur de Espa\u00f1a:<\/p>\n<ul>\n<li>Bilbao &#8211; M\u00e1laga<\/li>\n<li>Bilbao &#8211; Jerez (C\u00e1diz) comenzar\u00e1n a principios de 2007, con dos frecuencias diarias para cada ruta, dos vuelos de ida y vuelta. <\/li>\n<\/ul>\n<p> La compa\u00f1\u00eda ya tiene operativos sus vuelos. <a href=\"http:\/\/www.spanair.com\/es\/\">http:\/\/www.spanair.com\/es\/<\/a><strong>Recursos \u00fatiles para vuelos Bilbao M\u00e1laga:<\/strong><\/p>\n<ul>\n<li><a class=\"l\" href=\"http:\/\/www.euroresidentes.com\/hoteles\/malaga\/\">Hoteles M\u00e1laga<\/a><\/li>\n<li><a class=\"l\" href=\"http:\/\/www.euroresidentes.com\/viajes\/vuelos\/vuelos-baratos-provincias\/malaga.htm\">Vuelos baratos M\u00e1laga<\/a><\/li>\n<li><a class=\"l\" href=\"http:\/\/www.euroresidentes.com\/restaurantes\/espana\/malaga\/restaurantes-malaga.htm\">Restaurantes M\u00e1laga<\/a><\/li>\n<li><a class=\"l\" href=\"http:\/\/www.euroresidentes.com\/viajes\/guias\/guia-de-malaga.htm\">Gu\u00eda de M\u00e1laga<\/a><\/li>\n<li><a class=\"l\" href=\"http:\/\/www.euroresidentes.com\/viajes\/guias\/guia-de-vizcaya-bilbao.htm\">Gu\u00eda de Vizcaya-Bilbao<\/a><\/li>\n<li><a class=\"l\" href=\"http:\/\/www.euroresidentes.com\/restaurantes\/espana\/bilbao\/restaurantes_bilbao.htm\">Restaurantes Bilbao<\/a><\/li>\n<li><a class=\"l\" href=\"http:\/\/www.euroresidentes.com\/viajes\/vuelos\/vuelos-baratos-provincias\/bilbao.htm\">Vuelos baratos Bilbao<\/a><\/li>\n<li><a class=\"l\" href=\"http:\/\/www.euroresidentes.com\/Blogs\/vuelos_baratos\/2005\/03\/bilbao-mlaga-con-vueling.html\">Bilbao &#8211; M\u00e1laga con Vueling<\/a><\/li>\n<\/ul>\n","protected":false},"excerpt":{"rendered":"<p>La compa\u00f1\u00eda Spanair ha iniciado la rutas desde M\u00e1laga y Jerez a Bilbao previstos para principios de a\u00f1o 2007 con una frecuencia de dos vuelos diarios. La aerol\u00ednea Spanair inform\u00f3 de dos nuevas rutas que conectar\u00e1 a Bilbao con el sur de Espa\u00f1a: Bilbao &#8211; M\u00e1laga Bilbao &#8211; Jerez (C\u00e1diz) comenzar\u00e1n a principios de 2007, con dos frecuencias diarias para cada ruta, dos vuelos de ida y vuelta. La compa\u00f1\u00eda ya tiene operativos sus vuelos. http:\/\/www.spanair.com\/es\/Recursos \u00fatiles para vuelos Bilbao M\u00e1laga: Hoteles M\u00e1laga Vuelos baratos M\u00e1laga Restaurantes M\u00e1laga Gu\u00eda de M\u00e1laga Gu\u00eda de Vizcaya-Bilbao Restaurantes Bilbao Vuelos baratos Bilbao Bilbao <\/p>\n","protected":false},"author":1,"featured_media":0,"comment_status":"open","ping_status":"open","sticky":false,"template":"","format":"standard","meta":{"footnotes":""},"categories":[1],"tags":[97,49,51],"class_list":["post-1433","post","type-post","status-publish","format-standard","hentry","category-general","tag-bilbao","tag-malaga","tag-spanair"],"yoast_head":"<!-- This site is optimized with the Yoast SEO plugin v24.1 - https:\/\/yoast.com\/wordpress\/plugins\/seo\/ -->\n<title>Bilbao - M\u00e1laga con Spanair - Volar<\/title>\n<meta name=\"robots\" content=\"index, follow, max-snippet:-1, max-image-preview:large, max-video-preview:-1\" \/>\n<link rel=\"canonical\" href=\"https:\/\/www.euroresidentes.com\/viajes\/volar\/bilbao-mlaga-con-spanair\/\" \/>\n<meta property=\"og:locale\" content=\"es_ES\" \/>\n<meta property=\"og:type\" content=\"article\" \/>\n<meta property=\"og:title\" content=\"Bilbao - M\u00e1laga con Spanair - Volar\" \/>\n<meta property=\"og:description\" content=\"La compa\u00f1\u00eda Spanair ha iniciado la rutas desde M\u00e1laga y Jerez a Bilbao previstos para principios de a\u00f1o 2007 con una frecuencia de dos vuelos diarios. La aerol\u00ednea Spanair inform\u00f3 de dos nuevas rutas que conectar\u00e1 a Bilbao con el sur de Espa\u00f1a: Bilbao &#8211; M\u00e1laga Bilbao &#8211; Jerez (C\u00e1diz) comenzar\u00e1n a principios de 2007, con dos frecuencias diarias para cada ruta, dos vuelos de ida y vuelta. La compa\u00f1\u00eda ya tiene operativos sus vuelos. http:\/\/www.spanair.com\/es\/Recursos \u00fatiles para vuelos Bilbao M\u00e1laga: Hoteles M\u00e1laga Vuelos baratos M\u00e1laga Restaurantes M\u00e1laga Gu\u00eda de M\u00e1laga Gu\u00eda de Vizcaya-Bilbao Restaurantes Bilbao Vuelos baratos Bilbao Bilbao\" \/>\n<meta property=\"og:url\" content=\"https:\/\/www.euroresidentes.com\/viajes\/volar\/bilbao-mlaga-con-spanair\/\" \/>\n<meta property=\"og:site_name\" content=\"Volar\" \/>\n<meta property=\"article:publisher\" content=\"https:\/\/www.facebook.com\/euroresidentes\/\" \/>\n<meta property=\"article:published_time\" content=\"2006-12-29T23:54:00+00:00\" \/>\n<meta name=\"author\" content=\"Euroresidentes\" \/>\n<meta name=\"twitter:card\" content=\"summary_large_image\" \/>\n<meta name=\"twitter:label1\" content=\"Written by\" \/>\n\t<meta name=\"twitter:data1\" content=\"Euroresidentes\" \/>\n\t<meta name=\"twitter:label2\" content=\"Est. reading time\" \/>\n\t<meta name=\"twitter:data2\" content=\"1 minuto\" \/>\n<script type=\"application\/ld+json\" class=\"yoast-schema-graph\">{\"@context\":\"https:\/\/schema.org\",\"@graph\":[{\"@type\":\"WebPage\",\"@id\":\"https:\/\/www.euroresidentes.com\/viajes\/volar\/bilbao-mlaga-con-spanair\/\",\"url\":\"https:\/\/www.euroresidentes.com\/viajes\/volar\/bilbao-mlaga-con-spanair\/\",\"name\":\"Bilbao - M\u00e1laga con Spanair - Volar\",\"isPartOf\":{\"@id\":\"https:\/\/www.euroresidentes.com\/viajes\/volar\/#website\"},\"datePublished\":\"2006-12-29T23:54:00+00:00\",\"dateModified\":\"2006-12-29T23:54:00+00:00\",\"author\":{\"@id\":\"https:\/\/www.euroresidentes.com\/viajes\/volar\/#\/schema\/person\/4bbb21ebb04e241332a6c1c0c1f40bc1\"},\"breadcrumb\":{\"@id\":\"https:\/\/www.euroresidentes.com\/viajes\/volar\/bilbao-mlaga-con-spanair\/#breadcrumb\"},\"inLanguage\":\"es\",\"potentialAction\":[{\"@type\":\"ReadAction\",\"target\":[\"https:\/\/www.euroresidentes.com\/viajes\/volar\/bilbao-mlaga-con-spanair\/\"]}]},{\"@type\":\"BreadcrumbList\",\"@id\":\"https:\/\/www.euroresidentes.com\/viajes\/volar\/bilbao-mlaga-con-spanair\/#breadcrumb\",\"itemListElement\":[{\"@type\":\"ListItem\",\"position\":1,\"name\":\"Portada\",\"item\":\"https:\/\/www.euroresidentes.com\/viajes\/volar\/\"},{\"@type\":\"ListItem\",\"position\":2,\"name\":\"Bilbao &#8211; M\u00e1laga con Spanair\"}]},{\"@type\":\"WebSite\",\"@id\":\"https:\/\/www.euroresidentes.com\/viajes\/volar\/#website\",\"url\":\"https:\/\/www.euroresidentes.com\/viajes\/volar\/\",\"name\":\"Volar\",\"description\":\"Volar Euroresidentes\",\"potentialAction\":[{\"@type\":\"SearchAction\",\"target\":{\"@type\":\"EntryPoint\",\"urlTemplate\":\"https:\/\/www.euroresidentes.com\/viajes\/volar\/?s={search_term_string}\"},\"query-input\":{\"@type\":\"PropertyValueSpecification\",\"valueRequired\":true,\"valueName\":\"search_term_string\"}}],\"inLanguage\":\"es\"},{\"@type\":\"Person\",\"@id\":\"https:\/\/www.euroresidentes.com\/viajes\/volar\/#\/schema\/person\/4bbb21ebb04e241332a6c1c0c1f40bc1\",\"name\":\"Euroresidentes\",\"image\":{\"@type\":\"ImageObject\",\"inLanguage\":\"es\",\"@id\":\"https:\/\/www.euroresidentes.com\/viajes\/volar\/#\/schema\/person\/image\/\",\"url\":\"https:\/\/www.euroresidentes.com\/viajes\/volar\/wp-content\/uploads\/sites\/2\/2016\/03\/logo-euroresidentes-150x150.jpg\",\"contentUrl\":\"https:\/\/www.euroresidentes.com\/viajes\/volar\/wp-content\/uploads\/sites\/2\/2016\/03\/logo-euroresidentes-150x150.jpg\",\"caption\":\"Euroresidentes\"},\"description\":\"EuroresidentesContenidos \u00fatiles que ayudan a resolver las necesidades grandes y peque\u00f1as de al vida cotidiana.\",\"sameAs\":[\"https:\/\/www.euroresidentes.com\/info.htm\"],\"url\":\"https:\/\/www.euroresidentes.com\/viajes\/volar\/author\/euroresidentes\/\"}]}<\/script>\n<!-- \/ Yoast SEO plugin. -->","yoast_head_json":{"title":"Bilbao - M\u00e1laga con Spanair - Volar","robots":{"index":"index","follow":"follow","max-snippet":"max-snippet:-1","max-image-preview":"max-image-preview:large","max-video-preview":"max-video-preview:-1"},"canonical":"https:\/\/www.euroresidentes.com\/viajes\/volar\/bilbao-mlaga-con-spanair\/","og_locale":"es_ES","og_type":"article","og_title":"Bilbao - M\u00e1laga con Spanair - Volar","og_description":"La compa\u00f1\u00eda Spanair ha iniciado la rutas desde M\u00e1laga y Jerez a Bilbao previstos para principios de a\u00f1o 2007 con una frecuencia de dos vuelos diarios. La aerol\u00ednea Spanair inform\u00f3 de dos nuevas rutas que conectar\u00e1 a Bilbao con el sur de Espa\u00f1a: Bilbao &#8211; M\u00e1laga Bilbao &#8211; Jerez (C\u00e1diz) comenzar\u00e1n a principios de 2007, con dos frecuencias diarias para cada ruta, dos vuelos de ida y vuelta. La compa\u00f1\u00eda ya tiene operativos sus vuelos. http:\/\/www.spanair.com\/es\/Recursos \u00fatiles para vuelos Bilbao M\u00e1laga: Hoteles M\u00e1laga Vuelos baratos M\u00e1laga Restaurantes M\u00e1laga Gu\u00eda de M\u00e1laga Gu\u00eda de Vizcaya-Bilbao Restaurantes Bilbao Vuelos baratos Bilbao Bilbao","og_url":"https:\/\/www.euroresidentes.com\/viajes\/volar\/bilbao-mlaga-con-spanair\/","og_site_name":"Volar","article_publisher":"https:\/\/www.facebook.com\/euroresidentes\/","article_published_time":"2006-12-29T23:54:00+00:00","author":"Euroresidentes","twitter_card":"summary_large_image","twitter_misc":{"Written by":"Euroresidentes","Est. reading time":"1 minuto"},"schema":{"@context":"https:\/\/schema.org","@graph":[{"@type":"WebPage","@id":"https:\/\/www.euroresidentes.com\/viajes\/volar\/bilbao-mlaga-con-spanair\/","url":"https:\/\/www.euroresidentes.com\/viajes\/volar\/bilbao-mlaga-con-spanair\/","name":"Bilbao - M\u00e1laga con Spanair - Volar","isPartOf":{"@id":"https:\/\/www.euroresidentes.com\/viajes\/volar\/#website"},"datePublished":"2006-12-29T23:54:00+00:00","dateModified":"2006-12-29T23:54:00+00:00","author":{"@id":"https:\/\/www.euroresidentes.com\/viajes\/volar\/#\/schema\/person\/4bbb21ebb04e241332a6c1c0c1f40bc1"},"breadcrumb":{"@id":"https:\/\/www.euroresidentes.com\/viajes\/volar\/bilbao-mlaga-con-spanair\/#breadcrumb"},"inLanguage":"es","potentialAction":[{"@type":"ReadAction","target":["https:\/\/www.euroresidentes.com\/viajes\/volar\/bilbao-mlaga-con-spanair\/"]}]},{"@type":"BreadcrumbList","@id":"https:\/\/www.euroresidentes.com\/viajes\/volar\/bilbao-mlaga-con-spanair\/#breadcrumb","itemListElement":[{"@type":"ListItem","position":1,"name":"Portada","item":"https:\/\/www.euroresidentes.com\/viajes\/volar\/"},{"@type":"ListItem","position":2,"name":"Bilbao &#8211; M\u00e1laga con Spanair"}]},{"@type":"WebSite","@id":"https:\/\/www.euroresidentes.com\/viajes\/volar\/#website","url":"https:\/\/www.euroresidentes.com\/viajes\/volar\/","name":"Volar","description":"Volar Euroresidentes","potentialAction":[{"@type":"SearchAction","target":{"@type":"EntryPoint","urlTemplate":"https:\/\/www.euroresidentes.com\/viajes\/volar\/?s={search_term_string}"},"query-input":{"@type":"PropertyValueSpecification","valueRequired":true,"valueName":"search_term_string"}}],"inLanguage":"es"},{"@type":"Person","@id":"https:\/\/www.euroresidentes.com\/viajes\/volar\/#\/schema\/person\/4bbb21ebb04e241332a6c1c0c1f40bc1","name":"Euroresidentes","image":{"@type":"ImageObject","inLanguage":"es","@id":"https:\/\/www.euroresidentes.com\/viajes\/volar\/#\/schema\/person\/image\/","url":"https:\/\/www.euroresidentes.com\/viajes\/volar\/wp-content\/uploads\/sites\/2\/2016\/03\/logo-euroresidentes-150x150.jpg","contentUrl":"https:\/\/www.euroresidentes.com\/viajes\/volar\/wp-content\/uploads\/sites\/2\/2016\/03\/logo-euroresidentes-150x150.jpg","caption":"Euroresidentes"},"description":"EuroresidentesContenidos \u00fatiles que ayudan a resolver las necesidades grandes y peque\u00f1as de al vida cotidiana.","sameAs":["https:\/\/www.euroresidentes.com\/info.htm"],"url":"https:\/\/www.euroresidentes.com\/viajes\/volar\/author\/euroresidentes\/"}]}},"_links":{"self":[{"href":"https:\/\/www.euroresidentes.com\/viajes\/volar\/wp-json\/wp\/v2\/posts\/1433","targetHints":{"allow":["GET"]}}],"collection":[{"href":"https:\/\/www.euroresidentes.com\/viajes\/volar\/wp-json\/wp\/v2\/posts"}],"about":[{"href":"https:\/\/www.euroresidentes.com\/viajes\/volar\/wp-json\/wp\/v2\/types\/post"}],"author":[{"embeddable":true,"href":"https:\/\/www.euroresidentes.com\/viajes\/volar\/wp-json\/wp\/v2\/users\/1"}],"replies":[{"embeddable":true,"href":"https:\/\/www.euroresidentes.com\/viajes\/volar\/wp-json\/wp\/v2\/comments?post=1433"}],"version-history":[{"count":0,"href":"https:\/\/www.euroresidentes.com\/viajes\/volar\/wp-json\/wp\/v2\/posts\/1433\/revisions"}],"wp:attachment":[{"href":"https:\/\/www.euroresidentes.com\/viajes\/volar\/wp-json\/wp\/v2\/media?parent=1433"}],"wp:term":[{"taxonomy":"category","embeddable":true,"href":"https:\/\/www.euroresidentes.com\/viajes\/volar\/wp-json\/wp\/v2\/categories?post=1433"},{"taxonomy":"post_tag","embeddable":true,"href":"https:\/\/www.euroresidentes.com\/viajes\/volar\/wp-json\/wp\/v2\/tags?post=1433"}],"curies":[{"name":"wp","href":"https:\/\/api.w.org\/{rel}","templated":true}]}}