{"id":1394,"date":"2007-06-13T14:53:00","date_gmt":"2007-06-13T14:53:00","guid":{"rendered":"https:\/\/www.euroresidentes.com\/viajes\/volar\/se-vende-spanair"},"modified":"2007-06-13T14:53:00","modified_gmt":"2007-06-13T14:53:00","slug":"se-vende-spanair","status":"publish","type":"post","link":"https:\/\/www.euroresidentes.com\/viajes\/volar\/se-vende-spanair\/","title":{"rendered":"Se vende Spanair"},"content":{"rendered":"<p>La aerol\u00ednea espa\u00f1ola Spanair se vende. La compa\u00f1\u00eda escandinava Scandinavian Airlines Systems (SAS) ha comunicado hoy su intenci\u00f3n de vender Spanair, empresa filial espa\u00f1ola, de la que absorbe el 95% de las acciones. Los otros accionistas de Spanair son  Viajes Marsans (5%).<\/p>\n<p>Las razones  argumentadas por SAS se\u00f1alan su nueva estrategia de consolidar y fortalecer su posici\u00f3n en los mercados naturales del Norte de Europa y de reducci\u00f3n de costes.  SAS se desprender\u00e1  tambi\u00e9n sus acciones en otras aerol\u00edneas como la brit\u00e1nica BMI y Air Greenland. El grupo concentrar\u00e1 sus vuelos a atrv\u00e9s de sus filiales danesa, sueca y noruega, SAS International, y las filiales Blue 1, Wider\u00f8e, airBaltic y Estonian Air.<\/p>\n<p>SAS tiene como objetivo incrementar  su beneficio bruto en 427 millones de euros anuales en el periodo 2007- 2011, reduciendo sus costes en unos 300 millones de euros. <\/p>\n<p>Trabajadores sindicatos, anuncios de huelga<\/p>\n<p>El clima laboral anda lago revuelto en la compa\u00f1\u00eda. Mientras que Spanair ha anunciado que explicar\u00e1 ma\u00f1ana a los sindicatos la operaci\u00f3n de la venta, los empleados de   Spanair han convocado varias jornadas de huelga para este verano, apoyadas por el Sindicato Independiente de Tripulantes de Cabina de Pasajeros de L\u00edneas A\u00e9reas (Sitcpla).<\/p>\n<p>Jansson, director ejecutivo, Jansson ha comunicado hoy\u00bbun nuevo modelo de cooperaci\u00f3n\u00bb con los sindicatos para acabar con  la \u00abcultura de huelgas que existe desde hace tiempo\u00bb en Spanair y que le habr\u00eda causado a la compa\u00f1\u00eda espa\u00f1ola graves p\u00e9rdidas en los \u00faltimos meses.<\/p>\n<p>La espa\u00f1ola Spanair, baja rentabilidad<\/p>\n<p>No era la primera vez que se hab\u00edan difundido rumores en los mercados de la intenci\u00f3n de SAS de desprenderse de Spanair. Sus resultados econ\u00f3micos podr\u00edan haber acelerado su venta, seg\u00fan algunas versiones de expertos y medios de comunicaci\u00f3n. Los resultados de Spanair del primer trimestre de 2007 acumulaban una p\u00e9rdida bruta de 41,3 millones de euros, con un incremento de las p\u00e9rdidas del 61,3% .<\/p>\n","protected":false},"excerpt":{"rendered":"<p>La aerol\u00ednea espa\u00f1ola Spanair se vende. La compa\u00f1\u00eda escandinava Scandinavian Airlines Systems (SAS) ha comunicado hoy su intenci\u00f3n de vender Spanair, empresa filial espa\u00f1ola, de la que absorbe el 95% de las acciones. Los otros accionistas de Spanair son Viajes Marsans (5%). Las razones argumentadas por SAS se\u00f1alan su nueva estrategia de consolidar y fortalecer su posici\u00f3n en los mercados naturales del Norte de Europa y de reducci\u00f3n de costes. SAS se desprender\u00e1 tambi\u00e9n sus acciones en otras aerol\u00edneas como la brit\u00e1nica BMI y Air Greenland. El grupo concentrar\u00e1 sus vuelos a atrv\u00e9s de sus filiales danesa, sueca y noruega, <\/p>\n","protected":false},"author":1,"featured_media":0,"comment_status":"open","ping_status":"open","sticky":false,"template":"","format":"standard","meta":{"footnotes":""},"categories":[1],"tags":[70,51],"class_list":["post-1394","post","type-post","status-publish","format-standard","hentry","category-general","tag-sas","tag-spanair"],"yoast_head":"<!-- This site is optimized with the Yoast SEO plugin v24.1 - https:\/\/yoast.com\/wordpress\/plugins\/seo\/ -->\n<title>Se vende Spanair - Volar<\/title>\n<meta name=\"robots\" content=\"index, follow, max-snippet:-1, max-image-preview:large, max-video-preview:-1\" \/>\n<link rel=\"canonical\" href=\"https:\/\/www.euroresidentes.com\/viajes\/volar\/se-vende-spanair\/\" \/>\n<meta property=\"og:locale\" content=\"es_ES\" \/>\n<meta property=\"og:type\" content=\"article\" \/>\n<meta property=\"og:title\" content=\"Se vende Spanair - Volar\" \/>\n<meta property=\"og:description\" content=\"La aerol\u00ednea espa\u00f1ola Spanair se vende. La compa\u00f1\u00eda escandinava Scandinavian Airlines Systems (SAS) ha comunicado hoy su intenci\u00f3n de vender Spanair, empresa filial espa\u00f1ola, de la que absorbe el 95% de las acciones. Los otros accionistas de Spanair son Viajes Marsans (5%). Las razones argumentadas por SAS se\u00f1alan su nueva estrategia de consolidar y fortalecer su posici\u00f3n en los mercados naturales del Norte de Europa y de reducci\u00f3n de costes. SAS se desprender\u00e1 tambi\u00e9n sus acciones en otras aerol\u00edneas como la brit\u00e1nica BMI y Air Greenland. El grupo concentrar\u00e1 sus vuelos a atrv\u00e9s de sus filiales danesa, sueca y noruega,\" \/>\n<meta property=\"og:url\" content=\"https:\/\/www.euroresidentes.com\/viajes\/volar\/se-vende-spanair\/\" \/>\n<meta property=\"og:site_name\" content=\"Volar\" \/>\n<meta property=\"article:publisher\" content=\"https:\/\/www.facebook.com\/euroresidentes\/\" \/>\n<meta property=\"article:published_time\" content=\"2007-06-13T14:53:00+00:00\" \/>\n<meta name=\"author\" content=\"Euroresidentes\" \/>\n<meta name=\"twitter:card\" content=\"summary_large_image\" \/>\n<meta name=\"twitter:label1\" content=\"Written by\" \/>\n\t<meta name=\"twitter:data1\" content=\"Euroresidentes\" \/>\n\t<meta name=\"twitter:label2\" content=\"Est. reading time\" \/>\n\t<meta name=\"twitter:data2\" content=\"2 minutos\" \/>\n<script type=\"application\/ld+json\" class=\"yoast-schema-graph\">{\"@context\":\"https:\/\/schema.org\",\"@graph\":[{\"@type\":\"WebPage\",\"@id\":\"https:\/\/www.euroresidentes.com\/viajes\/volar\/se-vende-spanair\/\",\"url\":\"https:\/\/www.euroresidentes.com\/viajes\/volar\/se-vende-spanair\/\",\"name\":\"Se vende Spanair - Volar\",\"isPartOf\":{\"@id\":\"https:\/\/www.euroresidentes.com\/viajes\/volar\/#website\"},\"datePublished\":\"2007-06-13T14:53:00+00:00\",\"dateModified\":\"2007-06-13T14:53:00+00:00\",\"author\":{\"@id\":\"https:\/\/www.euroresidentes.com\/viajes\/volar\/#\/schema\/person\/4bbb21ebb04e241332a6c1c0c1f40bc1\"},\"breadcrumb\":{\"@id\":\"https:\/\/www.euroresidentes.com\/viajes\/volar\/se-vende-spanair\/#breadcrumb\"},\"inLanguage\":\"es\",\"potentialAction\":[{\"@type\":\"ReadAction\",\"target\":[\"https:\/\/www.euroresidentes.com\/viajes\/volar\/se-vende-spanair\/\"]}]},{\"@type\":\"BreadcrumbList\",\"@id\":\"https:\/\/www.euroresidentes.com\/viajes\/volar\/se-vende-spanair\/#breadcrumb\",\"itemListElement\":[{\"@type\":\"ListItem\",\"position\":1,\"name\":\"Portada\",\"item\":\"https:\/\/www.euroresidentes.com\/viajes\/volar\/\"},{\"@type\":\"ListItem\",\"position\":2,\"name\":\"Se vende Spanair\"}]},{\"@type\":\"WebSite\",\"@id\":\"https:\/\/www.euroresidentes.com\/viajes\/volar\/#website\",\"url\":\"https:\/\/www.euroresidentes.com\/viajes\/volar\/\",\"name\":\"Volar\",\"description\":\"Volar Euroresidentes\",\"potentialAction\":[{\"@type\":\"SearchAction\",\"target\":{\"@type\":\"EntryPoint\",\"urlTemplate\":\"https:\/\/www.euroresidentes.com\/viajes\/volar\/?s={search_term_string}\"},\"query-input\":{\"@type\":\"PropertyValueSpecification\",\"valueRequired\":true,\"valueName\":\"search_term_string\"}}],\"inLanguage\":\"es\"},{\"@type\":\"Person\",\"@id\":\"https:\/\/www.euroresidentes.com\/viajes\/volar\/#\/schema\/person\/4bbb21ebb04e241332a6c1c0c1f40bc1\",\"name\":\"Euroresidentes\",\"image\":{\"@type\":\"ImageObject\",\"inLanguage\":\"es\",\"@id\":\"https:\/\/www.euroresidentes.com\/viajes\/volar\/#\/schema\/person\/image\/\",\"url\":\"https:\/\/www.euroresidentes.com\/viajes\/volar\/wp-content\/uploads\/sites\/2\/2016\/03\/logo-euroresidentes-150x150.jpg\",\"contentUrl\":\"https:\/\/www.euroresidentes.com\/viajes\/volar\/wp-content\/uploads\/sites\/2\/2016\/03\/logo-euroresidentes-150x150.jpg\",\"caption\":\"Euroresidentes\"},\"description\":\"EuroresidentesContenidos \u00fatiles que ayudan a resolver las necesidades grandes y peque\u00f1as de al vida cotidiana.\",\"sameAs\":[\"https:\/\/www.euroresidentes.com\/info.htm\"],\"url\":\"https:\/\/www.euroresidentes.com\/viajes\/volar\/author\/euroresidentes\/\"}]}<\/script>\n<!-- \/ Yoast SEO plugin. -->","yoast_head_json":{"title":"Se vende Spanair - Volar","robots":{"index":"index","follow":"follow","max-snippet":"max-snippet:-1","max-image-preview":"max-image-preview:large","max-video-preview":"max-video-preview:-1"},"canonical":"https:\/\/www.euroresidentes.com\/viajes\/volar\/se-vende-spanair\/","og_locale":"es_ES","og_type":"article","og_title":"Se vende Spanair - Volar","og_description":"La aerol\u00ednea espa\u00f1ola Spanair se vende. La compa\u00f1\u00eda escandinava Scandinavian Airlines Systems (SAS) ha comunicado hoy su intenci\u00f3n de vender Spanair, empresa filial espa\u00f1ola, de la que absorbe el 95% de las acciones. Los otros accionistas de Spanair son Viajes Marsans (5%). Las razones argumentadas por SAS se\u00f1alan su nueva estrategia de consolidar y fortalecer su posici\u00f3n en los mercados naturales del Norte de Europa y de reducci\u00f3n de costes. SAS se desprender\u00e1 tambi\u00e9n sus acciones en otras aerol\u00edneas como la brit\u00e1nica BMI y Air Greenland. El grupo concentrar\u00e1 sus vuelos a atrv\u00e9s de sus filiales danesa, sueca y noruega,","og_url":"https:\/\/www.euroresidentes.com\/viajes\/volar\/se-vende-spanair\/","og_site_name":"Volar","article_publisher":"https:\/\/www.facebook.com\/euroresidentes\/","article_published_time":"2007-06-13T14:53:00+00:00","author":"Euroresidentes","twitter_card":"summary_large_image","twitter_misc":{"Written by":"Euroresidentes","Est. reading time":"2 minutos"},"schema":{"@context":"https:\/\/schema.org","@graph":[{"@type":"WebPage","@id":"https:\/\/www.euroresidentes.com\/viajes\/volar\/se-vende-spanair\/","url":"https:\/\/www.euroresidentes.com\/viajes\/volar\/se-vende-spanair\/","name":"Se vende Spanair - Volar","isPartOf":{"@id":"https:\/\/www.euroresidentes.com\/viajes\/volar\/#website"},"datePublished":"2007-06-13T14:53:00+00:00","dateModified":"2007-06-13T14:53:00+00:00","author":{"@id":"https:\/\/www.euroresidentes.com\/viajes\/volar\/#\/schema\/person\/4bbb21ebb04e241332a6c1c0c1f40bc1"},"breadcrumb":{"@id":"https:\/\/www.euroresidentes.com\/viajes\/volar\/se-vende-spanair\/#breadcrumb"},"inLanguage":"es","potentialAction":[{"@type":"ReadAction","target":["https:\/\/www.euroresidentes.com\/viajes\/volar\/se-vende-spanair\/"]}]},{"@type":"BreadcrumbList","@id":"https:\/\/www.euroresidentes.com\/viajes\/volar\/se-vende-spanair\/#breadcrumb","itemListElement":[{"@type":"ListItem","position":1,"name":"Portada","item":"https:\/\/www.euroresidentes.com\/viajes\/volar\/"},{"@type":"ListItem","position":2,"name":"Se vende Spanair"}]},{"@type":"WebSite","@id":"https:\/\/www.euroresidentes.com\/viajes\/volar\/#website","url":"https:\/\/www.euroresidentes.com\/viajes\/volar\/","name":"Volar","description":"Volar Euroresidentes","potentialAction":[{"@type":"SearchAction","target":{"@type":"EntryPoint","urlTemplate":"https:\/\/www.euroresidentes.com\/viajes\/volar\/?s={search_term_string}"},"query-input":{"@type":"PropertyValueSpecification","valueRequired":true,"valueName":"search_term_string"}}],"inLanguage":"es"},{"@type":"Person","@id":"https:\/\/www.euroresidentes.com\/viajes\/volar\/#\/schema\/person\/4bbb21ebb04e241332a6c1c0c1f40bc1","name":"Euroresidentes","image":{"@type":"ImageObject","inLanguage":"es","@id":"https:\/\/www.euroresidentes.com\/viajes\/volar\/#\/schema\/person\/image\/","url":"https:\/\/www.euroresidentes.com\/viajes\/volar\/wp-content\/uploads\/sites\/2\/2016\/03\/logo-euroresidentes-150x150.jpg","contentUrl":"https:\/\/www.euroresidentes.com\/viajes\/volar\/wp-content\/uploads\/sites\/2\/2016\/03\/logo-euroresidentes-150x150.jpg","caption":"Euroresidentes"},"description":"EuroresidentesContenidos \u00fatiles que ayudan a resolver las necesidades grandes y peque\u00f1as de al vida cotidiana.","sameAs":["https:\/\/www.euroresidentes.com\/info.htm"],"url":"https:\/\/www.euroresidentes.com\/viajes\/volar\/author\/euroresidentes\/"}]}},"_links":{"self":[{"href":"https:\/\/www.euroresidentes.com\/viajes\/volar\/wp-json\/wp\/v2\/posts\/1394","targetHints":{"allow":["GET"]}}],"collection":[{"href":"https:\/\/www.euroresidentes.com\/viajes\/volar\/wp-json\/wp\/v2\/posts"}],"about":[{"href":"https:\/\/www.euroresidentes.com\/viajes\/volar\/wp-json\/wp\/v2\/types\/post"}],"author":[{"embeddable":true,"href":"https:\/\/www.euroresidentes.com\/viajes\/volar\/wp-json\/wp\/v2\/users\/1"}],"replies":[{"embeddable":true,"href":"https:\/\/www.euroresidentes.com\/viajes\/volar\/wp-json\/wp\/v2\/comments?post=1394"}],"version-history":[{"count":0,"href":"https:\/\/www.euroresidentes.com\/viajes\/volar\/wp-json\/wp\/v2\/posts\/1394\/revisions"}],"wp:attachment":[{"href":"https:\/\/www.euroresidentes.com\/viajes\/volar\/wp-json\/wp\/v2\/media?parent=1394"}],"wp:term":[{"taxonomy":"category","embeddable":true,"href":"https:\/\/www.euroresidentes.com\/viajes\/volar\/wp-json\/wp\/v2\/categories?post=1394"},{"taxonomy":"post_tag","embeddable":true,"href":"https:\/\/www.euroresidentes.com\/viajes\/volar\/wp-json\/wp\/v2\/tags?post=1394"}],"curies":[{"name":"wp","href":"https:\/\/api.w.org\/{rel}","templated":true}]}}