{"id":1350,"date":"2008-07-04T07:06:00","date_gmt":"2008-07-04T07:06:00","guid":{"rendered":"https:\/\/www.euroresidentes.com\/viajes\/volar\/crisis-de-las-aerolneas"},"modified":"2016-03-10T10:38:35","modified_gmt":"2016-03-10T10:38:35","slug":"crisis-de-las-aerolneas","status":"publish","type":"post","link":"https:\/\/www.euroresidentes.com\/viajes\/volar\/crisis-de-las-aerolneas\/","title":{"rendered":"Crisis de las aerol\u00edneas"},"content":{"rendered":"<p>Un importante analista ha se\u00f1alado que s\u00f3lo las aerol\u00edneas m\u00e1s competitivas pueden esperar sobrevivir a la crisis que asola al sector.<\/p>\n<p>Seg\u00fan los an\u00e1lisis de Davy Stockbrokers, Air France, Lufthansa, easyJet y Ryanair est\u00e1n entre las aerol\u00edneas mejor posicionadas para capear la recesi\u00f3n a la que se enfrenta el sector como consecuencia del creciente incremento en los precios del combustible. <\/p>\n<p>\u00abLa actual crisis por el precio del petr\u00f3leo podr\u00eda ser tranquilamente la peor que haya asolado a la industria de las aerol\u00edneas\u00bb se\u00f1al\u00f3 el analista de Davy, Stephen Furlong en una nota dirigida a los inversores. \u00abCreemos que los ganadores a largo plazo ser\u00e1n las aerol\u00edneas m\u00e1s fuertes\u00bb.<\/p>\n<p>Seg\u00fan \u00e9l, estas aerol\u00edneas estar\u00edan protegidas, al menos en parte, por su liquidez y sus bajos costes de funcionamiento, pero destac\u00f3 que otras aerol\u00edneas como Air Berlin y Clickair son m\u00e1s vulnerables.<\/p>\n<p>\u00abCabe esperar reducciones a gran escala, y las aerol\u00edneas m\u00e1s d\u00e9biles deber\u00e1n reestructurarse, fusionarse o desaparecer\u00bb, continu\u00f3 Furlong, a\u00f1adiendo que cabr\u00eda esperar que las aerol\u00edneas m\u00e1s fuertes capitalicen cualquier quiebra.<\/p>\n<p>La International Air Transport Association advirti\u00f3 recientemente que le sector de las aerol\u00edneas est\u00e1 luchando por sobrevivir deber\u00e1 afrontar 99.000 millones de d\u00f3lares de costes extra a lo largo del pr\u00f3ximo a\u00f1o.<\/p>\n","protected":false},"excerpt":{"rendered":"<p>Un importante analista ha se\u00f1alado que s\u00f3lo las aerol\u00edneas m\u00e1s competitivas pueden esperar sobrevivir a la crisis que asola al sector. Seg\u00fan los an\u00e1lisis de Davy Stockbrokers, Air France, Lufthansa, easyJet y Ryanair est\u00e1n entre las aerol\u00edneas mejor posicionadas para capear la recesi\u00f3n a la que se enfrenta el sector como consecuencia del creciente incremento en los precios del combustible. \u00abLa actual crisis por el precio del petr\u00f3leo podr\u00eda ser tranquilamente la peor que haya asolado a la industria de las aerol\u00edneas\u00bb se\u00f1al\u00f3 el analista de Davy, Stephen Furlong en una nota dirigida a los inversores. \u00abCreemos que los ganadores <\/p>\n","protected":false},"author":1,"featured_media":0,"comment_status":"open","ping_status":"open","sticky":false,"template":"","format":"standard","meta":{"footnotes":""},"categories":[1],"tags":[],"class_list":["post-1350","post","type-post","status-publish","format-standard","hentry","category-general"],"yoast_head":"<!-- This site is optimized with the Yoast SEO plugin v24.1 - https:\/\/yoast.com\/wordpress\/plugins\/seo\/ -->\n<title>Crisis de las aerol\u00edneas - Volar<\/title>\n<meta name=\"robots\" content=\"index, follow, max-snippet:-1, max-image-preview:large, max-video-preview:-1\" \/>\n<link rel=\"canonical\" href=\"https:\/\/www.euroresidentes.com\/viajes\/volar\/crisis-de-las-aerolneas\/\" \/>\n<meta property=\"og:locale\" content=\"es_ES\" \/>\n<meta property=\"og:type\" content=\"article\" \/>\n<meta property=\"og:title\" content=\"Crisis de las aerol\u00edneas - Volar\" \/>\n<meta property=\"og:description\" content=\"Un importante analista ha se\u00f1alado que s\u00f3lo las aerol\u00edneas m\u00e1s competitivas pueden esperar sobrevivir a la crisis que asola al sector. Seg\u00fan los an\u00e1lisis de Davy Stockbrokers, Air France, Lufthansa, easyJet y Ryanair est\u00e1n entre las aerol\u00edneas mejor posicionadas para capear la recesi\u00f3n a la que se enfrenta el sector como consecuencia del creciente incremento en los precios del combustible. \u00abLa actual crisis por el precio del petr\u00f3leo podr\u00eda ser tranquilamente la peor que haya asolado a la industria de las aerol\u00edneas\u00bb se\u00f1al\u00f3 el analista de Davy, Stephen Furlong en una nota dirigida a los inversores. \u00abCreemos que los ganadores\" \/>\n<meta property=\"og:url\" content=\"https:\/\/www.euroresidentes.com\/viajes\/volar\/crisis-de-las-aerolneas\/\" \/>\n<meta property=\"og:site_name\" content=\"Volar\" \/>\n<meta property=\"article:publisher\" content=\"https:\/\/www.facebook.com\/euroresidentes\/\" \/>\n<meta property=\"article:published_time\" content=\"2008-07-04T07:06:00+00:00\" \/>\n<meta property=\"article:modified_time\" content=\"2016-03-10T10:38:35+00:00\" \/>\n<meta name=\"author\" content=\"Euroresidentes\" \/>\n<meta name=\"twitter:card\" content=\"summary_large_image\" \/>\n<meta name=\"twitter:label1\" content=\"Written by\" \/>\n\t<meta name=\"twitter:data1\" content=\"Euroresidentes\" \/>\n\t<meta name=\"twitter:label2\" content=\"Est. reading time\" \/>\n\t<meta name=\"twitter:data2\" content=\"1 minuto\" \/>\n<script type=\"application\/ld+json\" class=\"yoast-schema-graph\">{\"@context\":\"https:\/\/schema.org\",\"@graph\":[{\"@type\":\"WebPage\",\"@id\":\"https:\/\/www.euroresidentes.com\/viajes\/volar\/crisis-de-las-aerolneas\/\",\"url\":\"https:\/\/www.euroresidentes.com\/viajes\/volar\/crisis-de-las-aerolneas\/\",\"name\":\"Crisis de las aerol\u00edneas - Volar\",\"isPartOf\":{\"@id\":\"https:\/\/www.euroresidentes.com\/viajes\/volar\/#website\"},\"datePublished\":\"2008-07-04T07:06:00+00:00\",\"dateModified\":\"2016-03-10T10:38:35+00:00\",\"author\":{\"@id\":\"https:\/\/www.euroresidentes.com\/viajes\/volar\/#\/schema\/person\/4bbb21ebb04e241332a6c1c0c1f40bc1\"},\"breadcrumb\":{\"@id\":\"https:\/\/www.euroresidentes.com\/viajes\/volar\/crisis-de-las-aerolneas\/#breadcrumb\"},\"inLanguage\":\"es\",\"potentialAction\":[{\"@type\":\"ReadAction\",\"target\":[\"https:\/\/www.euroresidentes.com\/viajes\/volar\/crisis-de-las-aerolneas\/\"]}]},{\"@type\":\"BreadcrumbList\",\"@id\":\"https:\/\/www.euroresidentes.com\/viajes\/volar\/crisis-de-las-aerolneas\/#breadcrumb\",\"itemListElement\":[{\"@type\":\"ListItem\",\"position\":1,\"name\":\"Portada\",\"item\":\"https:\/\/www.euroresidentes.com\/viajes\/volar\/\"},{\"@type\":\"ListItem\",\"position\":2,\"name\":\"Crisis de las aerol\u00edneas\"}]},{\"@type\":\"WebSite\",\"@id\":\"https:\/\/www.euroresidentes.com\/viajes\/volar\/#website\",\"url\":\"https:\/\/www.euroresidentes.com\/viajes\/volar\/\",\"name\":\"Volar\",\"description\":\"Volar Euroresidentes\",\"potentialAction\":[{\"@type\":\"SearchAction\",\"target\":{\"@type\":\"EntryPoint\",\"urlTemplate\":\"https:\/\/www.euroresidentes.com\/viajes\/volar\/?s={search_term_string}\"},\"query-input\":{\"@type\":\"PropertyValueSpecification\",\"valueRequired\":true,\"valueName\":\"search_term_string\"}}],\"inLanguage\":\"es\"},{\"@type\":\"Person\",\"@id\":\"https:\/\/www.euroresidentes.com\/viajes\/volar\/#\/schema\/person\/4bbb21ebb04e241332a6c1c0c1f40bc1\",\"name\":\"Euroresidentes\",\"image\":{\"@type\":\"ImageObject\",\"inLanguage\":\"es\",\"@id\":\"https:\/\/www.euroresidentes.com\/viajes\/volar\/#\/schema\/person\/image\/\",\"url\":\"https:\/\/www.euroresidentes.com\/viajes\/volar\/wp-content\/uploads\/sites\/2\/2016\/03\/logo-euroresidentes-150x150.jpg\",\"contentUrl\":\"https:\/\/www.euroresidentes.com\/viajes\/volar\/wp-content\/uploads\/sites\/2\/2016\/03\/logo-euroresidentes-150x150.jpg\",\"caption\":\"Euroresidentes\"},\"description\":\"EuroresidentesContenidos \u00fatiles que ayudan a resolver las necesidades grandes y peque\u00f1as de al vida cotidiana.\",\"sameAs\":[\"https:\/\/www.euroresidentes.com\/info.htm\"],\"url\":\"https:\/\/www.euroresidentes.com\/viajes\/volar\/author\/euroresidentes\/\"}]}<\/script>\n<!-- \/ Yoast SEO plugin. -->","yoast_head_json":{"title":"Crisis de las aerol\u00edneas - Volar","robots":{"index":"index","follow":"follow","max-snippet":"max-snippet:-1","max-image-preview":"max-image-preview:large","max-video-preview":"max-video-preview:-1"},"canonical":"https:\/\/www.euroresidentes.com\/viajes\/volar\/crisis-de-las-aerolneas\/","og_locale":"es_ES","og_type":"article","og_title":"Crisis de las aerol\u00edneas - Volar","og_description":"Un importante analista ha se\u00f1alado que s\u00f3lo las aerol\u00edneas m\u00e1s competitivas pueden esperar sobrevivir a la crisis que asola al sector. Seg\u00fan los an\u00e1lisis de Davy Stockbrokers, Air France, Lufthansa, easyJet y Ryanair est\u00e1n entre las aerol\u00edneas mejor posicionadas para capear la recesi\u00f3n a la que se enfrenta el sector como consecuencia del creciente incremento en los precios del combustible. \u00abLa actual crisis por el precio del petr\u00f3leo podr\u00eda ser tranquilamente la peor que haya asolado a la industria de las aerol\u00edneas\u00bb se\u00f1al\u00f3 el analista de Davy, Stephen Furlong en una nota dirigida a los inversores. \u00abCreemos que los ganadores","og_url":"https:\/\/www.euroresidentes.com\/viajes\/volar\/crisis-de-las-aerolneas\/","og_site_name":"Volar","article_publisher":"https:\/\/www.facebook.com\/euroresidentes\/","article_published_time":"2008-07-04T07:06:00+00:00","article_modified_time":"2016-03-10T10:38:35+00:00","author":"Euroresidentes","twitter_card":"summary_large_image","twitter_misc":{"Written by":"Euroresidentes","Est. reading time":"1 minuto"},"schema":{"@context":"https:\/\/schema.org","@graph":[{"@type":"WebPage","@id":"https:\/\/www.euroresidentes.com\/viajes\/volar\/crisis-de-las-aerolneas\/","url":"https:\/\/www.euroresidentes.com\/viajes\/volar\/crisis-de-las-aerolneas\/","name":"Crisis de las aerol\u00edneas - Volar","isPartOf":{"@id":"https:\/\/www.euroresidentes.com\/viajes\/volar\/#website"},"datePublished":"2008-07-04T07:06:00+00:00","dateModified":"2016-03-10T10:38:35+00:00","author":{"@id":"https:\/\/www.euroresidentes.com\/viajes\/volar\/#\/schema\/person\/4bbb21ebb04e241332a6c1c0c1f40bc1"},"breadcrumb":{"@id":"https:\/\/www.euroresidentes.com\/viajes\/volar\/crisis-de-las-aerolneas\/#breadcrumb"},"inLanguage":"es","potentialAction":[{"@type":"ReadAction","target":["https:\/\/www.euroresidentes.com\/viajes\/volar\/crisis-de-las-aerolneas\/"]}]},{"@type":"BreadcrumbList","@id":"https:\/\/www.euroresidentes.com\/viajes\/volar\/crisis-de-las-aerolneas\/#breadcrumb","itemListElement":[{"@type":"ListItem","position":1,"name":"Portada","item":"https:\/\/www.euroresidentes.com\/viajes\/volar\/"},{"@type":"ListItem","position":2,"name":"Crisis de las aerol\u00edneas"}]},{"@type":"WebSite","@id":"https:\/\/www.euroresidentes.com\/viajes\/volar\/#website","url":"https:\/\/www.euroresidentes.com\/viajes\/volar\/","name":"Volar","description":"Volar Euroresidentes","potentialAction":[{"@type":"SearchAction","target":{"@type":"EntryPoint","urlTemplate":"https:\/\/www.euroresidentes.com\/viajes\/volar\/?s={search_term_string}"},"query-input":{"@type":"PropertyValueSpecification","valueRequired":true,"valueName":"search_term_string"}}],"inLanguage":"es"},{"@type":"Person","@id":"https:\/\/www.euroresidentes.com\/viajes\/volar\/#\/schema\/person\/4bbb21ebb04e241332a6c1c0c1f40bc1","name":"Euroresidentes","image":{"@type":"ImageObject","inLanguage":"es","@id":"https:\/\/www.euroresidentes.com\/viajes\/volar\/#\/schema\/person\/image\/","url":"https:\/\/www.euroresidentes.com\/viajes\/volar\/wp-content\/uploads\/sites\/2\/2016\/03\/logo-euroresidentes-150x150.jpg","contentUrl":"https:\/\/www.euroresidentes.com\/viajes\/volar\/wp-content\/uploads\/sites\/2\/2016\/03\/logo-euroresidentes-150x150.jpg","caption":"Euroresidentes"},"description":"EuroresidentesContenidos \u00fatiles que ayudan a resolver las necesidades grandes y peque\u00f1as de al vida cotidiana.","sameAs":["https:\/\/www.euroresidentes.com\/info.htm"],"url":"https:\/\/www.euroresidentes.com\/viajes\/volar\/author\/euroresidentes\/"}]}},"_links":{"self":[{"href":"https:\/\/www.euroresidentes.com\/viajes\/volar\/wp-json\/wp\/v2\/posts\/1350","targetHints":{"allow":["GET"]}}],"collection":[{"href":"https:\/\/www.euroresidentes.com\/viajes\/volar\/wp-json\/wp\/v2\/posts"}],"about":[{"href":"https:\/\/www.euroresidentes.com\/viajes\/volar\/wp-json\/wp\/v2\/types\/post"}],"author":[{"embeddable":true,"href":"https:\/\/www.euroresidentes.com\/viajes\/volar\/wp-json\/wp\/v2\/users\/1"}],"replies":[{"embeddable":true,"href":"https:\/\/www.euroresidentes.com\/viajes\/volar\/wp-json\/wp\/v2\/comments?post=1350"}],"version-history":[{"count":1,"href":"https:\/\/www.euroresidentes.com\/viajes\/volar\/wp-json\/wp\/v2\/posts\/1350\/revisions"}],"predecessor-version":[{"id":1477,"href":"https:\/\/www.euroresidentes.com\/viajes\/volar\/wp-json\/wp\/v2\/posts\/1350\/revisions\/1477"}],"wp:attachment":[{"href":"https:\/\/www.euroresidentes.com\/viajes\/volar\/wp-json\/wp\/v2\/media?parent=1350"}],"wp:term":[{"taxonomy":"category","embeddable":true,"href":"https:\/\/www.euroresidentes.com\/viajes\/volar\/wp-json\/wp\/v2\/categories?post=1350"},{"taxonomy":"post_tag","embeddable":true,"href":"https:\/\/www.euroresidentes.com\/viajes\/volar\/wp-json\/wp\/v2\/tags?post=1350"}],"curies":[{"name":"wp","href":"https:\/\/api.w.org\/{rel}","templated":true}]}}