{"id":1323,"date":"2009-03-26T10:40:00","date_gmt":"2009-03-26T10:40:00","guid":{"rendered":"https:\/\/www.euroresidentes.com\/viajes\/volar\/fusion-entre-iberia-y-british-airways-2"},"modified":"2016-03-10T10:38:21","modified_gmt":"2016-03-10T10:38:21","slug":"fusion-entre-iberia-y-british-airways-2","status":"publish","type":"post","link":"https:\/\/www.euroresidentes.com\/viajes\/volar\/fusion-entre-iberia-y-british-airways-2\/","title":{"rendered":"Fusi\u00f3n entre Iberia y British Airways"},"content":{"rendered":"<p>Seg\u00fan ha afirmado el Secretario de Transporte, el gobierno brit\u00e1nico no evitar\u00e1 que British Airways (BA) se convierta en una compa\u00f1\u00eda espa\u00f1ola como resultado de la fusi\u00f3n con Iberia. <\/p>\n<p>Se cree que BA e Iberia, la aerol\u00ednea insignia espa\u00f1ola, est\u00e1n a punto de cerrar los t\u00e9rminos de un acuerdo de fusi\u00f3n en las negociaciones que han estado manteniendo de forma continuada desde julio. <\/p>\n<p>No obstante, es probable que tras la fusi\u00f3n ambas aerol\u00edneas contin\u00faen funcionando como marcas independientes bajo una nueva compa\u00f1\u00eda, aunque todav\u00eda se desconoce si esta empresa matriz se establecer\u00e1 en Espa\u00f1a o en Gran Breta\u00f1a. <\/p>\n<p>Seg\u00fan ha afirmado Geoff Hoon, Secretario de Transporte: \u201cNo nos molestar\u00e1 en absoluto que las compa\u00f1\u00edas tomen esta decisi\u00f3n [de establecerse en Espa\u00f1a]\u201d. <\/p>\n<p>La p\u00e9rdida de una compa\u00f1\u00eda importante como BA podr\u00eda ser una cuesti\u00f3n controvertida en el Reino Unido pero no se cree que haya supuesto un gran problema en las negociaciones entre ambas compa\u00f1\u00edas. Willie Walsh, director general de BA, afirm\u00f3 recientemente que el \u00fanico campo preocupante que quedaba era el control financiero de la empresa matriz. <\/p>\n<p>No obstante, Hoon advirti\u00f3 al gonierno espa\u00f1ol de que no interfiera en las negociaciones, diciendo: \u201cUtilizar Heathrow y Madrid de forma combinada, como doble centro de operaciones, es una ventaja estrat\u00e9gica parael futuro y puede tener mucho \u00e9xito. Sin embargo \u2013y esto es fundamental en Gran Breta\u00f1a\u2013 se trata de compa\u00f1\u00edas privadas. Antiguamente eran los gobiernos los que decid\u00edan qu\u00e9 era lo mejor y, francamente, no creo que los gobiernos fueran muy buenos tomando este tipo de decisiones\u201d. <\/p>\n<p>Aunque los detalles de la fusi\u00f3n no se han hecho p\u00fablicos, se espera que la nueva compa\u00f1\u00eda conserve sus cotizaciones burs\u00e1tiles en Londres y Madrid. Es probable que Walsh contin\u00fae como director general y Fernando Conte, el presidente de Iberia pase a presidir ambas aerol\u00edneas. Otro posible punto de fricci\u00f3n es el porcentaje que los inversores de cada compa\u00f1\u00eda tendr\u00e1n en la nueva entidad. Las noticias en Espa\u00f1a han se\u00f1alado que los accionistas de BA podr\u00edan tener tan solo un 55% de la nueva compa\u00f1\u00eda, muy por debajo del casi 70% que obten\u00edan cuando se anunci\u00f3 la fusi\u00f3n propuesta. <\/p>\n<p>BA e Iberia buscan una fusi\u00f3n para mejorar su resistencia financiera frente a la grave crisis del sector de la aviaci\u00f3n. El declive ha golpeado tambi\u00e9n a Airbus, fabricante de aviones, que acaba de anunciar sus planes de despedir a 250 trabajadores contratados en una f\u00e1brica de alas en Broughton, en el norte de Gales. <\/p>\n<p>Fuente: <a href=\"http:\/\/business.timesonline.co.uk\/tol\/business\/industry_sectors\/transport\/article5963072.ece\">The Times Business<\/a><\/p>\n","protected":false},"excerpt":{"rendered":"<p>Seg\u00fan ha afirmado el Secretario de Transporte, el gobierno brit\u00e1nico no evitar\u00e1 que British Airways (BA) se convierta en una compa\u00f1\u00eda espa\u00f1ola como resultado de la fusi\u00f3n con Iberia. Se cree que BA e Iberia, la aerol\u00ednea insignia espa\u00f1ola, est\u00e1n a punto de cerrar los t\u00e9rminos de un acuerdo de fusi\u00f3n en las negociaciones que han estado manteniendo de forma continuada desde julio. No obstante, es probable que tras la fusi\u00f3n ambas aerol\u00edneas contin\u00faen funcionando como marcas independientes bajo una nueva compa\u00f1\u00eda, aunque todav\u00eda se desconoce si esta empresa matriz se establecer\u00e1 en Espa\u00f1a o en Gran Breta\u00f1a. Seg\u00fan ha <\/p>\n","protected":false},"author":1,"featured_media":0,"comment_status":"open","ping_status":"open","sticky":false,"template":"","format":"standard","meta":{"footnotes":""},"categories":[1],"tags":[],"class_list":["post-1323","post","type-post","status-publish","format-standard","hentry","category-general"],"yoast_head":"<!-- This site is optimized with the Yoast SEO plugin v24.1 - https:\/\/yoast.com\/wordpress\/plugins\/seo\/ -->\n<title>Fusi\u00f3n entre Iberia y British Airways - Volar<\/title>\n<meta name=\"robots\" content=\"index, follow, max-snippet:-1, max-image-preview:large, max-video-preview:-1\" \/>\n<link rel=\"canonical\" href=\"https:\/\/www.euroresidentes.com\/viajes\/volar\/fusion-entre-iberia-y-british-airways-2\/\" \/>\n<meta property=\"og:locale\" content=\"es_ES\" \/>\n<meta property=\"og:type\" content=\"article\" \/>\n<meta property=\"og:title\" content=\"Fusi\u00f3n entre Iberia y British Airways - Volar\" \/>\n<meta property=\"og:description\" content=\"Seg\u00fan ha afirmado el Secretario de Transporte, el gobierno brit\u00e1nico no evitar\u00e1 que British Airways (BA) se convierta en una compa\u00f1\u00eda espa\u00f1ola como resultado de la fusi\u00f3n con Iberia. Se cree que BA e Iberia, la aerol\u00ednea insignia espa\u00f1ola, est\u00e1n a punto de cerrar los t\u00e9rminos de un acuerdo de fusi\u00f3n en las negociaciones que han estado manteniendo de forma continuada desde julio. No obstante, es probable que tras la fusi\u00f3n ambas aerol\u00edneas contin\u00faen funcionando como marcas independientes bajo una nueva compa\u00f1\u00eda, aunque todav\u00eda se desconoce si esta empresa matriz se establecer\u00e1 en Espa\u00f1a o en Gran Breta\u00f1a. Seg\u00fan ha\" \/>\n<meta property=\"og:url\" content=\"https:\/\/www.euroresidentes.com\/viajes\/volar\/fusion-entre-iberia-y-british-airways-2\/\" \/>\n<meta property=\"og:site_name\" content=\"Volar\" \/>\n<meta property=\"article:publisher\" content=\"https:\/\/www.facebook.com\/euroresidentes\/\" \/>\n<meta property=\"article:published_time\" content=\"2009-03-26T10:40:00+00:00\" \/>\n<meta property=\"article:modified_time\" content=\"2016-03-10T10:38:21+00:00\" \/>\n<meta name=\"author\" content=\"Euroresidentes\" \/>\n<meta name=\"twitter:card\" content=\"summary_large_image\" \/>\n<meta name=\"twitter:label1\" content=\"Written by\" \/>\n\t<meta name=\"twitter:data1\" content=\"Euroresidentes\" \/>\n\t<meta name=\"twitter:label2\" content=\"Est. reading time\" \/>\n\t<meta name=\"twitter:data2\" content=\"2 minutos\" \/>\n<script type=\"application\/ld+json\" class=\"yoast-schema-graph\">{\"@context\":\"https:\/\/schema.org\",\"@graph\":[{\"@type\":\"WebPage\",\"@id\":\"https:\/\/www.euroresidentes.com\/viajes\/volar\/fusion-entre-iberia-y-british-airways-2\/\",\"url\":\"https:\/\/www.euroresidentes.com\/viajes\/volar\/fusion-entre-iberia-y-british-airways-2\/\",\"name\":\"Fusi\u00f3n entre Iberia y British Airways - Volar\",\"isPartOf\":{\"@id\":\"https:\/\/www.euroresidentes.com\/viajes\/volar\/#website\"},\"datePublished\":\"2009-03-26T10:40:00+00:00\",\"dateModified\":\"2016-03-10T10:38:21+00:00\",\"author\":{\"@id\":\"https:\/\/www.euroresidentes.com\/viajes\/volar\/#\/schema\/person\/4bbb21ebb04e241332a6c1c0c1f40bc1\"},\"breadcrumb\":{\"@id\":\"https:\/\/www.euroresidentes.com\/viajes\/volar\/fusion-entre-iberia-y-british-airways-2\/#breadcrumb\"},\"inLanguage\":\"es\",\"potentialAction\":[{\"@type\":\"ReadAction\",\"target\":[\"https:\/\/www.euroresidentes.com\/viajes\/volar\/fusion-entre-iberia-y-british-airways-2\/\"]}]},{\"@type\":\"BreadcrumbList\",\"@id\":\"https:\/\/www.euroresidentes.com\/viajes\/volar\/fusion-entre-iberia-y-british-airways-2\/#breadcrumb\",\"itemListElement\":[{\"@type\":\"ListItem\",\"position\":1,\"name\":\"Portada\",\"item\":\"https:\/\/www.euroresidentes.com\/viajes\/volar\/\"},{\"@type\":\"ListItem\",\"position\":2,\"name\":\"Fusi\u00f3n entre Iberia y British Airways\"}]},{\"@type\":\"WebSite\",\"@id\":\"https:\/\/www.euroresidentes.com\/viajes\/volar\/#website\",\"url\":\"https:\/\/www.euroresidentes.com\/viajes\/volar\/\",\"name\":\"Volar\",\"description\":\"Volar Euroresidentes\",\"potentialAction\":[{\"@type\":\"SearchAction\",\"target\":{\"@type\":\"EntryPoint\",\"urlTemplate\":\"https:\/\/www.euroresidentes.com\/viajes\/volar\/?s={search_term_string}\"},\"query-input\":{\"@type\":\"PropertyValueSpecification\",\"valueRequired\":true,\"valueName\":\"search_term_string\"}}],\"inLanguage\":\"es\"},{\"@type\":\"Person\",\"@id\":\"https:\/\/www.euroresidentes.com\/viajes\/volar\/#\/schema\/person\/4bbb21ebb04e241332a6c1c0c1f40bc1\",\"name\":\"Euroresidentes\",\"image\":{\"@type\":\"ImageObject\",\"inLanguage\":\"es\",\"@id\":\"https:\/\/www.euroresidentes.com\/viajes\/volar\/#\/schema\/person\/image\/\",\"url\":\"https:\/\/www.euroresidentes.com\/viajes\/volar\/wp-content\/uploads\/sites\/2\/2016\/03\/logo-euroresidentes-150x150.jpg\",\"contentUrl\":\"https:\/\/www.euroresidentes.com\/viajes\/volar\/wp-content\/uploads\/sites\/2\/2016\/03\/logo-euroresidentes-150x150.jpg\",\"caption\":\"Euroresidentes\"},\"description\":\"EuroresidentesContenidos \u00fatiles que ayudan a resolver las necesidades grandes y peque\u00f1as de al vida cotidiana.\",\"sameAs\":[\"https:\/\/www.euroresidentes.com\/info.htm\"],\"url\":\"https:\/\/www.euroresidentes.com\/viajes\/volar\/author\/euroresidentes\/\"}]}<\/script>\n<!-- \/ Yoast SEO plugin. -->","yoast_head_json":{"title":"Fusi\u00f3n entre Iberia y British Airways - Volar","robots":{"index":"index","follow":"follow","max-snippet":"max-snippet:-1","max-image-preview":"max-image-preview:large","max-video-preview":"max-video-preview:-1"},"canonical":"https:\/\/www.euroresidentes.com\/viajes\/volar\/fusion-entre-iberia-y-british-airways-2\/","og_locale":"es_ES","og_type":"article","og_title":"Fusi\u00f3n entre Iberia y British Airways - Volar","og_description":"Seg\u00fan ha afirmado el Secretario de Transporte, el gobierno brit\u00e1nico no evitar\u00e1 que British Airways (BA) se convierta en una compa\u00f1\u00eda espa\u00f1ola como resultado de la fusi\u00f3n con Iberia. Se cree que BA e Iberia, la aerol\u00ednea insignia espa\u00f1ola, est\u00e1n a punto de cerrar los t\u00e9rminos de un acuerdo de fusi\u00f3n en las negociaciones que han estado manteniendo de forma continuada desde julio. No obstante, es probable que tras la fusi\u00f3n ambas aerol\u00edneas contin\u00faen funcionando como marcas independientes bajo una nueva compa\u00f1\u00eda, aunque todav\u00eda se desconoce si esta empresa matriz se establecer\u00e1 en Espa\u00f1a o en Gran Breta\u00f1a. Seg\u00fan ha","og_url":"https:\/\/www.euroresidentes.com\/viajes\/volar\/fusion-entre-iberia-y-british-airways-2\/","og_site_name":"Volar","article_publisher":"https:\/\/www.facebook.com\/euroresidentes\/","article_published_time":"2009-03-26T10:40:00+00:00","article_modified_time":"2016-03-10T10:38:21+00:00","author":"Euroresidentes","twitter_card":"summary_large_image","twitter_misc":{"Written by":"Euroresidentes","Est. reading time":"2 minutos"},"schema":{"@context":"https:\/\/schema.org","@graph":[{"@type":"WebPage","@id":"https:\/\/www.euroresidentes.com\/viajes\/volar\/fusion-entre-iberia-y-british-airways-2\/","url":"https:\/\/www.euroresidentes.com\/viajes\/volar\/fusion-entre-iberia-y-british-airways-2\/","name":"Fusi\u00f3n entre Iberia y British Airways - Volar","isPartOf":{"@id":"https:\/\/www.euroresidentes.com\/viajes\/volar\/#website"},"datePublished":"2009-03-26T10:40:00+00:00","dateModified":"2016-03-10T10:38:21+00:00","author":{"@id":"https:\/\/www.euroresidentes.com\/viajes\/volar\/#\/schema\/person\/4bbb21ebb04e241332a6c1c0c1f40bc1"},"breadcrumb":{"@id":"https:\/\/www.euroresidentes.com\/viajes\/volar\/fusion-entre-iberia-y-british-airways-2\/#breadcrumb"},"inLanguage":"es","potentialAction":[{"@type":"ReadAction","target":["https:\/\/www.euroresidentes.com\/viajes\/volar\/fusion-entre-iberia-y-british-airways-2\/"]}]},{"@type":"BreadcrumbList","@id":"https:\/\/www.euroresidentes.com\/viajes\/volar\/fusion-entre-iberia-y-british-airways-2\/#breadcrumb","itemListElement":[{"@type":"ListItem","position":1,"name":"Portada","item":"https:\/\/www.euroresidentes.com\/viajes\/volar\/"},{"@type":"ListItem","position":2,"name":"Fusi\u00f3n entre Iberia y British Airways"}]},{"@type":"WebSite","@id":"https:\/\/www.euroresidentes.com\/viajes\/volar\/#website","url":"https:\/\/www.euroresidentes.com\/viajes\/volar\/","name":"Volar","description":"Volar Euroresidentes","potentialAction":[{"@type":"SearchAction","target":{"@type":"EntryPoint","urlTemplate":"https:\/\/www.euroresidentes.com\/viajes\/volar\/?s={search_term_string}"},"query-input":{"@type":"PropertyValueSpecification","valueRequired":true,"valueName":"search_term_string"}}],"inLanguage":"es"},{"@type":"Person","@id":"https:\/\/www.euroresidentes.com\/viajes\/volar\/#\/schema\/person\/4bbb21ebb04e241332a6c1c0c1f40bc1","name":"Euroresidentes","image":{"@type":"ImageObject","inLanguage":"es","@id":"https:\/\/www.euroresidentes.com\/viajes\/volar\/#\/schema\/person\/image\/","url":"https:\/\/www.euroresidentes.com\/viajes\/volar\/wp-content\/uploads\/sites\/2\/2016\/03\/logo-euroresidentes-150x150.jpg","contentUrl":"https:\/\/www.euroresidentes.com\/viajes\/volar\/wp-content\/uploads\/sites\/2\/2016\/03\/logo-euroresidentes-150x150.jpg","caption":"Euroresidentes"},"description":"EuroresidentesContenidos \u00fatiles que ayudan a resolver las necesidades grandes y peque\u00f1as de al vida cotidiana.","sameAs":["https:\/\/www.euroresidentes.com\/info.htm"],"url":"https:\/\/www.euroresidentes.com\/viajes\/volar\/author\/euroresidentes\/"}]}},"_links":{"self":[{"href":"https:\/\/www.euroresidentes.com\/viajes\/volar\/wp-json\/wp\/v2\/posts\/1323","targetHints":{"allow":["GET"]}}],"collection":[{"href":"https:\/\/www.euroresidentes.com\/viajes\/volar\/wp-json\/wp\/v2\/posts"}],"about":[{"href":"https:\/\/www.euroresidentes.com\/viajes\/volar\/wp-json\/wp\/v2\/types\/post"}],"author":[{"embeddable":true,"href":"https:\/\/www.euroresidentes.com\/viajes\/volar\/wp-json\/wp\/v2\/users\/1"}],"replies":[{"embeddable":true,"href":"https:\/\/www.euroresidentes.com\/viajes\/volar\/wp-json\/wp\/v2\/comments?post=1323"}],"version-history":[{"count":1,"href":"https:\/\/www.euroresidentes.com\/viajes\/volar\/wp-json\/wp\/v2\/posts\/1323\/revisions"}],"predecessor-version":[{"id":1449,"href":"https:\/\/www.euroresidentes.com\/viajes\/volar\/wp-json\/wp\/v2\/posts\/1323\/revisions\/1449"}],"wp:attachment":[{"href":"https:\/\/www.euroresidentes.com\/viajes\/volar\/wp-json\/wp\/v2\/media?parent=1323"}],"wp:term":[{"taxonomy":"category","embeddable":true,"href":"https:\/\/www.euroresidentes.com\/viajes\/volar\/wp-json\/wp\/v2\/categories?post=1323"},{"taxonomy":"post_tag","embeddable":true,"href":"https:\/\/www.euroresidentes.com\/viajes\/volar\/wp-json\/wp\/v2\/tags?post=1323"}],"curies":[{"name":"wp","href":"https:\/\/api.w.org\/{rel}","templated":true}]}}