{"id":6947,"date":"2020-06-03T14:57:16","date_gmt":"2020-06-03T12:57:16","guid":{"rendered":"https:\/\/www.euroresidentes.com\/viajes\/viajar\/?p=6947"},"modified":"2020-06-10T11:40:57","modified_gmt":"2020-06-10T09:40:57","slug":"playas-de-benidorm-normas-para-la-desescalada","status":"publish","type":"post","link":"https:\/\/www.euroresidentes.com\/viajes\/viajar\/playas-de-benidorm-normas-para-la-desescalada\/","title":{"rendered":"Playas de Benidorm: normas para la desescalada y medidas de seguridad"},"content":{"rendered":"<p>Las playas de Benidorm abrir\u00e1n el 15 de junio. El Ayuntamiento est\u00e1 todav\u00eda trabajando en la creaci\u00f3n de una normativa, que pueda garantizar seguridad de los ba\u00f1istas y evitar el contagio. Es por ello, que iremos modific\u00e1ndolo a medida, que esta normativa quede establecida.<\/p>\n<p>Lo que se sabe hasta hoy, es que habr\u00e1 un horario de ma\u00f1ana y otro de tarde, con vaciado de la playa al mediod\u00eda para poderla limpiar. De esta forma, podr\u00e1n utilizar el arenal y el mar un m\u00e1ximo de personas.<\/p>\n<p><a href=\"https:\/\/www.euroresidentes.com\/viajes\/viajar\/wp-content\/uploads\/sites\/3\/2010\/07\/playas-benidorm.jpg\"><img loading=\"lazy\" decoding=\"async\" class=\"aligncenter size-full wp-image-3403\" src=\"https:\/\/www.euroresidentes.com\/viajes\/viajar\/wp-content\/uploads\/sites\/3\/2010\/07\/playas-benidorm.jpg\" alt=\"\" width=\"600\" height=\"450\" srcset=\"https:\/\/www.euroresidentes.com\/viajes\/viajar\/wp-content\/uploads\/sites\/3\/2010\/07\/playas-benidorm.jpg 600w, https:\/\/www.euroresidentes.com\/viajes\/viajar\/wp-content\/uploads\/sites\/3\/2010\/07\/playas-benidorm-300x225.jpg 300w\" sizes=\"auto, (max-width: 600px) 100vw, 600px\" \/><\/a><\/p>\n<p>S\u00f3lo est\u00e1 permitido un 50% de aforo, pero al haber dos turnos, bien coordinado podr\u00e1n utilizarla el 100%. Los horarios no han sido establecidos todav\u00eda. Cuando se sepa, los pondremos tambi\u00e9n en este post.\u00a0 Por las noches la playa estar\u00e1 cerrada, incluso\u00a0<a href=\"https:\/\/www.euroresidentes.com\/entretenimiento\/ocio-y-tiempo-libre\/7-razones-para-celebrar-la-noche-de-san\">la noche de San Juan<\/a>.<\/p>\n<h3>Normas para el acceso a las playas de Benidorm<\/h3>\n<p>Del mismo modo que en <a href=\"https:\/\/www.euroresidentes.com\/viajes\/viajar\/playas-alicante-normativa-para-la-desescalada\">Alicante capital y sus playas<\/a>, quedar\u00e1n establecidas unas normas muy concretas en cuanto al acceso:<\/p>\n<ul>\n<li>Pasarelas de s\u00f3lo entrada y s\u00f3lo salida.<\/li>\n<li>Parcelaci\u00f3n de las playas: con zonas para pasear por la orilla, para tomar el sol y para los juegos detr\u00e1s de todo. Todo estar\u00e1 perfectamente se\u00f1alizado.<\/li>\n<li>El uso de duchas y aseos tambi\u00e9n tendr\u00e1n unas normas y horarios, para que d\u00e9 tiempo a limpiarlos y est\u00e9n siempre desinfectados e impecables. Seg\u00fan El alcalde de la ciudad, Toni P\u00e9rez, todo est\u00e1 contemplado, para que los ciudadanos pueda aprovechar la playa con las m\u00e1ximas garant\u00edas posibles.<\/li>\n<li>Control del aforo por medio de una aplicaci\u00f3n, que se podr\u00e1n bajar a su m\u00f3vil.<\/li>\n<li>Distancia interpersonal de 2 mts.,\u00a0 a menos que sean de la misma familia o grupo<\/li>\n<li>La primera l\u00ednea de playa empezar\u00e1 a partir de los 4 metros. Dicha zona estar\u00e1 destinada para los que quieren pasear y caminar por la orilla.<\/li>\n<li>Quedar\u00e1 establecido tambi\u00e9n un horario para los paseos.<\/li>\n<li>Se descartan las mamparas de separaci\u00f3n, por lo que se supone, que van a parcelar o dividir la playa, a\u00fan no lo han determinado.<\/li>\n<li>Prohibidas las colchonetas.<\/li>\n<li>Para los <strong>nadadores federados<\/strong>, han habilitado unos accesos en la <strong>playa del Mal Pas<\/strong>, para que puedan entrenar.<\/li>\n<\/ul>\n<p>Fuentes: <a href=\"https:\/\/www.abc.es\/espana\/comunidad-valenciana\/abci-valencia-fase-2-playas-abiertas-bano-1-junio-aforo-y-accesos-controlados-202005291817_noticia.html\">abc<\/a> | <a href=\"https:\/\/alicanteplaza.es\/Las-playas-de-El-Campello-reabren-al-bano-el-lunes-con-un-aumento-en-los-controles-de-seguridad\">Alicante Plaza<\/a><\/p>\n<p><strong>Te puede interesar:<\/strong><\/p>\n<ul>\n<li><a href=\"https:\/\/www.euroresidentes.com\/viajes\/viajar\/playas-tranquilas-cercanas-benidor\">Playas tranquilas cerca de Benidorm<\/a><\/li>\n<li><a href=\"https:\/\/www.euroresidentes.com\/viajes\/guias\/guia-de-alicante.htm\">Gu\u00eda de Alicante<\/a><\/li>\n<li><a href=\"https:\/\/www.euroresidentes.com\/viajes\/viajar\/playas-alicante-normativa-para-la-desescalada\">Playas de Alicante: normas para la desescalada<\/a><\/li>\n<li><a href=\"https:\/\/www.euroresidentes.com\/viajes\/viajar\/10-cosas-que-no-deberias-perderte-si\">20 cosas que no deber\u00edas perderte si viajas a Alicante<\/a><\/li>\n<li><a href=\"https:\/\/www.euroresidentes.com\/viajes\/guias\/guia-espana.htm\">Gu\u00edas de Espa\u00f1a<\/a><\/li>\n<li><a href=\"https:\/\/www.euroresidentes.com\/viajes\/guias\/playas-espana\/playas-en-espana.htm\">Playas en Espa\u00f1a<\/a><\/li>\n<li><a href=\"https:\/\/www.euroresidentes.com\/viajes\/viajar\/playas-villajollosa-normas-desescalada-medidas-seguridad\">Playas de Villajollosa: normas para la desescalada y medidas de seguridad<\/a><\/li>\n<li><a href=\"https:\/\/www.euroresidentes.com\/viajes\/viajar\/los-mejores-camping-espana\">Los mejores camping de Espa\u00f1a<\/a><\/li>\n<\/ul>\n","protected":false},"excerpt":{"rendered":"<p>Las playas de Benidorm abrir\u00e1n el 15 de junio. El Ayuntamiento est\u00e1 todav\u00eda trabajando en la creaci\u00f3n de una normativa, que pueda garantizar seguridad de los ba\u00f1istas y evitar el contagio. Es por ello, que iremos modific\u00e1ndolo a medida, que esta normativa quede establecida. Lo que se sabe hasta hoy, es que habr\u00e1 un horario de ma\u00f1ana y otro de tarde, con vaciado de la playa al mediod\u00eda para poderla limpiar. De esta forma, podr\u00e1n utilizar el arenal y el mar un m\u00e1ximo de personas. S\u00f3lo est\u00e1 permitido un 50% de aforo, pero al haber dos turnos, bien coordinado podr\u00e1n <\/p>\n","protected":false},"author":1,"featured_media":3521,"comment_status":"open","ping_status":"closed","sticky":false,"template":"","format":"standard","meta":{"footnotes":""},"categories":[107],"tags":[113,120,69],"class_list":["post-6947","post","type-post","status-publish","format-standard","has-post-thumbnail","hentry","category-espana","tag-alicante","tag-benidorm","tag-playas","has_thumb"],"yoast_head":"<!-- This site is optimized with the Yoast SEO plugin v24.1 - https:\/\/yoast.com\/wordpress\/plugins\/seo\/ -->\n<title>Playas de Benidorm: normas para la desescalada<\/title>\n<meta name=\"description\" content=\"Normativa para las playas de Benidorm en el desconfinamiento, aforo limitado, zonas de acceso y salida delimitadas, normas para el uso de zonas comunes...\" \/>\n<meta name=\"robots\" content=\"index, follow, max-snippet:-1, max-image-preview:large, max-video-preview:-1\" \/>\n<link rel=\"canonical\" href=\"https:\/\/www.euroresidentes.com\/viajes\/viajar\/playas-de-benidorm-normas-para-la-desescalada\/\" \/>\n<meta property=\"og:locale\" content=\"es_ES\" \/>\n<meta property=\"og:type\" content=\"article\" \/>\n<meta property=\"og:title\" content=\"Playas de Benidorm: normas para la desescalada\" \/>\n<meta property=\"og:description\" content=\"Normativa para las playas de Benidorm en el desconfinamiento, aforo limitado, zonas de acceso y salida delimitadas, normas para el uso de zonas comunes...\" \/>\n<meta property=\"og:url\" content=\"https:\/\/www.euroresidentes.com\/viajes\/viajar\/playas-de-benidorm-normas-para-la-desescalada\/\" \/>\n<meta property=\"og:site_name\" content=\"Viajar\" \/>\n<meta property=\"article:publisher\" content=\"https:\/\/www.facebook.com\/euroresidentes\/\" \/>\n<meta property=\"article:published_time\" content=\"2020-06-03T12:57:16+00:00\" \/>\n<meta property=\"article:modified_time\" content=\"2020-06-10T09:40:57+00:00\" \/>\n<meta property=\"og:image\" content=\"https:\/\/www.euroresidentes.com\/viajes\/viajar\/wp-content\/uploads\/sites\/3\/2008\/11\/BenidormPlaya_Poniente_8.jpg\" \/>\n\t<meta property=\"og:image:width\" content=\"500\" \/>\n\t<meta property=\"og:image:height\" content=\"338\" \/>\n\t<meta property=\"og:image:type\" content=\"image\/jpeg\" \/>\n<meta name=\"author\" content=\"Euroresidentes\" \/>\n<meta name=\"twitter:card\" content=\"summary_large_image\" \/>\n<meta name=\"twitter:label1\" content=\"Written by\" \/>\n\t<meta name=\"twitter:data1\" content=\"Euroresidentes\" \/>\n\t<meta name=\"twitter:label2\" content=\"Est. reading time\" \/>\n\t<meta name=\"twitter:data2\" content=\"2 minutos\" \/>\n<script type=\"application\/ld+json\" class=\"yoast-schema-graph\">{\"@context\":\"https:\/\/schema.org\",\"@graph\":[{\"@type\":\"WebPage\",\"@id\":\"https:\/\/www.euroresidentes.com\/viajes\/viajar\/playas-de-benidorm-normas-para-la-desescalada\/\",\"url\":\"https:\/\/www.euroresidentes.com\/viajes\/viajar\/playas-de-benidorm-normas-para-la-desescalada\/\",\"name\":\"Playas de Benidorm: normas para la desescalada\",\"isPartOf\":{\"@id\":\"https:\/\/www.euroresidentes.com\/viajes\/viajar\/#website\"},\"primaryImageOfPage\":{\"@id\":\"https:\/\/www.euroresidentes.com\/viajes\/viajar\/playas-de-benidorm-normas-para-la-desescalada\/#primaryimage\"},\"image\":{\"@id\":\"https:\/\/www.euroresidentes.com\/viajes\/viajar\/playas-de-benidorm-normas-para-la-desescalada\/#primaryimage\"},\"thumbnailUrl\":\"https:\/\/www.euroresidentes.com\/viajes\/viajar\/wp-content\/uploads\/sites\/3\/2008\/11\/BenidormPlaya_Poniente_8.jpg\",\"datePublished\":\"2020-06-03T12:57:16+00:00\",\"dateModified\":\"2020-06-10T09:40:57+00:00\",\"author\":{\"@id\":\"https:\/\/www.euroresidentes.com\/viajes\/viajar\/#\/schema\/person\/4bbb21ebb04e241332a6c1c0c1f40bc1\"},\"description\":\"Normativa para las playas de Benidorm en el desconfinamiento, aforo limitado, zonas de acceso y salida delimitadas, normas para el uso de zonas comunes...\",\"breadcrumb\":{\"@id\":\"https:\/\/www.euroresidentes.com\/viajes\/viajar\/playas-de-benidorm-normas-para-la-desescalada\/#breadcrumb\"},\"inLanguage\":\"es\",\"potentialAction\":[{\"@type\":\"ReadAction\",\"target\":[\"https:\/\/www.euroresidentes.com\/viajes\/viajar\/playas-de-benidorm-normas-para-la-desescalada\/\"]}]},{\"@type\":\"ImageObject\",\"inLanguage\":\"es\",\"@id\":\"https:\/\/www.euroresidentes.com\/viajes\/viajar\/playas-de-benidorm-normas-para-la-desescalada\/#primaryimage\",\"url\":\"https:\/\/www.euroresidentes.com\/viajes\/viajar\/wp-content\/uploads\/sites\/3\/2008\/11\/BenidormPlaya_Poniente_8.jpg\",\"contentUrl\":\"https:\/\/www.euroresidentes.com\/viajes\/viajar\/wp-content\/uploads\/sites\/3\/2008\/11\/BenidormPlaya_Poniente_8.jpg\",\"width\":500,\"height\":338},{\"@type\":\"BreadcrumbList\",\"@id\":\"https:\/\/www.euroresidentes.com\/viajes\/viajar\/playas-de-benidorm-normas-para-la-desescalada\/#breadcrumb\",\"itemListElement\":[{\"@type\":\"ListItem\",\"position\":1,\"name\":\"Portada\",\"item\":\"https:\/\/www.euroresidentes.com\/viajes\/viajar\/\"},{\"@type\":\"ListItem\",\"position\":2,\"name\":\"Playas de Benidorm: normas para la desescalada y medidas de seguridad\"}]},{\"@type\":\"WebSite\",\"@id\":\"https:\/\/www.euroresidentes.com\/viajes\/viajar\/#website\",\"url\":\"https:\/\/www.euroresidentes.com\/viajes\/viajar\/\",\"name\":\"Viajar\",\"description\":\"Viajar Euroresidentes\",\"potentialAction\":[{\"@type\":\"SearchAction\",\"target\":{\"@type\":\"EntryPoint\",\"urlTemplate\":\"https:\/\/www.euroresidentes.com\/viajes\/viajar\/?s={search_term_string}\"},\"query-input\":{\"@type\":\"PropertyValueSpecification\",\"valueRequired\":true,\"valueName\":\"search_term_string\"}}],\"inLanguage\":\"es\"},{\"@type\":\"Person\",\"@id\":\"https:\/\/www.euroresidentes.com\/viajes\/viajar\/#\/schema\/person\/4bbb21ebb04e241332a6c1c0c1f40bc1\",\"name\":\"Euroresidentes\",\"image\":{\"@type\":\"ImageObject\",\"inLanguage\":\"es\",\"@id\":\"https:\/\/www.euroresidentes.com\/viajes\/viajar\/#\/schema\/person\/image\/\",\"url\":\"https:\/\/www.euroresidentes.com\/viajes\/viajar\/wp-content\/uploads\/sites\/3\/2016\/03\/logo-euroresidentes-150x150.jpg\",\"contentUrl\":\"https:\/\/www.euroresidentes.com\/viajes\/viajar\/wp-content\/uploads\/sites\/3\/2016\/03\/logo-euroresidentes-150x150.jpg\",\"caption\":\"Euroresidentes\"},\"description\":\"EuroresidentesContenidos \u00fatiles que ayudan a resolver las necesidades grandes y peque\u00f1as de al vida cotidiana.\",\"sameAs\":[\"https:\/\/www.euroresidentes.com\/info.htm\"],\"url\":\"https:\/\/www.euroresidentes.com\/viajes\/viajar\/author\/euroresidentes\/\"}]}<\/script>\n<!-- \/ Yoast SEO plugin. -->","yoast_head_json":{"title":"Playas de Benidorm: normas para la desescalada","description":"Normativa para las playas de Benidorm en el desconfinamiento, aforo limitado, zonas de acceso y salida delimitadas, normas para el uso de zonas comunes...","robots":{"index":"index","follow":"follow","max-snippet":"max-snippet:-1","max-image-preview":"max-image-preview:large","max-video-preview":"max-video-preview:-1"},"canonical":"https:\/\/www.euroresidentes.com\/viajes\/viajar\/playas-de-benidorm-normas-para-la-desescalada\/","og_locale":"es_ES","og_type":"article","og_title":"Playas de Benidorm: normas para la desescalada","og_description":"Normativa para las playas de Benidorm en el desconfinamiento, aforo limitado, zonas de acceso y salida delimitadas, normas para el uso de zonas comunes...","og_url":"https:\/\/www.euroresidentes.com\/viajes\/viajar\/playas-de-benidorm-normas-para-la-desescalada\/","og_site_name":"Viajar","article_publisher":"https:\/\/www.facebook.com\/euroresidentes\/","article_published_time":"2020-06-03T12:57:16+00:00","article_modified_time":"2020-06-10T09:40:57+00:00","og_image":[{"width":500,"height":338,"url":"https:\/\/www.euroresidentes.com\/viajes\/viajar\/wp-content\/uploads\/sites\/3\/2008\/11\/BenidormPlaya_Poniente_8.jpg","type":"image\/jpeg"}],"author":"Euroresidentes","twitter_card":"summary_large_image","twitter_misc":{"Written by":"Euroresidentes","Est. reading time":"2 minutos"},"schema":{"@context":"https:\/\/schema.org","@graph":[{"@type":"WebPage","@id":"https:\/\/www.euroresidentes.com\/viajes\/viajar\/playas-de-benidorm-normas-para-la-desescalada\/","url":"https:\/\/www.euroresidentes.com\/viajes\/viajar\/playas-de-benidorm-normas-para-la-desescalada\/","name":"Playas de Benidorm: normas para la desescalada","isPartOf":{"@id":"https:\/\/www.euroresidentes.com\/viajes\/viajar\/#website"},"primaryImageOfPage":{"@id":"https:\/\/www.euroresidentes.com\/viajes\/viajar\/playas-de-benidorm-normas-para-la-desescalada\/#primaryimage"},"image":{"@id":"https:\/\/www.euroresidentes.com\/viajes\/viajar\/playas-de-benidorm-normas-para-la-desescalada\/#primaryimage"},"thumbnailUrl":"https:\/\/www.euroresidentes.com\/viajes\/viajar\/wp-content\/uploads\/sites\/3\/2008\/11\/BenidormPlaya_Poniente_8.jpg","datePublished":"2020-06-03T12:57:16+00:00","dateModified":"2020-06-10T09:40:57+00:00","author":{"@id":"https:\/\/www.euroresidentes.com\/viajes\/viajar\/#\/schema\/person\/4bbb21ebb04e241332a6c1c0c1f40bc1"},"description":"Normativa para las playas de Benidorm en el desconfinamiento, aforo limitado, zonas de acceso y salida delimitadas, normas para el uso de zonas comunes...","breadcrumb":{"@id":"https:\/\/www.euroresidentes.com\/viajes\/viajar\/playas-de-benidorm-normas-para-la-desescalada\/#breadcrumb"},"inLanguage":"es","potentialAction":[{"@type":"ReadAction","target":["https:\/\/www.euroresidentes.com\/viajes\/viajar\/playas-de-benidorm-normas-para-la-desescalada\/"]}]},{"@type":"ImageObject","inLanguage":"es","@id":"https:\/\/www.euroresidentes.com\/viajes\/viajar\/playas-de-benidorm-normas-para-la-desescalada\/#primaryimage","url":"https:\/\/www.euroresidentes.com\/viajes\/viajar\/wp-content\/uploads\/sites\/3\/2008\/11\/BenidormPlaya_Poniente_8.jpg","contentUrl":"https:\/\/www.euroresidentes.com\/viajes\/viajar\/wp-content\/uploads\/sites\/3\/2008\/11\/BenidormPlaya_Poniente_8.jpg","width":500,"height":338},{"@type":"BreadcrumbList","@id":"https:\/\/www.euroresidentes.com\/viajes\/viajar\/playas-de-benidorm-normas-para-la-desescalada\/#breadcrumb","itemListElement":[{"@type":"ListItem","position":1,"name":"Portada","item":"https:\/\/www.euroresidentes.com\/viajes\/viajar\/"},{"@type":"ListItem","position":2,"name":"Playas de Benidorm: normas para la desescalada y medidas de seguridad"}]},{"@type":"WebSite","@id":"https:\/\/www.euroresidentes.com\/viajes\/viajar\/#website","url":"https:\/\/www.euroresidentes.com\/viajes\/viajar\/","name":"Viajar","description":"Viajar Euroresidentes","potentialAction":[{"@type":"SearchAction","target":{"@type":"EntryPoint","urlTemplate":"https:\/\/www.euroresidentes.com\/viajes\/viajar\/?s={search_term_string}"},"query-input":{"@type":"PropertyValueSpecification","valueRequired":true,"valueName":"search_term_string"}}],"inLanguage":"es"},{"@type":"Person","@id":"https:\/\/www.euroresidentes.com\/viajes\/viajar\/#\/schema\/person\/4bbb21ebb04e241332a6c1c0c1f40bc1","name":"Euroresidentes","image":{"@type":"ImageObject","inLanguage":"es","@id":"https:\/\/www.euroresidentes.com\/viajes\/viajar\/#\/schema\/person\/image\/","url":"https:\/\/www.euroresidentes.com\/viajes\/viajar\/wp-content\/uploads\/sites\/3\/2016\/03\/logo-euroresidentes-150x150.jpg","contentUrl":"https:\/\/www.euroresidentes.com\/viajes\/viajar\/wp-content\/uploads\/sites\/3\/2016\/03\/logo-euroresidentes-150x150.jpg","caption":"Euroresidentes"},"description":"EuroresidentesContenidos \u00fatiles que ayudan a resolver las necesidades grandes y peque\u00f1as de al vida cotidiana.","sameAs":["https:\/\/www.euroresidentes.com\/info.htm"],"url":"https:\/\/www.euroresidentes.com\/viajes\/viajar\/author\/euroresidentes\/"}]}},"_links":{"self":[{"href":"https:\/\/www.euroresidentes.com\/viajes\/viajar\/wp-json\/wp\/v2\/posts\/6947","targetHints":{"allow":["GET"]}}],"collection":[{"href":"https:\/\/www.euroresidentes.com\/viajes\/viajar\/wp-json\/wp\/v2\/posts"}],"about":[{"href":"https:\/\/www.euroresidentes.com\/viajes\/viajar\/wp-json\/wp\/v2\/types\/post"}],"author":[{"embeddable":true,"href":"https:\/\/www.euroresidentes.com\/viajes\/viajar\/wp-json\/wp\/v2\/users\/1"}],"replies":[{"embeddable":true,"href":"https:\/\/www.euroresidentes.com\/viajes\/viajar\/wp-json\/wp\/v2\/comments?post=6947"}],"version-history":[{"count":9,"href":"https:\/\/www.euroresidentes.com\/viajes\/viajar\/wp-json\/wp\/v2\/posts\/6947\/revisions"}],"predecessor-version":[{"id":7062,"href":"https:\/\/www.euroresidentes.com\/viajes\/viajar\/wp-json\/wp\/v2\/posts\/6947\/revisions\/7062"}],"wp:featuredmedia":[{"embeddable":true,"href":"https:\/\/www.euroresidentes.com\/viajes\/viajar\/wp-json\/wp\/v2\/media\/3521"}],"wp:attachment":[{"href":"https:\/\/www.euroresidentes.com\/viajes\/viajar\/wp-json\/wp\/v2\/media?parent=6947"}],"wp:term":[{"taxonomy":"category","embeddable":true,"href":"https:\/\/www.euroresidentes.com\/viajes\/viajar\/wp-json\/wp\/v2\/categories?post=6947"},{"taxonomy":"post_tag","embeddable":true,"href":"https:\/\/www.euroresidentes.com\/viajes\/viajar\/wp-json\/wp\/v2\/tags?post=6947"}],"curies":[{"name":"wp","href":"https:\/\/api.w.org\/{rel}","templated":true}]}}