{"id":6913,"date":"2020-06-02T15:07:46","date_gmt":"2020-06-02T13:07:46","guid":{"rendered":"https:\/\/www.euroresidentes.com\/viajes\/viajar\/?p=6913"},"modified":"2020-06-11T10:07:34","modified_gmt":"2020-06-11T08:07:34","slug":"playas-alicante-normativa-para-la-desescalada","status":"publish","type":"post","link":"https:\/\/www.euroresidentes.com\/viajes\/viajar\/playas-alicante-normativa-para-la-desescalada\/","title":{"rendered":"Playas de Alicante: normas para la desescalada y medidas de seguridad"},"content":{"rendered":"<h4>\u00bfQu\u00e9 playas est\u00e1n abiertas en Alicante en la Fase 2? \u00bfQu\u00e9 medidas de seguridad hay que seguir? \u00bfQu\u00e9 normativas se contemplan en la fase 2 para ir las playas de Alicante?<\/h4>\n<p><strong>Las Playas de Alicante est\u00e1n abiertas desde el lunes 1 de Junio.\u00a0<\/strong>Al entrar en Fase 2, el Ayuntamiento de Alicante, a trav\u00e9s del Patronato Municipal de Turismo y Playas de Alicante, est\u00e1 elaborado un plan, para establecer una <strong>normativa com\u00fan para todas sus playas<\/strong> y la mayor parte de los ayuntamientos de la provincia, a fin de\u00a0 no crear confusi\u00f3n a los ciudadanos.\u00a0<\/p>\n<p>Playas c\u00f3mo las de\u00a0<strong><a href=\"https:\/\/www.euroresidentes.com\/viajes\/viajar\/benidorm-23-cosas-interesantes-que\">Benidorm<\/a>, abrir\u00e1n el 15 de Junio con otra normativa<\/strong>.\u00a0 <strong>Torrevieja y Arenales abrir\u00e1n entre el 8 y 14 de Junio.\u00a0<\/strong><\/p>\n<h2>Fase 2: Playas abiertas al ba\u00f1o en Alicante<\/h2>\n<p>Las playas abiertas al ba\u00f1o en esta fase son: las playas de la capital son la del <strong>Postiguet, Playa San Juan, Urbanova, la Albufereta, la Almadraba y las zonas de San Gabriel y el <a href=\"https:\/\/fotos.euroresidentes.com\/fotos\/Alicante\/index1.htm\">Cabo de las Huertas<\/a><\/strong><strong>.<\/strong> Tambi\u00e9n est\u00e1n abiertas: <strong>El Campello, El Pinet y la Marina de <\/strong><strong>Elche<\/strong><strong>, <a href=\"https:\/\/www.euroresidentes.com\/viajes\/viajar\/alicante-la-isla-de-tabarca\">Tabarca<\/a>, la Almadraba<\/strong>. Para estas dos \u00faltimas, se est\u00e1n preparando unas medidas especiales.<\/p>\n<p>La normativa de las playas del Campello y Playa San Juan,\u00a0 cuya divisi\u00f3n es inexistente, ser\u00e1 exactamente la misma.<\/p>\n<p>Independientemente de dicha normativa, las playas estar\u00e1n controladas por los agentes de la Polic\u00eda Local y la Guardia Civil. Va a ser fundamental, una perfecta\u00a0 aplicaci\u00f3n de dichas normas, para evitar el contagio y salvaguardar la salud de todos y ellos se van a encargar de ello. Adem\u00e1s, por las aplicaciones m\u00f3viles se va a poder controlar el aforo de cada playa. Incluso se utilizar\u00e1n los Drones, para controlar mejor el aforo los fines de semana.<\/p>\n<div id=\"attachment_6915\" style=\"width: 710px\" class=\"wp-caption aligncenter\"><a href=\"https:\/\/www.euroresidentes.com\/viajes\/viajar\/wp-content\/uploads\/sites\/3\/2020\/06\/playas-alicante-desescalada-normas.jpg\"><img loading=\"lazy\" decoding=\"async\" aria-describedby=\"caption-attachment-6915\" class=\"wp-image-6915 size-full\" src=\"https:\/\/www.euroresidentes.com\/viajes\/viajar\/wp-content\/uploads\/sites\/3\/2020\/06\/playas-alicante-desescalada-normas.jpg\" alt=\"Normativa para las playas de Alicante en la desescalada\" width=\"700\" height=\"468\" srcset=\"https:\/\/www.euroresidentes.com\/viajes\/viajar\/wp-content\/uploads\/sites\/3\/2020\/06\/playas-alicante-desescalada-normas.jpg 700w, https:\/\/www.euroresidentes.com\/viajes\/viajar\/wp-content\/uploads\/sites\/3\/2020\/06\/playas-alicante-desescalada-normas-300x201.jpg 300w, https:\/\/www.euroresidentes.com\/viajes\/viajar\/wp-content\/uploads\/sites\/3\/2020\/06\/playas-alicante-desescalada-normas-444x297.jpg 444w\" sizes=\"auto, (max-width: 700px) 100vw, 700px\" \/><\/a><p id=\"caption-attachment-6915\" class=\"wp-caption-text\">Imagen de Vicente Viana en Pixabay<\/p><\/div>\n<h3><strong>Normativa para las playas de: El Postiguet, Playa de San Juan, El Cabo de las Huertas, La Albufereta, La Almadraba, San Gabriel, Urbanova, Playa de Muchavista y el Campello.<\/strong><\/h3>\n<ol>\n<li>Las playas estar\u00e1n <strong>parceladas, durante los meses de Julio y Agosto<\/strong>. Cada uno deber\u00e1 permanecer en su parcela (paseo, solariu, juegos)<\/li>\n<li>La divisi\u00f3n entre zonas estar\u00e1 perfectamente rotulada y delimitada.<\/li>\n<li>Habr\u00e1\u00a0<strong>accesos s\u00f3lo de entrada y otros s\u00f3lo de salida<\/strong> para cada playa, para que la gente no se crucen o se encuentren de cara. Normalmente se har\u00e1 por las pasarelas si disponen de ellas.\u00a0 Las entradas y salidas, estar\u00e1n debidamente se\u00f1alizadas y rotuladas.<\/li>\n<li><strong>La franja para el paseo estar\u00e1 situada a orillas del mar<\/strong> hasta los 6 mts. de ancho, para permitir el paseo de los ba\u00f1istas. Depender\u00e1 del ancho de cada playa.<\/li>\n<li>Los que paseen deber\u00e1n <strong>mantener una distancia de 2 mts<\/strong> con los paseantes, que tengan delante.<\/li>\n<li>Se fijar\u00e1 una\u00a0<strong>zona para tomar el sol de 5 metros de ancha, <\/strong>que est\u00e1 situado tras la franja para el paseo, es decir, entre los 6 a 10 mts.\u00a0<\/li>\n<li>Estar\u00e1 <strong>controlado el aforo y el tiempo de permanencia en cada playa<\/strong>, por medio de aplicaciones m\u00f3viles y drones los fines de semana. Depender\u00e1 de la playa y la afluencia de ba\u00f1istas.<\/li>\n<li>En Junio los <strong>aseos permanecer\u00e1n cerrados<\/strong> de momento. Para la siguiente fase, se establecer\u00e1\u00a0 un servicio de limpieza intensivo y adecuado, para que los aseos est\u00e9n perfectamente desinfectados y limpios.<\/li>\n<li><strong>Las duchas para lavarse los pies<\/strong>, estar\u00e1n situadas en las pasarelas de salida y deber\u00e1n pulsarse con la rodilla en lugar de hacerlo con la mano.\u00a0 Deber\u00e1n mantener las distancias, mientras hacen cola para poderse lavar los pies.\u00a0 Tambi\u00e9n estar\u00e1 se\u00f1alizado.\u00a0<\/li>\n<li>Se establece una\u00a0<b>distancia interpersonal de 2 mts. si no son de la misma familia.\u00a0<\/b>S\u00f3lo se podr\u00e1n sentar o tumbar agrupados un m\u00e1ximo de<b> 15 personas.<\/b><\/li>\n<li>Se aconseja el uso de <strong>sombrillas<\/strong> para favorecer la distancia entre las personas. De palo de una sombrilla a otra, se aconseja dejar 4 mts.<\/li>\n<li>Ser\u00e1 <strong>obligatorio el uso de mascarilla hasta llegar a la playa<\/strong>. Cuando lleguen al lugar elegido para sentarse o tumbarse, podr\u00e1n quitarselas.\u00a0<\/li>\n<li>Tambi\u00e9n <strong>el calzado ser\u00e1 obligatorio hasta llegar a su punto de la playa<\/strong>. Tanto para entrar como para salir de la playa.<\/li>\n<li>Se podr\u00e1 comer en un bar o restaurante o chiringuito,\u00a0 dentro o fuera en la terraza siempre y cuando la distancia entre las mesas sea de 2 metros.<\/li>\n<li><strong>Juegos de playa<\/strong> se har\u00e1n tras la franja indicada para tomar el sol. Estar\u00e1 prohibido jugar a las palas o pelota en primera l\u00ednea de playa. Las colchonetas estar\u00e1n prohibidas.<\/li>\n<\/ol>\n<div id=\"attachment_6914\" style=\"width: 560px\" class=\"wp-caption aligncenter\"><a href=\"https:\/\/www.euroresidentes.com\/viajes\/viajar\/wp-content\/uploads\/sites\/3\/2020\/06\/playas-alicante-desescalada.jpg\"><img loading=\"lazy\" decoding=\"async\" aria-describedby=\"caption-attachment-6914\" class=\" wp-image-6914\" src=\"https:\/\/www.euroresidentes.com\/viajes\/viajar\/wp-content\/uploads\/sites\/3\/2020\/06\/playas-alicante-desescalada-649x1024.jpg\" alt=\"\" width=\"550\" height=\"958\" \/><\/a><p id=\"caption-attachment-6914\" class=\"wp-caption-text\">Medidas de seguridad en las playas del Ayuntamiento de Alicante<\/p><\/div>\n<p>Fuentes:\u00a0<a href=\"https:\/\/www.abc.es\/espana\/comunidad-valenciana\/abci-alicante-fase-2-playas-reabren-franjas-cinco-metros-para-tomar-y-restriccion-actividades-202005301750_noticia.html?ref=https:%2F%2Fwww.google.com%2F\">abc<\/a> | <a href=\"https:\/\/alicanteplaza.es\/Las-playas-de-El-Campello-reabren-al-bano-el-lunes-con-un-aumento-en-los-controles-de-seguridad\">alicanteplaza<\/a><\/p>\n<p><strong>M\u00e1s informaci\u00f3n sobre las playas:<\/strong><\/p>\n<ul>\n<li><a href=\"https:\/\/www.euroresidentes.com\/viajes\/viajar\/10-cosas-que-no-deberias-perderte-si\">20 cosas que no deber\u00edas perderte si viajas a Alicante<\/a><\/li>\n<li><a href=\"https:\/\/www.euroresidentes.com\/viajes\/guias\/playas-espana\/playas-alicante.htm\">Playas de Alicante\u00a0<\/a><\/li>\n<li><a href=\"https:\/\/www.euroresidentes.com\/viajes\/guias\/guia-de-alicante.htm\">Gu\u00eda de Alicante<\/a><\/li>\n<li><a href=\"https:\/\/www.euroresidentes.com\/viajes\/guias\/playas-espana\/playas-costa-blanca.htm\">Playas de la Costa Blanca<\/a><\/li>\n<li><a href=\"https:\/\/www.euroresidentes.com\/puertos-espana\/puertos-deportivos-alicante.htm\">Puertos deportivos de Alicante<\/a><\/li>\n<li><a href=\"https:\/\/www.euroresidentes.com\/viajes\/viajar\/playas-alicante-normativa-para-la-desescalada\">Playas de Alicante: normas para la desescalada<\/a><\/li>\n<li><a href=\"https:\/\/www.euroresidentes.com\/viajes\/viajar\/playas-de-benidorm-normas-para-la-desescalada\">Playas de Benidorm: normas para la desescalada y medidas de seguridad<\/a><\/li>\n<li><a href=\"https:\/\/www.euroresidentes.com\/viajes\/guias\/guia-espana.htm\">Gu\u00edas de Espa\u00f1a<\/a><\/li>\n<li><a href=\"https:\/\/www.euroresidentes.com\/viajes\/viajar\/playas-villajollosa-normas-desescalada-medidas-seguridad\">Playas de Villajollosa: normas para la desescalada y medidas de seguridad<\/a><\/li>\n<li><a href=\"https:\/\/www.euroresidentes.com\/viajes\/viajar\/los-mejores-camping-espana\">Los mejores camping de Espa\u00f1a<\/a><\/li>\n<\/ul>\n","protected":false},"excerpt":{"rendered":"<p>\u00bfQu\u00e9 playas est\u00e1n abiertas en Alicante en la Fase 2? \u00bfQu\u00e9 medidas de seguridad hay que seguir? \u00bfQu\u00e9 normativas se contemplan en la fase 2 para ir las playas de Alicante? Las Playas de Alicante est\u00e1n abiertas desde el lunes 1 de Junio.\u00a0Al entrar en Fase 2, el Ayuntamiento de Alicante, a trav\u00e9s del Patronato Municipal de Turismo y Playas de Alicante, est\u00e1 elaborado un plan, para establecer una normativa com\u00fan para todas sus playas y la mayor parte de los ayuntamientos de la provincia, a fin de\u00a0 no crear confusi\u00f3n a los ciudadanos.\u00a0 Playas c\u00f3mo las de\u00a0Benidorm, abrir\u00e1n el <\/p>\n","protected":false},"author":1,"featured_media":6914,"comment_status":"open","ping_status":"closed","sticky":false,"template":"","format":"standard","meta":{"footnotes":""},"categories":[107],"tags":[113,69],"class_list":["post-6913","post","type-post","status-publish","format-standard","has-post-thumbnail","hentry","category-espana","tag-alicante","tag-playas","has_thumb"],"yoast_head":"<!-- This site is optimized with the Yoast SEO plugin v24.1 - https:\/\/yoast.com\/wordpress\/plugins\/seo\/ -->\n<title>Playas de Alicante: normas para la desescalada<\/title>\n<meta name=\"description\" content=\"Las Playas de Alicante est\u00e1n abiertas desde el 1 de Junio, estas son las medidas de seguridad que el Ayuntamiento de Alicante recomienda para visitarlas\" \/>\n<meta name=\"robots\" content=\"index, follow, max-snippet:-1, max-image-preview:large, max-video-preview:-1\" \/>\n<link rel=\"canonical\" href=\"https:\/\/www.euroresidentes.com\/viajes\/viajar\/playas-alicante-normativa-para-la-desescalada\/\" \/>\n<meta property=\"og:locale\" content=\"es_ES\" \/>\n<meta property=\"og:type\" content=\"article\" \/>\n<meta property=\"og:title\" content=\"Playas de Alicante: normas para la desescalada\" \/>\n<meta property=\"og:description\" content=\"Las Playas de Alicante est\u00e1n abiertas desde el 1 de Junio, estas son las medidas de seguridad que el Ayuntamiento de Alicante recomienda para visitarlas\" \/>\n<meta property=\"og:url\" content=\"https:\/\/www.euroresidentes.com\/viajes\/viajar\/playas-alicante-normativa-para-la-desescalada\/\" \/>\n<meta property=\"og:site_name\" content=\"Viajar\" \/>\n<meta property=\"article:publisher\" content=\"https:\/\/www.facebook.com\/euroresidentes\/\" \/>\n<meta property=\"article:published_time\" content=\"2020-06-02T13:07:46+00:00\" \/>\n<meta property=\"article:modified_time\" content=\"2020-06-11T08:07:34+00:00\" \/>\n<meta property=\"og:image\" content=\"https:\/\/www.euroresidentes.com\/viajes\/viajar\/wp-content\/uploads\/sites\/3\/2020\/06\/playas-alicante-desescalada.jpg\" \/>\n\t<meta property=\"og:image:width\" content=\"649\" \/>\n\t<meta property=\"og:image:height\" content=\"1024\" \/>\n\t<meta property=\"og:image:type\" content=\"image\/jpeg\" \/>\n<meta name=\"author\" content=\"Euroresidentes\" \/>\n<meta name=\"twitter:card\" content=\"summary_large_image\" \/>\n<meta name=\"twitter:label1\" content=\"Written by\" \/>\n\t<meta name=\"twitter:data1\" content=\"Euroresidentes\" \/>\n\t<meta name=\"twitter:label2\" content=\"Est. reading time\" \/>\n\t<meta name=\"twitter:data2\" content=\"4 minutos\" \/>\n<script type=\"application\/ld+json\" class=\"yoast-schema-graph\">{\"@context\":\"https:\/\/schema.org\",\"@graph\":[{\"@type\":\"WebPage\",\"@id\":\"https:\/\/www.euroresidentes.com\/viajes\/viajar\/playas-alicante-normativa-para-la-desescalada\/\",\"url\":\"https:\/\/www.euroresidentes.com\/viajes\/viajar\/playas-alicante-normativa-para-la-desescalada\/\",\"name\":\"Playas de Alicante: normas para la desescalada\",\"isPartOf\":{\"@id\":\"https:\/\/www.euroresidentes.com\/viajes\/viajar\/#website\"},\"primaryImageOfPage\":{\"@id\":\"https:\/\/www.euroresidentes.com\/viajes\/viajar\/playas-alicante-normativa-para-la-desescalada\/#primaryimage\"},\"image\":{\"@id\":\"https:\/\/www.euroresidentes.com\/viajes\/viajar\/playas-alicante-normativa-para-la-desescalada\/#primaryimage\"},\"thumbnailUrl\":\"https:\/\/www.euroresidentes.com\/viajes\/viajar\/wp-content\/uploads\/sites\/3\/2020\/06\/playas-alicante-desescalada.jpg\",\"datePublished\":\"2020-06-02T13:07:46+00:00\",\"dateModified\":\"2020-06-11T08:07:34+00:00\",\"author\":{\"@id\":\"https:\/\/www.euroresidentes.com\/viajes\/viajar\/#\/schema\/person\/4bbb21ebb04e241332a6c1c0c1f40bc1\"},\"description\":\"Las Playas de Alicante est\u00e1n abiertas desde el 1 de Junio, estas son las medidas de seguridad que el Ayuntamiento de Alicante recomienda para visitarlas\",\"breadcrumb\":{\"@id\":\"https:\/\/www.euroresidentes.com\/viajes\/viajar\/playas-alicante-normativa-para-la-desescalada\/#breadcrumb\"},\"inLanguage\":\"es\",\"potentialAction\":[{\"@type\":\"ReadAction\",\"target\":[\"https:\/\/www.euroresidentes.com\/viajes\/viajar\/playas-alicante-normativa-para-la-desescalada\/\"]}]},{\"@type\":\"ImageObject\",\"inLanguage\":\"es\",\"@id\":\"https:\/\/www.euroresidentes.com\/viajes\/viajar\/playas-alicante-normativa-para-la-desescalada\/#primaryimage\",\"url\":\"https:\/\/www.euroresidentes.com\/viajes\/viajar\/wp-content\/uploads\/sites\/3\/2020\/06\/playas-alicante-desescalada.jpg\",\"contentUrl\":\"https:\/\/www.euroresidentes.com\/viajes\/viajar\/wp-content\/uploads\/sites\/3\/2020\/06\/playas-alicante-desescalada.jpg\",\"width\":649,\"height\":1024,\"caption\":\"Consejos playas Alicante Desescalada\"},{\"@type\":\"BreadcrumbList\",\"@id\":\"https:\/\/www.euroresidentes.com\/viajes\/viajar\/playas-alicante-normativa-para-la-desescalada\/#breadcrumb\",\"itemListElement\":[{\"@type\":\"ListItem\",\"position\":1,\"name\":\"Portada\",\"item\":\"https:\/\/www.euroresidentes.com\/viajes\/viajar\/\"},{\"@type\":\"ListItem\",\"position\":2,\"name\":\"Playas de Alicante: normas para la desescalada y medidas de seguridad\"}]},{\"@type\":\"WebSite\",\"@id\":\"https:\/\/www.euroresidentes.com\/viajes\/viajar\/#website\",\"url\":\"https:\/\/www.euroresidentes.com\/viajes\/viajar\/\",\"name\":\"Viajar\",\"description\":\"Viajar Euroresidentes\",\"potentialAction\":[{\"@type\":\"SearchAction\",\"target\":{\"@type\":\"EntryPoint\",\"urlTemplate\":\"https:\/\/www.euroresidentes.com\/viajes\/viajar\/?s={search_term_string}\"},\"query-input\":{\"@type\":\"PropertyValueSpecification\",\"valueRequired\":true,\"valueName\":\"search_term_string\"}}],\"inLanguage\":\"es\"},{\"@type\":\"Person\",\"@id\":\"https:\/\/www.euroresidentes.com\/viajes\/viajar\/#\/schema\/person\/4bbb21ebb04e241332a6c1c0c1f40bc1\",\"name\":\"Euroresidentes\",\"image\":{\"@type\":\"ImageObject\",\"inLanguage\":\"es\",\"@id\":\"https:\/\/www.euroresidentes.com\/viajes\/viajar\/#\/schema\/person\/image\/\",\"url\":\"https:\/\/www.euroresidentes.com\/viajes\/viajar\/wp-content\/uploads\/sites\/3\/2016\/03\/logo-euroresidentes-150x150.jpg\",\"contentUrl\":\"https:\/\/www.euroresidentes.com\/viajes\/viajar\/wp-content\/uploads\/sites\/3\/2016\/03\/logo-euroresidentes-150x150.jpg\",\"caption\":\"Euroresidentes\"},\"description\":\"EuroresidentesContenidos \u00fatiles que ayudan a resolver las necesidades grandes y peque\u00f1as de al vida cotidiana.\",\"sameAs\":[\"https:\/\/www.euroresidentes.com\/info.htm\"],\"url\":\"https:\/\/www.euroresidentes.com\/viajes\/viajar\/author\/euroresidentes\/\"}]}<\/script>\n<!-- \/ Yoast SEO plugin. -->","yoast_head_json":{"title":"Playas de Alicante: normas para la desescalada","description":"Las Playas de Alicante est\u00e1n abiertas desde el 1 de Junio, estas son las medidas de seguridad que el Ayuntamiento de Alicante recomienda para visitarlas","robots":{"index":"index","follow":"follow","max-snippet":"max-snippet:-1","max-image-preview":"max-image-preview:large","max-video-preview":"max-video-preview:-1"},"canonical":"https:\/\/www.euroresidentes.com\/viajes\/viajar\/playas-alicante-normativa-para-la-desescalada\/","og_locale":"es_ES","og_type":"article","og_title":"Playas de Alicante: normas para la desescalada","og_description":"Las Playas de Alicante est\u00e1n abiertas desde el 1 de Junio, estas son las medidas de seguridad que el Ayuntamiento de Alicante recomienda para visitarlas","og_url":"https:\/\/www.euroresidentes.com\/viajes\/viajar\/playas-alicante-normativa-para-la-desescalada\/","og_site_name":"Viajar","article_publisher":"https:\/\/www.facebook.com\/euroresidentes\/","article_published_time":"2020-06-02T13:07:46+00:00","article_modified_time":"2020-06-11T08:07:34+00:00","og_image":[{"width":649,"height":1024,"url":"https:\/\/www.euroresidentes.com\/viajes\/viajar\/wp-content\/uploads\/sites\/3\/2020\/06\/playas-alicante-desescalada.jpg","type":"image\/jpeg"}],"author":"Euroresidentes","twitter_card":"summary_large_image","twitter_misc":{"Written by":"Euroresidentes","Est. reading time":"4 minutos"},"schema":{"@context":"https:\/\/schema.org","@graph":[{"@type":"WebPage","@id":"https:\/\/www.euroresidentes.com\/viajes\/viajar\/playas-alicante-normativa-para-la-desescalada\/","url":"https:\/\/www.euroresidentes.com\/viajes\/viajar\/playas-alicante-normativa-para-la-desescalada\/","name":"Playas de Alicante: normas para la desescalada","isPartOf":{"@id":"https:\/\/www.euroresidentes.com\/viajes\/viajar\/#website"},"primaryImageOfPage":{"@id":"https:\/\/www.euroresidentes.com\/viajes\/viajar\/playas-alicante-normativa-para-la-desescalada\/#primaryimage"},"image":{"@id":"https:\/\/www.euroresidentes.com\/viajes\/viajar\/playas-alicante-normativa-para-la-desescalada\/#primaryimage"},"thumbnailUrl":"https:\/\/www.euroresidentes.com\/viajes\/viajar\/wp-content\/uploads\/sites\/3\/2020\/06\/playas-alicante-desescalada.jpg","datePublished":"2020-06-02T13:07:46+00:00","dateModified":"2020-06-11T08:07:34+00:00","author":{"@id":"https:\/\/www.euroresidentes.com\/viajes\/viajar\/#\/schema\/person\/4bbb21ebb04e241332a6c1c0c1f40bc1"},"description":"Las Playas de Alicante est\u00e1n abiertas desde el 1 de Junio, estas son las medidas de seguridad que el Ayuntamiento de Alicante recomienda para visitarlas","breadcrumb":{"@id":"https:\/\/www.euroresidentes.com\/viajes\/viajar\/playas-alicante-normativa-para-la-desescalada\/#breadcrumb"},"inLanguage":"es","potentialAction":[{"@type":"ReadAction","target":["https:\/\/www.euroresidentes.com\/viajes\/viajar\/playas-alicante-normativa-para-la-desescalada\/"]}]},{"@type":"ImageObject","inLanguage":"es","@id":"https:\/\/www.euroresidentes.com\/viajes\/viajar\/playas-alicante-normativa-para-la-desescalada\/#primaryimage","url":"https:\/\/www.euroresidentes.com\/viajes\/viajar\/wp-content\/uploads\/sites\/3\/2020\/06\/playas-alicante-desescalada.jpg","contentUrl":"https:\/\/www.euroresidentes.com\/viajes\/viajar\/wp-content\/uploads\/sites\/3\/2020\/06\/playas-alicante-desescalada.jpg","width":649,"height":1024,"caption":"Consejos playas Alicante Desescalada"},{"@type":"BreadcrumbList","@id":"https:\/\/www.euroresidentes.com\/viajes\/viajar\/playas-alicante-normativa-para-la-desescalada\/#breadcrumb","itemListElement":[{"@type":"ListItem","position":1,"name":"Portada","item":"https:\/\/www.euroresidentes.com\/viajes\/viajar\/"},{"@type":"ListItem","position":2,"name":"Playas de Alicante: normas para la desescalada y medidas de seguridad"}]},{"@type":"WebSite","@id":"https:\/\/www.euroresidentes.com\/viajes\/viajar\/#website","url":"https:\/\/www.euroresidentes.com\/viajes\/viajar\/","name":"Viajar","description":"Viajar Euroresidentes","potentialAction":[{"@type":"SearchAction","target":{"@type":"EntryPoint","urlTemplate":"https:\/\/www.euroresidentes.com\/viajes\/viajar\/?s={search_term_string}"},"query-input":{"@type":"PropertyValueSpecification","valueRequired":true,"valueName":"search_term_string"}}],"inLanguage":"es"},{"@type":"Person","@id":"https:\/\/www.euroresidentes.com\/viajes\/viajar\/#\/schema\/person\/4bbb21ebb04e241332a6c1c0c1f40bc1","name":"Euroresidentes","image":{"@type":"ImageObject","inLanguage":"es","@id":"https:\/\/www.euroresidentes.com\/viajes\/viajar\/#\/schema\/person\/image\/","url":"https:\/\/www.euroresidentes.com\/viajes\/viajar\/wp-content\/uploads\/sites\/3\/2016\/03\/logo-euroresidentes-150x150.jpg","contentUrl":"https:\/\/www.euroresidentes.com\/viajes\/viajar\/wp-content\/uploads\/sites\/3\/2016\/03\/logo-euroresidentes-150x150.jpg","caption":"Euroresidentes"},"description":"EuroresidentesContenidos \u00fatiles que ayudan a resolver las necesidades grandes y peque\u00f1as de al vida cotidiana.","sameAs":["https:\/\/www.euroresidentes.com\/info.htm"],"url":"https:\/\/www.euroresidentes.com\/viajes\/viajar\/author\/euroresidentes\/"}]}},"_links":{"self":[{"href":"https:\/\/www.euroresidentes.com\/viajes\/viajar\/wp-json\/wp\/v2\/posts\/6913","targetHints":{"allow":["GET"]}}],"collection":[{"href":"https:\/\/www.euroresidentes.com\/viajes\/viajar\/wp-json\/wp\/v2\/posts"}],"about":[{"href":"https:\/\/www.euroresidentes.com\/viajes\/viajar\/wp-json\/wp\/v2\/types\/post"}],"author":[{"embeddable":true,"href":"https:\/\/www.euroresidentes.com\/viajes\/viajar\/wp-json\/wp\/v2\/users\/1"}],"replies":[{"embeddable":true,"href":"https:\/\/www.euroresidentes.com\/viajes\/viajar\/wp-json\/wp\/v2\/comments?post=6913"}],"version-history":[{"count":15,"href":"https:\/\/www.euroresidentes.com\/viajes\/viajar\/wp-json\/wp\/v2\/posts\/6913\/revisions"}],"predecessor-version":[{"id":7068,"href":"https:\/\/www.euroresidentes.com\/viajes\/viajar\/wp-json\/wp\/v2\/posts\/6913\/revisions\/7068"}],"wp:featuredmedia":[{"embeddable":true,"href":"https:\/\/www.euroresidentes.com\/viajes\/viajar\/wp-json\/wp\/v2\/media\/6914"}],"wp:attachment":[{"href":"https:\/\/www.euroresidentes.com\/viajes\/viajar\/wp-json\/wp\/v2\/media?parent=6913"}],"wp:term":[{"taxonomy":"category","embeddable":true,"href":"https:\/\/www.euroresidentes.com\/viajes\/viajar\/wp-json\/wp\/v2\/categories?post=6913"},{"taxonomy":"post_tag","embeddable":true,"href":"https:\/\/www.euroresidentes.com\/viajes\/viajar\/wp-json\/wp\/v2\/tags?post=6913"}],"curies":[{"name":"wp","href":"https:\/\/api.w.org\/{rel}","templated":true}]}}