{"id":2257,"date":"2007-06-13T14:02:00","date_gmt":"2007-06-13T14:02:00","guid":{"rendered":"https:\/\/www.euroresidentes.com\/viajes\/viajar\/ruta-de-senderismo-cueto-nidio"},"modified":"2016-03-11T09:49:38","modified_gmt":"2016-03-11T09:49:38","slug":"ruta-de-senderismo-cueto-nidio","status":"publish","type":"post","link":"https:\/\/www.euroresidentes.com\/viajes\/viajar\/ruta-de-senderismo-cueto-nidio\/","title":{"rendered":"Ruta de senderismo: Cueto Nidio"},"content":{"rendered":"<p><a><img decoding=\"async\" style=\"FLOAT: right; MARGIN: 5px 5px 10px 10px\" alt=\"\" src=\"http:\/\/fotos.euroresidentes.com\/fotos\/castilla-leon\/leon\/cueto-nidio\/images\/Autor-en-la-cima.jpg\" HEIGHT=\"225\" WIDTH=\"300\"border=\"0\" \/><\/a><strong>CUETO NIDIO (LACIANA)<br \/>Ruta Completa: 15 Km.<br \/>Dificultad: Alta<\/strong><br \/><strong>Punto de Partida: Rabanal de Arriba<\/strong><br \/><strong>Tiempo:<\/strong> Dependiendo de la resistencia del caminante y contando con el tiempo aproximado para comer, se suele tardar en hacer el recorrido unas 7 horas, aunque las gu\u00edas de senderismo le conceden un tiempo aprox, de 6 horas<\/p>\n<p>La Ruta comienza en Rabanal de Arriba. El camino abandona el pueblo y comienza un ascenso poco pronunciado, pero continuo, hasta las bra\u00f1as de Cubajo donde es posible contemplar con detalle las caba\u00f1as donde viv\u00edan los bra\u00f1eiros, las outseras donde conservaban la leche o los cierres de los prados&#8230;<\/p>\n<p>Las primeras caba\u00f1as se encuentran en un paraje conocido como \u00abLos Trigos\u00bb y las \u00faltimas, antes de comenzar el ascenso a Cueto Nidio, se denominan \u00abLas Milindriegas\u00bb. El ascenso se realiza por el antiguo camino que llevaba a las bra\u00f1as de Viforcos , subiendo en zigzag y con una fuerte pendiente. Al llegar al collado que separa los valles de las bra\u00f1as de Cubajo y Viforcos, la ruta se dirige a Cueto Nidio con una altitud de 1.773 m. Desde aqu\u00ed se observa toda la panor\u00e1mica del Valle de Laciana, con unas vistas impresionantes.<\/p>\n<p><a><img decoding=\"async\" style=\"FLOAT: left; MARGIN: 5px 5px 10px 10px\" alt=\"\" src=\"http:\/\/fotos.euroresidentes.com\/fotos\/castilla-leon\/leon\/cueto-nidio\/thumbnails\/tnSenderismo-Cueto-Nidio%20(00).jpg\" border=\"0\"\/><\/a>El descenso a Rioscuro de Laciana es vertiginoso, ya que se libran unos 800 metros de desnivel en poco espacio, atravesando escobales, pastizales y notables bosques de robles y abedul. Al llegar al fondo del valle, se cruza el r\u00edo Sil por un puente para llegar a Rioscuro. En el mismo pueblo se vuelve a cruzar el r\u00edo ya que el resto de la ruta discurre por su margen izquierda. A partir de aqu\u00ed la ruta sigue caminos y veredas muy c\u00f3modos para el caminante hasta el final del camino en Rabanal, no sin haber pasado antes por las inmediaciones del lavadero de carb\u00f3n de M.S.P. y por el pueblo de Llamas de Laciana.<\/p>\n<p>Si la ruta fuera excesiva para los senderistas, y \u00e9stos van en grupo, en el cruce de las carreteras de Oma\u00f1a y Babia, en el pueblo de Rioscuro, pueden dar por finalizada la ruta, siendo recogidos all\u00ed por el medio de locomoci\u00f3n empleado para llegar hasta la zona.<\/p>\n<p><a><img decoding=\"async\" style=\"FLOAT: right; MARGIN: 5px 5px 10px 10px\" alt=\"\" src=\"http:\/\/fotos.euroresidentes.com\/fotos\/castilla-leon\/leon\/cueto-nidio\/thumbnails\/tnSenderismo-Cueto-Nidio%20(03).jpg\" border=\"0\" \/><\/a>Consejos:<\/p>\n<ul><\/p>\n<li>Es aconsejable llevar calzado apropiado, preferentemente botas de<br \/>trekin-goretex <\/li>\n<p><\/p>\n<li>Conviene llevar ropa de abrigo, incluso en verano, ya que debido a la<br \/>altitud, las condiciones clim\u00e1ticas pueden cambiar con rapidez. Si se<br \/>sube en verano, con una sudadera ser\u00e1 suficiente <\/li>\n<p><\/p>\n<li>Aunque en el recorrido existen algunos manantiales y fuentes, se<br \/>recomienda no beber, es mejor llevar agua <\/li>\n<p><\/p>\n<li>La recogida de residuos es costosa en estas zonas. Procure llevar su<br \/>basura de regreso y depositarla en contenedores. <\/li>\n<\/ul>\n<p><a><img decoding=\"async\" style=\"FLOAT: right; MARGIN: 5px 5px 10px 10px\" alt=\"\" src=\"http:\/\/fotos.euroresidentes.com\/fotos\/castilla-leon\/leon\/cueto-nidio\/images\/Puente-sobre-el-Rio-Sil.jpg\" HEIGHT=\"225\" WIDTH=\"300\" border=\"0\" \/><\/a>Accesos: Desde Villablino, se toma la carretera C-631 en direcci\u00f3n a Ponferrada. Poco despu\u00e9s de cruzar el r\u00edo Sil, sale un desv\u00edo a la izquierda en direcci\u00f3n a Llamas de Laciana y Rabanal de Arriba, localidad en que comienza la ruta.Si se va en grupo con autob\u00fas, deber\u00e1 hacer maniobra en un terreno m\u00e1s bien escaso.<\/p>\n<p>Ruta de senderismo realizada por <a href=\"http:\/\/www.euroresidentes.com\/equipo\/jesus.htm\">Jes\u00fas Gonz\u00e1lez<\/a> el 2 de abril de2006 con la Asociaci\u00f3n de Senderismo La Salle- Astorga.. Ver sus fotos aqu\u00ed: <a href=\"http:\/\/fotos.euroresidentes.com\/fotos\/castilla-leon\/leon\/cueto-nidio\/index.html\">Fotos de la ruta de senderismo Cueto Nidio<\/a><\/p>\n","protected":false},"excerpt":{"rendered":"<p>CUETO NIDIO (LACIANA)Ruta Completa: 15 Km.Dificultad: AltaPunto de Partida: Rabanal de ArribaTiempo: Dependiendo de la resistencia del caminante y contando con el tiempo aproximado para comer, se suele tardar en hacer el recorrido unas 7 horas, aunque las gu\u00edas de senderismo le conceden un tiempo aprox, de 6 horas La Ruta comienza en Rabanal de Arriba. El camino abandona el pueblo y comienza un ascenso poco pronunciado, pero continuo, hasta las bra\u00f1as de Cubajo donde es posible contemplar con detalle las caba\u00f1as donde viv\u00edan los bra\u00f1eiros, las outseras donde conservaban la leche o los cierres de los prados&#8230; Las primeras <\/p>\n","protected":false},"author":1,"featured_media":3680,"comment_status":"open","ping_status":"open","sticky":false,"template":"","format":"standard","meta":{"footnotes":""},"categories":[1],"tags":[62,93],"class_list":["post-2257","post","type-post","status-publish","format-standard","has-post-thumbnail","hentry","category-general","tag-naturaleza","tag-viajes-deporte","has_thumb"],"yoast_head":"<!-- This site is optimized with the Yoast SEO plugin v24.1 - https:\/\/yoast.com\/wordpress\/plugins\/seo\/ -->\n<title>Ruta de senderismo: Cueto Nidio - Viajar<\/title>\n<meta name=\"robots\" content=\"index, follow, max-snippet:-1, max-image-preview:large, max-video-preview:-1\" \/>\n<link rel=\"canonical\" href=\"https:\/\/www.euroresidentes.com\/viajes\/viajar\/ruta-de-senderismo-cueto-nidio\/\" \/>\n<meta property=\"og:locale\" content=\"es_ES\" \/>\n<meta property=\"og:type\" content=\"article\" \/>\n<meta property=\"og:title\" content=\"Ruta de senderismo: Cueto Nidio - Viajar\" \/>\n<meta property=\"og:description\" content=\"CUETO NIDIO (LACIANA)Ruta Completa: 15 Km.Dificultad: AltaPunto de Partida: Rabanal de ArribaTiempo: Dependiendo de la resistencia del caminante y contando con el tiempo aproximado para comer, se suele tardar en hacer el recorrido unas 7 horas, aunque las gu\u00edas de senderismo le conceden un tiempo aprox, de 6 horas La Ruta comienza en Rabanal de Arriba. El camino abandona el pueblo y comienza un ascenso poco pronunciado, pero continuo, hasta las bra\u00f1as de Cubajo donde es posible contemplar con detalle las caba\u00f1as donde viv\u00edan los bra\u00f1eiros, las outseras donde conservaban la leche o los cierres de los prados&#8230; Las primeras\" \/>\n<meta property=\"og:url\" content=\"https:\/\/www.euroresidentes.com\/viajes\/viajar\/ruta-de-senderismo-cueto-nidio\/\" \/>\n<meta property=\"og:site_name\" content=\"Viajar\" \/>\n<meta property=\"article:publisher\" content=\"https:\/\/www.facebook.com\/euroresidentes\/\" \/>\n<meta property=\"article:published_time\" content=\"2007-06-13T14:02:00+00:00\" \/>\n<meta property=\"article:modified_time\" content=\"2016-03-11T09:49:38+00:00\" \/>\n<meta property=\"og:image\" content=\"https:\/\/www.euroresidentes.com\/viajes\/viajar\/wp-content\/uploads\/sites\/3\/2007\/06\/Autor-en-la-cima.jpg\" \/>\n\t<meta property=\"og:image:width\" content=\"600\" \/>\n\t<meta property=\"og:image:height\" content=\"450\" \/>\n\t<meta property=\"og:image:type\" content=\"image\/jpeg\" \/>\n<meta name=\"author\" content=\"Euroresidentes\" \/>\n<meta name=\"twitter:card\" content=\"summary_large_image\" \/>\n<meta name=\"twitter:label1\" content=\"Written by\" \/>\n\t<meta name=\"twitter:data1\" content=\"Euroresidentes\" \/>\n\t<meta name=\"twitter:label2\" content=\"Est. reading time\" \/>\n\t<meta name=\"twitter:data2\" content=\"3 minutos\" \/>\n<script type=\"application\/ld+json\" class=\"yoast-schema-graph\">{\"@context\":\"https:\/\/schema.org\",\"@graph\":[{\"@type\":\"WebPage\",\"@id\":\"https:\/\/www.euroresidentes.com\/viajes\/viajar\/ruta-de-senderismo-cueto-nidio\/\",\"url\":\"https:\/\/www.euroresidentes.com\/viajes\/viajar\/ruta-de-senderismo-cueto-nidio\/\",\"name\":\"Ruta de senderismo: Cueto Nidio - Viajar\",\"isPartOf\":{\"@id\":\"https:\/\/www.euroresidentes.com\/viajes\/viajar\/#website\"},\"primaryImageOfPage\":{\"@id\":\"https:\/\/www.euroresidentes.com\/viajes\/viajar\/ruta-de-senderismo-cueto-nidio\/#primaryimage\"},\"image\":{\"@id\":\"https:\/\/www.euroresidentes.com\/viajes\/viajar\/ruta-de-senderismo-cueto-nidio\/#primaryimage\"},\"thumbnailUrl\":\"https:\/\/www.euroresidentes.com\/viajes\/viajar\/wp-content\/uploads\/sites\/3\/2007\/06\/Autor-en-la-cima.jpg\",\"datePublished\":\"2007-06-13T14:02:00+00:00\",\"dateModified\":\"2016-03-11T09:49:38+00:00\",\"author\":{\"@id\":\"https:\/\/www.euroresidentes.com\/viajes\/viajar\/#\/schema\/person\/4bbb21ebb04e241332a6c1c0c1f40bc1\"},\"breadcrumb\":{\"@id\":\"https:\/\/www.euroresidentes.com\/viajes\/viajar\/ruta-de-senderismo-cueto-nidio\/#breadcrumb\"},\"inLanguage\":\"es\",\"potentialAction\":[{\"@type\":\"ReadAction\",\"target\":[\"https:\/\/www.euroresidentes.com\/viajes\/viajar\/ruta-de-senderismo-cueto-nidio\/\"]}]},{\"@type\":\"ImageObject\",\"inLanguage\":\"es\",\"@id\":\"https:\/\/www.euroresidentes.com\/viajes\/viajar\/ruta-de-senderismo-cueto-nidio\/#primaryimage\",\"url\":\"https:\/\/www.euroresidentes.com\/viajes\/viajar\/wp-content\/uploads\/sites\/3\/2007\/06\/Autor-en-la-cima.jpg\",\"contentUrl\":\"https:\/\/www.euroresidentes.com\/viajes\/viajar\/wp-content\/uploads\/sites\/3\/2007\/06\/Autor-en-la-cima.jpg\",\"width\":600,\"height\":450},{\"@type\":\"BreadcrumbList\",\"@id\":\"https:\/\/www.euroresidentes.com\/viajes\/viajar\/ruta-de-senderismo-cueto-nidio\/#breadcrumb\",\"itemListElement\":[{\"@type\":\"ListItem\",\"position\":1,\"name\":\"Portada\",\"item\":\"https:\/\/www.euroresidentes.com\/viajes\/viajar\/\"},{\"@type\":\"ListItem\",\"position\":2,\"name\":\"Ruta de senderismo: Cueto Nidio\"}]},{\"@type\":\"WebSite\",\"@id\":\"https:\/\/www.euroresidentes.com\/viajes\/viajar\/#website\",\"url\":\"https:\/\/www.euroresidentes.com\/viajes\/viajar\/\",\"name\":\"Viajar\",\"description\":\"Viajar Euroresidentes\",\"potentialAction\":[{\"@type\":\"SearchAction\",\"target\":{\"@type\":\"EntryPoint\",\"urlTemplate\":\"https:\/\/www.euroresidentes.com\/viajes\/viajar\/?s={search_term_string}\"},\"query-input\":{\"@type\":\"PropertyValueSpecification\",\"valueRequired\":true,\"valueName\":\"search_term_string\"}}],\"inLanguage\":\"es\"},{\"@type\":\"Person\",\"@id\":\"https:\/\/www.euroresidentes.com\/viajes\/viajar\/#\/schema\/person\/4bbb21ebb04e241332a6c1c0c1f40bc1\",\"name\":\"Euroresidentes\",\"image\":{\"@type\":\"ImageObject\",\"inLanguage\":\"es\",\"@id\":\"https:\/\/www.euroresidentes.com\/viajes\/viajar\/#\/schema\/person\/image\/\",\"url\":\"https:\/\/www.euroresidentes.com\/viajes\/viajar\/wp-content\/uploads\/sites\/3\/2016\/03\/logo-euroresidentes-150x150.jpg\",\"contentUrl\":\"https:\/\/www.euroresidentes.com\/viajes\/viajar\/wp-content\/uploads\/sites\/3\/2016\/03\/logo-euroresidentes-150x150.jpg\",\"caption\":\"Euroresidentes\"},\"description\":\"EuroresidentesContenidos \u00fatiles que ayudan a resolver las necesidades grandes y peque\u00f1as de al vida cotidiana.\",\"sameAs\":[\"https:\/\/www.euroresidentes.com\/info.htm\"],\"url\":\"https:\/\/www.euroresidentes.com\/viajes\/viajar\/author\/euroresidentes\/\"}]}<\/script>\n<!-- \/ Yoast SEO plugin. -->","yoast_head_json":{"title":"Ruta de senderismo: Cueto Nidio - Viajar","robots":{"index":"index","follow":"follow","max-snippet":"max-snippet:-1","max-image-preview":"max-image-preview:large","max-video-preview":"max-video-preview:-1"},"canonical":"https:\/\/www.euroresidentes.com\/viajes\/viajar\/ruta-de-senderismo-cueto-nidio\/","og_locale":"es_ES","og_type":"article","og_title":"Ruta de senderismo: Cueto Nidio - Viajar","og_description":"CUETO NIDIO (LACIANA)Ruta Completa: 15 Km.Dificultad: AltaPunto de Partida: Rabanal de ArribaTiempo: Dependiendo de la resistencia del caminante y contando con el tiempo aproximado para comer, se suele tardar en hacer el recorrido unas 7 horas, aunque las gu\u00edas de senderismo le conceden un tiempo aprox, de 6 horas La Ruta comienza en Rabanal de Arriba. El camino abandona el pueblo y comienza un ascenso poco pronunciado, pero continuo, hasta las bra\u00f1as de Cubajo donde es posible contemplar con detalle las caba\u00f1as donde viv\u00edan los bra\u00f1eiros, las outseras donde conservaban la leche o los cierres de los prados&#8230; Las primeras","og_url":"https:\/\/www.euroresidentes.com\/viajes\/viajar\/ruta-de-senderismo-cueto-nidio\/","og_site_name":"Viajar","article_publisher":"https:\/\/www.facebook.com\/euroresidentes\/","article_published_time":"2007-06-13T14:02:00+00:00","article_modified_time":"2016-03-11T09:49:38+00:00","og_image":[{"width":600,"height":450,"url":"https:\/\/www.euroresidentes.com\/viajes\/viajar\/wp-content\/uploads\/sites\/3\/2007\/06\/Autor-en-la-cima.jpg","type":"image\/jpeg"}],"author":"Euroresidentes","twitter_card":"summary_large_image","twitter_misc":{"Written by":"Euroresidentes","Est. reading time":"3 minutos"},"schema":{"@context":"https:\/\/schema.org","@graph":[{"@type":"WebPage","@id":"https:\/\/www.euroresidentes.com\/viajes\/viajar\/ruta-de-senderismo-cueto-nidio\/","url":"https:\/\/www.euroresidentes.com\/viajes\/viajar\/ruta-de-senderismo-cueto-nidio\/","name":"Ruta de senderismo: Cueto Nidio - Viajar","isPartOf":{"@id":"https:\/\/www.euroresidentes.com\/viajes\/viajar\/#website"},"primaryImageOfPage":{"@id":"https:\/\/www.euroresidentes.com\/viajes\/viajar\/ruta-de-senderismo-cueto-nidio\/#primaryimage"},"image":{"@id":"https:\/\/www.euroresidentes.com\/viajes\/viajar\/ruta-de-senderismo-cueto-nidio\/#primaryimage"},"thumbnailUrl":"https:\/\/www.euroresidentes.com\/viajes\/viajar\/wp-content\/uploads\/sites\/3\/2007\/06\/Autor-en-la-cima.jpg","datePublished":"2007-06-13T14:02:00+00:00","dateModified":"2016-03-11T09:49:38+00:00","author":{"@id":"https:\/\/www.euroresidentes.com\/viajes\/viajar\/#\/schema\/person\/4bbb21ebb04e241332a6c1c0c1f40bc1"},"breadcrumb":{"@id":"https:\/\/www.euroresidentes.com\/viajes\/viajar\/ruta-de-senderismo-cueto-nidio\/#breadcrumb"},"inLanguage":"es","potentialAction":[{"@type":"ReadAction","target":["https:\/\/www.euroresidentes.com\/viajes\/viajar\/ruta-de-senderismo-cueto-nidio\/"]}]},{"@type":"ImageObject","inLanguage":"es","@id":"https:\/\/www.euroresidentes.com\/viajes\/viajar\/ruta-de-senderismo-cueto-nidio\/#primaryimage","url":"https:\/\/www.euroresidentes.com\/viajes\/viajar\/wp-content\/uploads\/sites\/3\/2007\/06\/Autor-en-la-cima.jpg","contentUrl":"https:\/\/www.euroresidentes.com\/viajes\/viajar\/wp-content\/uploads\/sites\/3\/2007\/06\/Autor-en-la-cima.jpg","width":600,"height":450},{"@type":"BreadcrumbList","@id":"https:\/\/www.euroresidentes.com\/viajes\/viajar\/ruta-de-senderismo-cueto-nidio\/#breadcrumb","itemListElement":[{"@type":"ListItem","position":1,"name":"Portada","item":"https:\/\/www.euroresidentes.com\/viajes\/viajar\/"},{"@type":"ListItem","position":2,"name":"Ruta de senderismo: Cueto Nidio"}]},{"@type":"WebSite","@id":"https:\/\/www.euroresidentes.com\/viajes\/viajar\/#website","url":"https:\/\/www.euroresidentes.com\/viajes\/viajar\/","name":"Viajar","description":"Viajar Euroresidentes","potentialAction":[{"@type":"SearchAction","target":{"@type":"EntryPoint","urlTemplate":"https:\/\/www.euroresidentes.com\/viajes\/viajar\/?s={search_term_string}"},"query-input":{"@type":"PropertyValueSpecification","valueRequired":true,"valueName":"search_term_string"}}],"inLanguage":"es"},{"@type":"Person","@id":"https:\/\/www.euroresidentes.com\/viajes\/viajar\/#\/schema\/person\/4bbb21ebb04e241332a6c1c0c1f40bc1","name":"Euroresidentes","image":{"@type":"ImageObject","inLanguage":"es","@id":"https:\/\/www.euroresidentes.com\/viajes\/viajar\/#\/schema\/person\/image\/","url":"https:\/\/www.euroresidentes.com\/viajes\/viajar\/wp-content\/uploads\/sites\/3\/2016\/03\/logo-euroresidentes-150x150.jpg","contentUrl":"https:\/\/www.euroresidentes.com\/viajes\/viajar\/wp-content\/uploads\/sites\/3\/2016\/03\/logo-euroresidentes-150x150.jpg","caption":"Euroresidentes"},"description":"EuroresidentesContenidos \u00fatiles que ayudan a resolver las necesidades grandes y peque\u00f1as de al vida cotidiana.","sameAs":["https:\/\/www.euroresidentes.com\/info.htm"],"url":"https:\/\/www.euroresidentes.com\/viajes\/viajar\/author\/euroresidentes\/"}]}},"_links":{"self":[{"href":"https:\/\/www.euroresidentes.com\/viajes\/viajar\/wp-json\/wp\/v2\/posts\/2257","targetHints":{"allow":["GET"]}}],"collection":[{"href":"https:\/\/www.euroresidentes.com\/viajes\/viajar\/wp-json\/wp\/v2\/posts"}],"about":[{"href":"https:\/\/www.euroresidentes.com\/viajes\/viajar\/wp-json\/wp\/v2\/types\/post"}],"author":[{"embeddable":true,"href":"https:\/\/www.euroresidentes.com\/viajes\/viajar\/wp-json\/wp\/v2\/users\/1"}],"replies":[{"embeddable":true,"href":"https:\/\/www.euroresidentes.com\/viajes\/viajar\/wp-json\/wp\/v2\/comments?post=2257"}],"version-history":[{"count":1,"href":"https:\/\/www.euroresidentes.com\/viajes\/viajar\/wp-json\/wp\/v2\/posts\/2257\/revisions"}],"predecessor-version":[{"id":3679,"href":"https:\/\/www.euroresidentes.com\/viajes\/viajar\/wp-json\/wp\/v2\/posts\/2257\/revisions\/3679"}],"wp:featuredmedia":[{"embeddable":true,"href":"https:\/\/www.euroresidentes.com\/viajes\/viajar\/wp-json\/wp\/v2\/media\/3680"}],"wp:attachment":[{"href":"https:\/\/www.euroresidentes.com\/viajes\/viajar\/wp-json\/wp\/v2\/media?parent=2257"}],"wp:term":[{"taxonomy":"category","embeddable":true,"href":"https:\/\/www.euroresidentes.com\/viajes\/viajar\/wp-json\/wp\/v2\/categories?post=2257"},{"taxonomy":"post_tag","embeddable":true,"href":"https:\/\/www.euroresidentes.com\/viajes\/viajar\/wp-json\/wp\/v2\/tags?post=2257"}],"curies":[{"name":"wp","href":"https:\/\/api.w.org\/{rel}","templated":true}]}}