{"id":2190,"date":"2008-05-09T08:18:00","date_gmt":"2008-05-09T08:18:00","guid":{"rendered":"https:\/\/www.euroresidentes.com\/viajes\/viajar\/vacaciones-para-senderistas"},"modified":"2016-04-05T12:13:03","modified_gmt":"2016-04-05T12:13:03","slug":"vacaciones-para-senderistas","status":"publish","type":"post","link":"https:\/\/www.euroresidentes.com\/viajes\/viajar\/vacaciones-para-senderistas\/","title":{"rendered":"Vacaciones para senderistas"},"content":{"rendered":"<p><a onblur=\"try {parent.deselectBloggerImageGracefully();} catch(e) {}\" href=\"http:\/\/www.euroresidentes.com\/Blogs\/viajes\/uploaded_images\/senderismo-773597.JPG\"><img decoding=\"async\" style=\"margin: 0pt 10px 10px 0pt; float: left; cursor: pointer;\" src=\"http:\/\/www.euroresidentes.com\/Blogs\/viajes\/uploaded_images\/senderismo-773563.JPG\" alt=\"\" border=\"0\" \/><\/a> Estas son las mejores opciones para aficionados al senderismo este a\u00f1o seg\u00fan la revista <a href=\"http:\/\/www.travelconnect.co.uk\/showArticle.aspx?loadid=001032\" target=\"_blank&quot;\">Travel Connect<\/a>:<\/p>\n<p>Festival de sendas de Lincolnshire, Reino Unido (del 17 de mayo al 1 de junio): para disfrutar de una agenda apretada de paseos organizados intercalados con ocio para ni\u00f1os y una espl\u00e9ndida comida y bebida y pantallas informativas. El festival incluye itinerarios guiados por los lugares m\u00e1s atractivos de la zona, paseos con charlas de historia, caminatas de madrugada, etc. Tambi\u00e9n hay caminatas adaptadas a las necesidades de personas con menos movilidad o padres con silla de beb\u00e9. Hay descuentos en el alojamiento para los senderistas en pueblos como Tealby, Louth y Horncastle. Para m\u00e1s informaci\u00f3n, visitar la Web: www.woldswalkingfestival.co.uk<\/p>\n<p>Festival de sendas de Suffolk, Reino Unido (del 10 al 26 de mayo): con 40 asombrosos itinerarios clasificados para todas las capacidades y gustos. Las caminatas incluyen un paseo por el campo junto al antiguo lecho del r\u00edo Gipping, entre Needham Market e Ipswich; un serpenteante camino medieval por los hist\u00f3ricos pueblos laneros de Lavenham y Long Melford, etc. Los caminantes pueden esperar paisajes asombrosos, expertos conocimientos de historiadores y naturalistas e itinerarios que var\u00edan desde 1 milla (1 hora y 15 minutos aproximadamente) a 12 millas (5,5 horas). Muchos de los paseos incluyen una parada en alg\u00fan bar de Suffolk para comer o en alguna casa hist\u00f3rica para tomar el t\u00e9. Para m\u00e1s informaci\u00f3n, visitar las Webs:<br \/>www.southandheartofsuffolk.org.uk \/ www.choosesuffolk.com<\/p>\n<p>Festival de sendas de la Isla de Wight, Reino Unido (del 3 al 18 de mayo): uno de los festivales con m\u00e1s itinerarios del Reino Unido, que cuenta con m\u00e1s de 500 millas de senderos se\u00f1alizados y bien conservados, adem\u00e1s de 30 millas de patrimonio costero. Desde su comienzo, en 1999, se ha convertido en un encuentro se\u00f1alado en el calendario de la Isla, con unos 15.500 asistentes de todas las edades. Los itinerarios se clasifican en f\u00e1ciles, moderados y intensos, con distancias que van desde 1 milla a 24 horas sin parar por el espectacular sendero costero de la Isla (unas 72 millas). El festival dispone de 200 itinerarios para todas las edades y tipos de caminante. Para m\u00e1s informaci\u00f3n, consultar la Web: www.isleofwightwalkingfestival.co.uk<\/p>\n<p>Senderismo en Alemania (salidas diarias de mayo a octubre): basta con coger un vuelo corto a Munich, Alemania para descubrir el legado del Rey Ludwig y los castillos de cuento de hadas de Bavaria. Desde Munich, los viajeros son llevados a Diessen, donde empieza la ruta desde la orilla del lago Starnberg (lugar donde falleci\u00f3 el Rey en misteriosas circunstancias). El camino te llevar\u00e1 por una serie de villas, entre ellas, Wessobrun, famosa a nivel mundial por su convento; y pasar\u00e1s por espectaculares iglesias mon\u00e1sticas, como la Iglesia de Wies, dise\u00f1ada por Zimmermann, e incluida  en el listado del Patrimonio Mundial de la UNESCO. El itinerario incluye tambi\u00e9n una visita a Hohenpeissenberg (988m), donde se puede disfrutar de una visi\u00f3n panor\u00e1mica de las 80 cumbres cercanas, para luego descender al r\u00edo Ammer y al impresionante ca\u00f1\u00f3n de Ammerschulcht y muchas otras cosas. Se trata de un itinerario que no llega a ser intenso, ya que discurre en su mayor\u00eda por senderos en tierras bajas con no m\u00e1s de 12-15 millas de recorrido diario, por lo que resulta asequible para la mayor\u00eda de caminantes promedio. Para m\u00e1s informaci\u00f3n, visitar la Web: www.walksworldwide.com<\/p>\n<p>Ver tambi\u00e9n: <a href=\"http:\/\/www.euroresidentes.com\/senderismo\/senderismo-espana.htm\">Senderismo en Espa\u00f1a<\/a><\/p>\n","protected":false},"excerpt":{"rendered":"<p>Estas son las mejores opciones para aficionados al senderismo este a\u00f1o seg\u00fan la revista Travel Connect: Festival de sendas de Lincolnshire, Reino Unido (del 17 de mayo al 1 de junio): para disfrutar de una agenda apretada de paseos organizados intercalados con ocio para ni\u00f1os y una espl\u00e9ndida comida y bebida y pantallas informativas. El festival incluye itinerarios guiados por los lugares m\u00e1s atractivos de la zona, paseos con charlas de historia, caminatas de madrugada, etc. Tambi\u00e9n hay caminatas adaptadas a las necesidades de personas con menos movilidad o padres con silla de beb\u00e9. Hay descuentos en el alojamiento para <\/p>\n","protected":false},"author":1,"featured_media":3569,"comment_status":"open","ping_status":"open","sticky":false,"template":"","format":"standard","meta":{"footnotes":""},"categories":[7],"tags":[],"class_list":["post-2190","post","type-post","status-publish","format-standard","has-post-thumbnail","hentry","category-europa","has_thumb"],"yoast_head":"<!-- This site is optimized with the Yoast SEO plugin v24.1 - https:\/\/yoast.com\/wordpress\/plugins\/seo\/ -->\n<title>Vacaciones para senderistas - Viajar<\/title>\n<meta name=\"robots\" content=\"index, follow, max-snippet:-1, max-image-preview:large, max-video-preview:-1\" \/>\n<link rel=\"canonical\" href=\"https:\/\/www.euroresidentes.com\/viajes\/viajar\/vacaciones-para-senderistas\/\" \/>\n<meta property=\"og:locale\" content=\"es_ES\" \/>\n<meta property=\"og:type\" content=\"article\" \/>\n<meta property=\"og:title\" content=\"Vacaciones para senderistas - Viajar\" \/>\n<meta property=\"og:description\" content=\"Estas son las mejores opciones para aficionados al senderismo este a\u00f1o seg\u00fan la revista Travel Connect: Festival de sendas de Lincolnshire, Reino Unido (del 17 de mayo al 1 de junio): para disfrutar de una agenda apretada de paseos organizados intercalados con ocio para ni\u00f1os y una espl\u00e9ndida comida y bebida y pantallas informativas. El festival incluye itinerarios guiados por los lugares m\u00e1s atractivos de la zona, paseos con charlas de historia, caminatas de madrugada, etc. Tambi\u00e9n hay caminatas adaptadas a las necesidades de personas con menos movilidad o padres con silla de beb\u00e9. Hay descuentos en el alojamiento para\" \/>\n<meta property=\"og:url\" content=\"https:\/\/www.euroresidentes.com\/viajes\/viajar\/vacaciones-para-senderistas\/\" \/>\n<meta property=\"og:site_name\" content=\"Viajar\" \/>\n<meta property=\"article:publisher\" content=\"https:\/\/www.facebook.com\/euroresidentes\/\" \/>\n<meta property=\"article:published_time\" content=\"2008-05-09T08:18:00+00:00\" \/>\n<meta property=\"article:modified_time\" content=\"2016-04-05T12:13:03+00:00\" \/>\n<meta property=\"og:image\" content=\"https:\/\/www.euroresidentes.com\/viajes\/viajar\/wp-content\/uploads\/sites\/3\/2008\/05\/senderismo-773563.jpg\" \/>\n\t<meta property=\"og:image:width\" content=\"320\" \/>\n\t<meta property=\"og:image:height\" content=\"214\" \/>\n\t<meta property=\"og:image:type\" content=\"image\/jpeg\" \/>\n<meta name=\"author\" content=\"Euroresidentes\" \/>\n<meta name=\"twitter:card\" content=\"summary_large_image\" \/>\n<meta name=\"twitter:label1\" content=\"Written by\" \/>\n\t<meta name=\"twitter:data1\" content=\"Euroresidentes\" \/>\n\t<meta name=\"twitter:label2\" content=\"Est. reading time\" \/>\n\t<meta name=\"twitter:data2\" content=\"3 minutos\" \/>\n<script type=\"application\/ld+json\" class=\"yoast-schema-graph\">{\"@context\":\"https:\/\/schema.org\",\"@graph\":[{\"@type\":\"WebPage\",\"@id\":\"https:\/\/www.euroresidentes.com\/viajes\/viajar\/vacaciones-para-senderistas\/\",\"url\":\"https:\/\/www.euroresidentes.com\/viajes\/viajar\/vacaciones-para-senderistas\/\",\"name\":\"Vacaciones para senderistas - Viajar\",\"isPartOf\":{\"@id\":\"https:\/\/www.euroresidentes.com\/viajes\/viajar\/#website\"},\"primaryImageOfPage\":{\"@id\":\"https:\/\/www.euroresidentes.com\/viajes\/viajar\/vacaciones-para-senderistas\/#primaryimage\"},\"image\":{\"@id\":\"https:\/\/www.euroresidentes.com\/viajes\/viajar\/vacaciones-para-senderistas\/#primaryimage\"},\"thumbnailUrl\":\"https:\/\/www.euroresidentes.com\/viajes\/viajar\/wp-content\/uploads\/sites\/3\/2008\/05\/senderismo-773563.jpg\",\"datePublished\":\"2008-05-09T08:18:00+00:00\",\"dateModified\":\"2016-04-05T12:13:03+00:00\",\"author\":{\"@id\":\"https:\/\/www.euroresidentes.com\/viajes\/viajar\/#\/schema\/person\/4bbb21ebb04e241332a6c1c0c1f40bc1\"},\"breadcrumb\":{\"@id\":\"https:\/\/www.euroresidentes.com\/viajes\/viajar\/vacaciones-para-senderistas\/#breadcrumb\"},\"inLanguage\":\"es\",\"potentialAction\":[{\"@type\":\"ReadAction\",\"target\":[\"https:\/\/www.euroresidentes.com\/viajes\/viajar\/vacaciones-para-senderistas\/\"]}]},{\"@type\":\"ImageObject\",\"inLanguage\":\"es\",\"@id\":\"https:\/\/www.euroresidentes.com\/viajes\/viajar\/vacaciones-para-senderistas\/#primaryimage\",\"url\":\"https:\/\/www.euroresidentes.com\/viajes\/viajar\/wp-content\/uploads\/sites\/3\/2008\/05\/senderismo-773563.jpg\",\"contentUrl\":\"https:\/\/www.euroresidentes.com\/viajes\/viajar\/wp-content\/uploads\/sites\/3\/2008\/05\/senderismo-773563.jpg\",\"width\":320,\"height\":214},{\"@type\":\"BreadcrumbList\",\"@id\":\"https:\/\/www.euroresidentes.com\/viajes\/viajar\/vacaciones-para-senderistas\/#breadcrumb\",\"itemListElement\":[{\"@type\":\"ListItem\",\"position\":1,\"name\":\"Portada\",\"item\":\"https:\/\/www.euroresidentes.com\/viajes\/viajar\/\"},{\"@type\":\"ListItem\",\"position\":2,\"name\":\"Vacaciones para senderistas\"}]},{\"@type\":\"WebSite\",\"@id\":\"https:\/\/www.euroresidentes.com\/viajes\/viajar\/#website\",\"url\":\"https:\/\/www.euroresidentes.com\/viajes\/viajar\/\",\"name\":\"Viajar\",\"description\":\"Viajar Euroresidentes\",\"potentialAction\":[{\"@type\":\"SearchAction\",\"target\":{\"@type\":\"EntryPoint\",\"urlTemplate\":\"https:\/\/www.euroresidentes.com\/viajes\/viajar\/?s={search_term_string}\"},\"query-input\":{\"@type\":\"PropertyValueSpecification\",\"valueRequired\":true,\"valueName\":\"search_term_string\"}}],\"inLanguage\":\"es\"},{\"@type\":\"Person\",\"@id\":\"https:\/\/www.euroresidentes.com\/viajes\/viajar\/#\/schema\/person\/4bbb21ebb04e241332a6c1c0c1f40bc1\",\"name\":\"Euroresidentes\",\"image\":{\"@type\":\"ImageObject\",\"inLanguage\":\"es\",\"@id\":\"https:\/\/www.euroresidentes.com\/viajes\/viajar\/#\/schema\/person\/image\/\",\"url\":\"https:\/\/www.euroresidentes.com\/viajes\/viajar\/wp-content\/uploads\/sites\/3\/2016\/03\/logo-euroresidentes-150x150.jpg\",\"contentUrl\":\"https:\/\/www.euroresidentes.com\/viajes\/viajar\/wp-content\/uploads\/sites\/3\/2016\/03\/logo-euroresidentes-150x150.jpg\",\"caption\":\"Euroresidentes\"},\"description\":\"EuroresidentesContenidos \u00fatiles que ayudan a resolver las necesidades grandes y peque\u00f1as de al vida cotidiana.\",\"sameAs\":[\"https:\/\/www.euroresidentes.com\/info.htm\"],\"url\":\"https:\/\/www.euroresidentes.com\/viajes\/viajar\/author\/euroresidentes\/\"}]}<\/script>\n<!-- \/ Yoast SEO plugin. -->","yoast_head_json":{"title":"Vacaciones para senderistas - Viajar","robots":{"index":"index","follow":"follow","max-snippet":"max-snippet:-1","max-image-preview":"max-image-preview:large","max-video-preview":"max-video-preview:-1"},"canonical":"https:\/\/www.euroresidentes.com\/viajes\/viajar\/vacaciones-para-senderistas\/","og_locale":"es_ES","og_type":"article","og_title":"Vacaciones para senderistas - Viajar","og_description":"Estas son las mejores opciones para aficionados al senderismo este a\u00f1o seg\u00fan la revista Travel Connect: Festival de sendas de Lincolnshire, Reino Unido (del 17 de mayo al 1 de junio): para disfrutar de una agenda apretada de paseos organizados intercalados con ocio para ni\u00f1os y una espl\u00e9ndida comida y bebida y pantallas informativas. El festival incluye itinerarios guiados por los lugares m\u00e1s atractivos de la zona, paseos con charlas de historia, caminatas de madrugada, etc. Tambi\u00e9n hay caminatas adaptadas a las necesidades de personas con menos movilidad o padres con silla de beb\u00e9. Hay descuentos en el alojamiento para","og_url":"https:\/\/www.euroresidentes.com\/viajes\/viajar\/vacaciones-para-senderistas\/","og_site_name":"Viajar","article_publisher":"https:\/\/www.facebook.com\/euroresidentes\/","article_published_time":"2008-05-09T08:18:00+00:00","article_modified_time":"2016-04-05T12:13:03+00:00","og_image":[{"width":320,"height":214,"url":"https:\/\/www.euroresidentes.com\/viajes\/viajar\/wp-content\/uploads\/sites\/3\/2008\/05\/senderismo-773563.jpg","type":"image\/jpeg"}],"author":"Euroresidentes","twitter_card":"summary_large_image","twitter_misc":{"Written by":"Euroresidentes","Est. reading time":"3 minutos"},"schema":{"@context":"https:\/\/schema.org","@graph":[{"@type":"WebPage","@id":"https:\/\/www.euroresidentes.com\/viajes\/viajar\/vacaciones-para-senderistas\/","url":"https:\/\/www.euroresidentes.com\/viajes\/viajar\/vacaciones-para-senderistas\/","name":"Vacaciones para senderistas - Viajar","isPartOf":{"@id":"https:\/\/www.euroresidentes.com\/viajes\/viajar\/#website"},"primaryImageOfPage":{"@id":"https:\/\/www.euroresidentes.com\/viajes\/viajar\/vacaciones-para-senderistas\/#primaryimage"},"image":{"@id":"https:\/\/www.euroresidentes.com\/viajes\/viajar\/vacaciones-para-senderistas\/#primaryimage"},"thumbnailUrl":"https:\/\/www.euroresidentes.com\/viajes\/viajar\/wp-content\/uploads\/sites\/3\/2008\/05\/senderismo-773563.jpg","datePublished":"2008-05-09T08:18:00+00:00","dateModified":"2016-04-05T12:13:03+00:00","author":{"@id":"https:\/\/www.euroresidentes.com\/viajes\/viajar\/#\/schema\/person\/4bbb21ebb04e241332a6c1c0c1f40bc1"},"breadcrumb":{"@id":"https:\/\/www.euroresidentes.com\/viajes\/viajar\/vacaciones-para-senderistas\/#breadcrumb"},"inLanguage":"es","potentialAction":[{"@type":"ReadAction","target":["https:\/\/www.euroresidentes.com\/viajes\/viajar\/vacaciones-para-senderistas\/"]}]},{"@type":"ImageObject","inLanguage":"es","@id":"https:\/\/www.euroresidentes.com\/viajes\/viajar\/vacaciones-para-senderistas\/#primaryimage","url":"https:\/\/www.euroresidentes.com\/viajes\/viajar\/wp-content\/uploads\/sites\/3\/2008\/05\/senderismo-773563.jpg","contentUrl":"https:\/\/www.euroresidentes.com\/viajes\/viajar\/wp-content\/uploads\/sites\/3\/2008\/05\/senderismo-773563.jpg","width":320,"height":214},{"@type":"BreadcrumbList","@id":"https:\/\/www.euroresidentes.com\/viajes\/viajar\/vacaciones-para-senderistas\/#breadcrumb","itemListElement":[{"@type":"ListItem","position":1,"name":"Portada","item":"https:\/\/www.euroresidentes.com\/viajes\/viajar\/"},{"@type":"ListItem","position":2,"name":"Vacaciones para senderistas"}]},{"@type":"WebSite","@id":"https:\/\/www.euroresidentes.com\/viajes\/viajar\/#website","url":"https:\/\/www.euroresidentes.com\/viajes\/viajar\/","name":"Viajar","description":"Viajar Euroresidentes","potentialAction":[{"@type":"SearchAction","target":{"@type":"EntryPoint","urlTemplate":"https:\/\/www.euroresidentes.com\/viajes\/viajar\/?s={search_term_string}"},"query-input":{"@type":"PropertyValueSpecification","valueRequired":true,"valueName":"search_term_string"}}],"inLanguage":"es"},{"@type":"Person","@id":"https:\/\/www.euroresidentes.com\/viajes\/viajar\/#\/schema\/person\/4bbb21ebb04e241332a6c1c0c1f40bc1","name":"Euroresidentes","image":{"@type":"ImageObject","inLanguage":"es","@id":"https:\/\/www.euroresidentes.com\/viajes\/viajar\/#\/schema\/person\/image\/","url":"https:\/\/www.euroresidentes.com\/viajes\/viajar\/wp-content\/uploads\/sites\/3\/2016\/03\/logo-euroresidentes-150x150.jpg","contentUrl":"https:\/\/www.euroresidentes.com\/viajes\/viajar\/wp-content\/uploads\/sites\/3\/2016\/03\/logo-euroresidentes-150x150.jpg","caption":"Euroresidentes"},"description":"EuroresidentesContenidos \u00fatiles que ayudan a resolver las necesidades grandes y peque\u00f1as de al vida cotidiana.","sameAs":["https:\/\/www.euroresidentes.com\/info.htm"],"url":"https:\/\/www.euroresidentes.com\/viajes\/viajar\/author\/euroresidentes\/"}]}},"_links":{"self":[{"href":"https:\/\/www.euroresidentes.com\/viajes\/viajar\/wp-json\/wp\/v2\/posts\/2190","targetHints":{"allow":["GET"]}}],"collection":[{"href":"https:\/\/www.euroresidentes.com\/viajes\/viajar\/wp-json\/wp\/v2\/posts"}],"about":[{"href":"https:\/\/www.euroresidentes.com\/viajes\/viajar\/wp-json\/wp\/v2\/types\/post"}],"author":[{"embeddable":true,"href":"https:\/\/www.euroresidentes.com\/viajes\/viajar\/wp-json\/wp\/v2\/users\/1"}],"replies":[{"embeddable":true,"href":"https:\/\/www.euroresidentes.com\/viajes\/viajar\/wp-json\/wp\/v2\/comments?post=2190"}],"version-history":[{"count":1,"href":"https:\/\/www.euroresidentes.com\/viajes\/viajar\/wp-json\/wp\/v2\/posts\/2190\/revisions"}],"predecessor-version":[{"id":3568,"href":"https:\/\/www.euroresidentes.com\/viajes\/viajar\/wp-json\/wp\/v2\/posts\/2190\/revisions\/3568"}],"wp:featuredmedia":[{"embeddable":true,"href":"https:\/\/www.euroresidentes.com\/viajes\/viajar\/wp-json\/wp\/v2\/media\/3569"}],"wp:attachment":[{"href":"https:\/\/www.euroresidentes.com\/viajes\/viajar\/wp-json\/wp\/v2\/media?parent=2190"}],"wp:term":[{"taxonomy":"category","embeddable":true,"href":"https:\/\/www.euroresidentes.com\/viajes\/viajar\/wp-json\/wp\/v2\/categories?post=2190"},{"taxonomy":"post_tag","embeddable":true,"href":"https:\/\/www.euroresidentes.com\/viajes\/viajar\/wp-json\/wp\/v2\/tags?post=2190"}],"curies":[{"name":"wp","href":"https:\/\/api.w.org\/{rel}","templated":true}]}}