{"id":2080,"date":"2019-06-13T07:14:00","date_gmt":"2019-06-13T05:14:00","guid":{"rendered":"https:\/\/www.euroresidentes.com\/viajes\/viajar\/visitar-en-verano-venecia"},"modified":"2020-01-21T10:40:55","modified_gmt":"2020-01-21T09:40:55","slug":"visitar-en-verano-venecia","status":"publish","type":"post","link":"https:\/\/www.euroresidentes.com\/viajes\/viajar\/visitar-en-verano-venecia\/","title":{"rendered":"No cometas el ERROR de visitar Venecia en verano&#8230;"},"content":{"rendered":"<p><strong>El nombre la ciudad italiana de Venecia est\u00e1 asociado a romanticismo y belleza<\/strong>.<\/p>\n<p>Y, efectivamente, <strong>la ciudad\u00a0es impresionante<\/strong>. Sus edificios y la cercan\u00eda del agua&#8230; pese a todas las cr\u00edticas posibles es dif\u00edcil borrarle sus atributos.<\/p>\n<p><a href=\"https:\/\/www.euroresidentes.com\/viajes\/viajar\/wp-content\/uploads\/sites\/3\/2010\/08\/venecia-verano-euroresidentes.jpg\"><img loading=\"lazy\" decoding=\"async\" class=\"aligncenter wp-image-5537 size-full\" title=\"venecia-verano-euroresidentes\" src=\"https:\/\/www.euroresidentes.com\/viajes\/viajar\/wp-content\/uploads\/sites\/3\/2010\/08\/venecia-verano-euroresidentes.jpg\" alt=\"visitar Venecia en verano\" width=\"700\" height=\"525\" srcset=\"https:\/\/www.euroresidentes.com\/viajes\/viajar\/wp-content\/uploads\/sites\/3\/2010\/08\/venecia-verano-euroresidentes.jpg 700w, https:\/\/www.euroresidentes.com\/viajes\/viajar\/wp-content\/uploads\/sites\/3\/2010\/08\/venecia-verano-euroresidentes-300x225.jpg 300w\" sizes=\"auto, (max-width: 700px) 100vw, 700px\" \/><\/a><\/p>\n<p><strong>No obstante<\/strong>, si eres\u00a0un turista sensible, <strong>quiz\u00e1s debas abstenerte de visitar este lugar <\/strong>ut\u00f3pico, rom\u00e1ntico y bello en verano.<\/p>\n<h4>Relatamos nuestra visita de 6 horas un jueves 12 de agosto&#8230;<\/h4>\n<p><!-- inserta publi --><\/p>\n<h3>La llegada a Venecia<\/h3>\n<p><strong>Llegamos en tren desde Florencia<\/strong> (apenas 2 horas) <strong>a la estaci\u00f3n de Santa Lucia<\/strong> (<i>Stazione di Venezia Santa Lucia<\/i>), por cierto, en sus inmediaciones est\u00e1 el Puente de la Constituci\u00f3n, dise\u00f1ado por el espa\u00f1ol Santiago Calatrava.<\/p>\n<p>All\u00ed, <strong>ante las largu\u00edsimas colas del Vaporetto, tomamos un taxi-lancha con motor (50 \u20ac)<\/strong> y a trav\u00e9s del Gran Canal experimentamos el mejor momento de la visita. Una sucesi\u00f3n de hermosos edificios ba\u00f1ados por el agua de los canales. La\u00a0luz y los colores, hacen que parezca una\u00a0estampa\u00a0m\u00e1gica y \u00fanica.<\/p>\n<p><a href=\"https:\/\/www.euroresidentes.com\/viajes\/viajar\/wp-content\/uploads\/sites\/3\/2010\/08\/verano-venecia-euroresidentes.jpg\"><img loading=\"lazy\" decoding=\"async\" class=\"aligncenter wp-image-5539 size-full\" title=\"verano-venecia-euroresidentes\" src=\"https:\/\/www.euroresidentes.com\/viajes\/viajar\/wp-content\/uploads\/sites\/3\/2010\/08\/verano-venecia-euroresidentes.jpg\" alt=\"visitar Venecia en verano\" width=\"700\" height=\"525\" srcset=\"https:\/\/www.euroresidentes.com\/viajes\/viajar\/wp-content\/uploads\/sites\/3\/2010\/08\/verano-venecia-euroresidentes.jpg 700w, https:\/\/www.euroresidentes.com\/viajes\/viajar\/wp-content\/uploads\/sites\/3\/2010\/08\/verano-venecia-euroresidentes-300x225.jpg 300w\" sizes=\"auto, (max-width: 700px) 100vw, 700px\" \/><\/a><\/p>\n<p><strong>Pasamos por bajo el puente de Rialto, y el barco-taxi nos dej\u00f3 en sus inmediaciones<\/strong>, cerca del Restaurante Alla Madonna, donde nos dirigimos a comer.<\/p>\n<h3>La comida en Venecia<\/h3>\n<p>Como en todos los sitios interesantes para comer <i>Alla Madonna<\/i> estaba cerrado (<strong>en Italia, muchos de los mejores restaurantes cierran en agosto o abren solo para cenar<\/strong>).<\/p>\n<p>Dado que la hora era avanzada, <strong>entramos en un sitio tentador: los precios p\u00fablicos que anunciaban eran bajos, las vistas inmejorables,<\/strong> al lado del Gran Canal y viendo el puente de Rialto.<\/p>\n<p>Un pescado compartido con espaguetis (sin especificar y de una mediocre calidad) nos sali\u00f3 por 40\u20ac, m\u00e1s el servicio (12%) otros 21,30 \u20ac.<\/p>\n<p><strong>En definitiva<\/strong> una cuenta que por los precios de la carta (a base de espaguetis y pizzas) hac\u00eda presagiar no m\u00e1s de 100 \u20ac,<strong> sali\u00f3 la cuenta por la friolera de 198,80\u20ac<\/strong> (tres ni\u00f1os y dos adultos ver detalles en la rese\u00f1a de Paola: <a href=\"http:\/\/www.mis-recetas.org\/establecimientos\/ver\/20-caffe-ristorante-canal-grande\">Ristorante Gran Canal<\/a>).<\/p>\n<p><!-- inserta publi 2 --><\/p>\n<h3>Visita tur\u00edstica hacia La Plaza San Marcos y canales menores<\/h3>\n<p>Concluida la comida nos dirigimos,<strong> cruzando el Puente de Rialto hacia la Plaza de San Marcos.<\/strong> Cruzar el Puente fue una heroicidad. <strong>Es un m\u00e9rito que todav\u00eda resista el peso de tanta gente&#8230; <\/strong><\/p>\n<p><strong>Todo el trayecto<\/strong> desde Rialto hasta la Plaza de San Marcos -siguiendo cualquier alternativa- <strong>era un discurrir de una afluencia tan masiva<\/strong> que nos oblig\u00f3 a una estrategia de reagrupamiento para no perdernos&#8230; Sedientos, compramos en un quiosco unas botellitas peque\u00f1as de agua mineral (2 \u20ac la unidad).<\/p>\n<p><strong>Por fin llegamos a la Plaza de San Marcos<\/strong> (oportunamente las autoridades planificaron<strong> obras de mantenimiento y limpieza en agosto<\/strong>), as\u00ed que una parte de los edificios no se pod\u00eda ver.<\/p>\n<p>Pero lo m\u00e1s impresionante era el p\u00fablico, <strong>bajo un sol y calor bastante avasallador, la plaza estaba repleta de turistas.<\/strong> Imposible tomar una foto que no pareciera una manifestaci\u00f3n <i>anti o pro Berlusconi<\/i>. <strong>Colas inmensas para todo.<\/strong><\/p>\n<p>En un momento de lucidez,<strong> se nos ocurri\u00f3 preguntar el precio de un paseo en G\u00f3ndola.<\/strong> No hizo falta al lado unas turistas japonesas lo hac\u00edan y exclamaron un <i>\u00a1\u00a1\u00a1ooohhhh!!!, <\/i> al o\u00edr <strong>200 \u20ac la hora<\/strong>, y eso pese a que una gran cantidad de gondoleros, en plan <i>giggolo<\/i>, no parec\u00edan tener mucha prisa por ponerse al trabajo.<\/p>\n<p><a href=\"https:\/\/www.euroresidentes.com\/viajes\/viajar\/wp-content\/uploads\/sites\/3\/2010\/08\/venecia-verano-euroresidentes-2.jpg\"><img loading=\"lazy\" decoding=\"async\" class=\"aligncenter wp-image-5538 size-full\" title=\"venecia-verano-euroresidentes-2\" src=\"https:\/\/www.euroresidentes.com\/viajes\/viajar\/wp-content\/uploads\/sites\/3\/2010\/08\/venecia-verano-euroresidentes-2.jpg\" alt=\"visitar Venecia en verano\" width=\"700\" height=\"525\" srcset=\"https:\/\/www.euroresidentes.com\/viajes\/viajar\/wp-content\/uploads\/sites\/3\/2010\/08\/venecia-verano-euroresidentes-2.jpg 700w, https:\/\/www.euroresidentes.com\/viajes\/viajar\/wp-content\/uploads\/sites\/3\/2010\/08\/venecia-verano-euroresidentes-2-300x225.jpg 300w\" sizes=\"auto, (max-width: 700px) 100vw, 700px\" \/><\/a><\/p>\n<p><strong>Un deseo innato de supervivencia nos inst\u00f3 a seguir por v\u00edas m\u00e1s marginales<\/strong> ya adentrarnos por callezuelas y canales menores.<\/p>\n<p><strong>No por eso encontramos con facilidad lugares m\u00e1s tranquilos<\/strong>, incluso, observamos que los gondoleros se suced\u00edan con alguna dificultad en algunos canales, una especie de <strong><i>overbooking<\/i> gondolero.<\/strong> Tuvimos que alcanzar calles bastante marginales para lograr una cierta tranquilidad.<\/p>\n<p>Al acercarse la tarde <strong>nos volvimos a la Plaza de San Marcos y sus inmediaciones. El p\u00fablico no hab\u00eda disminuido. <\/strong>Pero como\u00a0est\u00e1bamos cansadisimos nos propusimos otra prueba de fuego: <strong>tomar unos refrescos en una terraza cercana&#8230; \u00a1\u00a1Las coca-colas a 8,5 \u20ac!! <\/strong><\/p>\n<p><!-- inserta publi 3 --><\/p>\n<p><strong>Los aseos\u00a0de la elegante terraza<\/strong> perteneciente a un elegante edificio hist\u00f3rico -colindante con la plaza de San Marcos-, con camareros uniformados elegantemente, <strong>fue otro episodio<\/strong>.<\/p>\n<p><strong>Unos aseos\u00a0cutres<\/strong>, que tras pasar por un pasillo estrecho donde trabajan los camareros, llegabas a unas escaleras sucias, y finalmente sub\u00edas para <strong>disfrutar de un sucio lavabo, un inodoro sin tapa y con una \u00abpiscina\u00bb en el suelo. <\/strong><\/p>\n<p>Con la primera referencia bast\u00f3, el resto del grupo decidi\u00f3 esperar a los servicios de la estaci\u00f3n de Santa Lucia.<\/p>\n<h3>De vuelta a la estaci\u00f3n de Santa Lucia<\/h3>\n<p>Tomamos otra lancha-taxi de vuelta a la estaci\u00f3n de trenes de Santa Lucia. La entrada hab\u00eda sido nuestro mejor momento y<strong> quer\u00edamos salir de Venecia guardando una agradable y bonito recuerdo.<\/strong><\/p>\n<p><a href=\"https:\/\/www.euroresidentes.com\/viajes\/viajar\/wp-content\/uploads\/sites\/3\/2010\/08\/venecia-verano-euroresidentes-3.jpg\"><img loading=\"lazy\" decoding=\"async\" class=\"aligncenter wp-image-5540 size-full\" title=\"venecia-verano-euroresidentes-3\" src=\"https:\/\/www.euroresidentes.com\/viajes\/viajar\/wp-content\/uploads\/sites\/3\/2010\/08\/venecia-verano-euroresidentes-3.jpg\" alt=\"visitar Venecia en verano\" width=\"700\" height=\"525\" srcset=\"https:\/\/www.euroresidentes.com\/viajes\/viajar\/wp-content\/uploads\/sites\/3\/2010\/08\/venecia-verano-euroresidentes-3.jpg 700w, https:\/\/www.euroresidentes.com\/viajes\/viajar\/wp-content\/uploads\/sites\/3\/2010\/08\/venecia-verano-euroresidentes-3-300x225.jpg 300w\" sizes=\"auto, (max-width: 700px) 100vw, 700px\" \/><\/a><\/p>\n<p>Esta vez, desde las inmediaciones de San Marcos, la tarifa era de 60\u20ac, pero a\u00fan as\u00ed, prevalec\u00eda el deseo de quedarnos con bellas im\u00e1genes y recuerdos de Venecia. <strong>As\u00ed fue durante los 10 \u00f3 15 minutos que dur\u00f3 el trayecto.<\/strong><\/p>\n<p>Llegados a Santa Lucia, nuestra principal obsesi\u00f3n era encontrar los servicios, de pago, 0,90 \u20ac persona&#8230;<\/p>\n<p><em><strong>Ya en el tren, de regreso a la tranquilidad de la Toscana, nos quedaba una percepci\u00f3n contradictoria. Bellas im\u00e1genes, pero una rara sensaci\u00f3n&#8230; \u00bfUn domingo de agosto en las playas de Benidorm? No, mucho peor.<\/strong><\/em><\/p>\n<div><b>Leer m\u00e1s de Venecia:\u00a0<\/b><\/div>\n<div>\n<ul>\n<li><a href=\"http:\/\/viajar.euroresidentes.com\/2010\/08\/que-visitar-en-venecia.html\">Qu\u00e9 visitar en Venecia<\/a><\/li>\n<li><a href=\"https:\/\/www.euroresidentes.com\/viajes\/viajar\/los-mejores-destinos-para-viajar-en-2017\">Los mejores destinos para 2017<\/a><\/li>\n<li><a href=\"https:\/\/www.euroresidentes.com\/viajes\/viajar\/mejores-ciudades-de-italia\">Las 10 mejores ciudades de Italia para perderse<\/a><\/li>\n<\/ul>\n<\/div>\n<div>\u00a0<\/div>\n","protected":false},"excerpt":{"rendered":"<p>El nombre la ciudad italiana de Venecia est\u00e1 asociado a romanticismo y belleza. Y, efectivamente, la ciudad\u00a0es impresionante. Sus edificios y la cercan\u00eda del agua&#8230; pese a todas las cr\u00edticas posibles es dif\u00edcil borrarle sus atributos. No obstante, si eres\u00a0un turista sensible, quiz\u00e1s debas abstenerte de visitar este lugar ut\u00f3pico, rom\u00e1ntico y bello en verano. Relatamos nuestra visita de 6 horas un jueves 12 de agosto&#8230; La llegada a Venecia Llegamos en tren desde Florencia (apenas 2 horas) a la estaci\u00f3n de Santa Lucia (Stazione di Venezia Santa Lucia), por cierto, en sus inmediaciones est\u00e1 el Puente de la Constituci\u00f3n, <\/p>\n","protected":false},"author":1,"featured_media":5540,"comment_status":"open","ping_status":"open","sticky":false,"template":"","format":"standard","meta":{"footnotes":""},"categories":[110],"tags":[],"class_list":["post-2080","post","type-post","status-publish","format-standard","has-post-thumbnail","hentry","category-italia-europa","has_thumb"],"yoast_head":"<!-- This site is optimized with the Yoast SEO plugin v24.1 - https:\/\/yoast.com\/wordpress\/plugins\/seo\/ -->\n<title>Viajar a Venecia en verano<\/title>\n<meta name=\"description\" content=\"Si eres una persona sensible, quiz\u00e1s debas abstenerte de visitar Venecia en verano. Relatamos nuestra visita de 6 horas un jueves 12 de agosto...\" \/>\n<meta name=\"robots\" content=\"index, follow, max-snippet:-1, max-image-preview:large, max-video-preview:-1\" \/>\n<link rel=\"canonical\" href=\"https:\/\/www.euroresidentes.com\/viajes\/viajar\/visitar-en-verano-venecia\/\" \/>\n<meta property=\"og:locale\" content=\"es_ES\" \/>\n<meta property=\"og:type\" content=\"article\" \/>\n<meta property=\"og:title\" content=\"Viajar a Venecia en verano\" \/>\n<meta property=\"og:description\" content=\"Si eres una persona sensible, quiz\u00e1s debas abstenerte de visitar Venecia en verano. Relatamos nuestra visita de 6 horas un jueves 12 de agosto...\" \/>\n<meta property=\"og:url\" content=\"https:\/\/www.euroresidentes.com\/viajes\/viajar\/visitar-en-verano-venecia\/\" \/>\n<meta property=\"og:site_name\" content=\"Viajar\" \/>\n<meta property=\"article:publisher\" content=\"https:\/\/www.facebook.com\/euroresidentes\/\" \/>\n<meta property=\"article:published_time\" content=\"2019-06-13T05:14:00+00:00\" \/>\n<meta property=\"article:modified_time\" content=\"2020-01-21T09:40:55+00:00\" \/>\n<meta property=\"og:image\" content=\"https:\/\/www.euroresidentes.com\/viajes\/viajar\/wp-content\/uploads\/sites\/3\/2010\/08\/venecia-verano-euroresidentes-3.jpg\" \/>\n\t<meta property=\"og:image:width\" content=\"700\" \/>\n\t<meta property=\"og:image:height\" content=\"525\" \/>\n\t<meta property=\"og:image:type\" content=\"image\/jpeg\" \/>\n<meta name=\"author\" content=\"Euroresidentes\" \/>\n<meta name=\"twitter:card\" content=\"summary_large_image\" \/>\n<meta name=\"twitter:label1\" content=\"Written by\" \/>\n\t<meta name=\"twitter:data1\" content=\"Euroresidentes\" \/>\n\t<meta name=\"twitter:label2\" content=\"Est. reading time\" \/>\n\t<meta name=\"twitter:data2\" content=\"4 minutos\" \/>\n<script type=\"application\/ld+json\" class=\"yoast-schema-graph\">{\"@context\":\"https:\/\/schema.org\",\"@graph\":[{\"@type\":\"WebPage\",\"@id\":\"https:\/\/www.euroresidentes.com\/viajes\/viajar\/visitar-en-verano-venecia\/\",\"url\":\"https:\/\/www.euroresidentes.com\/viajes\/viajar\/visitar-en-verano-venecia\/\",\"name\":\"Viajar a Venecia en verano\",\"isPartOf\":{\"@id\":\"https:\/\/www.euroresidentes.com\/viajes\/viajar\/#website\"},\"primaryImageOfPage\":{\"@id\":\"https:\/\/www.euroresidentes.com\/viajes\/viajar\/visitar-en-verano-venecia\/#primaryimage\"},\"image\":{\"@id\":\"https:\/\/www.euroresidentes.com\/viajes\/viajar\/visitar-en-verano-venecia\/#primaryimage\"},\"thumbnailUrl\":\"https:\/\/www.euroresidentes.com\/viajes\/viajar\/wp-content\/uploads\/sites\/3\/2010\/08\/venecia-verano-euroresidentes-3.jpg\",\"datePublished\":\"2019-06-13T05:14:00+00:00\",\"dateModified\":\"2020-01-21T09:40:55+00:00\",\"author\":{\"@id\":\"https:\/\/www.euroresidentes.com\/viajes\/viajar\/#\/schema\/person\/4bbb21ebb04e241332a6c1c0c1f40bc1\"},\"description\":\"Si eres una persona sensible, quiz\u00e1s debas abstenerte de visitar Venecia en verano. Relatamos nuestra visita de 6 horas un jueves 12 de agosto...\",\"breadcrumb\":{\"@id\":\"https:\/\/www.euroresidentes.com\/viajes\/viajar\/visitar-en-verano-venecia\/#breadcrumb\"},\"inLanguage\":\"es\",\"potentialAction\":[{\"@type\":\"ReadAction\",\"target\":[\"https:\/\/www.euroresidentes.com\/viajes\/viajar\/visitar-en-verano-venecia\/\"]}]},{\"@type\":\"ImageObject\",\"inLanguage\":\"es\",\"@id\":\"https:\/\/www.euroresidentes.com\/viajes\/viajar\/visitar-en-verano-venecia\/#primaryimage\",\"url\":\"https:\/\/www.euroresidentes.com\/viajes\/viajar\/wp-content\/uploads\/sites\/3\/2010\/08\/venecia-verano-euroresidentes-3.jpg\",\"contentUrl\":\"https:\/\/www.euroresidentes.com\/viajes\/viajar\/wp-content\/uploads\/sites\/3\/2010\/08\/venecia-verano-euroresidentes-3.jpg\",\"width\":700,\"height\":525},{\"@type\":\"BreadcrumbList\",\"@id\":\"https:\/\/www.euroresidentes.com\/viajes\/viajar\/visitar-en-verano-venecia\/#breadcrumb\",\"itemListElement\":[{\"@type\":\"ListItem\",\"position\":1,\"name\":\"Portada\",\"item\":\"https:\/\/www.euroresidentes.com\/viajes\/viajar\/\"},{\"@type\":\"ListItem\",\"position\":2,\"name\":\"No cometas el ERROR de visitar Venecia en verano&#8230;\"}]},{\"@type\":\"WebSite\",\"@id\":\"https:\/\/www.euroresidentes.com\/viajes\/viajar\/#website\",\"url\":\"https:\/\/www.euroresidentes.com\/viajes\/viajar\/\",\"name\":\"Viajar\",\"description\":\"Viajar Euroresidentes\",\"potentialAction\":[{\"@type\":\"SearchAction\",\"target\":{\"@type\":\"EntryPoint\",\"urlTemplate\":\"https:\/\/www.euroresidentes.com\/viajes\/viajar\/?s={search_term_string}\"},\"query-input\":{\"@type\":\"PropertyValueSpecification\",\"valueRequired\":true,\"valueName\":\"search_term_string\"}}],\"inLanguage\":\"es\"},{\"@type\":\"Person\",\"@id\":\"https:\/\/www.euroresidentes.com\/viajes\/viajar\/#\/schema\/person\/4bbb21ebb04e241332a6c1c0c1f40bc1\",\"name\":\"Euroresidentes\",\"image\":{\"@type\":\"ImageObject\",\"inLanguage\":\"es\",\"@id\":\"https:\/\/www.euroresidentes.com\/viajes\/viajar\/#\/schema\/person\/image\/\",\"url\":\"https:\/\/www.euroresidentes.com\/viajes\/viajar\/wp-content\/uploads\/sites\/3\/2016\/03\/logo-euroresidentes-150x150.jpg\",\"contentUrl\":\"https:\/\/www.euroresidentes.com\/viajes\/viajar\/wp-content\/uploads\/sites\/3\/2016\/03\/logo-euroresidentes-150x150.jpg\",\"caption\":\"Euroresidentes\"},\"description\":\"EuroresidentesContenidos \u00fatiles que ayudan a resolver las necesidades grandes y peque\u00f1as de al vida cotidiana.\",\"sameAs\":[\"https:\/\/www.euroresidentes.com\/info.htm\"],\"url\":\"https:\/\/www.euroresidentes.com\/viajes\/viajar\/author\/euroresidentes\/\"}]}<\/script>\n<!-- \/ Yoast SEO plugin. -->","yoast_head_json":{"title":"Viajar a Venecia en verano","description":"Si eres una persona sensible, quiz\u00e1s debas abstenerte de visitar Venecia en verano. Relatamos nuestra visita de 6 horas un jueves 12 de agosto...","robots":{"index":"index","follow":"follow","max-snippet":"max-snippet:-1","max-image-preview":"max-image-preview:large","max-video-preview":"max-video-preview:-1"},"canonical":"https:\/\/www.euroresidentes.com\/viajes\/viajar\/visitar-en-verano-venecia\/","og_locale":"es_ES","og_type":"article","og_title":"Viajar a Venecia en verano","og_description":"Si eres una persona sensible, quiz\u00e1s debas abstenerte de visitar Venecia en verano. Relatamos nuestra visita de 6 horas un jueves 12 de agosto...","og_url":"https:\/\/www.euroresidentes.com\/viajes\/viajar\/visitar-en-verano-venecia\/","og_site_name":"Viajar","article_publisher":"https:\/\/www.facebook.com\/euroresidentes\/","article_published_time":"2019-06-13T05:14:00+00:00","article_modified_time":"2020-01-21T09:40:55+00:00","og_image":[{"width":700,"height":525,"url":"https:\/\/www.euroresidentes.com\/viajes\/viajar\/wp-content\/uploads\/sites\/3\/2010\/08\/venecia-verano-euroresidentes-3.jpg","type":"image\/jpeg"}],"author":"Euroresidentes","twitter_card":"summary_large_image","twitter_misc":{"Written by":"Euroresidentes","Est. reading time":"4 minutos"},"schema":{"@context":"https:\/\/schema.org","@graph":[{"@type":"WebPage","@id":"https:\/\/www.euroresidentes.com\/viajes\/viajar\/visitar-en-verano-venecia\/","url":"https:\/\/www.euroresidentes.com\/viajes\/viajar\/visitar-en-verano-venecia\/","name":"Viajar a Venecia en verano","isPartOf":{"@id":"https:\/\/www.euroresidentes.com\/viajes\/viajar\/#website"},"primaryImageOfPage":{"@id":"https:\/\/www.euroresidentes.com\/viajes\/viajar\/visitar-en-verano-venecia\/#primaryimage"},"image":{"@id":"https:\/\/www.euroresidentes.com\/viajes\/viajar\/visitar-en-verano-venecia\/#primaryimage"},"thumbnailUrl":"https:\/\/www.euroresidentes.com\/viajes\/viajar\/wp-content\/uploads\/sites\/3\/2010\/08\/venecia-verano-euroresidentes-3.jpg","datePublished":"2019-06-13T05:14:00+00:00","dateModified":"2020-01-21T09:40:55+00:00","author":{"@id":"https:\/\/www.euroresidentes.com\/viajes\/viajar\/#\/schema\/person\/4bbb21ebb04e241332a6c1c0c1f40bc1"},"description":"Si eres una persona sensible, quiz\u00e1s debas abstenerte de visitar Venecia en verano. Relatamos nuestra visita de 6 horas un jueves 12 de agosto...","breadcrumb":{"@id":"https:\/\/www.euroresidentes.com\/viajes\/viajar\/visitar-en-verano-venecia\/#breadcrumb"},"inLanguage":"es","potentialAction":[{"@type":"ReadAction","target":["https:\/\/www.euroresidentes.com\/viajes\/viajar\/visitar-en-verano-venecia\/"]}]},{"@type":"ImageObject","inLanguage":"es","@id":"https:\/\/www.euroresidentes.com\/viajes\/viajar\/visitar-en-verano-venecia\/#primaryimage","url":"https:\/\/www.euroresidentes.com\/viajes\/viajar\/wp-content\/uploads\/sites\/3\/2010\/08\/venecia-verano-euroresidentes-3.jpg","contentUrl":"https:\/\/www.euroresidentes.com\/viajes\/viajar\/wp-content\/uploads\/sites\/3\/2010\/08\/venecia-verano-euroresidentes-3.jpg","width":700,"height":525},{"@type":"BreadcrumbList","@id":"https:\/\/www.euroresidentes.com\/viajes\/viajar\/visitar-en-verano-venecia\/#breadcrumb","itemListElement":[{"@type":"ListItem","position":1,"name":"Portada","item":"https:\/\/www.euroresidentes.com\/viajes\/viajar\/"},{"@type":"ListItem","position":2,"name":"No cometas el ERROR de visitar Venecia en verano&#8230;"}]},{"@type":"WebSite","@id":"https:\/\/www.euroresidentes.com\/viajes\/viajar\/#website","url":"https:\/\/www.euroresidentes.com\/viajes\/viajar\/","name":"Viajar","description":"Viajar Euroresidentes","potentialAction":[{"@type":"SearchAction","target":{"@type":"EntryPoint","urlTemplate":"https:\/\/www.euroresidentes.com\/viajes\/viajar\/?s={search_term_string}"},"query-input":{"@type":"PropertyValueSpecification","valueRequired":true,"valueName":"search_term_string"}}],"inLanguage":"es"},{"@type":"Person","@id":"https:\/\/www.euroresidentes.com\/viajes\/viajar\/#\/schema\/person\/4bbb21ebb04e241332a6c1c0c1f40bc1","name":"Euroresidentes","image":{"@type":"ImageObject","inLanguage":"es","@id":"https:\/\/www.euroresidentes.com\/viajes\/viajar\/#\/schema\/person\/image\/","url":"https:\/\/www.euroresidentes.com\/viajes\/viajar\/wp-content\/uploads\/sites\/3\/2016\/03\/logo-euroresidentes-150x150.jpg","contentUrl":"https:\/\/www.euroresidentes.com\/viajes\/viajar\/wp-content\/uploads\/sites\/3\/2016\/03\/logo-euroresidentes-150x150.jpg","caption":"Euroresidentes"},"description":"EuroresidentesContenidos \u00fatiles que ayudan a resolver las necesidades grandes y peque\u00f1as de al vida cotidiana.","sameAs":["https:\/\/www.euroresidentes.com\/info.htm"],"url":"https:\/\/www.euroresidentes.com\/viajes\/viajar\/author\/euroresidentes\/"}]}},"_links":{"self":[{"href":"https:\/\/www.euroresidentes.com\/viajes\/viajar\/wp-json\/wp\/v2\/posts\/2080","targetHints":{"allow":["GET"]}}],"collection":[{"href":"https:\/\/www.euroresidentes.com\/viajes\/viajar\/wp-json\/wp\/v2\/posts"}],"about":[{"href":"https:\/\/www.euroresidentes.com\/viajes\/viajar\/wp-json\/wp\/v2\/types\/post"}],"author":[{"embeddable":true,"href":"https:\/\/www.euroresidentes.com\/viajes\/viajar\/wp-json\/wp\/v2\/users\/1"}],"replies":[{"embeddable":true,"href":"https:\/\/www.euroresidentes.com\/viajes\/viajar\/wp-json\/wp\/v2\/comments?post=2080"}],"version-history":[{"count":4,"href":"https:\/\/www.euroresidentes.com\/viajes\/viajar\/wp-json\/wp\/v2\/posts\/2080\/revisions"}],"predecessor-version":[{"id":5542,"href":"https:\/\/www.euroresidentes.com\/viajes\/viajar\/wp-json\/wp\/v2\/posts\/2080\/revisions\/5542"}],"wp:featuredmedia":[{"embeddable":true,"href":"https:\/\/www.euroresidentes.com\/viajes\/viajar\/wp-json\/wp\/v2\/media\/5540"}],"wp:attachment":[{"href":"https:\/\/www.euroresidentes.com\/viajes\/viajar\/wp-json\/wp\/v2\/media?parent=2080"}],"wp:term":[{"taxonomy":"category","embeddable":true,"href":"https:\/\/www.euroresidentes.com\/viajes\/viajar\/wp-json\/wp\/v2\/categories?post=2080"},{"taxonomy":"post_tag","embeddable":true,"href":"https:\/\/www.euroresidentes.com\/viajes\/viajar\/wp-json\/wp\/v2\/tags?post=2080"}],"curies":[{"name":"wp","href":"https:\/\/api.w.org\/{rel}","templated":true}]}}