{"id":1949,"date":"2014-06-12T13:52:00","date_gmt":"2014-06-12T13:52:00","guid":{"rendered":"https:\/\/www.euroresidentes.com\/viajes\/viajar\/las-ciudades-del-mundial-de-brasil-1"},"modified":"2016-09-12T15:00:46","modified_gmt":"2016-09-12T13:00:46","slug":"las-ciudades-del-mundial-de-brasil-1","status":"publish","type":"post","link":"https:\/\/www.euroresidentes.com\/viajes\/viajar\/las-ciudades-del-mundial-de-brasil-1\/","title":{"rendered":"Las ciudades del Mundial de Brasil. 1: Belho Horizonte."},"content":{"rendered":"<p>Belho Horizonte es la capital del Estado de Minas Gerais, en la regi\u00f3n central de Brasil. Cuenta con m\u00e1s de 2 millones y medio de habitantes. Es una ciudad relativamente rica, con una hist\u00f3rica tradici\u00f3n para los negocios, donde el sector financiero ha podido crecer gracias al comercio de la zona.<\/p>\n<h3>\n5 Cosas que deber\u00edas saber sobre Belho Horizonte.<\/h3>\n<p>\n1. Belho Horizonte es la ciudad brasile\u00f1a con mayor concentraci\u00f3n de bares por habitante de todo Brasil. Adem\u00e1s, tiene una tradici\u00f3n culinaria sin parang\u00f3n en todo el pa\u00eds.<\/p>\n<p>2. Oscar Niemeyer, uno de os arquitectos m\u00e1s importantes del mundo, dise\u00f1\u00f3 para Belho Horizonte una de sus obras cumbres: el Pampulha. Un lugar que visitar, donde los azulejos son la parte esencial del conjunto.<\/p>\n<p>3. El queso blanco agrio, una de las delicias t\u00edpicas de la zona, es considerado como un patrimonio cultural intangible de Brasil.<\/p>\n<p>4. En una de las entradas de Belho Horizonte existe una gran botella de 8 metros de altura que alerta sobre el peligro de conducir bajo los efectos del alcohol. Dentro de esta botella hay un coche que, efectivamente, choc\u00f3 contra ella (<a href=\"http:\/\/farm3.static.flickr.com\/2454\/3634850002_6f30429967.jpg\" rel=\"nofollow\" target=\"_blank\">ver imagen<\/a>)<\/p>\n<p>5. Las calles principales del centro de la ciudad toman el nombre de los diferentes estados brasile\u00f1os. Las calles que las cortan, toman el nombre de pueblos ind\u00edgenas de Brasil, mezclando la tradici\u00f3n hist\u00f3rica del pa\u00eds con la nueva organizaci\u00f3n.<\/p>\n<h3>\nBelho Horizonte en el Mundial de Brasil 2014.<\/h3>\n<p>\nLos partidos de la copa del Mundo se disputar\u00e1n en el Estadio Mineirao, donde juegan el Atl\u00e9tico Mineiro y el Cruzeiro. Cuenta con una capacidad para m\u00e1s de 60.000 espectadores.<\/p>\n<div class=\"separator\" style=\"clear: both; text-align: center;\">\n<a href=\"https:\/\/www.euroresidentes.com\/viajes\/viajar\/wp-content\/uploads\/sites\/3\/2014\/06\/estadio-belho-horizonte.jpg\" imageanchor=\"1\" style=\"margin-left: 1em; margin-right: 1em;\"><img loading=\"lazy\" decoding=\"async\" border=\"0\" src=\"https:\/\/www.euroresidentes.com\/viajes\/viajar\/wp-content\/uploads\/sites\/3\/2014\/06\/estadio-belho-horizonte.jpg\" height=\"300\" width=\"400\" \/><\/a><\/div>\n<p><b>Estos son los partidos que se disputar\u00e1n en Belho Horizonte durante el Mundial:<\/b><\/p>\n<div class=\"module\" style=\"background-color: white; border: 0px; box-sizing: border-box; font-family: 'Open Sans', sans-serif; font-size: 13px; line-height: 20px; margin: 0px; padding: 0px;\">\n<div class=\"mu fixture\" data-id=\"300186471\" style=\"border-bottom-color: rgb(220, 220, 220); border-bottom-style: solid; border-width: 0px 0px 1px; box-sizing: border-box; color: #666666; font-size: 12px; line-height: 19px; margin: 0px; padding: 0px; position: relative;\">\n14 junio 2014. Partido 5. GRUPO C<\/p>\n<div class=\"mu-m\" style=\"border: 0px; box-sizing: border-box; margin: 0px; min-height: 80px; padding: 0px; position: relative;\">\n<div class=\"t home\" data-team-id=\"43926\" style=\"border: 0px; box-sizing: border-box; left: 0px; margin: 0px; padding: 0px; position: absolute; width: 238.46875px; z-index: 1;\">\n<div class=\"t-i i-4\" style=\"border: 0px; box-sizing: border-box; left: 0px; margin: 0px; padding: 0px; position: absolute; text-align: center;\">\n<img decoding=\"async\" alt=\"Colombia\" class=\"COL i-4-flag flag\" src=\"http:\/\/img.fifa.com\/images\/flags\/4\/col.png\" style=\"border: 1px solid rgb(199, 198, 198); box-sizing: border-box; height: 32px; margin: 0px; padding: 0px; vertical-align: middle; width: 48px;\" \/><\/div>\n<div class=\"t-n\" style=\"border: 0px; box-sizing: border-box; left: 0px; margin: 0px 0px 0px 63px; padding: 0px; position: absolute;\">\nCOLOMBIA<\/div>\n<\/div>\n<div class=\"t away\" data-team-id=\"43949\" style=\"border: 0px; box-sizing: border-box; margin: 0px; padding: 0px; position: absolute; right: 0px; width: 238.46875px; z-index: 1;\">\n<div class=\"t-i i-4\" style=\"border: 0px; box-sizing: border-box; margin: 0px; padding: 0px; position: absolute; right: 0px; text-align: center;\">\n<img decoding=\"async\" alt=\"Grecia\" class=\"GRE i-4-flag flag\" src=\"http:\/\/img.fifa.com\/images\/flags\/4\/gre.png\" style=\"border: 1px solid rgb(199, 198, 198); box-sizing: border-box; height: 32px; margin: 0px; padding: 0px; vertical-align: middle; width: 48px;\" \/><\/div>\n<div class=\"t-n\" style=\"border: 0px; box-sizing: border-box; margin: 0px 63px 0px 0px; padding: 0px; position: absolute; right: 0px; text-align: right;\">\nGRECIA<\/div>\n<\/div>\n<div class=\"mu-reasonwin\" style=\"border: 0px; box-sizing: border-box; margin: 0px; padding: 0px; text-align: center;\">\n<\/div>\n<\/div>\n<\/div>\n<div class=\"mu fixture\" data-id=\"300186479\" style=\"border-bottom-color: rgb(220, 220, 220); border-bottom-style: solid; border-width: 0px 0px 1px; box-sizing: border-box; color: #666666; font-size: 12px; line-height: 19px; margin: 0px; padding: 0px; position: relative;\">\n<\/p>\n<div class=\"mu-i\" style=\"border: 0px; box-sizing: border-box; color: #666666; float: none; font-size: 11px; height: 20px; line-height: 20px; margin: 0px; padding: 0px;\">\n<div class=\"mu-i-date\" style=\"border: 0px; box-sizing: border-box; float: left; margin: 0px 10px 0px 0px; padding: 0px;\">\n17 junio 2014. Partido 15. GRUPO H<\/div>\n<\/div>\n<div class=\"mu-m\" style=\"border: 0px; box-sizing: border-box; margin: 0px; min-height: 80px; padding: 0px; position: relative;\">\n<div class=\"t home\" data-team-id=\"43935\" style=\"border: 0px; box-sizing: border-box; left: 0px; margin: 0px; padding: 0px; position: absolute; width: 238.46875px; z-index: 1;\">\n<div class=\"t-i i-4\" style=\"border: 0px; box-sizing: border-box; left: 0px; margin: 0px; padding: 0px; position: absolute; text-align: center;\">\n<img decoding=\"async\" alt=\"B\u00e9lgica\" class=\"BEL i-4-flag flag\" src=\"http:\/\/img.fifa.com\/images\/flags\/4\/bel.png\" style=\"border: 1px solid rgb(199, 198, 198); box-sizing: border-box; height: 32px; margin: 0px; padding: 0px; vertical-align: middle; width: 48px;\" \/><\/div>\n<div class=\"t-n\" style=\"border: 0px; box-sizing: border-box; left: 0px; margin: 0px 0px 0px 63px; padding: 0px; position: absolute;\">\nB\u00c9LGICA<\/div>\n<\/div>\n<div class=\"t away\" data-team-id=\"43843\" style=\"border: 0px; box-sizing: border-box; margin: 0px; padding: 0px; position: absolute; right: 0px; width: 238.46875px; z-index: 1;\">\n<div class=\"t-i i-4\" style=\"border: 0px; box-sizing: border-box; margin: 0px; padding: 0px; position: absolute; right: 0px; text-align: center;\">\n<img decoding=\"async\" alt=\"Argelia\" class=\"ALG i-4-flag flag\" src=\"http:\/\/img.fifa.com\/images\/flags\/4\/alg.png\" style=\"border: 1px solid rgb(199, 198, 198); box-sizing: border-box; height: 32px; margin: 0px; padding: 0px; vertical-align: middle; width: 48px;\" \/><\/div>\n<div class=\"t-n\" style=\"border: 0px; box-sizing: border-box; margin: 0px 63px 0px 0px; padding: 0px; position: absolute; right: 0px; text-align: right;\">\nARGELIA<\/div>\n<\/div>\n<\/div>\n<\/div>\n<div class=\"mu fixture\" data-id=\"300186466\" style=\"border-bottom-color: rgb(220, 220, 220); border-bottom-style: solid; border-width: 0px 0px 1px; box-sizing: border-box; color: #666666; font-size: 12px; line-height: 19px; margin: 0px; padding: 0px; position: relative;\">\n<\/p>\n<div class=\"mu-i\" style=\"border: 0px; box-sizing: border-box; color: #666666; float: none; font-size: 11px; height: 20px; line-height: 20px; margin: 0px; padding: 0px;\">\n<div class=\"mu-i-date\" style=\"border: 0px; box-sizing: border-box; float: left; margin: 0px 10px 0px 0px; padding: 0px;\">\n21 junio 2014. Partido 27. GRUPO F<\/div>\n<\/div>\n<div class=\"mu-m\" style=\"border: 0px; box-sizing: border-box; margin: 0px; min-height: 80px; padding: 0px; position: relative;\">\n<div class=\"t home\" data-team-id=\"43922\" style=\"border: 0px; box-sizing: border-box; left: 0px; margin: 0px; padding: 0px; position: absolute; width: 238.46875px; z-index: 1;\">\n<div class=\"t-i i-4\" style=\"border: 0px; box-sizing: border-box; left: 0px; margin: 0px; padding: 0px; position: absolute; text-align: center;\">\n<img decoding=\"async\" alt=\"Argentina\" class=\"ARG i-4-flag flag\" src=\"http:\/\/img.fifa.com\/images\/flags\/4\/arg.png\" style=\"border: 1px solid rgb(199, 198, 198); box-sizing: border-box; height: 32px; margin: 0px; padding: 0px; vertical-align: middle; width: 48px;\" \/><\/div>\n<div class=\"t-n\" style=\"border: 0px; box-sizing: border-box; left: 0px; margin: 0px 0px 0px 63px; padding: 0px; position: absolute;\">\nARGENTINA<\/div>\n<\/div>\n<div class=\"t away\" data-team-id=\"43817\" style=\"border: 0px; box-sizing: border-box; margin: 0px; padding: 0px; position: absolute; right: 0px; width: 238.46875px; z-index: 1;\">\n<div class=\"t-i i-4\" style=\"border: 0px; box-sizing: border-box; margin: 0px; padding: 0px; position: absolute; right: 0px; text-align: center;\">\n<img decoding=\"async\" alt=\"Ir\u00e1n\" class=\"IRN i-4-flag flag\" src=\"http:\/\/img.fifa.com\/images\/flags\/4\/irn.png\" style=\"border: 1px solid rgb(199, 198, 198); box-sizing: border-box; height: 32px; margin: 0px; padding: 0px; vertical-align: middle; width: 48px;\" \/><\/div>\n<div class=\"t-n\" style=\"border: 0px; box-sizing: border-box; margin: 0px 63px 0px 0px; padding: 0px; position: absolute; right: 0px; text-align: right;\">\nIR\u00c1N<\/div>\n<\/div>\n<div class=\"mu-reasonwin\" style=\"border: 0px; box-sizing: border-box; margin: 0px; padding: 0px; text-align: center;\">\n<\/div>\n<\/div>\n<\/div>\n<div class=\"mu fixture\" data-id=\"300186484\" style=\"border-bottom-color: rgb(220, 220, 220); border-bottom-style: solid; border-width: 0px 0px 1px; box-sizing: border-box; color: #666666; font-size: 12px; line-height: 19px; margin: 0px; padding: 0px; position: relative;\">\n<\/p>\n<div class=\"mu-i\" style=\"border: 0px; box-sizing: border-box; color: #666666; float: none; font-size: 11px; height: 20px; line-height: 20px; margin: 0px; padding: 0px;\">\n<div class=\"mu-i-date\" style=\"border: 0px; box-sizing: border-box; float: left; margin: 0px 10px 0px 0px; padding: 0px;\">\n24 junio 2014. Partido 40. GRUPO D<\/div>\n<\/div>\n<div class=\"mu-m\" style=\"border: 0px; box-sizing: border-box; margin: 0px; min-height: 80px; padding: 0px; position: relative;\">\n<div class=\"t home\" data-team-id=\"43901\" style=\"border: 0px; box-sizing: border-box; left: 0px; margin: 0px; padding: 0px; position: absolute; width: 238.46875px; z-index: 1;\">\n<div class=\"t-i i-4\" style=\"border: 0px; box-sizing: border-box; left: 0px; margin: 0px; padding: 0px; position: absolute; text-align: center;\">\n<img decoding=\"async\" alt=\"Costa Rica\" class=\"CRC i-4-flag flag\" src=\"http:\/\/img.fifa.com\/images\/flags\/4\/crc.png\" style=\"border: 1px solid rgb(199, 198, 198); box-sizing: border-box; height: 32px; margin: 0px; padding: 0px; vertical-align: middle; width: 48px;\" \/><\/div>\n<div class=\"t-n\" style=\"border: 0px; box-sizing: border-box; left: 0px; margin: 0px 0px 0px 63px; padding: 0px; position: absolute;\">\nCOSTA RICA<\/div>\n<\/div>\n<div class=\"t away\" data-team-id=\"43942\" style=\"border: 0px; box-sizing: border-box; margin: 0px; padding: 0px; position: absolute; right: 0px; width: 238.46875px; z-index: 1;\">\n<div class=\"t-i i-4\" style=\"border: 0px; box-sizing: border-box; margin: 0px; padding: 0px; position: absolute; right: 0px; text-align: center;\">\n<img decoding=\"async\" alt=\"Inglaterra\" class=\"ENG i-4-flag flag\" src=\"http:\/\/img.fifa.com\/images\/flags\/4\/eng.png\" style=\"border: 1px solid rgb(199, 198, 198); box-sizing: border-box; height: 32px; margin: 0px; padding: 0px; vertical-align: middle; width: 48px;\" \/><\/div>\n<div class=\"t-n\" style=\"border: 0px; box-sizing: border-box; margin: 0px 63px 0px 0px; padding: 0px; position: absolute; right: 0px; text-align: right;\">\nINGLATERRA<\/div>\n<\/div>\n<\/div>\n<\/div>\n<div class=\"mu fixture\" data-id=\"300186487\" style=\"border-bottom-color: rgb(220, 220, 220); border-bottom-style: solid; border-width: 0px 0px 1px; box-sizing: border-box; font-size: 12px; line-height: 19px; margin: 0px; padding: 0px; position: relative;\">\n<div class=\"mu-i\" style=\"border: 0px; box-sizing: border-box; color: #666666; float: none; font-size: 11px; height: 20px; line-height: 20px; margin: 0px; padding: 0px;\">\n<div class=\"mu-i-date\" style=\"border: 0px; box-sizing: border-box; float: left; margin: 0px 10px 0px 0px; padding: 0px;\">\n<br \/>\n28 junio 2014. Partido 49. OCTAVOS DE FINAL<\/div>\n<\/div>\n<div class=\"mu-m\" style=\"border: 0px; box-sizing: border-box; margin: 0px; min-height: 80px; padding: 0px; position: relative;\">\n<div class=\"t home\" data-team-id=\"\" style=\"border: 0px; box-sizing: border-box; color: #666666; left: 0px; margin: 0px; padding: 0px; position: absolute; width: 238.46875px; z-index: 1;\">\n<div class=\"t-n\" style=\"border: 0px; box-sizing: border-box; left: 0px; margin: 0px 0px 0px 63px; padding: 0px; position: absolute;\">\n[1\u00ba Grupo A]<\/div>\n<\/div>\n<div class=\"t away\" data-team-id=\"\" style=\"border: 0px; box-sizing: border-box; color: #666666; margin: 0px; padding: 0px; position: absolute; right: 0px; width: 238.46875px; z-index: 1;\">\n<div class=\"t-n\" style=\"border: 0px; box-sizing: border-box; margin: 0px 63px 0px 0px; padding: 0px; position: absolute; right: 0px; text-align: right;\">\n[2\u00ba Grupo B]<\/div>\n<\/div>\n<div class=\"mu-reasonwin\" style=\"border: 0px; box-sizing: border-box; color: #666666; margin: 0px; padding: 0px; text-align: center;\">\n<\/div>\n<\/div>\n<\/div>\n<div class=\"mu fixture\" data-id=\"300186474\" style=\"border-bottom-color: rgb(220, 220, 220); border-bottom-style: solid; border-width: 0px 0px 1px; box-sizing: border-box; font-size: 12px; line-height: 19px; margin: 0px; padding: 0px; position: relative;\">\n<div class=\"mu-i\" style=\"border: 0px; box-sizing: border-box; color: #666666; float: none; font-size: 11px; height: 20px; line-height: 20px; margin: 0px; padding: 0px;\">\n<div class=\"mu-i-date\" style=\"border: 0px; box-sizing: border-box; float: left; margin: 0px 10px 0px 0px; padding: 0px;\">\n<br \/>\n08 Julio 2014. Partido 61. SEMIFINALES<\/div>\n<\/div>\n<div class=\"mu-m\" style=\"border: 0px; box-sizing: border-box; margin: 0px; min-height: 80px; padding: 0px; position: relative;\">\n<div class=\"t home\" data-team-id=\"\" style=\"border: 0px; box-sizing: border-box; color: #666666; left: 0px; margin: 0px; padding: 0px; position: absolute; width: 238.46875px; z-index: 1;\">\n<div class=\"t-n\" style=\"border: 0px; box-sizing: border-box; left: 0px; margin: 0px 0px 0px 63px; padding: 0px; position: absolute;\">\n[G. 57]<\/div>\n<\/div>\n<div class=\"t away\" data-team-id=\"\" style=\"border: 0px; box-sizing: border-box; color: #666666; margin: 0px; padding: 0px; position: absolute; right: 0px; width: 238.46875px; z-index: 1;\">\n<div class=\"t-n\" style=\"border: 0px; box-sizing: border-box; margin: 0px 63px 0px 0px; padding: 0px; position: absolute; right: 0px; text-align: right;\">\n[g. 58]<\/div>\n<\/div>\n<\/div>\n<\/div>\n<\/div>\n<p><\/p>\n<div style=\"background-color: white; color: #252525; font-family: sans-serif; font-size: 14px; line-height: 22.399999618530273px; margin-bottom: 0.5em; margin-top: 0.5em;\">\n<\/div>\n","protected":false},"excerpt":{"rendered":"<p>Belho Horizonte es la capital del Estado de Minas Gerais, en la regi\u00f3n central de Brasil. Cuenta con m\u00e1s de 2 millones y medio de habitantes. Es una ciudad relativamente rica, con una hist\u00f3rica tradici\u00f3n para los negocios, donde el sector financiero ha podido crecer gracias al comercio de la zona. 5 Cosas que deber\u00edas saber sobre Belho Horizonte. 1. Belho Horizonte es la ciudad brasile\u00f1a con mayor concentraci\u00f3n de bares por habitante de todo Brasil. Adem\u00e1s, tiene una tradici\u00f3n culinaria sin parang\u00f3n en todo el pa\u00eds. 2. Oscar Niemeyer, uno de os arquitectos m\u00e1s importantes del mundo, dise\u00f1\u00f3 para <\/p>\n","protected":false},"author":1,"featured_media":3047,"comment_status":"open","ping_status":"open","sticky":false,"template":"","format":"standard","meta":{"footnotes":""},"categories":[1],"tags":[],"class_list":["post-1949","post","type-post","status-publish","format-standard","has-post-thumbnail","hentry","category-general","has_thumb"],"yoast_head":"<!-- This site is optimized with the Yoast SEO plugin v24.1 - https:\/\/yoast.com\/wordpress\/plugins\/seo\/ -->\n<title>Las ciudades del Mundial de Brasil. 1: Belho Horizonte. - Viajar<\/title>\n<meta name=\"robots\" content=\"index, follow, max-snippet:-1, max-image-preview:large, max-video-preview:-1\" \/>\n<link rel=\"canonical\" href=\"https:\/\/www.euroresidentes.com\/viajes\/viajar\/las-ciudades-del-mundial-de-brasil-1\/\" \/>\n<meta property=\"og:locale\" content=\"es_ES\" \/>\n<meta property=\"og:type\" content=\"article\" \/>\n<meta property=\"og:title\" content=\"Las ciudades del Mundial de Brasil. 1: Belho Horizonte. - Viajar\" \/>\n<meta property=\"og:description\" content=\"Belho Horizonte es la capital del Estado de Minas Gerais, en la regi\u00f3n central de Brasil. Cuenta con m\u00e1s de 2 millones y medio de habitantes. Es una ciudad relativamente rica, con una hist\u00f3rica tradici\u00f3n para los negocios, donde el sector financiero ha podido crecer gracias al comercio de la zona. 5 Cosas que deber\u00edas saber sobre Belho Horizonte. 1. Belho Horizonte es la ciudad brasile\u00f1a con mayor concentraci\u00f3n de bares por habitante de todo Brasil. Adem\u00e1s, tiene una tradici\u00f3n culinaria sin parang\u00f3n en todo el pa\u00eds. 2. Oscar Niemeyer, uno de os arquitectos m\u00e1s importantes del mundo, dise\u00f1\u00f3 para\" \/>\n<meta property=\"og:url\" content=\"https:\/\/www.euroresidentes.com\/viajes\/viajar\/las-ciudades-del-mundial-de-brasil-1\/\" \/>\n<meta property=\"og:site_name\" content=\"Viajar\" \/>\n<meta property=\"article:publisher\" content=\"https:\/\/www.facebook.com\/euroresidentes\/\" \/>\n<meta property=\"article:published_time\" content=\"2014-06-12T13:52:00+00:00\" \/>\n<meta property=\"article:modified_time\" content=\"2016-09-12T13:00:46+00:00\" \/>\n<meta property=\"og:image\" content=\"https:\/\/www.euroresidentes.com\/viajes\/viajar\/wp-content\/uploads\/sites\/3\/2014\/06\/estadio-belho-horizonte.jpg\" \/>\n\t<meta property=\"og:image:width\" content=\"600\" \/>\n\t<meta property=\"og:image:height\" content=\"450\" \/>\n\t<meta property=\"og:image:type\" content=\"image\/jpeg\" \/>\n<meta name=\"author\" content=\"Euroresidentes\" \/>\n<meta name=\"twitter:card\" content=\"summary_large_image\" \/>\n<meta name=\"twitter:label1\" content=\"Written by\" \/>\n\t<meta name=\"twitter:data1\" content=\"Euroresidentes\" \/>\n\t<meta name=\"twitter:label2\" content=\"Est. reading time\" \/>\n\t<meta name=\"twitter:data2\" content=\"2 minutos\" \/>\n<script type=\"application\/ld+json\" class=\"yoast-schema-graph\">{\"@context\":\"https:\/\/schema.org\",\"@graph\":[{\"@type\":\"WebPage\",\"@id\":\"https:\/\/www.euroresidentes.com\/viajes\/viajar\/las-ciudades-del-mundial-de-brasil-1\/\",\"url\":\"https:\/\/www.euroresidentes.com\/viajes\/viajar\/las-ciudades-del-mundial-de-brasil-1\/\",\"name\":\"Las ciudades del Mundial de Brasil. 1: Belho Horizonte. - Viajar\",\"isPartOf\":{\"@id\":\"https:\/\/www.euroresidentes.com\/viajes\/viajar\/#website\"},\"primaryImageOfPage\":{\"@id\":\"https:\/\/www.euroresidentes.com\/viajes\/viajar\/las-ciudades-del-mundial-de-brasil-1\/#primaryimage\"},\"image\":{\"@id\":\"https:\/\/www.euroresidentes.com\/viajes\/viajar\/las-ciudades-del-mundial-de-brasil-1\/#primaryimage\"},\"thumbnailUrl\":\"https:\/\/www.euroresidentes.com\/viajes\/viajar\/wp-content\/uploads\/sites\/3\/2014\/06\/estadio-belho-horizonte.jpg\",\"datePublished\":\"2014-06-12T13:52:00+00:00\",\"dateModified\":\"2016-09-12T13:00:46+00:00\",\"author\":{\"@id\":\"https:\/\/www.euroresidentes.com\/viajes\/viajar\/#\/schema\/person\/4bbb21ebb04e241332a6c1c0c1f40bc1\"},\"breadcrumb\":{\"@id\":\"https:\/\/www.euroresidentes.com\/viajes\/viajar\/las-ciudades-del-mundial-de-brasil-1\/#breadcrumb\"},\"inLanguage\":\"es\",\"potentialAction\":[{\"@type\":\"ReadAction\",\"target\":[\"https:\/\/www.euroresidentes.com\/viajes\/viajar\/las-ciudades-del-mundial-de-brasil-1\/\"]}]},{\"@type\":\"ImageObject\",\"inLanguage\":\"es\",\"@id\":\"https:\/\/www.euroresidentes.com\/viajes\/viajar\/las-ciudades-del-mundial-de-brasil-1\/#primaryimage\",\"url\":\"https:\/\/www.euroresidentes.com\/viajes\/viajar\/wp-content\/uploads\/sites\/3\/2014\/06\/estadio-belho-horizonte.jpg\",\"contentUrl\":\"https:\/\/www.euroresidentes.com\/viajes\/viajar\/wp-content\/uploads\/sites\/3\/2014\/06\/estadio-belho-horizonte.jpg\",\"width\":600,\"height\":450},{\"@type\":\"BreadcrumbList\",\"@id\":\"https:\/\/www.euroresidentes.com\/viajes\/viajar\/las-ciudades-del-mundial-de-brasil-1\/#breadcrumb\",\"itemListElement\":[{\"@type\":\"ListItem\",\"position\":1,\"name\":\"Portada\",\"item\":\"https:\/\/www.euroresidentes.com\/viajes\/viajar\/\"},{\"@type\":\"ListItem\",\"position\":2,\"name\":\"Las ciudades del Mundial de Brasil. 1: Belho Horizonte.\"}]},{\"@type\":\"WebSite\",\"@id\":\"https:\/\/www.euroresidentes.com\/viajes\/viajar\/#website\",\"url\":\"https:\/\/www.euroresidentes.com\/viajes\/viajar\/\",\"name\":\"Viajar\",\"description\":\"Viajar Euroresidentes\",\"potentialAction\":[{\"@type\":\"SearchAction\",\"target\":{\"@type\":\"EntryPoint\",\"urlTemplate\":\"https:\/\/www.euroresidentes.com\/viajes\/viajar\/?s={search_term_string}\"},\"query-input\":{\"@type\":\"PropertyValueSpecification\",\"valueRequired\":true,\"valueName\":\"search_term_string\"}}],\"inLanguage\":\"es\"},{\"@type\":\"Person\",\"@id\":\"https:\/\/www.euroresidentes.com\/viajes\/viajar\/#\/schema\/person\/4bbb21ebb04e241332a6c1c0c1f40bc1\",\"name\":\"Euroresidentes\",\"image\":{\"@type\":\"ImageObject\",\"inLanguage\":\"es\",\"@id\":\"https:\/\/www.euroresidentes.com\/viajes\/viajar\/#\/schema\/person\/image\/\",\"url\":\"https:\/\/www.euroresidentes.com\/viajes\/viajar\/wp-content\/uploads\/sites\/3\/2016\/03\/logo-euroresidentes-150x150.jpg\",\"contentUrl\":\"https:\/\/www.euroresidentes.com\/viajes\/viajar\/wp-content\/uploads\/sites\/3\/2016\/03\/logo-euroresidentes-150x150.jpg\",\"caption\":\"Euroresidentes\"},\"description\":\"EuroresidentesContenidos \u00fatiles que ayudan a resolver las necesidades grandes y peque\u00f1as de al vida cotidiana.\",\"sameAs\":[\"https:\/\/www.euroresidentes.com\/info.htm\"],\"url\":\"https:\/\/www.euroresidentes.com\/viajes\/viajar\/author\/euroresidentes\/\"}]}<\/script>\n<!-- \/ Yoast SEO plugin. -->","yoast_head_json":{"title":"Las ciudades del Mundial de Brasil. 1: Belho Horizonte. - Viajar","robots":{"index":"index","follow":"follow","max-snippet":"max-snippet:-1","max-image-preview":"max-image-preview:large","max-video-preview":"max-video-preview:-1"},"canonical":"https:\/\/www.euroresidentes.com\/viajes\/viajar\/las-ciudades-del-mundial-de-brasil-1\/","og_locale":"es_ES","og_type":"article","og_title":"Las ciudades del Mundial de Brasil. 1: Belho Horizonte. - Viajar","og_description":"Belho Horizonte es la capital del Estado de Minas Gerais, en la regi\u00f3n central de Brasil. Cuenta con m\u00e1s de 2 millones y medio de habitantes. Es una ciudad relativamente rica, con una hist\u00f3rica tradici\u00f3n para los negocios, donde el sector financiero ha podido crecer gracias al comercio de la zona. 5 Cosas que deber\u00edas saber sobre Belho Horizonte. 1. Belho Horizonte es la ciudad brasile\u00f1a con mayor concentraci\u00f3n de bares por habitante de todo Brasil. Adem\u00e1s, tiene una tradici\u00f3n culinaria sin parang\u00f3n en todo el pa\u00eds. 2. Oscar Niemeyer, uno de os arquitectos m\u00e1s importantes del mundo, dise\u00f1\u00f3 para","og_url":"https:\/\/www.euroresidentes.com\/viajes\/viajar\/las-ciudades-del-mundial-de-brasil-1\/","og_site_name":"Viajar","article_publisher":"https:\/\/www.facebook.com\/euroresidentes\/","article_published_time":"2014-06-12T13:52:00+00:00","article_modified_time":"2016-09-12T13:00:46+00:00","og_image":[{"width":600,"height":450,"url":"https:\/\/www.euroresidentes.com\/viajes\/viajar\/wp-content\/uploads\/sites\/3\/2014\/06\/estadio-belho-horizonte.jpg","type":"image\/jpeg"}],"author":"Euroresidentes","twitter_card":"summary_large_image","twitter_misc":{"Written by":"Euroresidentes","Est. reading time":"2 minutos"},"schema":{"@context":"https:\/\/schema.org","@graph":[{"@type":"WebPage","@id":"https:\/\/www.euroresidentes.com\/viajes\/viajar\/las-ciudades-del-mundial-de-brasil-1\/","url":"https:\/\/www.euroresidentes.com\/viajes\/viajar\/las-ciudades-del-mundial-de-brasil-1\/","name":"Las ciudades del Mundial de Brasil. 1: Belho Horizonte. - Viajar","isPartOf":{"@id":"https:\/\/www.euroresidentes.com\/viajes\/viajar\/#website"},"primaryImageOfPage":{"@id":"https:\/\/www.euroresidentes.com\/viajes\/viajar\/las-ciudades-del-mundial-de-brasil-1\/#primaryimage"},"image":{"@id":"https:\/\/www.euroresidentes.com\/viajes\/viajar\/las-ciudades-del-mundial-de-brasil-1\/#primaryimage"},"thumbnailUrl":"https:\/\/www.euroresidentes.com\/viajes\/viajar\/wp-content\/uploads\/sites\/3\/2014\/06\/estadio-belho-horizonte.jpg","datePublished":"2014-06-12T13:52:00+00:00","dateModified":"2016-09-12T13:00:46+00:00","author":{"@id":"https:\/\/www.euroresidentes.com\/viajes\/viajar\/#\/schema\/person\/4bbb21ebb04e241332a6c1c0c1f40bc1"},"breadcrumb":{"@id":"https:\/\/www.euroresidentes.com\/viajes\/viajar\/las-ciudades-del-mundial-de-brasil-1\/#breadcrumb"},"inLanguage":"es","potentialAction":[{"@type":"ReadAction","target":["https:\/\/www.euroresidentes.com\/viajes\/viajar\/las-ciudades-del-mundial-de-brasil-1\/"]}]},{"@type":"ImageObject","inLanguage":"es","@id":"https:\/\/www.euroresidentes.com\/viajes\/viajar\/las-ciudades-del-mundial-de-brasil-1\/#primaryimage","url":"https:\/\/www.euroresidentes.com\/viajes\/viajar\/wp-content\/uploads\/sites\/3\/2014\/06\/estadio-belho-horizonte.jpg","contentUrl":"https:\/\/www.euroresidentes.com\/viajes\/viajar\/wp-content\/uploads\/sites\/3\/2014\/06\/estadio-belho-horizonte.jpg","width":600,"height":450},{"@type":"BreadcrumbList","@id":"https:\/\/www.euroresidentes.com\/viajes\/viajar\/las-ciudades-del-mundial-de-brasil-1\/#breadcrumb","itemListElement":[{"@type":"ListItem","position":1,"name":"Portada","item":"https:\/\/www.euroresidentes.com\/viajes\/viajar\/"},{"@type":"ListItem","position":2,"name":"Las ciudades del Mundial de Brasil. 1: Belho Horizonte."}]},{"@type":"WebSite","@id":"https:\/\/www.euroresidentes.com\/viajes\/viajar\/#website","url":"https:\/\/www.euroresidentes.com\/viajes\/viajar\/","name":"Viajar","description":"Viajar Euroresidentes","potentialAction":[{"@type":"SearchAction","target":{"@type":"EntryPoint","urlTemplate":"https:\/\/www.euroresidentes.com\/viajes\/viajar\/?s={search_term_string}"},"query-input":{"@type":"PropertyValueSpecification","valueRequired":true,"valueName":"search_term_string"}}],"inLanguage":"es"},{"@type":"Person","@id":"https:\/\/www.euroresidentes.com\/viajes\/viajar\/#\/schema\/person\/4bbb21ebb04e241332a6c1c0c1f40bc1","name":"Euroresidentes","image":{"@type":"ImageObject","inLanguage":"es","@id":"https:\/\/www.euroresidentes.com\/viajes\/viajar\/#\/schema\/person\/image\/","url":"https:\/\/www.euroresidentes.com\/viajes\/viajar\/wp-content\/uploads\/sites\/3\/2016\/03\/logo-euroresidentes-150x150.jpg","contentUrl":"https:\/\/www.euroresidentes.com\/viajes\/viajar\/wp-content\/uploads\/sites\/3\/2016\/03\/logo-euroresidentes-150x150.jpg","caption":"Euroresidentes"},"description":"EuroresidentesContenidos \u00fatiles que ayudan a resolver las necesidades grandes y peque\u00f1as de al vida cotidiana.","sameAs":["https:\/\/www.euroresidentes.com\/info.htm"],"url":"https:\/\/www.euroresidentes.com\/viajes\/viajar\/author\/euroresidentes\/"}]}},"_links":{"self":[{"href":"https:\/\/www.euroresidentes.com\/viajes\/viajar\/wp-json\/wp\/v2\/posts\/1949","targetHints":{"allow":["GET"]}}],"collection":[{"href":"https:\/\/www.euroresidentes.com\/viajes\/viajar\/wp-json\/wp\/v2\/posts"}],"about":[{"href":"https:\/\/www.euroresidentes.com\/viajes\/viajar\/wp-json\/wp\/v2\/types\/post"}],"author":[{"embeddable":true,"href":"https:\/\/www.euroresidentes.com\/viajes\/viajar\/wp-json\/wp\/v2\/users\/1"}],"replies":[{"embeddable":true,"href":"https:\/\/www.euroresidentes.com\/viajes\/viajar\/wp-json\/wp\/v2\/comments?post=1949"}],"version-history":[{"count":1,"href":"https:\/\/www.euroresidentes.com\/viajes\/viajar\/wp-json\/wp\/v2\/posts\/1949\/revisions"}],"predecessor-version":[{"id":3048,"href":"https:\/\/www.euroresidentes.com\/viajes\/viajar\/wp-json\/wp\/v2\/posts\/1949\/revisions\/3048"}],"wp:featuredmedia":[{"embeddable":true,"href":"https:\/\/www.euroresidentes.com\/viajes\/viajar\/wp-json\/wp\/v2\/media\/3047"}],"wp:attachment":[{"href":"https:\/\/www.euroresidentes.com\/viajes\/viajar\/wp-json\/wp\/v2\/media?parent=1949"}],"wp:term":[{"taxonomy":"category","embeddable":true,"href":"https:\/\/www.euroresidentes.com\/viajes\/viajar\/wp-json\/wp\/v2\/categories?post=1949"},{"taxonomy":"post_tag","embeddable":true,"href":"https:\/\/www.euroresidentes.com\/viajes\/viajar\/wp-json\/wp\/v2\/tags?post=1949"}],"curies":[{"name":"wp","href":"https:\/\/api.w.org\/{rel}","templated":true}]}}