{"id":1857,"date":"2014-11-10T16:16:00","date_gmt":"2014-11-10T15:16:00","guid":{"rendered":"https:\/\/www.euroresidentes.com\/viajes\/viajar\/hacia-el-maestrazgo-y-el-mas-alla-que"},"modified":"2019-08-22T11:25:08","modified_gmt":"2019-08-22T09:25:08","slug":"hacia-el-maestrazgo-y-el-mas-alla-que","status":"publish","type":"post","link":"https:\/\/www.euroresidentes.com\/viajes\/viajar\/hacia-el-maestrazgo-y-el-mas-alla-que\/","title":{"rendered":"Hacia El Maestrazgo y el Mas All\u00e1, que tambi\u00e9n existe (I)"},"content":{"rendered":"<p>Cada vez que decido realizar un viaje, en uno de esos afortunados viaductos con<\/p>\n<p>que nos regala el almanaque, su preparaci\u00f3n suscita<\/p>\n<p> las im\u00e1genes, la memoria y la riqueza paisajista de los lugares a elegir. En este <\/p>\n<p>sentido, suelo preferir las de la monta\u00f1a valenciana y especialmente las del Maestrazgo <\/p>\n<p>y sus aleda\u00f1os, esos territorios a trasmano de todo cuya historia y gentes perviven en <\/p>\n<p>el fragmentado \u00e1mbito de las sierras ib\u00e9ricas que unen las provincias de <strong>Castell\u00f3n<\/strong> y <strong><\/p>\n<p>Teruel<\/strong>.<\/p>\n<p>Mis razones electivas se basan en mi aprecio y valoraci\u00f3n del estado actual <\/p>\n<p>del patrimonio edilicio y ambiental de las comarcas interiores de la regi\u00f3n a pesar de que la <\/p>\n<p>regresi\u00f3n poblacional y la pobreza de esas zonas es agud\u00edsimo y augura, de no ponerle coto, la <\/p>\n<p>desaparici\u00f3n de toda actividad econ\u00f3mica y residencial que no vaya m\u00e1s all\u00e1 del mero car\u00e1cter <\/p>\n<p>residual.<\/p>\n<h3>\nEl Maestrazgo un territorio excepcional<\/h3>\n<div>\n<\/div>\n<div class=\"separator\" style=\"clear: both; text-align: center;\">\n<a href=\"https:\/\/4.bp.blogspot.com\/-AueyWns5QGk\/VGNhIbxwB_I\/AAAAAAAABN4\/r-x4APn_Id8\/s1600\/maestrazgo_comarca.jpg\" imageanchor=\"1\" style=\"margin-left: 1em; margin-right: 1em;\"><img loading=\"lazy\" decoding=\"async\" border=\"0\" height=\"300\" src=\"https:\/\/www.euroresidentes.com\/viajes\/viajar\/wp-content\/uploads\/sites\/3\/2014\/11\/maestrazgo_comarca.jpg\" width=\"400\" \/><\/a><\/div>\n<div>\n<\/div>\n<p>\nY es, en efecto, verdad que los conjuntos edificados de la monta\u00f1a valenciana poseen <\/p>\n<p>una riqueza patrimonial de primer orden, adaptada al territorio en que se mantienen y que, en <\/p>\n<p>buena medida, conservan las trazas de tradiciones constructivas seculares. Adem\u00e1s, constituyen <\/p>\n<p>un sistema articulado de poblamiento, con un car\u00e1cter propio, en el que muchos de sus edificios <\/p>\n<p>mantienen su estructura original y sobre los que la ausencia de presi\u00f3n demogr\u00e1fica no ha hecho <\/p>\n<p>necesario procesos de sustituci\u00f3n ni alteraciones que impidan reconocer, en la actualidad, su <\/p>\n<p>funci\u00f3n, formas o usos originarios.<\/p>\n<p>La calidad constructiva, sus materiales y las formas de entender la arquitectura aportan <\/p>\n<p>un valor a\u00f1adido a un patrimonio en el que edificios p\u00fablicos, civiles o eclesi\u00e1sticos, los <\/p>\n<p>palaciales, as\u00ed como las meras viviendas o las instalaciones funcionales para las actividades <\/p>\n<p>econ\u00f3mica y defensiva, ofrecen un vasto cat\u00e1logo de excepcional belleza y singularidad que <\/p>\n<p>no deber\u00eda presentar, en una sociedad desarrollada, el aspecto decadente o el abandono que la <\/p>\n<p>ausencia de pol\u00edticas de regeneraci\u00f3n han provocado hasta ahora y cuya casu\u00edstica trasciende <\/p>\n<p>m\u00e1s all\u00e1 de los l\u00edmites de la <strong>Comunidad Valenciana<\/strong> y es af\u00edn a la que se observa en autonom\u00edas <\/p>\n<p>vecinas, con singulares grados de identidad en las provincias de su entorno.<\/p>\n<p>Son territorios poseedores de un patrimonio dormido que debe ponerse en valor para <\/p>\n<p>articular sistemas complementarios a los del espacio costero urbano y desarrollado que, a su <\/p>\n<p>vez, permiten la vida en la monta\u00f1a y ofrecen al viajero, al consumidor de ocio, al turista, o al <\/p>\n<p>habitante de la ciudad, el disfrute de un territorio ignorado, pleno de valores medioambientales y <\/p>\n<p>ecol\u00f3gicos; en el que sus hermosos pueblos y ciudades presentan, por encima de su abandonada <\/p>\n<p>faz actual, la expresi\u00f3n de una recuperada armon\u00eda, el sosiego y el silencio de los lugares <\/p>\n<p>recoletos. En suma, la perduraci\u00f3n secular de un modelo de asentamiento con una impronta <\/p>\n<p>com\u00fan que se caracteriza por una neta localizaci\u00f3n topogr\u00e1fica asentada, normalmente, en <\/p>\n<p>niveles abruptos o espolones de dif\u00edcil acceso, coronados por colosales relieves calizos, las <\/p>\n<p>llamadas Muelas y defendidos por profundas barrancadas sobre las que hierguen murallas, o <\/p>\n<p>lienzos de casas-muro que cierran los conjuntos, a los que se penetra muchas veces, tan s\u00f3lo por <\/p>\n<p>portillos o puertas en excelente estado de conservaci\u00f3n.<\/p>\n<h3>\nLos pueblos y las comarcas del Maestrazgo<\/h3>\n<div>\n<\/div>\n<div>\n<\/div>\n<div class=\"separator\" style=\"clear: both; text-align: center;\">\n<a href=\"https:\/\/www.euroresidentes.com\/viajes\/viajar\/wp-content\/uploads\/sites\/3\/2014\/11\/Benafigos.jpg\" imageanchor=\"1\" style=\"margin-left: 1em; margin-right: 1em;\"><img loading=\"lazy\" decoding=\"async\" border=\"0\" src=\"https:\/\/www.euroresidentes.com\/viajes\/viajar\/wp-content\/uploads\/sites\/3\/2014\/11\/Benafigos.jpg\" height=\"278\" width=\"400\" \/><\/a><\/div>\n<div class=\"separator\" style=\"clear: both; text-align: center;\">\n<\/div>\n<p>\nSu enumeraci\u00f3n ser\u00eda prolija, pero de entre todos merece destacarse, sin ning\u00fan g\u00e9nero <\/p>\n<p>de dudas, <strong>Morella<\/strong>, dada su excepcional y arrogante posici\u00f3n. Pero tanto la <strong>Comarca de Els <\/p>\n<p>Ports<\/strong>, como el <strong>Alto<\/strong> y <strong>Bajo Maestrazgo<\/strong>, con <strong>Culla<\/strong>, <strong>Cat\u00ed<\/strong> o <strong>San Mateo<\/strong>, o como el <strong>Alto Mijares<\/strong> o <\/p>\n<p>el <strong>Alto Palancia,<\/strong> con <strong>J\u00e9rica<\/strong> y <strong>Segorbe<\/strong>, y como en el Alcalat\u00e9n o los Serranos, existen tambi\u00e9n <\/p>\n<p>lugares de similares caracter\u00edsticas y valor. Si la separaci\u00f3n entre el n\u00facleo y los campos <\/p>\n<p>circundantes es clara; a veces, \u00e9sta se acent\u00faa m\u00e1s al erigirse los pueblos como el \u00fanico vestigio <\/p>\n<p>humano en medio de la naturaleza vegetal o rocosa del entorno. Tal es el caso de la <strong>Tinen\u00e7a de <\/p>\n<p>Benifass\u00e1<\/strong>.<\/p>\n<p>Adem\u00e1s de esta caracter\u00edstica diferenciaci\u00f3n entre el medio y los pueblos, otra nota <\/p>\n<p>de identidad define la organizaci\u00f3n del espacio construido. El interior de los n\u00facleos presenta <\/p>\n<p>grados de complejidad y organizaci\u00f3n que var\u00edan seg\u00fan su antig\u00fcedad y sus etapas expansivas. <\/p>\n<p>Quedan conformadas, de esta manera, unas poblaciones en las que es posible identificar los <\/p>\n<p>primitivos lotes de parcelaci\u00f3n g\u00f3tica y muchos de sus edificios originales, m\u00e1s o menos <\/p>\n<p>reformados. La existencia de arrabales o morer\u00edas es, asimismo, atestiguada por la morfolog\u00eda <\/p>\n<p>urbana, que delata su composici\u00f3n caracter\u00edstica. A su vez, las etapas sucesivas del crecimiento <\/p>\n<p>urbano generar\u00e1n parcelaciones sim\u00e9tricas, entre calles paralelas, de mayor amplitud que las <\/p>\n<p>anteriores, en las que resulta palmaria la preocupaci\u00f3n higienista.<\/p>\n<h3>\nExcepcionalidad arquitect\u00f3nica de algunos edificios<\/h3>\n<div>\n<\/div>\n<div>\n<\/div>\n<div class=\"separator\" style=\"clear: both; text-align: center;\">\n<a href=\"https:\/\/www.euroresidentes.com\/viajes\/viajar\/wp-content\/uploads\/sites\/3\/2014\/11\/morella.jpg\" imageanchor=\"1\" style=\"margin-left: 1em; margin-right: 1em;\"><img loading=\"lazy\" decoding=\"async\" border=\"0\" src=\"https:\/\/www.euroresidentes.com\/viajes\/viajar\/wp-content\/uploads\/sites\/3\/2014\/11\/morella.jpg\" height=\"277\" width=\"400\" \/><\/a><\/div>\n<div>\n<\/div>\n<p>\nPero no es \u00fanicamente la traza de los espacios p\u00fablicos lo que merece un destacado lugar <\/p>\n<p>en la composici\u00f3n de estos municipios; ser\u00e1 necesario aludir, tambi\u00e9n, a la excepcionalidad <\/p>\n<p>arquitect\u00f3nica de ciertos edificios: Castillo e Iglesia Arciprestal de Santa Mar\u00eda en <strong>Morella<\/strong>, <\/p>\n<p>Catedral de <strong>Segorbe<\/strong>, Torre mud\u00e9jar de <strong>J\u00e9rica<\/strong>, Iglesia de <strong>San Mateo<\/strong>, murallas de Benassal <\/p>\n<p>y <strong>Culla<\/strong>, el castillo y la parroquial de <strong>Ares<\/strong> &#8230; permiten identificar el homog\u00e9neo car\u00e1cter <\/p>\n<p>estil\u00edstico de la mayor parte de estas agrupaciones.<\/p>\n<p>A pesar de que se hayan producido algunas intervenciones de dudoso gusto y que en la <\/p>\n<p>renovaci\u00f3n se incurra en la moda del revival, es importante destacar que no se ha roto, por lo <\/p>\n<p>general, la volumetr\u00eda tradicional y que las viviendas mantienen sus direcciones, perspectivas y <em><\/p>\n<p>skylines<\/em>, conformes con la tradici\u00f3n. La construcci\u00f3n, con mamposter\u00eda o sillares, de indudable <\/p>\n<p>antecedente g\u00f3tico en muchos casos, se mantiene vigente en edificios en los que perduran los <\/p>\n<p>caracter\u00edsticos modelos constructivos de puertas, ventanas, balcones y aleros de madera, <\/p>\n<p>voladizos, balconadas y porches.<\/p>\n<h3>\nCasonas y Palacios<\/h3>\n<div>\n<\/div>\n<div>\n<\/div>\n<div class=\"separator\" style=\"clear: both; text-align: center;\">\n<a href=\"https:\/\/www.euroresidentes.com\/viajes\/viajar\/wp-content\/uploads\/sites\/3\/2014\/11\/cantavieja_1.jpg\" imageanchor=\"1\" style=\"margin-left: 1em; margin-right: 1em;\"><img loading=\"lazy\" decoding=\"async\" border=\"0\" src=\"https:\/\/www.euroresidentes.com\/viajes\/viajar\/wp-content\/uploads\/sites\/3\/2014\/11\/cantavieja_1.jpg\" height=\"300\" width=\"400\" \/><\/a><\/div>\n<p><\/p>\n<div class=\"separator\" style=\"clear: both; text-align: center;\">\n<a href=\"https:\/\/www.euroresidentes.com\/viajes\/viajar\/wp-content\/uploads\/sites\/3\/2014\/11\/Forcall.jpg\" imageanchor=\"1\" style=\"margin-left: 1em; margin-right: 1em;\"><img loading=\"lazy\" decoding=\"async\" border=\"0\" src=\"https:\/\/www.euroresidentes.com\/viajes\/viajar\/wp-content\/uploads\/sites\/3\/2014\/11\/Forcall.jpg\" height=\"300\" width=\"400\" \/><\/a><\/div>\n<div>\n<\/div>\n<div>\n<\/div>\n<p>\nAdem\u00e1s de los inmuebles para viviendas no faltan excepcionales casonas y palacios. <\/p>\n<p>Tambi\u00e9n son frecuentes las lonjas de solemnes arquer\u00edas, como la de la Lana de <strong>Olocau<\/strong> o la de <strong><\/p>\n<p>Cat\u00ed<\/strong>; hornos g\u00f3ticos como los de <strong>Olocau<\/strong> y <strong>Forcall<\/strong>; cofrad\u00edas de primitivas asociaciones como <\/p>\n<p>las de <strong>Castellfort<\/strong> y <strong>Zorita<\/strong>; conventos de grandes proporciones; hospitales; antiguos estudios, <\/p>\n<p>como los de <strong>Segorbe<\/strong> y <strong>Morella<\/strong>, y monumentales iglesias de amplia variedad estil\u00edstica. Todo <\/p>\n<p>este enorme patrimonio urbano se alza sobre viarios, de caracter\u00edstico empedrado, en los que se <\/p>\n<p>construyeron fuentes o lavaderos para el servicio de las poblaciones, como los de <strong>Cat\u00ed, Morella, <\/p>\n<p>Segorbe, Viver<\/strong> o <strong>J\u00e9rica<\/strong>.<\/p>\n<h3>\nPuente g\u00f3ticos, acueductos, ermitas, santuarios&#8230;.<\/h3>\n<div>\n<\/div>\n<div>\n<\/div>\n<div class=\"separator\" style=\"clear: both; text-align: center;\">\n<a href=\"https:\/\/www.euroresidentes.com\/viajes\/viajar\/wp-content\/uploads\/sites\/3\/2014\/11\/La_Todolella.jpg\" imageanchor=\"1\" style=\"margin-left: 1em; margin-right: 1em;\"><img loading=\"lazy\" decoding=\"async\" border=\"0\" src=\"https:\/\/www.euroresidentes.com\/viajes\/viajar\/wp-content\/uploads\/sites\/3\/2014\/11\/La_Todolella.jpg\" height=\"300\" width=\"400\" \/><\/a><\/div>\n<p><\/p>\n<div class=\"separator\" style=\"clear: both; text-align: center;\">\n<a href=\"https:\/\/www.euroresidentes.com\/viajes\/viajar\/wp-content\/uploads\/sites\/3\/2014\/11\/Vilafranca.jpg\" imageanchor=\"1\" style=\"margin-left: 1em; margin-right: 1em;\"><img loading=\"lazy\" decoding=\"async\" border=\"0\" src=\"https:\/\/www.euroresidentes.com\/viajes\/viajar\/wp-content\/uploads\/sites\/3\/2014\/11\/Vilafranca.jpg\" height=\"300\" width=\"400\" \/><\/a><\/div>\n<div>\n<\/div>\n<div class=\"separator\" style=\"clear: both; text-align: center;\">\n<a href=\"https:\/\/www.euroresidentes.com\/viajes\/viajar\/wp-content\/uploads\/sites\/3\/2014\/11\/Lonja_de_Ares.jpg\" imageanchor=\"1\" style=\"margin-left: 1em; margin-right: 1em;\"><img loading=\"lazy\" decoding=\"async\" border=\"0\" src=\"https:\/\/www.euroresidentes.com\/viajes\/viajar\/wp-content\/uploads\/sites\/3\/2014\/11\/Lonja_de_Ares.jpg\" height=\"300\" width=\"400\" \/><\/a><\/div>\n<div>\n<\/div>\n<p>\nFuera de las ciudades, en las v\u00edas de acceso, son dignos de menci\u00f3n, tambi\u00e9n, puentes <\/p>\n<p>g\u00f3ticos y de \u00e9poca posterior, como el de <strong>Olocau, Todolella<\/strong> y <strong>Vilafranca<\/strong>; acueductos como los <\/p>\n<p>de <strong>Beg\u00eds, Segorbe, Chelva<\/strong> o <strong>Morella<\/strong>; ermitas de enorme significado local desde el siglo XIII, <\/p>\n<p>o excepcionales santuarios comarcales como los de San Pedro, Santa Mar\u00eda y Virgen de la <\/p>\n<p>Fuente en <strong>Castellfort<\/strong>, el de San Cristobal , en <strong>La Todolella<\/strong> , el de <strong>Vallivana<\/strong> o el de la Balma, <\/p>\n<p>en <strong>Zorita<\/strong>, cargados de gran sentido simb\u00f3lico y constructivo, y todos ellos en un territorio en el <\/p>\n<p>que la impronta de la religiosidad se afirma en innumerables calvarios, humilladeros y cruces de <\/p>\n<p>t\u00e9rmino de excepcional belleza, como las de <strong>Morella, La Mata, Cinctorres<\/strong> o <strong>Zorita<\/strong>.<\/p>\n<h3>\nEl terrazgo agr\u00edcola<\/h3>\n<div>\n<\/div>\n<div>\n<\/div>\n<div class=\"separator\" style=\"clear: both; text-align: center;\">\n<a href=\"https:\/\/www.euroresidentes.com\/viajes\/viajar\/wp-content\/uploads\/sites\/3\/2014\/11\/Culla.jpg\" imageanchor=\"1\" style=\"margin-left: 1em; margin-right: 1em;\"><img loading=\"lazy\" decoding=\"async\" border=\"0\" src=\"https:\/\/www.euroresidentes.com\/viajes\/viajar\/wp-content\/uploads\/sites\/3\/2014\/11\/Culla.jpg\" height=\"300\" width=\"400\" \/><\/a><\/div>\n<div class=\"separator\" style=\"clear: both; text-align: center;\">\n<\/div>\n<div class=\"separator\" style=\"clear: both; text-align: center;\">\n<a href=\"https:\/\/www.euroresidentes.com\/viajes\/viajar\/wp-content\/uploads\/sites\/3\/2014\/11\/La_Tinensa.jpg\" imageanchor=\"1\" style=\"margin-left: 1em; margin-right: 1em;\"><img loading=\"lazy\" decoding=\"async\" border=\"0\" src=\"https:\/\/www.euroresidentes.com\/viajes\/viajar\/wp-content\/uploads\/sites\/3\/2014\/11\/La_Tinensa.jpg\" height=\"300\" width=\"400\" \/><\/a><\/div>\n<div class=\"separator\" style=\"clear: both; text-align: center;\">\n<\/div>\n<div>\n<\/div>\n<p>\nPor otra parte, el terrazgo agr\u00edcola conserva, asimismo, innumerables vestigios, dignos <\/p>\n<p>de consideraci\u00f3n etnol\u00f3gica, del pasado agrario de la zona. Norias y antiguos sistemas de <\/p>\n<p>conducci\u00f3n de agua, en <strong>Atzeneta<\/strong> o en <strong>La Tinen\u00e7a<\/strong>; ca\u00f1adas y azagadores, como el de <strong>Cinctorres<\/strong> <\/p>\n<p>y el de <strong>Vilafranca<\/strong>, para el trasiego del ganado; rediles, cucos, chamizos y refugios y, sobre todo, <\/p>\n<p>un inmenso sistema de terrazas que expresa el denodado esfuerzo de una sociedad campesina <\/p>\n<p>y ganadera de la que nos hablan los innumerables vestigios de mas\u00edas abandonadas en los m\u00e1s <\/p>\n<p>rec\u00f3nditos e inaccesibles lugares del territorio.<\/p>\n<p>Concluir\u00e9 la relaci\u00f3n con la menci\u00f3n de los antiguos molinos que aprovechaban la <\/p>\n<p>energ\u00eda hidr\u00e1ulica para batanear la lana o moler el grano. Son el antecedente de las primitivas <\/p>\n<p>f\u00e1bricas textiles de la regi\u00f3n, de las que la de Palos, en <strong>Forcall<\/strong>, Vil\u00e1, en <strong>Zorita<\/strong> y, sobre todo, <\/p>\n<p>la de Giner, en <strong>Morella<\/strong>, expresan los intentos de esta vieja sociedad para no quedar fuera de la <\/p>\n<p>industrializaci\u00f3n.<\/p>\n<p>Resulta evidente que esta apresurada y prieta presentaci\u00f3n del inter\u00e9s global que pueda <\/p>\n<p>suscitar el viaje al <strong>Maestrazgo<\/strong> requerir\u00eda una cierta selecci\u00f3n de temas e itinerarios. Dadas <\/p>\n<p>las dimensiones territoriales, la abundancia de poblaciones, la eficacia de la red viaria o <\/p>\n<p>las preferencias de cada cual, podr\u00edan escoger o intercambiar rutas de Naturaleza con rutas <\/p>\n<p>paleontol\u00f3gicas, u otras que incluyan visitas gastron\u00f3micas y compras.<\/p>\n<h3>\nPintura rupestre mediterr\u00e1nea <\/h3>\n<div>\n<\/div>\n<div>\n<\/div>\n<div class=\"separator\" style=\"clear: both; text-align: center;\">\n<a href=\"https:\/\/www.euroresidentes.com\/viajes\/viajar\/wp-content\/uploads\/sites\/3\/2014\/11\/Pintura_rupestre_Gasulla.jpg\" imageanchor=\"1\" style=\"margin-left: 1em; margin-right: 1em;\"><img loading=\"lazy\" decoding=\"async\" border=\"0\" src=\"https:\/\/www.euroresidentes.com\/viajes\/viajar\/wp-content\/uploads\/sites\/3\/2014\/11\/Pintura_rupestre_Gasulla.jpg\" height=\"300\" width=\"400\" \/><\/a><\/div>\n<p><\/p>\n<div class=\"separator\" style=\"clear: both; text-align: center;\">\n<a href=\"https:\/\/www.euroresidentes.com\/viajes\/viajar\/wp-content\/uploads\/sites\/3\/2014\/11\/Pintura_rupestre_Gasulla_1.jpg\" imageanchor=\"1\" style=\"margin-left: 1em; margin-right: 1em;\"><img loading=\"lazy\" decoding=\"async\" border=\"0\" src=\"https:\/\/www.euroresidentes.com\/viajes\/viajar\/wp-content\/uploads\/sites\/3\/2014\/11\/Pintura_rupestre_Gasulla_1.jpg\" height=\"300\" width=\"400\" \/><\/a><\/div>\n<div>\n<\/div>\n<p>\nA mi entender ser\u00eda muy estimulante, como inicio de sucesivos encuentros con estas <\/p>\n<p>tierras, recorrer alguna de las numerosas estaciones del important\u00edsimo Patrimonio Cultural <\/p>\n<p>de la Humanidad que comporta la pintura rupestre mediterr\u00e1nea y que afortunadamente a\u00fan <\/p>\n<p>perdura en los abrigos del Barranco de la Valltorta, entre <strong>Albocacer<\/strong> y <strong>Tirig<\/strong> (a los que se <\/p>\n<p>puede solicitar visita guiada) o, acerc\u00e1ndose a <strong>Ares,<\/strong> el abrigo de La Viuda, en el barranco <\/p>\n<p>de la Gasulla (acompa\u00f1an la visita desde la <strong>Venta de la Montalbana<\/strong>). Hay otros muchos <\/p>\n<p>yacimientos, pero la facilidad de acceso me inclina a estos, que nos pueden mostrar una enorme <\/p>\n<p>cantidad de signos de la civilizaci\u00f3n mas antigua que aqu\u00ed habit\u00f3 actuando como cazadores, <\/p>\n<p>pastores y oteadores del mar desde sus atalayas monta\u00f1osas.<\/p>\n<h3>\nPor Ares, Vilafranca e Iglesuela<\/h3>\n<div>\n<\/div>\n<div>\n<\/div>\n<div class=\"separator\" style=\"clear: both; text-align: center;\">\n<a href=\"https:\/\/www.euroresidentes.com\/viajes\/viajar\/wp-content\/uploads\/sites\/3\/2014\/11\/Benasal.jpg\" imageanchor=\"1\" style=\"margin-left: 1em; margin-right: 1em;\"><img loading=\"lazy\" decoding=\"async\" border=\"0\" src=\"https:\/\/www.euroresidentes.com\/viajes\/viajar\/wp-content\/uploads\/sites\/3\/2014\/11\/Benasal.jpg\" height=\"300\" width=\"400\" \/><\/a><\/div>\n<p><\/p>\n<div class=\"separator\" style=\"clear: both; text-align: center;\">\n<a href=\"https:\/\/www.euroresidentes.com\/viajes\/viajar\/wp-content\/uploads\/sites\/3\/2014\/11\/Cati.jpg\" imageanchor=\"1\" style=\"margin-left: 1em; margin-right: 1em;\"><img loading=\"lazy\" decoding=\"async\" border=\"0\" src=\"https:\/\/www.euroresidentes.com\/viajes\/viajar\/wp-content\/uploads\/sites\/3\/2014\/11\/Cati.jpg\" height=\"300\" width=\"400\" \/><\/a><\/div>\n<div>\n<\/div>\n<p>\n<strong>Ares<\/strong> y su poderosa Muela dominante nos permite el recorrido por uno de los <\/p>\n<p>microtesoros locales y a la que en el siglo XVIII se refer\u00eda el bot\u00e1nico Cavanilles situ\u00e1ndola <\/p>\n<p>sobre \u201dbarrancos de angustia\u201d. La sagacidad y constancia de algunos, dedicados a la b\u00fasqueda <\/p>\n<p>de la trufa negra ha permitido la mejora de la renta local, de este id\u00edlico lugar ,el primero <\/p>\n<p>del reino conquistado por el amado Rey Jaime I, del que se conserva ayuntamiento, c\u00e1rcel y <\/p>\n<p>lonja. Despu\u00e9s de atravesar <strong>Vilafranca<\/strong>, a la que otro d\u00eda visitaremos y dedicaremos merecido <\/p>\n<p>tiempo, nos acercaremos a <strong>Iglesuela<\/strong> donde se puede optar por una magn\u00edfica y excepcional <\/p>\n<p>cocina tradicional (y reparadora) y disfrutar de un maravilloso y sensato paseo entre casas de <\/p>\n<p>inmenso fuste (si no hay suelta de toros) oyendo el traqueteo de antiguos telares artesanales y si <\/p>\n<p>la hora o la reserva lo permite disfrutar del alojamiento en flamante hotel. Los amantes del cine y <\/p>\n<p>de Faye Dunoway recordaran un film rodado por ella aqu\u00ed en una de las infinitas construcciones <\/p>\n<p>de piedra seca, de propiedad municipal y laso uso lit\u00fargico y romero, existentes en su campo y <\/p>\n<p>que son objeto de protecci\u00f3n por la UNESCO, y en la que evocaba un sucedido sentimental de <\/p>\n<p>su pasado. Pero conocido el hecho, fue impedido el rodaje por la autoridad episcopal. \u00bfSe habr\u00e1 <\/p>\n<p>inmatriculado la ermita?<\/p>\n<div class=\"separator\" style=\"clear: both; text-align: center;\">\n<a href=\"https:\/\/www.euroresidentes.com\/viajes\/viajar\/wp-content\/uploads\/sites\/3\/2014\/11\/Cuco_Vilafranca.jpg\" imageanchor=\"1\" style=\"margin-left: 1em; margin-right: 1em;\"><img loading=\"lazy\" decoding=\"async\" border=\"0\" src=\"https:\/\/www.euroresidentes.com\/viajes\/viajar\/wp-content\/uploads\/sites\/3\/2014\/11\/Cuco_Vilafranca.jpg\" height=\"300\" width=\"400\" \/><\/a><\/div>\n<p><\/p>\n<div class=\"separator\" style=\"clear: both; text-align: center;\">\n<a href=\"https:\/\/www.euroresidentes.com\/viajes\/viajar\/wp-content\/uploads\/sites\/3\/2014\/11\/muralla_benasal.jpg\" imageanchor=\"1\" style=\"margin-left: 1em; margin-right: 1em;\"><img loading=\"lazy\" decoding=\"async\" border=\"0\" src=\"https:\/\/www.euroresidentes.com\/viajes\/viajar\/wp-content\/uploads\/sites\/3\/2014\/11\/muralla_benasal.jpg\" height=\"300\" width=\"400\" \/><\/a><\/div>\n<p>Con la duda a cuestas proseguimos la ruta hacia la impar <strong>Cantavieja<\/strong>, pero la hora, la ca\u00edda <\/p>\n<p>de la noche y el radiante atractivo de <strong>Morella<\/strong> cambian la intenci\u00f3n del viajero y conduce nuestro <\/p>\n<p>veh\u00edculo hacia la multicoronada testa de la enhiesta <strong>Morella<\/strong>.<\/p>\n<p><\/p>\n","protected":false},"excerpt":{"rendered":"<p>Cada vez que decido realizar un viaje, en uno de esos afortunados viaductos con que nos regala el almanaque, su preparaci\u00f3n suscita las im\u00e1genes, la memoria y la riqueza paisajista de los lugares a elegir. En este sentido, suelo preferir las de la monta\u00f1a valenciana y especialmente las del Maestrazgo y sus aleda\u00f1os, esos territorios a trasmano de todo cuya historia y gentes perviven en el fragmentado \u00e1mbito de las sierras ib\u00e9ricas que unen las provincias de Castell\u00f3n y Teruel. Mis razones electivas se basan en mi aprecio y valoraci\u00f3n del estado actual del patrimonio edilicio y ambiental de las <\/p>\n","protected":false},"author":1,"featured_media":1860,"comment_status":"open","ping_status":"open","sticky":false,"template":"","format":"standard","meta":{"footnotes":""},"categories":[107],"tags":[],"class_list":["post-1857","post","type-post","status-publish","format-standard","has-post-thumbnail","hentry","category-espana","has_thumb"],"yoast_head":"<!-- This site is optimized with the Yoast SEO plugin v24.1 - https:\/\/yoast.com\/wordpress\/plugins\/seo\/ -->\n<title>Hacia El Maestrazgo y el Mas All\u00e1, que tambi\u00e9n existe (I) - Viajar<\/title>\n<meta name=\"robots\" content=\"index, follow, max-snippet:-1, max-image-preview:large, max-video-preview:-1\" \/>\n<link rel=\"canonical\" href=\"https:\/\/www.euroresidentes.com\/viajes\/viajar\/hacia-el-maestrazgo-y-el-mas-alla-que\/\" \/>\n<meta property=\"og:locale\" content=\"es_ES\" \/>\n<meta property=\"og:type\" content=\"article\" \/>\n<meta property=\"og:title\" content=\"Hacia El Maestrazgo y el Mas All\u00e1, que tambi\u00e9n existe (I) - Viajar\" \/>\n<meta property=\"og:description\" content=\"Cada vez que decido realizar un viaje, en uno de esos afortunados viaductos con que nos regala el almanaque, su preparaci\u00f3n suscita las im\u00e1genes, la memoria y la riqueza paisajista de los lugares a elegir. En este sentido, suelo preferir las de la monta\u00f1a valenciana y especialmente las del Maestrazgo y sus aleda\u00f1os, esos territorios a trasmano de todo cuya historia y gentes perviven en el fragmentado \u00e1mbito de las sierras ib\u00e9ricas que unen las provincias de Castell\u00f3n y Teruel. Mis razones electivas se basan en mi aprecio y valoraci\u00f3n del estado actual del patrimonio edilicio y ambiental de las\" \/>\n<meta property=\"og:url\" content=\"https:\/\/www.euroresidentes.com\/viajes\/viajar\/hacia-el-maestrazgo-y-el-mas-alla-que\/\" \/>\n<meta property=\"og:site_name\" content=\"Viajar\" \/>\n<meta property=\"article:publisher\" content=\"https:\/\/www.facebook.com\/euroresidentes\/\" \/>\n<meta property=\"article:published_time\" content=\"2014-11-10T15:16:00+00:00\" \/>\n<meta property=\"article:modified_time\" content=\"2019-08-22T09:25:08+00:00\" \/>\n<meta property=\"og:image\" content=\"https:\/\/www.euroresidentes.com\/viajes\/viajar\/wp-content\/uploads\/sites\/3\/2014\/11\/maestrazgo_comarca.jpg\" \/>\n\t<meta property=\"og:image:width\" content=\"400\" \/>\n\t<meta property=\"og:image:height\" content=\"300\" \/>\n\t<meta property=\"og:image:type\" content=\"image\/jpeg\" \/>\n<meta name=\"author\" content=\"Euroresidentes\" \/>\n<meta name=\"twitter:card\" content=\"summary_large_image\" \/>\n<meta name=\"twitter:label1\" content=\"Written by\" \/>\n\t<meta name=\"twitter:data1\" content=\"Euroresidentes\" \/>\n\t<meta name=\"twitter:label2\" content=\"Est. reading time\" \/>\n\t<meta name=\"twitter:data2\" content=\"10 minutos\" \/>\n<script type=\"application\/ld+json\" class=\"yoast-schema-graph\">{\"@context\":\"https:\/\/schema.org\",\"@graph\":[{\"@type\":\"WebPage\",\"@id\":\"https:\/\/www.euroresidentes.com\/viajes\/viajar\/hacia-el-maestrazgo-y-el-mas-alla-que\/\",\"url\":\"https:\/\/www.euroresidentes.com\/viajes\/viajar\/hacia-el-maestrazgo-y-el-mas-alla-que\/\",\"name\":\"Hacia El Maestrazgo y el Mas All\u00e1, que tambi\u00e9n existe (I) - Viajar\",\"isPartOf\":{\"@id\":\"https:\/\/www.euroresidentes.com\/viajes\/viajar\/#website\"},\"primaryImageOfPage\":{\"@id\":\"https:\/\/www.euroresidentes.com\/viajes\/viajar\/hacia-el-maestrazgo-y-el-mas-alla-que\/#primaryimage\"},\"image\":{\"@id\":\"https:\/\/www.euroresidentes.com\/viajes\/viajar\/hacia-el-maestrazgo-y-el-mas-alla-que\/#primaryimage\"},\"thumbnailUrl\":\"https:\/\/www.euroresidentes.com\/viajes\/viajar\/wp-content\/uploads\/sites\/3\/2014\/11\/maestrazgo_comarca.jpg\",\"datePublished\":\"2014-11-10T15:16:00+00:00\",\"dateModified\":\"2019-08-22T09:25:08+00:00\",\"author\":{\"@id\":\"https:\/\/www.euroresidentes.com\/viajes\/viajar\/#\/schema\/person\/4bbb21ebb04e241332a6c1c0c1f40bc1\"},\"breadcrumb\":{\"@id\":\"https:\/\/www.euroresidentes.com\/viajes\/viajar\/hacia-el-maestrazgo-y-el-mas-alla-que\/#breadcrumb\"},\"inLanguage\":\"es\",\"potentialAction\":[{\"@type\":\"ReadAction\",\"target\":[\"https:\/\/www.euroresidentes.com\/viajes\/viajar\/hacia-el-maestrazgo-y-el-mas-alla-que\/\"]}]},{\"@type\":\"ImageObject\",\"inLanguage\":\"es\",\"@id\":\"https:\/\/www.euroresidentes.com\/viajes\/viajar\/hacia-el-maestrazgo-y-el-mas-alla-que\/#primaryimage\",\"url\":\"https:\/\/www.euroresidentes.com\/viajes\/viajar\/wp-content\/uploads\/sites\/3\/2014\/11\/maestrazgo_comarca.jpg\",\"contentUrl\":\"https:\/\/www.euroresidentes.com\/viajes\/viajar\/wp-content\/uploads\/sites\/3\/2014\/11\/maestrazgo_comarca.jpg\",\"width\":400,\"height\":300},{\"@type\":\"BreadcrumbList\",\"@id\":\"https:\/\/www.euroresidentes.com\/viajes\/viajar\/hacia-el-maestrazgo-y-el-mas-alla-que\/#breadcrumb\",\"itemListElement\":[{\"@type\":\"ListItem\",\"position\":1,\"name\":\"Portada\",\"item\":\"https:\/\/www.euroresidentes.com\/viajes\/viajar\/\"},{\"@type\":\"ListItem\",\"position\":2,\"name\":\"Hacia El Maestrazgo y el Mas All\u00e1, que tambi\u00e9n existe (I)\"}]},{\"@type\":\"WebSite\",\"@id\":\"https:\/\/www.euroresidentes.com\/viajes\/viajar\/#website\",\"url\":\"https:\/\/www.euroresidentes.com\/viajes\/viajar\/\",\"name\":\"Viajar\",\"description\":\"Viajar Euroresidentes\",\"potentialAction\":[{\"@type\":\"SearchAction\",\"target\":{\"@type\":\"EntryPoint\",\"urlTemplate\":\"https:\/\/www.euroresidentes.com\/viajes\/viajar\/?s={search_term_string}\"},\"query-input\":{\"@type\":\"PropertyValueSpecification\",\"valueRequired\":true,\"valueName\":\"search_term_string\"}}],\"inLanguage\":\"es\"},{\"@type\":\"Person\",\"@id\":\"https:\/\/www.euroresidentes.com\/viajes\/viajar\/#\/schema\/person\/4bbb21ebb04e241332a6c1c0c1f40bc1\",\"name\":\"Euroresidentes\",\"image\":{\"@type\":\"ImageObject\",\"inLanguage\":\"es\",\"@id\":\"https:\/\/www.euroresidentes.com\/viajes\/viajar\/#\/schema\/person\/image\/\",\"url\":\"https:\/\/www.euroresidentes.com\/viajes\/viajar\/wp-content\/uploads\/sites\/3\/2016\/03\/logo-euroresidentes-150x150.jpg\",\"contentUrl\":\"https:\/\/www.euroresidentes.com\/viajes\/viajar\/wp-content\/uploads\/sites\/3\/2016\/03\/logo-euroresidentes-150x150.jpg\",\"caption\":\"Euroresidentes\"},\"description\":\"EuroresidentesContenidos \u00fatiles que ayudan a resolver las necesidades grandes y peque\u00f1as de al vida cotidiana.\",\"sameAs\":[\"https:\/\/www.euroresidentes.com\/info.htm\"],\"url\":\"https:\/\/www.euroresidentes.com\/viajes\/viajar\/author\/euroresidentes\/\"}]}<\/script>\n<!-- \/ Yoast SEO plugin. -->","yoast_head_json":{"title":"Hacia El Maestrazgo y el Mas All\u00e1, que tambi\u00e9n existe (I) - Viajar","robots":{"index":"index","follow":"follow","max-snippet":"max-snippet:-1","max-image-preview":"max-image-preview:large","max-video-preview":"max-video-preview:-1"},"canonical":"https:\/\/www.euroresidentes.com\/viajes\/viajar\/hacia-el-maestrazgo-y-el-mas-alla-que\/","og_locale":"es_ES","og_type":"article","og_title":"Hacia El Maestrazgo y el Mas All\u00e1, que tambi\u00e9n existe (I) - Viajar","og_description":"Cada vez que decido realizar un viaje, en uno de esos afortunados viaductos con que nos regala el almanaque, su preparaci\u00f3n suscita las im\u00e1genes, la memoria y la riqueza paisajista de los lugares a elegir. En este sentido, suelo preferir las de la monta\u00f1a valenciana y especialmente las del Maestrazgo y sus aleda\u00f1os, esos territorios a trasmano de todo cuya historia y gentes perviven en el fragmentado \u00e1mbito de las sierras ib\u00e9ricas que unen las provincias de Castell\u00f3n y Teruel. Mis razones electivas se basan en mi aprecio y valoraci\u00f3n del estado actual del patrimonio edilicio y ambiental de las","og_url":"https:\/\/www.euroresidentes.com\/viajes\/viajar\/hacia-el-maestrazgo-y-el-mas-alla-que\/","og_site_name":"Viajar","article_publisher":"https:\/\/www.facebook.com\/euroresidentes\/","article_published_time":"2014-11-10T15:16:00+00:00","article_modified_time":"2019-08-22T09:25:08+00:00","og_image":[{"width":400,"height":300,"url":"https:\/\/www.euroresidentes.com\/viajes\/viajar\/wp-content\/uploads\/sites\/3\/2014\/11\/maestrazgo_comarca.jpg","type":"image\/jpeg"}],"author":"Euroresidentes","twitter_card":"summary_large_image","twitter_misc":{"Written by":"Euroresidentes","Est. reading time":"10 minutos"},"schema":{"@context":"https:\/\/schema.org","@graph":[{"@type":"WebPage","@id":"https:\/\/www.euroresidentes.com\/viajes\/viajar\/hacia-el-maestrazgo-y-el-mas-alla-que\/","url":"https:\/\/www.euroresidentes.com\/viajes\/viajar\/hacia-el-maestrazgo-y-el-mas-alla-que\/","name":"Hacia El Maestrazgo y el Mas All\u00e1, que tambi\u00e9n existe (I) - Viajar","isPartOf":{"@id":"https:\/\/www.euroresidentes.com\/viajes\/viajar\/#website"},"primaryImageOfPage":{"@id":"https:\/\/www.euroresidentes.com\/viajes\/viajar\/hacia-el-maestrazgo-y-el-mas-alla-que\/#primaryimage"},"image":{"@id":"https:\/\/www.euroresidentes.com\/viajes\/viajar\/hacia-el-maestrazgo-y-el-mas-alla-que\/#primaryimage"},"thumbnailUrl":"https:\/\/www.euroresidentes.com\/viajes\/viajar\/wp-content\/uploads\/sites\/3\/2014\/11\/maestrazgo_comarca.jpg","datePublished":"2014-11-10T15:16:00+00:00","dateModified":"2019-08-22T09:25:08+00:00","author":{"@id":"https:\/\/www.euroresidentes.com\/viajes\/viajar\/#\/schema\/person\/4bbb21ebb04e241332a6c1c0c1f40bc1"},"breadcrumb":{"@id":"https:\/\/www.euroresidentes.com\/viajes\/viajar\/hacia-el-maestrazgo-y-el-mas-alla-que\/#breadcrumb"},"inLanguage":"es","potentialAction":[{"@type":"ReadAction","target":["https:\/\/www.euroresidentes.com\/viajes\/viajar\/hacia-el-maestrazgo-y-el-mas-alla-que\/"]}]},{"@type":"ImageObject","inLanguage":"es","@id":"https:\/\/www.euroresidentes.com\/viajes\/viajar\/hacia-el-maestrazgo-y-el-mas-alla-que\/#primaryimage","url":"https:\/\/www.euroresidentes.com\/viajes\/viajar\/wp-content\/uploads\/sites\/3\/2014\/11\/maestrazgo_comarca.jpg","contentUrl":"https:\/\/www.euroresidentes.com\/viajes\/viajar\/wp-content\/uploads\/sites\/3\/2014\/11\/maestrazgo_comarca.jpg","width":400,"height":300},{"@type":"BreadcrumbList","@id":"https:\/\/www.euroresidentes.com\/viajes\/viajar\/hacia-el-maestrazgo-y-el-mas-alla-que\/#breadcrumb","itemListElement":[{"@type":"ListItem","position":1,"name":"Portada","item":"https:\/\/www.euroresidentes.com\/viajes\/viajar\/"},{"@type":"ListItem","position":2,"name":"Hacia El Maestrazgo y el Mas All\u00e1, que tambi\u00e9n existe (I)"}]},{"@type":"WebSite","@id":"https:\/\/www.euroresidentes.com\/viajes\/viajar\/#website","url":"https:\/\/www.euroresidentes.com\/viajes\/viajar\/","name":"Viajar","description":"Viajar Euroresidentes","potentialAction":[{"@type":"SearchAction","target":{"@type":"EntryPoint","urlTemplate":"https:\/\/www.euroresidentes.com\/viajes\/viajar\/?s={search_term_string}"},"query-input":{"@type":"PropertyValueSpecification","valueRequired":true,"valueName":"search_term_string"}}],"inLanguage":"es"},{"@type":"Person","@id":"https:\/\/www.euroresidentes.com\/viajes\/viajar\/#\/schema\/person\/4bbb21ebb04e241332a6c1c0c1f40bc1","name":"Euroresidentes","image":{"@type":"ImageObject","inLanguage":"es","@id":"https:\/\/www.euroresidentes.com\/viajes\/viajar\/#\/schema\/person\/image\/","url":"https:\/\/www.euroresidentes.com\/viajes\/viajar\/wp-content\/uploads\/sites\/3\/2016\/03\/logo-euroresidentes-150x150.jpg","contentUrl":"https:\/\/www.euroresidentes.com\/viajes\/viajar\/wp-content\/uploads\/sites\/3\/2016\/03\/logo-euroresidentes-150x150.jpg","caption":"Euroresidentes"},"description":"EuroresidentesContenidos \u00fatiles que ayudan a resolver las necesidades grandes y peque\u00f1as de al vida cotidiana.","sameAs":["https:\/\/www.euroresidentes.com\/info.htm"],"url":"https:\/\/www.euroresidentes.com\/viajes\/viajar\/author\/euroresidentes\/"}]}},"_links":{"self":[{"href":"https:\/\/www.euroresidentes.com\/viajes\/viajar\/wp-json\/wp\/v2\/posts\/1857","targetHints":{"allow":["GET"]}}],"collection":[{"href":"https:\/\/www.euroresidentes.com\/viajes\/viajar\/wp-json\/wp\/v2\/posts"}],"about":[{"href":"https:\/\/www.euroresidentes.com\/viajes\/viajar\/wp-json\/wp\/v2\/types\/post"}],"author":[{"embeddable":true,"href":"https:\/\/www.euroresidentes.com\/viajes\/viajar\/wp-json\/wp\/v2\/users\/1"}],"replies":[{"embeddable":true,"href":"https:\/\/www.euroresidentes.com\/viajes\/viajar\/wp-json\/wp\/v2\/comments?post=1857"}],"version-history":[{"count":1,"href":"https:\/\/www.euroresidentes.com\/viajes\/viajar\/wp-json\/wp\/v2\/posts\/1857\/revisions"}],"predecessor-version":[{"id":1876,"href":"https:\/\/www.euroresidentes.com\/viajes\/viajar\/wp-json\/wp\/v2\/posts\/1857\/revisions\/1876"}],"wp:featuredmedia":[{"embeddable":true,"href":"https:\/\/www.euroresidentes.com\/viajes\/viajar\/wp-json\/wp\/v2\/media\/1860"}],"wp:attachment":[{"href":"https:\/\/www.euroresidentes.com\/viajes\/viajar\/wp-json\/wp\/v2\/media?parent=1857"}],"wp:term":[{"taxonomy":"category","embeddable":true,"href":"https:\/\/www.euroresidentes.com\/viajes\/viajar\/wp-json\/wp\/v2\/categories?post=1857"},{"taxonomy":"post_tag","embeddable":true,"href":"https:\/\/www.euroresidentes.com\/viajes\/viajar\/wp-json\/wp\/v2\/tags?post=1857"}],"curies":[{"name":"wp","href":"https:\/\/api.w.org\/{rel}","templated":true}]}}