{"id":1338,"date":"2010-06-13T09:26:00","date_gmt":"2010-06-13T09:26:00","guid":{"rendered":"https:\/\/www.euroresidentes.com\/viajes\/viajar\/visita-corta-guadix"},"modified":"2016-03-10T20:12:23","modified_gmt":"2016-03-10T20:12:23","slug":"visita-corta-guadix","status":"publish","type":"post","link":"https:\/\/www.euroresidentes.com\/viajes\/viajar\/visita-corta-guadix\/","title":{"rendered":"Visita corta a Guadix"},"content":{"rendered":"<p><a onblur=\"try {parent.deselectBloggerImageGracefully();} catch(e) {}\" href=\"http:\/\/1.bp.blogspot.com\/_aRPnE4Kp4iI\/TB8x4Mt7GzI\/AAAAAAAAACk\/WEt6FbiYuCk\/s1600\/image015.jpg\"><img decoding=\"async\" style=\"margin: 0pt 0pt 10px 10px; float: right; cursor: pointer; width: 320px; height: 232px;\" src=\"https:\/\/www.euroresidentes.com\/viajes\/viajar\/wp-content\/uploads\/sites\/3\/2010\/06\/image015.jpg\" alt=\"\" id=\"BLOGGER_PHOTO_ID_5485157712716831538\" border=\"0\" \/><\/a>Parada en Guadix<\/p>\n<p>Si entras en Andaluc\u00eda por la parte de Levante, desde Puerto Lumbreras puedes ir hacia Almer\u00eda o hacia Granada. Si vas hacia Granada debes de pasar por Guadix. All\u00ed hicimos la primera parada del viaje para descansar un poco y comer algo pues ya se hab\u00eda hecho la hora de almorzar.<\/p>\n<p>Guadix es uno de los asentamientos humanos m\u00e1s antiguos que se conoce en la pen\u00ednsula ib\u00e9rica. Su fundaci\u00f3n como ciudad se debe a Julio C\u00e9sar all\u00e1 por el a\u00f1o 45 antes de Cristo, y su nombre actual es de origen \u00e1rabe. Es famosa la ciudad por las cuevas trogloditas que se encuentran en sus afueras y que est\u00e1n habitadas desde tiempos inmemorables. Dicen que el origen de estos habit\u00e1culos proviene de la \u00e9poca de la Reconquista por los Reyes Cat\u00f3licos, aunque parece m\u00e1s probable que las primeras cuevas fueran horadadas en la roca por algunos  moriscos de lugar que regresar\u00edan de forma clandestina despu\u00e9s de su expulsi\u00f3n por Felipe II en 1570.<br \/><a onblur=\"try {parent.deselectBloggerImageGracefully();} catch(e) {}\" href=\"http:\/\/2.bp.blogspot.com\/_aRPnE4Kp4iI\/TB8yCO60LBI\/AAAAAAAAACs\/Z-UvYCxwboY\/s1600\/image011.jpg\"><img decoding=\"async\" style=\"margin: 0pt 0pt 10px 10px; float: right; cursor: pointer; width: 320px; height: 201px;\" src=\"https:\/\/www.euroresidentes.com\/viajes\/viajar\/wp-content\/uploads\/sites\/3\/2010\/06\/image011.jpg\" alt=\"\" id=\"BLOGGER_PHOTO_ID_5485157885106465810\" border=\"0\" \/><\/a><br \/>La ciudad cuenta con una Alcazaba  \u00e1rabe del siglo XI, declarada monumento nacional y una grandiosa catedral, con una esplendida fachada barroca, que en algunos aspectos est\u00e1 considerada como una r\u00e9plica de la catedral de Granada. Pero a m\u00ed el espacio que m\u00e1s me gusta es la plaza del Ayuntamiento y su puerta de entrada. Enclavada frente a la Catedral, toda ella porticada, rectangular, manteniendo un espacio libre, peatonal, en su centro desde el que se puede contemplar el cl\u00e1sico frontispicio del edificio del Ayuntamiento en cuya parte alta est\u00e1 grabada una larga leyenda que recuerda el a\u00f1o en que se construy\u00f3 y quien era el corregidor de la ciudad en ese momento.<\/p>\n<p><a onblur=\"try {parent.deselectBloggerImageGracefully();} catch(e) {}\" href=\"http:\/\/1.bp.blogspot.com\/_aRPnE4Kp4iI\/TB8yNvgRvGI\/AAAAAAAAAC0\/kKsHFHfTsSY\/s1600\/image013.jpg\"><img decoding=\"async\" style=\"margin: 0pt 0pt 10px 10px; float: right; cursor: pointer; width: 320px; height: 293px;\" src=\"https:\/\/www.euroresidentes.com\/viajes\/viajar\/wp-content\/uploads\/sites\/3\/2010\/06\/image013.jpg\" alt=\"\" id=\"BLOGGER_PHOTO_ID_5485158082832088162\" border=\"0\" \/><\/a>Comer en Guadix<\/p>\n<p>Nos sentamos en la terraza del bar Liceo, en un lateral de la plaza, pero no pudimos estar all\u00ed m\u00e1s de diez minutos. Era martes de la semana de Pascua. Una se\u00f1orita muy amablemente me explic\u00f3 que iban a cerrar ya, pues tan s\u00f3lo hab\u00edan abierto para dar desayunos y  estaban todos muy cansados por la Semana Santa lo que hac\u00eda que ese d\u00eda se lo tomaran como descanso en casi todos los bares y cafeter\u00edas de la ciudad. Menos mal que los clientes se hab\u00edan levantado tarde, pues era bien pasado el mediod\u00eda y el que alguno estuviera desayunando todav\u00eda nos permiti\u00f3 poder tomar una cerveza con relativa tranquilidad.<\/p>\n<p>Fuimos a comer al Hotel Comercio. Hab\u00edamos estado all\u00ed hac\u00eda a\u00f1os, en nuestro primer viaje a Do\u00f1ana y ten\u00edamos la garant\u00eda de que estaba el comedor abierto. El hotel Comercio es  un hotel de cuatro estrellas reformado no hace mucho, con Spa, piscina cubierta, sala de audiciones y todo lujo de modernidades seg\u00fan reza en su folleto promocional. Sin embargo, su restaurante tiene un cierto aire retro que contrasta con lo anterior. Nos encontramos con algunos de los mismos comensales con los que coincidimos hace a\u00f1os, me pareci\u00f3 a m\u00ed,  que adem\u00e1s hablaban de lo mismo que entonces. Tres mesas ocupadas por dos parejas y un caballero solo, todos ellos bastante ancianos, que hablaban entre s\u00ed coment\u00e1ndose asuntos familiares y despidi\u00e9ndose puesto que todos ellos part\u00edan de viaje ese d\u00eda o al siguiente. Por un momento me record\u00f3 alguna escena de la excelente pel\u00edcula Mesas Separadas que en el a\u00f1o 1958 protagoniz\u00f3 David Niven y que se desarrolla en un hotelito de la costa de Inglaterra. Se notaba que eran clientes habituales que hab\u00edan ido a pasar la Semana Santa  y que por razones familiares deb\u00edan pasar temporadas m\u00e1s o menos largas en Guadix. Al rato empez\u00f3 a llegar m\u00e1s gente, funcionarios destinados en la localidad, empleados bancarios y alg\u00fan turista que, como nosotros, no hab\u00eda encontrado sitio donde comer. En total dieciocho personas pasaron ese d\u00eda por el comedor. Lo s\u00e9 porque le encargamos a Rub\u00e9n, para que no se aburriera, que contara el n\u00famero de comensales y fuera restando y sumando seg\u00fan se iban marchando o llegando al comedor.<\/p>\n<p>Pero lo m\u00e1s curioso de la comida fue su men\u00fa. Costaba 11,77 euros, impuestos incluidos, y pod\u00edas elegir entre tres o cuatro primeros platos y tres o cuatros segundos. Pero daba igual. T\u00fa eleg\u00edas y el camarero te tra\u00eda lo que se le ocurr\u00eda. Conmigo no acert\u00f3 ni en el primero ni en el segundo plato. Una vez terminado el almuerzo reemprendimos la ruta no sin antes hacer unas cuantas fotos del hotel y sus aleda\u00f1os.<\/p>\n","protected":false},"excerpt":{"rendered":"<p>Parada en Guadix Si entras en Andaluc\u00eda por la parte de Levante, desde Puerto Lumbreras puedes ir hacia Almer\u00eda o hacia Granada. Si vas hacia Granada debes de pasar por Guadix. All\u00ed hicimos la primera parada del viaje para descansar un poco y comer algo pues ya se hab\u00eda hecho la hora de almorzar. Guadix es uno de los asentamientos humanos m\u00e1s antiguos que se conoce en la pen\u00ednsula ib\u00e9rica. Su fundaci\u00f3n como ciudad se debe a Julio C\u00e9sar all\u00e1 por el a\u00f1o 45 antes de Cristo, y su nombre actual es de origen \u00e1rabe. Es famosa la ciudad por <\/p>\n","protected":false},"author":1,"featured_media":1849,"comment_status":"open","ping_status":"open","sticky":false,"template":"","format":"standard","meta":{"footnotes":""},"categories":[1],"tags":[],"class_list":["post-1338","post","type-post","status-publish","format-standard","has-post-thumbnail","hentry","category-general","has_thumb"],"yoast_head":"<!-- This site is optimized with the Yoast SEO plugin v24.1 - https:\/\/yoast.com\/wordpress\/plugins\/seo\/ -->\n<title>Visita corta a Guadix - Viajar<\/title>\n<meta name=\"robots\" content=\"index, follow, max-snippet:-1, max-image-preview:large, max-video-preview:-1\" \/>\n<link rel=\"canonical\" href=\"https:\/\/www.euroresidentes.com\/viajes\/viajar\/visita-corta-guadix\/\" \/>\n<meta property=\"og:locale\" content=\"es_ES\" \/>\n<meta property=\"og:type\" content=\"article\" \/>\n<meta property=\"og:title\" content=\"Visita corta a Guadix - Viajar\" \/>\n<meta property=\"og:description\" content=\"Parada en Guadix Si entras en Andaluc\u00eda por la parte de Levante, desde Puerto Lumbreras puedes ir hacia Almer\u00eda o hacia Granada. Si vas hacia Granada debes de pasar por Guadix. All\u00ed hicimos la primera parada del viaje para descansar un poco y comer algo pues ya se hab\u00eda hecho la hora de almorzar. Guadix es uno de los asentamientos humanos m\u00e1s antiguos que se conoce en la pen\u00ednsula ib\u00e9rica. Su fundaci\u00f3n como ciudad se debe a Julio C\u00e9sar all\u00e1 por el a\u00f1o 45 antes de Cristo, y su nombre actual es de origen \u00e1rabe. Es famosa la ciudad por\" \/>\n<meta property=\"og:url\" content=\"https:\/\/www.euroresidentes.com\/viajes\/viajar\/visita-corta-guadix\/\" \/>\n<meta property=\"og:site_name\" content=\"Viajar\" \/>\n<meta property=\"article:publisher\" content=\"https:\/\/www.facebook.com\/euroresidentes\/\" \/>\n<meta property=\"article:published_time\" content=\"2010-06-13T09:26:00+00:00\" \/>\n<meta property=\"article:modified_time\" content=\"2016-03-10T20:12:23+00:00\" \/>\n<meta property=\"og:image\" content=\"https:\/\/www.euroresidentes.com\/viajes\/viajar\/wp-content\/uploads\/sites\/3\/2010\/06\/image015.jpg\" \/>\n\t<meta property=\"og:image:width\" content=\"320\" \/>\n\t<meta property=\"og:image:height\" content=\"232\" \/>\n\t<meta property=\"og:image:type\" content=\"image\/jpeg\" \/>\n<meta name=\"author\" content=\"Euroresidentes\" \/>\n<meta name=\"twitter:card\" content=\"summary_large_image\" \/>\n<meta name=\"twitter:label1\" content=\"Written by\" \/>\n\t<meta name=\"twitter:data1\" content=\"Euroresidentes\" \/>\n\t<meta name=\"twitter:label2\" content=\"Est. reading time\" \/>\n\t<meta name=\"twitter:data2\" content=\"4 minutos\" \/>\n<script type=\"application\/ld+json\" class=\"yoast-schema-graph\">{\"@context\":\"https:\/\/schema.org\",\"@graph\":[{\"@type\":\"WebPage\",\"@id\":\"https:\/\/www.euroresidentes.com\/viajes\/viajar\/visita-corta-guadix\/\",\"url\":\"https:\/\/www.euroresidentes.com\/viajes\/viajar\/visita-corta-guadix\/\",\"name\":\"Visita corta a Guadix - Viajar\",\"isPartOf\":{\"@id\":\"https:\/\/www.euroresidentes.com\/viajes\/viajar\/#website\"},\"primaryImageOfPage\":{\"@id\":\"https:\/\/www.euroresidentes.com\/viajes\/viajar\/visita-corta-guadix\/#primaryimage\"},\"image\":{\"@id\":\"https:\/\/www.euroresidentes.com\/viajes\/viajar\/visita-corta-guadix\/#primaryimage\"},\"thumbnailUrl\":\"https:\/\/www.euroresidentes.com\/viajes\/viajar\/wp-content\/uploads\/sites\/3\/2010\/06\/image015.jpg\",\"datePublished\":\"2010-06-13T09:26:00+00:00\",\"dateModified\":\"2016-03-10T20:12:23+00:00\",\"author\":{\"@id\":\"https:\/\/www.euroresidentes.com\/viajes\/viajar\/#\/schema\/person\/4bbb21ebb04e241332a6c1c0c1f40bc1\"},\"breadcrumb\":{\"@id\":\"https:\/\/www.euroresidentes.com\/viajes\/viajar\/visita-corta-guadix\/#breadcrumb\"},\"inLanguage\":\"es\",\"potentialAction\":[{\"@type\":\"ReadAction\",\"target\":[\"https:\/\/www.euroresidentes.com\/viajes\/viajar\/visita-corta-guadix\/\"]}]},{\"@type\":\"ImageObject\",\"inLanguage\":\"es\",\"@id\":\"https:\/\/www.euroresidentes.com\/viajes\/viajar\/visita-corta-guadix\/#primaryimage\",\"url\":\"https:\/\/www.euroresidentes.com\/viajes\/viajar\/wp-content\/uploads\/sites\/3\/2010\/06\/image015.jpg\",\"contentUrl\":\"https:\/\/www.euroresidentes.com\/viajes\/viajar\/wp-content\/uploads\/sites\/3\/2010\/06\/image015.jpg\",\"width\":320,\"height\":232},{\"@type\":\"BreadcrumbList\",\"@id\":\"https:\/\/www.euroresidentes.com\/viajes\/viajar\/visita-corta-guadix\/#breadcrumb\",\"itemListElement\":[{\"@type\":\"ListItem\",\"position\":1,\"name\":\"Portada\",\"item\":\"https:\/\/www.euroresidentes.com\/viajes\/viajar\/\"},{\"@type\":\"ListItem\",\"position\":2,\"name\":\"Visita corta a Guadix\"}]},{\"@type\":\"WebSite\",\"@id\":\"https:\/\/www.euroresidentes.com\/viajes\/viajar\/#website\",\"url\":\"https:\/\/www.euroresidentes.com\/viajes\/viajar\/\",\"name\":\"Viajar\",\"description\":\"Viajar Euroresidentes\",\"potentialAction\":[{\"@type\":\"SearchAction\",\"target\":{\"@type\":\"EntryPoint\",\"urlTemplate\":\"https:\/\/www.euroresidentes.com\/viajes\/viajar\/?s={search_term_string}\"},\"query-input\":{\"@type\":\"PropertyValueSpecification\",\"valueRequired\":true,\"valueName\":\"search_term_string\"}}],\"inLanguage\":\"es\"},{\"@type\":\"Person\",\"@id\":\"https:\/\/www.euroresidentes.com\/viajes\/viajar\/#\/schema\/person\/4bbb21ebb04e241332a6c1c0c1f40bc1\",\"name\":\"Euroresidentes\",\"image\":{\"@type\":\"ImageObject\",\"inLanguage\":\"es\",\"@id\":\"https:\/\/www.euroresidentes.com\/viajes\/viajar\/#\/schema\/person\/image\/\",\"url\":\"https:\/\/www.euroresidentes.com\/viajes\/viajar\/wp-content\/uploads\/sites\/3\/2016\/03\/logo-euroresidentes-150x150.jpg\",\"contentUrl\":\"https:\/\/www.euroresidentes.com\/viajes\/viajar\/wp-content\/uploads\/sites\/3\/2016\/03\/logo-euroresidentes-150x150.jpg\",\"caption\":\"Euroresidentes\"},\"description\":\"EuroresidentesContenidos \u00fatiles que ayudan a resolver las necesidades grandes y peque\u00f1as de al vida cotidiana.\",\"sameAs\":[\"https:\/\/www.euroresidentes.com\/info.htm\"],\"url\":\"https:\/\/www.euroresidentes.com\/viajes\/viajar\/author\/euroresidentes\/\"}]}<\/script>\n<!-- \/ Yoast SEO plugin. -->","yoast_head_json":{"title":"Visita corta a Guadix - Viajar","robots":{"index":"index","follow":"follow","max-snippet":"max-snippet:-1","max-image-preview":"max-image-preview:large","max-video-preview":"max-video-preview:-1"},"canonical":"https:\/\/www.euroresidentes.com\/viajes\/viajar\/visita-corta-guadix\/","og_locale":"es_ES","og_type":"article","og_title":"Visita corta a Guadix - Viajar","og_description":"Parada en Guadix Si entras en Andaluc\u00eda por la parte de Levante, desde Puerto Lumbreras puedes ir hacia Almer\u00eda o hacia Granada. Si vas hacia Granada debes de pasar por Guadix. All\u00ed hicimos la primera parada del viaje para descansar un poco y comer algo pues ya se hab\u00eda hecho la hora de almorzar. Guadix es uno de los asentamientos humanos m\u00e1s antiguos que se conoce en la pen\u00ednsula ib\u00e9rica. Su fundaci\u00f3n como ciudad se debe a Julio C\u00e9sar all\u00e1 por el a\u00f1o 45 antes de Cristo, y su nombre actual es de origen \u00e1rabe. Es famosa la ciudad por","og_url":"https:\/\/www.euroresidentes.com\/viajes\/viajar\/visita-corta-guadix\/","og_site_name":"Viajar","article_publisher":"https:\/\/www.facebook.com\/euroresidentes\/","article_published_time":"2010-06-13T09:26:00+00:00","article_modified_time":"2016-03-10T20:12:23+00:00","og_image":[{"width":320,"height":232,"url":"https:\/\/www.euroresidentes.com\/viajes\/viajar\/wp-content\/uploads\/sites\/3\/2010\/06\/image015.jpg","type":"image\/jpeg"}],"author":"Euroresidentes","twitter_card":"summary_large_image","twitter_misc":{"Written by":"Euroresidentes","Est. reading time":"4 minutos"},"schema":{"@context":"https:\/\/schema.org","@graph":[{"@type":"WebPage","@id":"https:\/\/www.euroresidentes.com\/viajes\/viajar\/visita-corta-guadix\/","url":"https:\/\/www.euroresidentes.com\/viajes\/viajar\/visita-corta-guadix\/","name":"Visita corta a Guadix - Viajar","isPartOf":{"@id":"https:\/\/www.euroresidentes.com\/viajes\/viajar\/#website"},"primaryImageOfPage":{"@id":"https:\/\/www.euroresidentes.com\/viajes\/viajar\/visita-corta-guadix\/#primaryimage"},"image":{"@id":"https:\/\/www.euroresidentes.com\/viajes\/viajar\/visita-corta-guadix\/#primaryimage"},"thumbnailUrl":"https:\/\/www.euroresidentes.com\/viajes\/viajar\/wp-content\/uploads\/sites\/3\/2010\/06\/image015.jpg","datePublished":"2010-06-13T09:26:00+00:00","dateModified":"2016-03-10T20:12:23+00:00","author":{"@id":"https:\/\/www.euroresidentes.com\/viajes\/viajar\/#\/schema\/person\/4bbb21ebb04e241332a6c1c0c1f40bc1"},"breadcrumb":{"@id":"https:\/\/www.euroresidentes.com\/viajes\/viajar\/visita-corta-guadix\/#breadcrumb"},"inLanguage":"es","potentialAction":[{"@type":"ReadAction","target":["https:\/\/www.euroresidentes.com\/viajes\/viajar\/visita-corta-guadix\/"]}]},{"@type":"ImageObject","inLanguage":"es","@id":"https:\/\/www.euroresidentes.com\/viajes\/viajar\/visita-corta-guadix\/#primaryimage","url":"https:\/\/www.euroresidentes.com\/viajes\/viajar\/wp-content\/uploads\/sites\/3\/2010\/06\/image015.jpg","contentUrl":"https:\/\/www.euroresidentes.com\/viajes\/viajar\/wp-content\/uploads\/sites\/3\/2010\/06\/image015.jpg","width":320,"height":232},{"@type":"BreadcrumbList","@id":"https:\/\/www.euroresidentes.com\/viajes\/viajar\/visita-corta-guadix\/#breadcrumb","itemListElement":[{"@type":"ListItem","position":1,"name":"Portada","item":"https:\/\/www.euroresidentes.com\/viajes\/viajar\/"},{"@type":"ListItem","position":2,"name":"Visita corta a Guadix"}]},{"@type":"WebSite","@id":"https:\/\/www.euroresidentes.com\/viajes\/viajar\/#website","url":"https:\/\/www.euroresidentes.com\/viajes\/viajar\/","name":"Viajar","description":"Viajar Euroresidentes","potentialAction":[{"@type":"SearchAction","target":{"@type":"EntryPoint","urlTemplate":"https:\/\/www.euroresidentes.com\/viajes\/viajar\/?s={search_term_string}"},"query-input":{"@type":"PropertyValueSpecification","valueRequired":true,"valueName":"search_term_string"}}],"inLanguage":"es"},{"@type":"Person","@id":"https:\/\/www.euroresidentes.com\/viajes\/viajar\/#\/schema\/person\/4bbb21ebb04e241332a6c1c0c1f40bc1","name":"Euroresidentes","image":{"@type":"ImageObject","inLanguage":"es","@id":"https:\/\/www.euroresidentes.com\/viajes\/viajar\/#\/schema\/person\/image\/","url":"https:\/\/www.euroresidentes.com\/viajes\/viajar\/wp-content\/uploads\/sites\/3\/2016\/03\/logo-euroresidentes-150x150.jpg","contentUrl":"https:\/\/www.euroresidentes.com\/viajes\/viajar\/wp-content\/uploads\/sites\/3\/2016\/03\/logo-euroresidentes-150x150.jpg","caption":"Euroresidentes"},"description":"EuroresidentesContenidos \u00fatiles que ayudan a resolver las necesidades grandes y peque\u00f1as de al vida cotidiana.","sameAs":["https:\/\/www.euroresidentes.com\/info.htm"],"url":"https:\/\/www.euroresidentes.com\/viajes\/viajar\/author\/euroresidentes\/"}]}},"_links":{"self":[{"href":"https:\/\/www.euroresidentes.com\/viajes\/viajar\/wp-json\/wp\/v2\/posts\/1338","targetHints":{"allow":["GET"]}}],"collection":[{"href":"https:\/\/www.euroresidentes.com\/viajes\/viajar\/wp-json\/wp\/v2\/posts"}],"about":[{"href":"https:\/\/www.euroresidentes.com\/viajes\/viajar\/wp-json\/wp\/v2\/types\/post"}],"author":[{"embeddable":true,"href":"https:\/\/www.euroresidentes.com\/viajes\/viajar\/wp-json\/wp\/v2\/users\/1"}],"replies":[{"embeddable":true,"href":"https:\/\/www.euroresidentes.com\/viajes\/viajar\/wp-json\/wp\/v2\/comments?post=1338"}],"version-history":[{"count":1,"href":"https:\/\/www.euroresidentes.com\/viajes\/viajar\/wp-json\/wp\/v2\/posts\/1338\/revisions"}],"predecessor-version":[{"id":1852,"href":"https:\/\/www.euroresidentes.com\/viajes\/viajar\/wp-json\/wp\/v2\/posts\/1338\/revisions\/1852"}],"wp:featuredmedia":[{"embeddable":true,"href":"https:\/\/www.euroresidentes.com\/viajes\/viajar\/wp-json\/wp\/v2\/media\/1849"}],"wp:attachment":[{"href":"https:\/\/www.euroresidentes.com\/viajes\/viajar\/wp-json\/wp\/v2\/media?parent=1338"}],"wp:term":[{"taxonomy":"category","embeddable":true,"href":"https:\/\/www.euroresidentes.com\/viajes\/viajar\/wp-json\/wp\/v2\/categories?post=1338"},{"taxonomy":"post_tag","embeddable":true,"href":"https:\/\/www.euroresidentes.com\/viajes\/viajar\/wp-json\/wp\/v2\/tags?post=1338"}],"curies":[{"name":"wp","href":"https:\/\/api.w.org\/{rel}","templated":true}]}}