{"id":1335,"date":"2010-10-09T11:02:00","date_gmt":"2010-10-09T11:02:00","guid":{"rendered":"https:\/\/www.euroresidentes.com\/viajes\/viajar\/aracena-la-cuna-del-jamon"},"modified":"2016-04-05T13:15:49","modified_gmt":"2016-04-05T13:15:49","slug":"aracena-la-cuna-del-jamon","status":"publish","type":"post","link":"https:\/\/www.euroresidentes.com\/viajes\/viajar\/aracena-la-cuna-del-jamon\/","title":{"rendered":"Aracena, la cuna del jam\u00f3n"},"content":{"rendered":"<p>El d\u00eda siguiente de haber estado en el parque de Do\u00f1ana hicimos una excursi\u00f3n a Aracena. Estando en la provincia de Huelva, \u00bfc\u00f3mo no te vas a acercar al centro neur\u00e1lgico de la cr\u00eda del jam\u00f3n ib\u00e9rico de bellota? La ciudad, en lo alto de la serran\u00eda que lleva su <a href=\"http:\/\/1.bp.blogspot.com\/_aRPnE4Kp4iI\/TLBNQWjpovI\/AAAAAAAAAJY\/SuwiiXcjGbA\/s1600\/110.JPG\"><img decoding=\"async\" style=\"MARGIN: 0px 0px 10px 10px; WIDTH: 320px; FLOAT: right; HEIGHT: 168px; CURSOR: hand\" id=\"BLOGGER_PHOTO_ID_5526001686111953650\" border=\"0\" alt=\"\" src=\"https:\/\/www.euroresidentes.com\/viajes\/viajar\/wp-content\/uploads\/sites\/3\/2010\/10\/110.jpg\" \/><\/a>nombre, est\u00e1 un poco alejada de Mazag\u00f3n, en cuyo Parador pernoct\u00e1bamos. A algo m\u00e1s de cien kil\u00f3metros. Pero la excursi\u00f3n vale la pena. Despu\u00e9s de atravesar los campos de fresas de Palos de la Frontera y de Moguer hay que coger una carretera que pasa por Rio Tinto, ya casi en plena serran\u00eda, que te lleva directamente a Aracena. La ciudad no me gust\u00f3 demasiado. Est\u00e1 desarrollada en torno a un cerro en cuya cima hay un castillo del siglo XIII. En sus folletos tur\u00edsticos el Ayuntamiento promociona, fundamentalmente, unas cuevas de las que tambi\u00e9n nos hablaron algunos vecinos que s<a href=\"http:\/\/3.bp.blogspot.com\/_aRPnE4Kp4iI\/TLBP-kmKanI\/AAAAAAAAAJg\/zU-xzynMpes\/s1600\/IMG_3914.JPG\"><img decoding=\"async\" style=\"MARGIN: 0px 10px 10px 0px; WIDTH: 320px; FLOAT: left; HEIGHT: 201px; CURSOR: hand\" id=\"BLOGGER_PHOTO_ID_5526004679177824882\" border=\"0\" alt=\"\" src=\"https:\/\/www.euroresidentes.com\/viajes\/viajar\/wp-content\/uploads\/sites\/3\/2010\/10\/IMG_3914.jpg\" \/><\/a>e llaman \u201cGruta de las Maravillas\u201d y el Museo del Jam\u00f3n. De las cuevas pasamos, pues las fotos que aparec\u00edan en el folleto no nos resultaron nada atractivas y tampoco \u00edbamos preparados para hacer espeleolog\u00eda, pero del jam\u00f3n no. Hab\u00edamos ido a eso. A comprar jam\u00f3n. Sin embargo, el museo result\u00f3 un poco fiasco. Aunque bien montado, es peque\u00f1o, con no demasiada informaci\u00f3n y lo que es peor, faltaba al final de la visita una peque\u00f1a degustaci\u00f3n del jam\u00f3n de la zona, que al fin y al cabo todos los visitantes hab\u00edan ido all\u00ed a eso. A comer jam\u00f3n de bellota.<br \/>Lo que s\u00ed estuvo bien de verdad fue el almuerzo. Fuimos al restaurante Jos\u00e9 Vicente, recomendado tambi\u00e9n por mi amigo Antonio <a href=\"http:\/\/1.bp.blogspot.com\/_aRPnE4Kp4iI\/TLBRvSLJ7fI\/AAAAAAAAAJo\/LdXmjl9RLU4\/s1600\/IMG_3908.JPG\"><img decoding=\"async\" style=\"MARGIN: 0px 0px 10px 10px; WIDTH: 200px; FLOAT: right; HEIGHT: 150px; CURSOR: hand\" id=\"BLOGGER_PHOTO_ID_5526006615557926386\" border=\"0\" alt=\"\" src=\"https:\/\/www.euroresidentes.com\/viajes\/viajar\/wp-content\/uploads\/sites\/3\/2010\/10\/IMG_3908.jpg\" \/><\/a>y como siempre que le hago caso fue un gran acierto. Est\u00e1 situado en la avenida de Andaluc\u00eda a la entrada de la ciudad cuando vienes de Sevilla, frente a un parque municipal. Comimos un revuelto de setas y jam\u00f3n y despu\u00e9s una presa de paleta ib\u00e9rica y un lomo ib\u00e9rico que estaban para chuparse los dedos. Al terminar de comer bajamos a la tienda de productos de la tierra que el restaurante tiene en la casa de al lado y compramos una jaula para guardar grillos, que este verano ha utilizado Rub\u00e9n pero para guardar saltamontes y un licor de guinda fabricado en Higuera de la Sierra, que todav\u00eda no he probado.<br \/>Por supuesto antes de efectuar el regreso a Mazag\u00f3n compramos unos surtidos de ib\u00e9ricos de bellota en la primera tienda que encontramos y que no abri\u00f3 sus puertas hasta casi las seis de la tarde. <img decoding=\"async\" style=\"TEXT-ALIGN: center; MARGIN: 0px auto 10px; WIDTH: 320px; DISPLAY: block; HEIGHT: 240px; CURSOR: hand\" id=\"BLOGGER_PHOTO_ID_5526007916195032930\" border=\"0\" alt=\"\" src=\"https:\/\/www.euroresidentes.com\/viajes\/viajar\/wp-content\/uploads\/sites\/3\/2010\/10\/IMG_3916.jpg\" \/><\/p>\n","protected":false},"excerpt":{"rendered":"<p>El d\u00eda siguiente de haber estado en el parque de Do\u00f1ana hicimos una excursi\u00f3n a Aracena. Estando en la provincia de Huelva, \u00bfc\u00f3mo no te vas a acercar al centro neur\u00e1lgico de la cr\u00eda del jam\u00f3n ib\u00e9rico de bellota? La ciudad, en lo alto de la serran\u00eda que lleva su nombre, est\u00e1 un poco alejada de Mazag\u00f3n, en cuyo Parador pernoct\u00e1bamos. A algo m\u00e1s de cien kil\u00f3metros. Pero la excursi\u00f3n vale la pena. Despu\u00e9s de atravesar los campos de fresas de Palos de la Frontera y de Moguer hay que coger una carretera que pasa por Rio Tinto, ya casi <\/p>\n","protected":false},"author":1,"featured_media":1833,"comment_status":"open","ping_status":"open","sticky":false,"template":"","format":"standard","meta":{"footnotes":""},"categories":[107],"tags":[],"class_list":["post-1335","post","type-post","status-publish","format-standard","has-post-thumbnail","hentry","category-espana","has_thumb"],"yoast_head":"<!-- This site is optimized with the Yoast SEO plugin v24.1 - https:\/\/yoast.com\/wordpress\/plugins\/seo\/ -->\n<title>Aracena, la cuna del jam\u00f3n - Viajar<\/title>\n<meta name=\"robots\" content=\"index, follow, max-snippet:-1, max-image-preview:large, max-video-preview:-1\" \/>\n<link rel=\"canonical\" href=\"https:\/\/www.euroresidentes.com\/viajes\/viajar\/aracena-la-cuna-del-jamon\/\" \/>\n<meta property=\"og:locale\" content=\"es_ES\" \/>\n<meta property=\"og:type\" content=\"article\" \/>\n<meta property=\"og:title\" content=\"Aracena, la cuna del jam\u00f3n - Viajar\" \/>\n<meta property=\"og:description\" content=\"El d\u00eda siguiente de haber estado en el parque de Do\u00f1ana hicimos una excursi\u00f3n a Aracena. Estando en la provincia de Huelva, \u00bfc\u00f3mo no te vas a acercar al centro neur\u00e1lgico de la cr\u00eda del jam\u00f3n ib\u00e9rico de bellota? La ciudad, en lo alto de la serran\u00eda que lleva su nombre, est\u00e1 un poco alejada de Mazag\u00f3n, en cuyo Parador pernoct\u00e1bamos. A algo m\u00e1s de cien kil\u00f3metros. Pero la excursi\u00f3n vale la pena. Despu\u00e9s de atravesar los campos de fresas de Palos de la Frontera y de Moguer hay que coger una carretera que pasa por Rio Tinto, ya casi\" \/>\n<meta property=\"og:url\" content=\"https:\/\/www.euroresidentes.com\/viajes\/viajar\/aracena-la-cuna-del-jamon\/\" \/>\n<meta property=\"og:site_name\" content=\"Viajar\" \/>\n<meta property=\"article:publisher\" content=\"https:\/\/www.facebook.com\/euroresidentes\/\" \/>\n<meta property=\"article:published_time\" content=\"2010-10-09T11:02:00+00:00\" \/>\n<meta property=\"article:modified_time\" content=\"2016-04-05T13:15:49+00:00\" \/>\n<meta property=\"og:image\" content=\"https:\/\/www.euroresidentes.com\/viajes\/viajar\/wp-content\/uploads\/sites\/3\/2010\/10\/110.jpg\" \/>\n\t<meta property=\"og:image:width\" content=\"320\" \/>\n\t<meta property=\"og:image:height\" content=\"168\" \/>\n\t<meta property=\"og:image:type\" content=\"image\/jpeg\" \/>\n<meta name=\"author\" content=\"Euroresidentes\" \/>\n<meta name=\"twitter:card\" content=\"summary_large_image\" \/>\n<meta name=\"twitter:label1\" content=\"Written by\" \/>\n\t<meta name=\"twitter:data1\" content=\"Euroresidentes\" \/>\n\t<meta name=\"twitter:label2\" content=\"Est. reading time\" \/>\n\t<meta name=\"twitter:data2\" content=\"2 minutos\" \/>\n<script type=\"application\/ld+json\" class=\"yoast-schema-graph\">{\"@context\":\"https:\/\/schema.org\",\"@graph\":[{\"@type\":\"WebPage\",\"@id\":\"https:\/\/www.euroresidentes.com\/viajes\/viajar\/aracena-la-cuna-del-jamon\/\",\"url\":\"https:\/\/www.euroresidentes.com\/viajes\/viajar\/aracena-la-cuna-del-jamon\/\",\"name\":\"Aracena, la cuna del jam\u00f3n - Viajar\",\"isPartOf\":{\"@id\":\"https:\/\/www.euroresidentes.com\/viajes\/viajar\/#website\"},\"primaryImageOfPage\":{\"@id\":\"https:\/\/www.euroresidentes.com\/viajes\/viajar\/aracena-la-cuna-del-jamon\/#primaryimage\"},\"image\":{\"@id\":\"https:\/\/www.euroresidentes.com\/viajes\/viajar\/aracena-la-cuna-del-jamon\/#primaryimage\"},\"thumbnailUrl\":\"https:\/\/www.euroresidentes.com\/viajes\/viajar\/wp-content\/uploads\/sites\/3\/2010\/10\/110.jpg\",\"datePublished\":\"2010-10-09T11:02:00+00:00\",\"dateModified\":\"2016-04-05T13:15:49+00:00\",\"author\":{\"@id\":\"https:\/\/www.euroresidentes.com\/viajes\/viajar\/#\/schema\/person\/4bbb21ebb04e241332a6c1c0c1f40bc1\"},\"breadcrumb\":{\"@id\":\"https:\/\/www.euroresidentes.com\/viajes\/viajar\/aracena-la-cuna-del-jamon\/#breadcrumb\"},\"inLanguage\":\"es\",\"potentialAction\":[{\"@type\":\"ReadAction\",\"target\":[\"https:\/\/www.euroresidentes.com\/viajes\/viajar\/aracena-la-cuna-del-jamon\/\"]}]},{\"@type\":\"ImageObject\",\"inLanguage\":\"es\",\"@id\":\"https:\/\/www.euroresidentes.com\/viajes\/viajar\/aracena-la-cuna-del-jamon\/#primaryimage\",\"url\":\"https:\/\/www.euroresidentes.com\/viajes\/viajar\/wp-content\/uploads\/sites\/3\/2010\/10\/110.jpg\",\"contentUrl\":\"https:\/\/www.euroresidentes.com\/viajes\/viajar\/wp-content\/uploads\/sites\/3\/2010\/10\/110.jpg\",\"width\":320,\"height\":168},{\"@type\":\"BreadcrumbList\",\"@id\":\"https:\/\/www.euroresidentes.com\/viajes\/viajar\/aracena-la-cuna-del-jamon\/#breadcrumb\",\"itemListElement\":[{\"@type\":\"ListItem\",\"position\":1,\"name\":\"Portada\",\"item\":\"https:\/\/www.euroresidentes.com\/viajes\/viajar\/\"},{\"@type\":\"ListItem\",\"position\":2,\"name\":\"Aracena, la cuna del jam\u00f3n\"}]},{\"@type\":\"WebSite\",\"@id\":\"https:\/\/www.euroresidentes.com\/viajes\/viajar\/#website\",\"url\":\"https:\/\/www.euroresidentes.com\/viajes\/viajar\/\",\"name\":\"Viajar\",\"description\":\"Viajar Euroresidentes\",\"potentialAction\":[{\"@type\":\"SearchAction\",\"target\":{\"@type\":\"EntryPoint\",\"urlTemplate\":\"https:\/\/www.euroresidentes.com\/viajes\/viajar\/?s={search_term_string}\"},\"query-input\":{\"@type\":\"PropertyValueSpecification\",\"valueRequired\":true,\"valueName\":\"search_term_string\"}}],\"inLanguage\":\"es\"},{\"@type\":\"Person\",\"@id\":\"https:\/\/www.euroresidentes.com\/viajes\/viajar\/#\/schema\/person\/4bbb21ebb04e241332a6c1c0c1f40bc1\",\"name\":\"Euroresidentes\",\"image\":{\"@type\":\"ImageObject\",\"inLanguage\":\"es\",\"@id\":\"https:\/\/www.euroresidentes.com\/viajes\/viajar\/#\/schema\/person\/image\/\",\"url\":\"https:\/\/www.euroresidentes.com\/viajes\/viajar\/wp-content\/uploads\/sites\/3\/2016\/03\/logo-euroresidentes-150x150.jpg\",\"contentUrl\":\"https:\/\/www.euroresidentes.com\/viajes\/viajar\/wp-content\/uploads\/sites\/3\/2016\/03\/logo-euroresidentes-150x150.jpg\",\"caption\":\"Euroresidentes\"},\"description\":\"EuroresidentesContenidos \u00fatiles que ayudan a resolver las necesidades grandes y peque\u00f1as de al vida cotidiana.\",\"sameAs\":[\"https:\/\/www.euroresidentes.com\/info.htm\"],\"url\":\"https:\/\/www.euroresidentes.com\/viajes\/viajar\/author\/euroresidentes\/\"}]}<\/script>\n<!-- \/ Yoast SEO plugin. -->","yoast_head_json":{"title":"Aracena, la cuna del jam\u00f3n - Viajar","robots":{"index":"index","follow":"follow","max-snippet":"max-snippet:-1","max-image-preview":"max-image-preview:large","max-video-preview":"max-video-preview:-1"},"canonical":"https:\/\/www.euroresidentes.com\/viajes\/viajar\/aracena-la-cuna-del-jamon\/","og_locale":"es_ES","og_type":"article","og_title":"Aracena, la cuna del jam\u00f3n - Viajar","og_description":"El d\u00eda siguiente de haber estado en el parque de Do\u00f1ana hicimos una excursi\u00f3n a Aracena. Estando en la provincia de Huelva, \u00bfc\u00f3mo no te vas a acercar al centro neur\u00e1lgico de la cr\u00eda del jam\u00f3n ib\u00e9rico de bellota? La ciudad, en lo alto de la serran\u00eda que lleva su nombre, est\u00e1 un poco alejada de Mazag\u00f3n, en cuyo Parador pernoct\u00e1bamos. A algo m\u00e1s de cien kil\u00f3metros. Pero la excursi\u00f3n vale la pena. Despu\u00e9s de atravesar los campos de fresas de Palos de la Frontera y de Moguer hay que coger una carretera que pasa por Rio Tinto, ya casi","og_url":"https:\/\/www.euroresidentes.com\/viajes\/viajar\/aracena-la-cuna-del-jamon\/","og_site_name":"Viajar","article_publisher":"https:\/\/www.facebook.com\/euroresidentes\/","article_published_time":"2010-10-09T11:02:00+00:00","article_modified_time":"2016-04-05T13:15:49+00:00","og_image":[{"width":320,"height":168,"url":"https:\/\/www.euroresidentes.com\/viajes\/viajar\/wp-content\/uploads\/sites\/3\/2010\/10\/110.jpg","type":"image\/jpeg"}],"author":"Euroresidentes","twitter_card":"summary_large_image","twitter_misc":{"Written by":"Euroresidentes","Est. reading time":"2 minutos"},"schema":{"@context":"https:\/\/schema.org","@graph":[{"@type":"WebPage","@id":"https:\/\/www.euroresidentes.com\/viajes\/viajar\/aracena-la-cuna-del-jamon\/","url":"https:\/\/www.euroresidentes.com\/viajes\/viajar\/aracena-la-cuna-del-jamon\/","name":"Aracena, la cuna del jam\u00f3n - Viajar","isPartOf":{"@id":"https:\/\/www.euroresidentes.com\/viajes\/viajar\/#website"},"primaryImageOfPage":{"@id":"https:\/\/www.euroresidentes.com\/viajes\/viajar\/aracena-la-cuna-del-jamon\/#primaryimage"},"image":{"@id":"https:\/\/www.euroresidentes.com\/viajes\/viajar\/aracena-la-cuna-del-jamon\/#primaryimage"},"thumbnailUrl":"https:\/\/www.euroresidentes.com\/viajes\/viajar\/wp-content\/uploads\/sites\/3\/2010\/10\/110.jpg","datePublished":"2010-10-09T11:02:00+00:00","dateModified":"2016-04-05T13:15:49+00:00","author":{"@id":"https:\/\/www.euroresidentes.com\/viajes\/viajar\/#\/schema\/person\/4bbb21ebb04e241332a6c1c0c1f40bc1"},"breadcrumb":{"@id":"https:\/\/www.euroresidentes.com\/viajes\/viajar\/aracena-la-cuna-del-jamon\/#breadcrumb"},"inLanguage":"es","potentialAction":[{"@type":"ReadAction","target":["https:\/\/www.euroresidentes.com\/viajes\/viajar\/aracena-la-cuna-del-jamon\/"]}]},{"@type":"ImageObject","inLanguage":"es","@id":"https:\/\/www.euroresidentes.com\/viajes\/viajar\/aracena-la-cuna-del-jamon\/#primaryimage","url":"https:\/\/www.euroresidentes.com\/viajes\/viajar\/wp-content\/uploads\/sites\/3\/2010\/10\/110.jpg","contentUrl":"https:\/\/www.euroresidentes.com\/viajes\/viajar\/wp-content\/uploads\/sites\/3\/2010\/10\/110.jpg","width":320,"height":168},{"@type":"BreadcrumbList","@id":"https:\/\/www.euroresidentes.com\/viajes\/viajar\/aracena-la-cuna-del-jamon\/#breadcrumb","itemListElement":[{"@type":"ListItem","position":1,"name":"Portada","item":"https:\/\/www.euroresidentes.com\/viajes\/viajar\/"},{"@type":"ListItem","position":2,"name":"Aracena, la cuna del jam\u00f3n"}]},{"@type":"WebSite","@id":"https:\/\/www.euroresidentes.com\/viajes\/viajar\/#website","url":"https:\/\/www.euroresidentes.com\/viajes\/viajar\/","name":"Viajar","description":"Viajar Euroresidentes","potentialAction":[{"@type":"SearchAction","target":{"@type":"EntryPoint","urlTemplate":"https:\/\/www.euroresidentes.com\/viajes\/viajar\/?s={search_term_string}"},"query-input":{"@type":"PropertyValueSpecification","valueRequired":true,"valueName":"search_term_string"}}],"inLanguage":"es"},{"@type":"Person","@id":"https:\/\/www.euroresidentes.com\/viajes\/viajar\/#\/schema\/person\/4bbb21ebb04e241332a6c1c0c1f40bc1","name":"Euroresidentes","image":{"@type":"ImageObject","inLanguage":"es","@id":"https:\/\/www.euroresidentes.com\/viajes\/viajar\/#\/schema\/person\/image\/","url":"https:\/\/www.euroresidentes.com\/viajes\/viajar\/wp-content\/uploads\/sites\/3\/2016\/03\/logo-euroresidentes-150x150.jpg","contentUrl":"https:\/\/www.euroresidentes.com\/viajes\/viajar\/wp-content\/uploads\/sites\/3\/2016\/03\/logo-euroresidentes-150x150.jpg","caption":"Euroresidentes"},"description":"EuroresidentesContenidos \u00fatiles que ayudan a resolver las necesidades grandes y peque\u00f1as de al vida cotidiana.","sameAs":["https:\/\/www.euroresidentes.com\/info.htm"],"url":"https:\/\/www.euroresidentes.com\/viajes\/viajar\/author\/euroresidentes\/"}]}},"_links":{"self":[{"href":"https:\/\/www.euroresidentes.com\/viajes\/viajar\/wp-json\/wp\/v2\/posts\/1335","targetHints":{"allow":["GET"]}}],"collection":[{"href":"https:\/\/www.euroresidentes.com\/viajes\/viajar\/wp-json\/wp\/v2\/posts"}],"about":[{"href":"https:\/\/www.euroresidentes.com\/viajes\/viajar\/wp-json\/wp\/v2\/types\/post"}],"author":[{"embeddable":true,"href":"https:\/\/www.euroresidentes.com\/viajes\/viajar\/wp-json\/wp\/v2\/users\/1"}],"replies":[{"embeddable":true,"href":"https:\/\/www.euroresidentes.com\/viajes\/viajar\/wp-json\/wp\/v2\/comments?post=1335"}],"version-history":[{"count":1,"href":"https:\/\/www.euroresidentes.com\/viajes\/viajar\/wp-json\/wp\/v2\/posts\/1335\/revisions"}],"predecessor-version":[{"id":1837,"href":"https:\/\/www.euroresidentes.com\/viajes\/viajar\/wp-json\/wp\/v2\/posts\/1335\/revisions\/1837"}],"wp:featuredmedia":[{"embeddable":true,"href":"https:\/\/www.euroresidentes.com\/viajes\/viajar\/wp-json\/wp\/v2\/media\/1833"}],"wp:attachment":[{"href":"https:\/\/www.euroresidentes.com\/viajes\/viajar\/wp-json\/wp\/v2\/media?parent=1335"}],"wp:term":[{"taxonomy":"category","embeddable":true,"href":"https:\/\/www.euroresidentes.com\/viajes\/viajar\/wp-json\/wp\/v2\/categories?post=1335"},{"taxonomy":"post_tag","embeddable":true,"href":"https:\/\/www.euroresidentes.com\/viajes\/viajar\/wp-json\/wp\/v2\/tags?post=1335"}],"curies":[{"name":"wp","href":"https:\/\/api.w.org\/{rel}","templated":true}]}}