{"id":1333,"date":"2010-10-12T08:52:00","date_gmt":"2010-10-12T08:52:00","guid":{"rendered":"https:\/\/www.euroresidentes.com\/viajes\/viajar\/ecija-la-de-las-torres"},"modified":"2016-03-10T20:12:23","modified_gmt":"2016-03-10T20:12:23","slug":"ecija-la-de-las-torres","status":"publish","type":"post","link":"https:\/\/www.euroresidentes.com\/viajes\/viajar\/ecija-la-de-las-torres\/","title":{"rendered":"\u00c9cija, la de las torres"},"content":{"rendered":"<p><a href=\"http:\/\/4.bp.blogspot.com\/_aRPnE4Kp4iI\/TLQig22eruI\/AAAAAAAAAKY\/wjEqs1jY1Uk\/s1600\/IMG_3972.JPG\"><img decoding=\"async\" style=\"MARGIN: 0px 0px 10px 10px; WIDTH: 320px; FLOAT: right; HEIGHT: 240px; CURSOR: hand\" id=\"BLOGGER_PHOTO_ID_5527080590565617378\" border=\"0\" alt=\"\" src=\"https:\/\/www.euroresidentes.com\/viajes\/viajar\/wp-content\/uploads\/sites\/3\/2010\/10\/IMG_3972.jpg\" \/><\/a>Llegamos a \u00c9cija a eso de las seis de la tarde. Nos cost\u00f3 mucho encontrar el hotel, pues la se\u00f1alizaci\u00f3n vial de la ciudad deja mucho que desear y es bastante laber\u00edntica para la circulaci\u00f3n en autom\u00f3vil pues las calles est\u00e1n empedradas de tal manera que hace inc\u00f3modo el desplazamiento en coche por ellas. Ser\u00e1 en beneficio de los peatones, pens\u00e9 yo. Pero no, para los peatones resulta mucho m\u00e1s inc\u00f3modo como pudimos comprobar posteriormente. El hotel donde nos hospedamos se llama Infanta Leonor. Es de reciente inauguraci\u00f3n y de un estilo muy moderno. Hotel-boutique se define en su folleto promocional, aunque yo no vi ninguna boutique por ning\u00fan lado. Contrasta en gran manera con el entorno pues la ciudad, llamada la de las torres, parece bastante pueblerina. En el buen sentido, por supuesto. Era s\u00e1bado y se ve\u00eda alguna pandillita de mozalbetes tonteando por las calles como en los viejos tiempos y a los jubilados apoyados en los poco<a href=\"http:\/\/3.bp.blogspot.com\/_aRPnE4Kp4iI\/TLQi7f3rqTI\/AAAAAAAAAKg\/ObMJgSaylvE\/s1600\/IMG_3974.JPG\"><img decoding=\"async\" style=\"MARGIN: 0px 10px 10px 0px; WIDTH: 320px; FLOAT: left; HEIGHT: 240px; CURSOR: hand\" id=\"BLOGGER_PHOTO_ID_5527081048253114674\" border=\"0\" alt=\"\" src=\"https:\/\/www.euroresidentes.com\/viajes\/viajar\/wp-content\/uploads\/sites\/3\/2010\/10\/IMG_3974.jpg\" \/><\/a>s quioscos de refrescos abiertos que hab\u00eda en alguna de las aceras. Todo el comercio estaba cerrado.<br \/>Durante el paseo que dimos antes de cenar vimos que varias de las torres de sus iglesias estaban en restauraci\u00f3n. El plan E, dec\u00edan los carteles situados a pie de obra. Daba la impresi\u00f3n de que el patrimonio de la ciudad que pudimos ver, las fachadas de los edificios, las calles, estaba algo descuidado. El interior de los edificios no lo pudimos ver al no estar en hora de visita. Aunque se anuncian distintos recorridos para admirar los monumentos, las calles no son peatonales y a pesar de no haber gente por ser s\u00e1bado por la tarde, el paseo se hizo bastante inc\u00f3modo debido al paso continuo de veh\u00edculos.<br \/>En \u00c9cija hay una gran cantidad de iglesias y conventos. Alguno tiene fama por los dulces que elaboran sus monjas de clausura. De hecho nos dijeron que desde uno de ellos suministran los dulces a la Casa Real, pero no supieron decirnos exactamente cu\u00e1l de ello<a href=\"http:\/\/1.bp.blogspot.com\/_aRPnE4Kp4iI\/TLQjznVcFdI\/AAAAAAAAAKo\/B_SRv0gOwEI\/s1600\/IMG_3967.JPG\"><img decoding=\"async\" style=\"MARGIN: 0px 0px 10px 10px; WIDTH: 320px; FLOAT: right; HEIGHT: 240px; CURSOR: hand\" id=\"BLOGGER_PHOTO_ID_5527082012329645522\" border=\"0\" alt=\"\" src=\"https:\/\/www.euroresidentes.com\/viajes\/viajar\/wp-content\/uploads\/sites\/3\/2010\/10\/IMG_3967.jpg\" \/><\/a>s era. Nosotros compramos unos bizcochos de almendra en el convento de Santa Florentina, seg\u00fan dicen el m\u00e1s antiguo de \u00c9cija, famoso por sus dulces de almendra y que es de las Dominicas. Por supuesto la compra se realiz\u00f3 a trav\u00e9s del torno y tras la respuesta acertada al saludo de la moja que nos atendi\u00f3.\u201dAve Mar\u00eda Pur\u00edsima\u201d. \u201cSin pecado concebida\u201d, respondimos.<br \/>Antes de regresar al hotel pasamos por la plaza del Ayuntamiento. Nos acercamos a la calle Plater\u00eda, al bar restaurante del mismo nombre (recomendado tambi\u00e9n por mi amigo Antonio), con la int<a href=\"http:\/\/3.bp.blogspot.com\/_aRPnE4Kp4iI\/TLQkY83F1-I\/AAAAAAAAAKw\/UHc-ip6W1o4\/s1600\/IMG_3965.JPG\"><img decoding=\"async\" style=\"MARGIN: 0px 10px 10px 0px; WIDTH: 133px; FLOAT: left; HEIGHT: 200px; CURSOR: hand\" id=\"BLOGGER_PHOTO_ID_5527082653763098594\" border=\"0\" alt=\"\" src=\"https:\/\/www.euroresidentes.com\/viajes\/viajar\/wp-content\/uploads\/sites\/3\/2010\/10\/IMG_3965.jpg\" \/><\/a>enci\u00f3n de tomar unas tapas, pero estaban celebrando una fiesta particular y no estaba abierto al p\u00fablico. Creo que deb\u00eda ser la fiesta de alguna cofrad\u00eda de Semana Santa, ya que vimos en otros locales pertenecientes a hermandades o cofrad\u00edas, celebraciones similares. Debe ser costumbre reunirse el s\u00e1bado despu\u00e9s de la Semana Santa para comentar festiva y familiarmente los detalles y las an\u00e9cdotas ocurridas durante la celebraci\u00f3n de las procesiones de la Semana Santa.<br \/>La cena fue tranquil\u00edsima, casi privada. Est\u00e1bamos solos en el Restaurante del hotel, atendidos por un ma\u00eetre y una camarera pendientes de todas nuestras indicaciones. Hasta tal punto que hab\u00eda un gran televisor que hicimos encender a petici\u00f3n de Rub\u00e9n para ver la primera parte de un partido de futbol que disputaba el Bar\u00e7a y que al final gan\u00f3 0-2. Con el cero a uno subimos a la habitaci\u00f3n, donde hab\u00eda dos televisores. Al final y despu\u00e9s del 0-2 Rub\u00e9n estaba content\u00edsimo. Dec\u00eda \u201che visto ganar al Bar\u00e7a en tres televisores a la vez\u2026\u201d<br \/>A la ma\u00f1ana siguiente emprendimos el viaje de regreso, parando, antes de salir de Andaluc\u00eda, en Venta Quemada, entre Cullar y V\u00e9lez-Rubio, para degustar unas sabrosas chuletas de cordero y comprar jam\u00f3n de Granada, que aunque no es el ib\u00e9rico de Huelva, tampoco est\u00e1 nada mal. <img decoding=\"async\" style=\"TEXT-ALIGN: center; MARGIN: 0px auto 10px; WIDTH: 320px; DISPLAY: block; HEIGHT: 240px; CURSOR: hand\" id=\"BLOGGER_PHOTO_ID_5527083333150839346\" border=\"0\" alt=\"\" src=\"https:\/\/www.euroresidentes.com\/viajes\/viajar\/wp-content\/uploads\/sites\/3\/2010\/10\/IMG_3977.jpg\" \/><\/p>\n","protected":false},"excerpt":{"rendered":"<p>Llegamos a \u00c9cija a eso de las seis de la tarde. Nos cost\u00f3 mucho encontrar el hotel, pues la se\u00f1alizaci\u00f3n vial de la ciudad deja mucho que desear y es bastante laber\u00edntica para la circulaci\u00f3n en autom\u00f3vil pues las calles est\u00e1n empedradas de tal manera que hace inc\u00f3modo el desplazamiento en coche por ellas. Ser\u00e1 en beneficio de los peatones, pens\u00e9 yo. Pero no, para los peatones resulta mucho m\u00e1s inc\u00f3modo como pudimos comprobar posteriormente. El hotel donde nos hospedamos se llama Infanta Leonor. Es de reciente inauguraci\u00f3n y de un estilo muy moderno. Hotel-boutique se define en su folleto <\/p>\n","protected":false},"author":1,"featured_media":1823,"comment_status":"open","ping_status":"open","sticky":false,"template":"","format":"standard","meta":{"footnotes":""},"categories":[1],"tags":[],"class_list":["post-1333","post","type-post","status-publish","format-standard","has-post-thumbnail","hentry","category-general","has_thumb"],"yoast_head":"<!-- This site is optimized with the Yoast SEO plugin v24.1 - https:\/\/yoast.com\/wordpress\/plugins\/seo\/ -->\n<title>\u00c9cija, la de las torres - Viajar<\/title>\n<meta name=\"robots\" content=\"index, follow, max-snippet:-1, max-image-preview:large, max-video-preview:-1\" \/>\n<link rel=\"canonical\" href=\"https:\/\/www.euroresidentes.com\/viajes\/viajar\/ecija-la-de-las-torres\/\" \/>\n<meta property=\"og:locale\" content=\"es_ES\" \/>\n<meta property=\"og:type\" content=\"article\" \/>\n<meta property=\"og:title\" content=\"\u00c9cija, la de las torres - Viajar\" \/>\n<meta property=\"og:description\" content=\"Llegamos a \u00c9cija a eso de las seis de la tarde. Nos cost\u00f3 mucho encontrar el hotel, pues la se\u00f1alizaci\u00f3n vial de la ciudad deja mucho que desear y es bastante laber\u00edntica para la circulaci\u00f3n en autom\u00f3vil pues las calles est\u00e1n empedradas de tal manera que hace inc\u00f3modo el desplazamiento en coche por ellas. Ser\u00e1 en beneficio de los peatones, pens\u00e9 yo. Pero no, para los peatones resulta mucho m\u00e1s inc\u00f3modo como pudimos comprobar posteriormente. El hotel donde nos hospedamos se llama Infanta Leonor. Es de reciente inauguraci\u00f3n y de un estilo muy moderno. Hotel-boutique se define en su folleto\" \/>\n<meta property=\"og:url\" content=\"https:\/\/www.euroresidentes.com\/viajes\/viajar\/ecija-la-de-las-torres\/\" \/>\n<meta property=\"og:site_name\" content=\"Viajar\" \/>\n<meta property=\"article:publisher\" content=\"https:\/\/www.facebook.com\/euroresidentes\/\" \/>\n<meta property=\"article:published_time\" content=\"2010-10-12T08:52:00+00:00\" \/>\n<meta property=\"article:modified_time\" content=\"2016-03-10T20:12:23+00:00\" \/>\n<meta property=\"og:image\" content=\"https:\/\/www.euroresidentes.com\/viajes\/viajar\/wp-content\/uploads\/sites\/3\/2010\/10\/IMG_3972.jpg\" \/>\n\t<meta property=\"og:image:width\" content=\"320\" \/>\n\t<meta property=\"og:image:height\" content=\"240\" \/>\n\t<meta property=\"og:image:type\" content=\"image\/jpeg\" \/>\n<meta name=\"author\" content=\"Euroresidentes\" \/>\n<meta name=\"twitter:card\" content=\"summary_large_image\" \/>\n<meta name=\"twitter:label1\" content=\"Written by\" \/>\n\t<meta name=\"twitter:data1\" content=\"Euroresidentes\" \/>\n\t<meta name=\"twitter:label2\" content=\"Est. reading time\" \/>\n\t<meta name=\"twitter:data2\" content=\"3 minutos\" \/>\n<script type=\"application\/ld+json\" class=\"yoast-schema-graph\">{\"@context\":\"https:\/\/schema.org\",\"@graph\":[{\"@type\":\"WebPage\",\"@id\":\"https:\/\/www.euroresidentes.com\/viajes\/viajar\/ecija-la-de-las-torres\/\",\"url\":\"https:\/\/www.euroresidentes.com\/viajes\/viajar\/ecija-la-de-las-torres\/\",\"name\":\"\u00c9cija, la de las torres - Viajar\",\"isPartOf\":{\"@id\":\"https:\/\/www.euroresidentes.com\/viajes\/viajar\/#website\"},\"primaryImageOfPage\":{\"@id\":\"https:\/\/www.euroresidentes.com\/viajes\/viajar\/ecija-la-de-las-torres\/#primaryimage\"},\"image\":{\"@id\":\"https:\/\/www.euroresidentes.com\/viajes\/viajar\/ecija-la-de-las-torres\/#primaryimage\"},\"thumbnailUrl\":\"https:\/\/www.euroresidentes.com\/viajes\/viajar\/wp-content\/uploads\/sites\/3\/2010\/10\/IMG_3972.jpg\",\"datePublished\":\"2010-10-12T08:52:00+00:00\",\"dateModified\":\"2016-03-10T20:12:23+00:00\",\"author\":{\"@id\":\"https:\/\/www.euroresidentes.com\/viajes\/viajar\/#\/schema\/person\/4bbb21ebb04e241332a6c1c0c1f40bc1\"},\"breadcrumb\":{\"@id\":\"https:\/\/www.euroresidentes.com\/viajes\/viajar\/ecija-la-de-las-torres\/#breadcrumb\"},\"inLanguage\":\"es\",\"potentialAction\":[{\"@type\":\"ReadAction\",\"target\":[\"https:\/\/www.euroresidentes.com\/viajes\/viajar\/ecija-la-de-las-torres\/\"]}]},{\"@type\":\"ImageObject\",\"inLanguage\":\"es\",\"@id\":\"https:\/\/www.euroresidentes.com\/viajes\/viajar\/ecija-la-de-las-torres\/#primaryimage\",\"url\":\"https:\/\/www.euroresidentes.com\/viajes\/viajar\/wp-content\/uploads\/sites\/3\/2010\/10\/IMG_3972.jpg\",\"contentUrl\":\"https:\/\/www.euroresidentes.com\/viajes\/viajar\/wp-content\/uploads\/sites\/3\/2010\/10\/IMG_3972.jpg\",\"width\":320,\"height\":240},{\"@type\":\"BreadcrumbList\",\"@id\":\"https:\/\/www.euroresidentes.com\/viajes\/viajar\/ecija-la-de-las-torres\/#breadcrumb\",\"itemListElement\":[{\"@type\":\"ListItem\",\"position\":1,\"name\":\"Portada\",\"item\":\"https:\/\/www.euroresidentes.com\/viajes\/viajar\/\"},{\"@type\":\"ListItem\",\"position\":2,\"name\":\"\u00c9cija, la de las torres\"}]},{\"@type\":\"WebSite\",\"@id\":\"https:\/\/www.euroresidentes.com\/viajes\/viajar\/#website\",\"url\":\"https:\/\/www.euroresidentes.com\/viajes\/viajar\/\",\"name\":\"Viajar\",\"description\":\"Viajar Euroresidentes\",\"potentialAction\":[{\"@type\":\"SearchAction\",\"target\":{\"@type\":\"EntryPoint\",\"urlTemplate\":\"https:\/\/www.euroresidentes.com\/viajes\/viajar\/?s={search_term_string}\"},\"query-input\":{\"@type\":\"PropertyValueSpecification\",\"valueRequired\":true,\"valueName\":\"search_term_string\"}}],\"inLanguage\":\"es\"},{\"@type\":\"Person\",\"@id\":\"https:\/\/www.euroresidentes.com\/viajes\/viajar\/#\/schema\/person\/4bbb21ebb04e241332a6c1c0c1f40bc1\",\"name\":\"Euroresidentes\",\"image\":{\"@type\":\"ImageObject\",\"inLanguage\":\"es\",\"@id\":\"https:\/\/www.euroresidentes.com\/viajes\/viajar\/#\/schema\/person\/image\/\",\"url\":\"https:\/\/www.euroresidentes.com\/viajes\/viajar\/wp-content\/uploads\/sites\/3\/2016\/03\/logo-euroresidentes-150x150.jpg\",\"contentUrl\":\"https:\/\/www.euroresidentes.com\/viajes\/viajar\/wp-content\/uploads\/sites\/3\/2016\/03\/logo-euroresidentes-150x150.jpg\",\"caption\":\"Euroresidentes\"},\"description\":\"EuroresidentesContenidos \u00fatiles que ayudan a resolver las necesidades grandes y peque\u00f1as de al vida cotidiana.\",\"sameAs\":[\"https:\/\/www.euroresidentes.com\/info.htm\"],\"url\":\"https:\/\/www.euroresidentes.com\/viajes\/viajar\/author\/euroresidentes\/\"}]}<\/script>\n<!-- \/ Yoast SEO plugin. -->","yoast_head_json":{"title":"\u00c9cija, la de las torres - Viajar","robots":{"index":"index","follow":"follow","max-snippet":"max-snippet:-1","max-image-preview":"max-image-preview:large","max-video-preview":"max-video-preview:-1"},"canonical":"https:\/\/www.euroresidentes.com\/viajes\/viajar\/ecija-la-de-las-torres\/","og_locale":"es_ES","og_type":"article","og_title":"\u00c9cija, la de las torres - Viajar","og_description":"Llegamos a \u00c9cija a eso de las seis de la tarde. Nos cost\u00f3 mucho encontrar el hotel, pues la se\u00f1alizaci\u00f3n vial de la ciudad deja mucho que desear y es bastante laber\u00edntica para la circulaci\u00f3n en autom\u00f3vil pues las calles est\u00e1n empedradas de tal manera que hace inc\u00f3modo el desplazamiento en coche por ellas. Ser\u00e1 en beneficio de los peatones, pens\u00e9 yo. Pero no, para los peatones resulta mucho m\u00e1s inc\u00f3modo como pudimos comprobar posteriormente. El hotel donde nos hospedamos se llama Infanta Leonor. Es de reciente inauguraci\u00f3n y de un estilo muy moderno. Hotel-boutique se define en su folleto","og_url":"https:\/\/www.euroresidentes.com\/viajes\/viajar\/ecija-la-de-las-torres\/","og_site_name":"Viajar","article_publisher":"https:\/\/www.facebook.com\/euroresidentes\/","article_published_time":"2010-10-12T08:52:00+00:00","article_modified_time":"2016-03-10T20:12:23+00:00","og_image":[{"width":320,"height":240,"url":"https:\/\/www.euroresidentes.com\/viajes\/viajar\/wp-content\/uploads\/sites\/3\/2010\/10\/IMG_3972.jpg","type":"image\/jpeg"}],"author":"Euroresidentes","twitter_card":"summary_large_image","twitter_misc":{"Written by":"Euroresidentes","Est. reading time":"3 minutos"},"schema":{"@context":"https:\/\/schema.org","@graph":[{"@type":"WebPage","@id":"https:\/\/www.euroresidentes.com\/viajes\/viajar\/ecija-la-de-las-torres\/","url":"https:\/\/www.euroresidentes.com\/viajes\/viajar\/ecija-la-de-las-torres\/","name":"\u00c9cija, la de las torres - Viajar","isPartOf":{"@id":"https:\/\/www.euroresidentes.com\/viajes\/viajar\/#website"},"primaryImageOfPage":{"@id":"https:\/\/www.euroresidentes.com\/viajes\/viajar\/ecija-la-de-las-torres\/#primaryimage"},"image":{"@id":"https:\/\/www.euroresidentes.com\/viajes\/viajar\/ecija-la-de-las-torres\/#primaryimage"},"thumbnailUrl":"https:\/\/www.euroresidentes.com\/viajes\/viajar\/wp-content\/uploads\/sites\/3\/2010\/10\/IMG_3972.jpg","datePublished":"2010-10-12T08:52:00+00:00","dateModified":"2016-03-10T20:12:23+00:00","author":{"@id":"https:\/\/www.euroresidentes.com\/viajes\/viajar\/#\/schema\/person\/4bbb21ebb04e241332a6c1c0c1f40bc1"},"breadcrumb":{"@id":"https:\/\/www.euroresidentes.com\/viajes\/viajar\/ecija-la-de-las-torres\/#breadcrumb"},"inLanguage":"es","potentialAction":[{"@type":"ReadAction","target":["https:\/\/www.euroresidentes.com\/viajes\/viajar\/ecija-la-de-las-torres\/"]}]},{"@type":"ImageObject","inLanguage":"es","@id":"https:\/\/www.euroresidentes.com\/viajes\/viajar\/ecija-la-de-las-torres\/#primaryimage","url":"https:\/\/www.euroresidentes.com\/viajes\/viajar\/wp-content\/uploads\/sites\/3\/2010\/10\/IMG_3972.jpg","contentUrl":"https:\/\/www.euroresidentes.com\/viajes\/viajar\/wp-content\/uploads\/sites\/3\/2010\/10\/IMG_3972.jpg","width":320,"height":240},{"@type":"BreadcrumbList","@id":"https:\/\/www.euroresidentes.com\/viajes\/viajar\/ecija-la-de-las-torres\/#breadcrumb","itemListElement":[{"@type":"ListItem","position":1,"name":"Portada","item":"https:\/\/www.euroresidentes.com\/viajes\/viajar\/"},{"@type":"ListItem","position":2,"name":"\u00c9cija, la de las torres"}]},{"@type":"WebSite","@id":"https:\/\/www.euroresidentes.com\/viajes\/viajar\/#website","url":"https:\/\/www.euroresidentes.com\/viajes\/viajar\/","name":"Viajar","description":"Viajar Euroresidentes","potentialAction":[{"@type":"SearchAction","target":{"@type":"EntryPoint","urlTemplate":"https:\/\/www.euroresidentes.com\/viajes\/viajar\/?s={search_term_string}"},"query-input":{"@type":"PropertyValueSpecification","valueRequired":true,"valueName":"search_term_string"}}],"inLanguage":"es"},{"@type":"Person","@id":"https:\/\/www.euroresidentes.com\/viajes\/viajar\/#\/schema\/person\/4bbb21ebb04e241332a6c1c0c1f40bc1","name":"Euroresidentes","image":{"@type":"ImageObject","inLanguage":"es","@id":"https:\/\/www.euroresidentes.com\/viajes\/viajar\/#\/schema\/person\/image\/","url":"https:\/\/www.euroresidentes.com\/viajes\/viajar\/wp-content\/uploads\/sites\/3\/2016\/03\/logo-euroresidentes-150x150.jpg","contentUrl":"https:\/\/www.euroresidentes.com\/viajes\/viajar\/wp-content\/uploads\/sites\/3\/2016\/03\/logo-euroresidentes-150x150.jpg","caption":"Euroresidentes"},"description":"EuroresidentesContenidos \u00fatiles que ayudan a resolver las necesidades grandes y peque\u00f1as de al vida cotidiana.","sameAs":["https:\/\/www.euroresidentes.com\/info.htm"],"url":"https:\/\/www.euroresidentes.com\/viajes\/viajar\/author\/euroresidentes\/"}]}},"_links":{"self":[{"href":"https:\/\/www.euroresidentes.com\/viajes\/viajar\/wp-json\/wp\/v2\/posts\/1333","targetHints":{"allow":["GET"]}}],"collection":[{"href":"https:\/\/www.euroresidentes.com\/viajes\/viajar\/wp-json\/wp\/v2\/posts"}],"about":[{"href":"https:\/\/www.euroresidentes.com\/viajes\/viajar\/wp-json\/wp\/v2\/types\/post"}],"author":[{"embeddable":true,"href":"https:\/\/www.euroresidentes.com\/viajes\/viajar\/wp-json\/wp\/v2\/users\/1"}],"replies":[{"embeddable":true,"href":"https:\/\/www.euroresidentes.com\/viajes\/viajar\/wp-json\/wp\/v2\/comments?post=1333"}],"version-history":[{"count":1,"href":"https:\/\/www.euroresidentes.com\/viajes\/viajar\/wp-json\/wp\/v2\/posts\/1333\/revisions"}],"predecessor-version":[{"id":1828,"href":"https:\/\/www.euroresidentes.com\/viajes\/viajar\/wp-json\/wp\/v2\/posts\/1333\/revisions\/1828"}],"wp:featuredmedia":[{"embeddable":true,"href":"https:\/\/www.euroresidentes.com\/viajes\/viajar\/wp-json\/wp\/v2\/media\/1823"}],"wp:attachment":[{"href":"https:\/\/www.euroresidentes.com\/viajes\/viajar\/wp-json\/wp\/v2\/media?parent=1333"}],"wp:term":[{"taxonomy":"category","embeddable":true,"href":"https:\/\/www.euroresidentes.com\/viajes\/viajar\/wp-json\/wp\/v2\/categories?post=1333"},{"taxonomy":"post_tag","embeddable":true,"href":"https:\/\/www.euroresidentes.com\/viajes\/viajar\/wp-json\/wp\/v2\/tags?post=1333"}],"curies":[{"name":"wp","href":"https:\/\/api.w.org\/{rel}","templated":true}]}}