{"id":1329,"date":"2010-11-01T10:25:00","date_gmt":"2010-11-01T10:25:00","guid":{"rendered":"https:\/\/www.euroresidentes.com\/viajes\/viajar\/huesca-san-pedro-el-viejo"},"modified":"2016-03-10T20:12:23","modified_gmt":"2016-03-10T20:12:23","slug":"huesca-san-pedro-el-viejo","status":"publish","type":"post","link":"https:\/\/www.euroresidentes.com\/viajes\/viajar\/huesca-san-pedro-el-viejo\/","title":{"rendered":"Huesca. San Pedro el Viejo"},"content":{"rendered":"<p><a href=\"http:\/\/2.bp.blogspot.com\/_aRPnE4Kp4iI\/TM6YjyO-V6I\/AAAAAAAAAOc\/CHcsODP08aE\/s1600\/IMG_4031.JPG\"><img decoding=\"async\" style=\"MARGIN: 0px 0px 10px 10px; WIDTH: 320px; FLOAT: right; HEIGHT: 240px; CURSOR: hand\" id=\"BLOGGER_PHOTO_ID_5534528732632340386\" border=\"0\" alt=\"\" src=\"https:\/\/www.euroresidentes.com\/viajes\/viajar\/wp-content\/uploads\/sites\/3\/2010\/11\/IMG_4031.jpg\" \/><\/a>Una tarde del pasado mes de mayo viaj\u00e9 a Huesca en AVE. Porque el AVE llega hasta Huesca. Una vez al d\u00eda y los viernes dos veces desde hace cinco a\u00f1os. La mayor\u00eda de los viajeros se apearon en Zaragoza, por lo que tan s\u00f3lo llegamos al final del trayecto no m\u00e1s de treinta o cuarenta personas. No est\u00e1 mal. Vaya lujo para la ciudad. Madrid a poco m\u00e1s de dos horas.<br \/>Me encamin\u00e9 hacia el hotel Abba Huesca que est\u00e1 muy cerquita de la estaci\u00f3n y bastante bien situado, cerca del centro de la ciudad. En el lobby del hotel me fij\u00e9 en una placa conmemorativa de su inauguraci\u00f3n. Se abri\u00f3 en el a\u00f1o 2007, con lo que me hizo pensar que la llegada del AVE hab\u00eda tenido algo que ver en su apertura, ya que era el \u00fanico hotel de cuatro estrellas de la ciudad. Uno de tres estrellas estaba en ese momento cerrado por obras para adecuarlo a una categor\u00eda superior.<br \/>Baj\u00e9 a cenar al restaurante del hotel que est\u00e1 anunciado como restaurante italiano y que como tal tiene una carta apropiada, pero el camarero, muy amable, me ofreci\u00f3 el men\u00fa del d\u00eda en el que no hab\u00eda ni un solo plato de pasta. Siguiendo sus recomendaciones tom\u00e9 una crema de calabac\u00edn, un codillo de cerdo y de postre peras al vino ba\u00f1adas en chocolate. Estaba todo bastante aceptable pero la comida era muy abundante y me hizo pasar una noche algo pesada. En el restaurante hab\u00eda un grupo de turistas alemanes, que no hab\u00edan venido en AVE, sino en un autocar que estaba estacionado en la puerta y dos mesas ocupadas, una por un caballero s\u00f3lo y la otra por dos am<a href=\"http:\/\/1.bp.blogspot.com\/_aRPnE4Kp4iI\/TM6WtEC48TI\/AAAAAAAAAOE\/AL0jos_2CWM\/s1600\/IMG_4011.JPG\"><img decoding=\"async\" style=\"MARGIN: 0px 10px 10px 0px; WIDTH: 245px; FLOAT: left; HEIGHT: 199px; CURSOR: hand\" id=\"BLOGGER_PHOTO_ID_5534526693009060146\" border=\"0\" alt=\"\" src=\"https:\/\/www.euroresidentes.com\/viajes\/viajar\/wp-content\/uploads\/sites\/3\/2010\/11\/IMG_4011.jpg\" \/><\/a>igos que parec\u00eda que no se hab\u00edan visto desde hac\u00eda un cierto tiempo y que resultaron ser los maquinistas del tren, seg\u00fan me inform\u00f3 el camarero. \u201cCoinciden en este trayecto una vez al mes y vienen siempre aqu\u00ed\u201d, me dijo. \u201cHacen un ciclo de rutas distinto y cambian todos los d\u00edas de trayecto. Debe ser por criterios de productividad de la empresa\u2026\u201d.<\/p>\n<div>\n<div><\/p>\n<div>\n<div>Por la ma\u00f1ana me dispuse a visitar la ciudad con el objetivo de localizar la iglesia de San Pedro el Viejo. Tuve que pasar por la Plaza de Navarra que es como la antesala del barrio antiguo de Huesca. En la plaza se encuentra la Diputaci\u00f3n Provincial y al fondo el casino, con su gran fachada modernista. Detr\u00e1s del casino est\u00e1 el parque municipal donde se encuentran las famosas pajaritas, escultura monumento a la papiroflexia de Ram\u00f3n Ac\u00edn y que hoy d\u00eda son el s\u00edmbolo de la ciudad. Siguiendo hacia el norte se pasa por los P\u00f3rticos de G<a href=\"http:\/\/2.bp.blogspot.com\/_aRPnE4Kp4iI\/TM6XdB0tSnI\/AAAAAAAAAOM\/VB6OQFqO4cI\/s1600\/IMG_4002.JPG\"><img decoding=\"async\" style=\"MARGIN: 0px 0px 10px 10px; WIDTH: 312px; FLOAT: right; HEIGHT: 230px; CURSOR: hand\" id=\"BLOGGER_PHOTO_ID_5534527517046426226\" border=\"0\" alt=\"\" src=\"https:\/\/www.euroresidentes.com\/viajes\/viajar\/wp-content\/uploads\/sites\/3\/2010\/11\/IMG_4002.jpg\" \/><\/a>alicia y te encuentras con la esquina donde se unen las dos calles m\u00e1s comerciales de la ciudad. A la izquierda el Coso Alto y a la derecha el Coso Bajo. Se llaman as\u00ed porque siguen el trazado de la muralla de la antigua ciudad. Siguiendo en l\u00ednea recta se llega, ya por un trazado peatonal, a la plaza L\u00f3pez Allu\u00e9, muy cerquita de la cual est\u00e1 la iglesia de San Pedro el Viejo con su claustro rom\u00e1nico. La iglesia, enclavada entre las casas de la ciudad, es de estilo g\u00f3tico con vestigios rom\u00e1nicos y mi inter\u00e9s se centraba en visitar la capilla de los reyes de Arag\u00f3n donde se encuentran los sepulcros de Alfonso I el batallador y de su hermano Ramiro II el monje a la que se accede desde un soberbio claustro rom\u00e1nico. Tuve que esperar un ratillo para poder entrar al claustro, pues estaba yo como \u00fanico visitante. Una se\u00f1ora me abri\u00f3 el portal\u00f3n de acceso y cerr\u00f3 tras de m\u00ed, no sin antes indicarme que a la capilla de los reyes no podr\u00eda entrar pues estaban restaur\u00e1ndola. En efecto, hab\u00eda all\u00ed tres o cuatro alba\u00f1iles trabajando y ellos fueron mi compa\u00f1\u00eda durante la visita. Al cabo de diez minutos se abri\u00f3 la puerta por donde hab\u00eda entrado y la misma se\u00f1ora me despidi\u00f3 regal\u00e1ndome antes, como compensaci\u00f3n de mi frustrada visita, una tarjeta postal de la capilla de los Reyes.<br \/>L\u00e1stima, s\u00f3lo pude ver de lejos y entre andamios las tumbas de los art\u00edfices de la leyenda de la Campana de Huesca. <img decoding=\"async\" style=\"TEXT-ALIGN: center; MARGIN: 0px auto 10px; WIDTH: 320px; DISPLAY: block; HEIGHT: 240px; CURSOR: hand\" id=\"BLOGGER_PHOTO_ID_5534528162887829554\" border=\"0\" alt=\"\" src=\"https:\/\/www.euroresidentes.com\/viajes\/viajar\/wp-content\/uploads\/sites\/3\/2010\/11\/IMG_4005.jpg\" \/><\/div>\n<\/div>\n<\/div>\n<\/div>\n","protected":false},"excerpt":{"rendered":"<p>Una tarde del pasado mes de mayo viaj\u00e9 a Huesca en AVE. Porque el AVE llega hasta Huesca. Una vez al d\u00eda y los viernes dos veces desde hace cinco a\u00f1os. La mayor\u00eda de los viajeros se apearon en Zaragoza, por lo que tan s\u00f3lo llegamos al final del trayecto no m\u00e1s de treinta o cuarenta personas. No est\u00e1 mal. Vaya lujo para la ciudad. Madrid a poco m\u00e1s de dos horas.Me encamin\u00e9 hacia el hotel Abba Huesca que est\u00e1 muy cerquita de la estaci\u00f3n y bastante bien situado, cerca del centro de la ciudad. En el lobby del hotel <\/p>\n","protected":false},"author":1,"featured_media":1801,"comment_status":"open","ping_status":"open","sticky":false,"template":"","format":"standard","meta":{"footnotes":""},"categories":[1],"tags":[],"class_list":["post-1329","post","type-post","status-publish","format-standard","has-post-thumbnail","hentry","category-general","has_thumb"],"yoast_head":"<!-- This site is optimized with the Yoast SEO plugin v24.1 - https:\/\/yoast.com\/wordpress\/plugins\/seo\/ -->\n<title>Huesca. San Pedro el Viejo - Viajar<\/title>\n<meta name=\"robots\" content=\"index, follow, max-snippet:-1, max-image-preview:large, max-video-preview:-1\" \/>\n<link rel=\"canonical\" href=\"https:\/\/www.euroresidentes.com\/viajes\/viajar\/huesca-san-pedro-el-viejo\/\" \/>\n<meta property=\"og:locale\" content=\"es_ES\" \/>\n<meta property=\"og:type\" content=\"article\" \/>\n<meta property=\"og:title\" content=\"Huesca. San Pedro el Viejo - Viajar\" \/>\n<meta property=\"og:description\" content=\"Una tarde del pasado mes de mayo viaj\u00e9 a Huesca en AVE. Porque el AVE llega hasta Huesca. Una vez al d\u00eda y los viernes dos veces desde hace cinco a\u00f1os. La mayor\u00eda de los viajeros se apearon en Zaragoza, por lo que tan s\u00f3lo llegamos al final del trayecto no m\u00e1s de treinta o cuarenta personas. No est\u00e1 mal. Vaya lujo para la ciudad. Madrid a poco m\u00e1s de dos horas.Me encamin\u00e9 hacia el hotel Abba Huesca que est\u00e1 muy cerquita de la estaci\u00f3n y bastante bien situado, cerca del centro de la ciudad. En el lobby del hotel\" \/>\n<meta property=\"og:url\" content=\"https:\/\/www.euroresidentes.com\/viajes\/viajar\/huesca-san-pedro-el-viejo\/\" \/>\n<meta property=\"og:site_name\" content=\"Viajar\" \/>\n<meta property=\"article:publisher\" content=\"https:\/\/www.facebook.com\/euroresidentes\/\" \/>\n<meta property=\"article:published_time\" content=\"2010-11-01T10:25:00+00:00\" \/>\n<meta property=\"article:modified_time\" content=\"2016-03-10T20:12:23+00:00\" \/>\n<meta property=\"og:image\" content=\"https:\/\/www.euroresidentes.com\/viajes\/viajar\/wp-content\/uploads\/sites\/3\/2010\/11\/IMG_4031.jpg\" \/>\n\t<meta property=\"og:image:width\" content=\"320\" \/>\n\t<meta property=\"og:image:height\" content=\"240\" \/>\n\t<meta property=\"og:image:type\" content=\"image\/jpeg\" \/>\n<meta name=\"author\" content=\"Euroresidentes\" \/>\n<meta name=\"twitter:card\" content=\"summary_large_image\" \/>\n<meta name=\"twitter:label1\" content=\"Written by\" \/>\n\t<meta name=\"twitter:data1\" content=\"Euroresidentes\" \/>\n\t<meta name=\"twitter:label2\" content=\"Est. reading time\" \/>\n\t<meta name=\"twitter:data2\" content=\"4 minutos\" \/>\n<script type=\"application\/ld+json\" class=\"yoast-schema-graph\">{\"@context\":\"https:\/\/schema.org\",\"@graph\":[{\"@type\":\"WebPage\",\"@id\":\"https:\/\/www.euroresidentes.com\/viajes\/viajar\/huesca-san-pedro-el-viejo\/\",\"url\":\"https:\/\/www.euroresidentes.com\/viajes\/viajar\/huesca-san-pedro-el-viejo\/\",\"name\":\"Huesca. San Pedro el Viejo - Viajar\",\"isPartOf\":{\"@id\":\"https:\/\/www.euroresidentes.com\/viajes\/viajar\/#website\"},\"primaryImageOfPage\":{\"@id\":\"https:\/\/www.euroresidentes.com\/viajes\/viajar\/huesca-san-pedro-el-viejo\/#primaryimage\"},\"image\":{\"@id\":\"https:\/\/www.euroresidentes.com\/viajes\/viajar\/huesca-san-pedro-el-viejo\/#primaryimage\"},\"thumbnailUrl\":\"https:\/\/www.euroresidentes.com\/viajes\/viajar\/wp-content\/uploads\/sites\/3\/2010\/11\/IMG_4031.jpg\",\"datePublished\":\"2010-11-01T10:25:00+00:00\",\"dateModified\":\"2016-03-10T20:12:23+00:00\",\"author\":{\"@id\":\"https:\/\/www.euroresidentes.com\/viajes\/viajar\/#\/schema\/person\/4bbb21ebb04e241332a6c1c0c1f40bc1\"},\"breadcrumb\":{\"@id\":\"https:\/\/www.euroresidentes.com\/viajes\/viajar\/huesca-san-pedro-el-viejo\/#breadcrumb\"},\"inLanguage\":\"es\",\"potentialAction\":[{\"@type\":\"ReadAction\",\"target\":[\"https:\/\/www.euroresidentes.com\/viajes\/viajar\/huesca-san-pedro-el-viejo\/\"]}]},{\"@type\":\"ImageObject\",\"inLanguage\":\"es\",\"@id\":\"https:\/\/www.euroresidentes.com\/viajes\/viajar\/huesca-san-pedro-el-viejo\/#primaryimage\",\"url\":\"https:\/\/www.euroresidentes.com\/viajes\/viajar\/wp-content\/uploads\/sites\/3\/2010\/11\/IMG_4031.jpg\",\"contentUrl\":\"https:\/\/www.euroresidentes.com\/viajes\/viajar\/wp-content\/uploads\/sites\/3\/2010\/11\/IMG_4031.jpg\",\"width\":320,\"height\":240},{\"@type\":\"BreadcrumbList\",\"@id\":\"https:\/\/www.euroresidentes.com\/viajes\/viajar\/huesca-san-pedro-el-viejo\/#breadcrumb\",\"itemListElement\":[{\"@type\":\"ListItem\",\"position\":1,\"name\":\"Portada\",\"item\":\"https:\/\/www.euroresidentes.com\/viajes\/viajar\/\"},{\"@type\":\"ListItem\",\"position\":2,\"name\":\"Huesca. San Pedro el Viejo\"}]},{\"@type\":\"WebSite\",\"@id\":\"https:\/\/www.euroresidentes.com\/viajes\/viajar\/#website\",\"url\":\"https:\/\/www.euroresidentes.com\/viajes\/viajar\/\",\"name\":\"Viajar\",\"description\":\"Viajar Euroresidentes\",\"potentialAction\":[{\"@type\":\"SearchAction\",\"target\":{\"@type\":\"EntryPoint\",\"urlTemplate\":\"https:\/\/www.euroresidentes.com\/viajes\/viajar\/?s={search_term_string}\"},\"query-input\":{\"@type\":\"PropertyValueSpecification\",\"valueRequired\":true,\"valueName\":\"search_term_string\"}}],\"inLanguage\":\"es\"},{\"@type\":\"Person\",\"@id\":\"https:\/\/www.euroresidentes.com\/viajes\/viajar\/#\/schema\/person\/4bbb21ebb04e241332a6c1c0c1f40bc1\",\"name\":\"Euroresidentes\",\"image\":{\"@type\":\"ImageObject\",\"inLanguage\":\"es\",\"@id\":\"https:\/\/www.euroresidentes.com\/viajes\/viajar\/#\/schema\/person\/image\/\",\"url\":\"https:\/\/www.euroresidentes.com\/viajes\/viajar\/wp-content\/uploads\/sites\/3\/2016\/03\/logo-euroresidentes-150x150.jpg\",\"contentUrl\":\"https:\/\/www.euroresidentes.com\/viajes\/viajar\/wp-content\/uploads\/sites\/3\/2016\/03\/logo-euroresidentes-150x150.jpg\",\"caption\":\"Euroresidentes\"},\"description\":\"EuroresidentesContenidos \u00fatiles que ayudan a resolver las necesidades grandes y peque\u00f1as de al vida cotidiana.\",\"sameAs\":[\"https:\/\/www.euroresidentes.com\/info.htm\"],\"url\":\"https:\/\/www.euroresidentes.com\/viajes\/viajar\/author\/euroresidentes\/\"}]}<\/script>\n<!-- \/ Yoast SEO plugin. -->","yoast_head_json":{"title":"Huesca. San Pedro el Viejo - Viajar","robots":{"index":"index","follow":"follow","max-snippet":"max-snippet:-1","max-image-preview":"max-image-preview:large","max-video-preview":"max-video-preview:-1"},"canonical":"https:\/\/www.euroresidentes.com\/viajes\/viajar\/huesca-san-pedro-el-viejo\/","og_locale":"es_ES","og_type":"article","og_title":"Huesca. San Pedro el Viejo - Viajar","og_description":"Una tarde del pasado mes de mayo viaj\u00e9 a Huesca en AVE. Porque el AVE llega hasta Huesca. Una vez al d\u00eda y los viernes dos veces desde hace cinco a\u00f1os. La mayor\u00eda de los viajeros se apearon en Zaragoza, por lo que tan s\u00f3lo llegamos al final del trayecto no m\u00e1s de treinta o cuarenta personas. No est\u00e1 mal. Vaya lujo para la ciudad. Madrid a poco m\u00e1s de dos horas.Me encamin\u00e9 hacia el hotel Abba Huesca que est\u00e1 muy cerquita de la estaci\u00f3n y bastante bien situado, cerca del centro de la ciudad. En el lobby del hotel","og_url":"https:\/\/www.euroresidentes.com\/viajes\/viajar\/huesca-san-pedro-el-viejo\/","og_site_name":"Viajar","article_publisher":"https:\/\/www.facebook.com\/euroresidentes\/","article_published_time":"2010-11-01T10:25:00+00:00","article_modified_time":"2016-03-10T20:12:23+00:00","og_image":[{"width":320,"height":240,"url":"https:\/\/www.euroresidentes.com\/viajes\/viajar\/wp-content\/uploads\/sites\/3\/2010\/11\/IMG_4031.jpg","type":"image\/jpeg"}],"author":"Euroresidentes","twitter_card":"summary_large_image","twitter_misc":{"Written by":"Euroresidentes","Est. reading time":"4 minutos"},"schema":{"@context":"https:\/\/schema.org","@graph":[{"@type":"WebPage","@id":"https:\/\/www.euroresidentes.com\/viajes\/viajar\/huesca-san-pedro-el-viejo\/","url":"https:\/\/www.euroresidentes.com\/viajes\/viajar\/huesca-san-pedro-el-viejo\/","name":"Huesca. San Pedro el Viejo - Viajar","isPartOf":{"@id":"https:\/\/www.euroresidentes.com\/viajes\/viajar\/#website"},"primaryImageOfPage":{"@id":"https:\/\/www.euroresidentes.com\/viajes\/viajar\/huesca-san-pedro-el-viejo\/#primaryimage"},"image":{"@id":"https:\/\/www.euroresidentes.com\/viajes\/viajar\/huesca-san-pedro-el-viejo\/#primaryimage"},"thumbnailUrl":"https:\/\/www.euroresidentes.com\/viajes\/viajar\/wp-content\/uploads\/sites\/3\/2010\/11\/IMG_4031.jpg","datePublished":"2010-11-01T10:25:00+00:00","dateModified":"2016-03-10T20:12:23+00:00","author":{"@id":"https:\/\/www.euroresidentes.com\/viajes\/viajar\/#\/schema\/person\/4bbb21ebb04e241332a6c1c0c1f40bc1"},"breadcrumb":{"@id":"https:\/\/www.euroresidentes.com\/viajes\/viajar\/huesca-san-pedro-el-viejo\/#breadcrumb"},"inLanguage":"es","potentialAction":[{"@type":"ReadAction","target":["https:\/\/www.euroresidentes.com\/viajes\/viajar\/huesca-san-pedro-el-viejo\/"]}]},{"@type":"ImageObject","inLanguage":"es","@id":"https:\/\/www.euroresidentes.com\/viajes\/viajar\/huesca-san-pedro-el-viejo\/#primaryimage","url":"https:\/\/www.euroresidentes.com\/viajes\/viajar\/wp-content\/uploads\/sites\/3\/2010\/11\/IMG_4031.jpg","contentUrl":"https:\/\/www.euroresidentes.com\/viajes\/viajar\/wp-content\/uploads\/sites\/3\/2010\/11\/IMG_4031.jpg","width":320,"height":240},{"@type":"BreadcrumbList","@id":"https:\/\/www.euroresidentes.com\/viajes\/viajar\/huesca-san-pedro-el-viejo\/#breadcrumb","itemListElement":[{"@type":"ListItem","position":1,"name":"Portada","item":"https:\/\/www.euroresidentes.com\/viajes\/viajar\/"},{"@type":"ListItem","position":2,"name":"Huesca. San Pedro el Viejo"}]},{"@type":"WebSite","@id":"https:\/\/www.euroresidentes.com\/viajes\/viajar\/#website","url":"https:\/\/www.euroresidentes.com\/viajes\/viajar\/","name":"Viajar","description":"Viajar Euroresidentes","potentialAction":[{"@type":"SearchAction","target":{"@type":"EntryPoint","urlTemplate":"https:\/\/www.euroresidentes.com\/viajes\/viajar\/?s={search_term_string}"},"query-input":{"@type":"PropertyValueSpecification","valueRequired":true,"valueName":"search_term_string"}}],"inLanguage":"es"},{"@type":"Person","@id":"https:\/\/www.euroresidentes.com\/viajes\/viajar\/#\/schema\/person\/4bbb21ebb04e241332a6c1c0c1f40bc1","name":"Euroresidentes","image":{"@type":"ImageObject","inLanguage":"es","@id":"https:\/\/www.euroresidentes.com\/viajes\/viajar\/#\/schema\/person\/image\/","url":"https:\/\/www.euroresidentes.com\/viajes\/viajar\/wp-content\/uploads\/sites\/3\/2016\/03\/logo-euroresidentes-150x150.jpg","contentUrl":"https:\/\/www.euroresidentes.com\/viajes\/viajar\/wp-content\/uploads\/sites\/3\/2016\/03\/logo-euroresidentes-150x150.jpg","caption":"Euroresidentes"},"description":"EuroresidentesContenidos \u00fatiles que ayudan a resolver las necesidades grandes y peque\u00f1as de al vida cotidiana.","sameAs":["https:\/\/www.euroresidentes.com\/info.htm"],"url":"https:\/\/www.euroresidentes.com\/viajes\/viajar\/author\/euroresidentes\/"}]}},"_links":{"self":[{"href":"https:\/\/www.euroresidentes.com\/viajes\/viajar\/wp-json\/wp\/v2\/posts\/1329","targetHints":{"allow":["GET"]}}],"collection":[{"href":"https:\/\/www.euroresidentes.com\/viajes\/viajar\/wp-json\/wp\/v2\/posts"}],"about":[{"href":"https:\/\/www.euroresidentes.com\/viajes\/viajar\/wp-json\/wp\/v2\/types\/post"}],"author":[{"embeddable":true,"href":"https:\/\/www.euroresidentes.com\/viajes\/viajar\/wp-json\/wp\/v2\/users\/1"}],"replies":[{"embeddable":true,"href":"https:\/\/www.euroresidentes.com\/viajes\/viajar\/wp-json\/wp\/v2\/comments?post=1329"}],"version-history":[{"count":1,"href":"https:\/\/www.euroresidentes.com\/viajes\/viajar\/wp-json\/wp\/v2\/posts\/1329\/revisions"}],"predecessor-version":[{"id":1805,"href":"https:\/\/www.euroresidentes.com\/viajes\/viajar\/wp-json\/wp\/v2\/posts\/1329\/revisions\/1805"}],"wp:featuredmedia":[{"embeddable":true,"href":"https:\/\/www.euroresidentes.com\/viajes\/viajar\/wp-json\/wp\/v2\/media\/1801"}],"wp:attachment":[{"href":"https:\/\/www.euroresidentes.com\/viajes\/viajar\/wp-json\/wp\/v2\/media?parent=1329"}],"wp:term":[{"taxonomy":"category","embeddable":true,"href":"https:\/\/www.euroresidentes.com\/viajes\/viajar\/wp-json\/wp\/v2\/categories?post=1329"},{"taxonomy":"post_tag","embeddable":true,"href":"https:\/\/www.euroresidentes.com\/viajes\/viajar\/wp-json\/wp\/v2\/tags?post=1329"}],"curies":[{"name":"wp","href":"https:\/\/api.w.org\/{rel}","templated":true}]}}