{"id":1289,"date":"2011-07-05T18:25:00","date_gmt":"2011-07-05T18:25:00","guid":{"rendered":"https:\/\/www.euroresidentes.com\/viajes\/viajar\/el-expreso-de-la-robla-iv-espinosa-de"},"modified":"2016-03-10T20:12:10","modified_gmt":"2016-03-10T20:12:10","slug":"el-expreso-de-la-robla-iv-espinosa-de","status":"publish","type":"post","link":"https:\/\/www.euroresidentes.com\/viajes\/viajar\/el-expreso-de-la-robla-iv-espinosa-de\/","title":{"rendered":"El expreso de La Robla IV. Espinosa de los Monteros-Bilbao"},"content":{"rendered":"<p><a href=\"http:\/\/1.bp.blogspot.com\/-l2yx3WMvlXU\/ThNcPEgvhPI\/AAAAAAAABVw\/S4esbUU98Mw\/s1600\/IMG_1093.JPG\"><img decoding=\"async\" style=\"MARGIN: 0px 0px 10px 10px; WIDTH: 320px; FLOAT: right; HEIGHT: 213px; CURSOR: hand\" id=\"BLOGGER_PHOTO_ID_5625941773494748402\" border=\"0\" alt=\"\" src=\"https:\/\/www.euroresidentes.com\/viajes\/viajar\/wp-content\/uploads\/sites\/3\/2011\/07\/IMG_1093.jpg\" \/><\/a>El tren no se puso en marcha. A las 8h son\u00f3 la campanilla y sin prisas ni traqueteos hubo tiempo para levantarse y asearse. Durante el desayuno se notaba el talante m\u00e1s relajado en la mayor\u00eda de los viajeros. No s\u00e9 si porque hab\u00edan dormido mejor o porque hab\u00eda sido la \u00faltima noche a pasar en el tren. El que alg\u00fan viajero comentara que ya hab\u00eda empezado a hacer el equipaje me hizo dudar. Yo, por cierto, esa noche dorm\u00ed de maravilla.<br \/>A las 9,30h viajamos en el autob\u00fas a Medina de Pomar. Localidad situada en el centro de la comarca de las Merindades en el norte de la <a href=\"http:\/\/1.bp.blogspot.com\/-zUGiC4en3YY\/ThNZIPAn0pI\/AAAAAAAABVY\/FbgHLjAWD64\/s1600\/IMG_1096.JPG\"><img decoding=\"async\" style=\"MARGIN: 0px 0px 10px 10px; WIDTH: 320px; FLOAT: right; HEIGHT: 213px; CURSOR: hand\" id=\"BLOGGER_PHOTO_ID_5625938357518848658\" border=\"0\" alt=\"\" src=\"https:\/\/www.euroresidentes.com\/viajes\/viajar\/wp-content\/uploads\/sites\/3\/2011\/07\/IMG_1096.jpg\" \/><\/a>provincia de Burgos y considerada como la capital de la comarca. De hecho alberga el museo hist\u00f3rico de las Merindades en el Alc\u00e1zar de los condestables de Castilla, una fortaleza con dos magnificas torres que dominan toda la contornada. Pero lo m\u00e1s curioso de la ciudad es que su nombre literalmente significa \u201cciudad de manzanas\u201d y sin embargo es conocid\u00edsima por la calidad de las lechugas que se cultivan en sus huertas, hasta el punto de que a sus habitantes les llaman, en algunas ocasiones, lechugueros.<br \/>Visitamos la ciudad que a esas horas, como era domingo, estaba pr\u00e1cticam<a href=\"http:\/\/4.bp.blogspot.com\/-I9z21GdlcYs\/ThNZlsVMK5I\/AAAAAAAABVg\/HpCHqXYmzVc\/s1600\/IMG_1097.JPG\"><img decoding=\"async\" style=\"MARGIN: 0px 0px 10px 10px; WIDTH: 320px; FLOAT: right; HEIGHT: 222px; CURSOR: hand\" id=\"BLOGGER_PHOTO_ID_5625938863605951378\" border=\"0\" alt=\"\" src=\"https:\/\/www.euroresidentes.com\/viajes\/viajar\/wp-content\/uploads\/sites\/3\/2011\/07\/IMG_1097.jpg\" \/><\/a>ente desierta. Despu\u00e9s, visita al museo. El Alc\u00e1zar, construido en el siglo XIV, estaba pr\u00e1cticamente en ruinas cuando decidieron habilitarlo para que albergara el museo. El resultado es espectacular. Han distribuido en cuatro plantas, aprovechando las torres y el espacio entre ellas, las distintas salas en las que se muestra la historia, la arqueolog\u00eda, el patrimonio y la etnograf\u00eda de la comarca de las Merindades. Adem\u00e1s, desde la terraza se disfruta de una vista extraordinaria pudi\u00e9ndose atisbar, en las afueras de la ciudad, las huertas de hortalizas y de las famosas lechugas de Medina.<br \/>Terminada la visita, el autob\u00fas nos llev\u00f3 a Berceo <a href=\"http:\/\/4.bp.blogspot.com\/-v2ZHvgquiRU\/ThNaenAIATI\/AAAAAAAABVo\/sTPDbd0HWXE\/s1600\/IMG_1098.JPG\"><img decoding=\"async\" style=\"MARGIN: 0px 0px 10px 10px; WIDTH: 320px; FLOAT: right; HEIGHT: 213px; CURSOR: hand\" id=\"BLOGGER_PHOTO_ID_5625939841427964210\" border=\"0\" alt=\"\" src=\"https:\/\/www.euroresidentes.com\/viajes\/viajar\/wp-content\/uploads\/sites\/3\/2011\/07\/IMG_1098.jpg\" \/><\/a>donde el tren nos estaba esperando para llevarnos r\u00e1pidamente a Balmaseda, ya en el Pa\u00eds Vasco, a tan s\u00f3lo 30Km de Bilbao. No vimos nada de la ciudad pues lo que hab\u00eda programado era una visita al Museo de boinas La Encartada. El museo, realmente es la propia f\u00e1brica de boinas. En el a\u00f1o 1892, bajo la iniciativa de Marcos Arena Bermejillo, un indiano de Balmaseda, se puso en marcha la f\u00e1brica dedicada b\u00e1sicamente a la producci\u00f3n integral de boinas y pa\u00f1os. Partiendo de la materia prima en crudo, la lana, realizaban el hilado de la misma y despu\u00e9s la confecci\u00f3n de mantas, pa\u00f1os, bufandas y fundamentalmente <a href=\"http:\/\/3.bp.blogspot.com\/-PTfvQpwtOUE\/ThNdMbgcmWI\/AAAAAAAABV4\/kqjhdv7wDMs\/s1600\/IMG_1101.JPG\"><img decoding=\"async\" style=\"MARGIN: 0px 0px 10px 10px; WIDTH: 320px; FLOAT: right; HEIGHT: 213px; CURSOR: hand\" id=\"BLOGGER_PHOTO_ID_5625942827639544162\" border=\"0\" alt=\"\" src=\"https:\/\/www.euroresidentes.com\/viajes\/viajar\/wp-content\/uploads\/sites\/3\/2011\/07\/IMG_1101.jpg\" \/><\/a>boinas. La f\u00e1brica cerr\u00f3 sus puertas en 1992. \u00a1Un siglo haciendo boinas! Se tardaron diez a\u00f1os en rehabilitar la f\u00e1brica bajo el auspicio de la Diputaci\u00f3n Foral de Bizkaia y en 2006 se cre\u00f3 una fundaci\u00f3n con el objetivo de gestionar y difundir la existencia del museo que fue inaugurado en enero de 2007. La f\u00e1brica est\u00e1 tal cual era, con su maquinaria en perfecto estado y sus instalaciones, incluido el despacho del director-propietario y la ventanilla de pago de salarios, como si todav\u00eda estuvieran en uso. Pero lo interesante de la visita es que est\u00e1s viendo y recorriendo una industri<a href=\"http:\/\/4.bp.blogspot.com\/-mpOufv8zINo\/ThNd0v7s1-I\/AAAAAAAABWA\/WhjGOQeav60\/s1600\/IMG_5414.JPG\"><img decoding=\"async\" style=\"MARGIN: 0px 0px 10px 10px; WIDTH: 320px; FLOAT: right; HEIGHT: 240px; CURSOR: hand\" id=\"BLOGGER_PHOTO_ID_5625943520317331426\" border=\"0\" alt=\"\" src=\"https:\/\/www.euroresidentes.com\/viajes\/viajar\/wp-content\/uploads\/sites\/3\/2011\/07\/IMG_5414.jpg\" \/><\/a>a con tecnolog\u00eda de finales del XIX y principios del siglo XX, ejemplo singular de la industria de Bizkaia, pero prototipo de los inicios de la revoluci\u00f3n industrial de la \u00e9poca.<br \/>Despu\u00e9s de la visita nos deleitaron en la cantina de la f\u00e1brica con una comida de excepci\u00f3n: una Olla Ferroviaria. La comida se elabora en un puchero o cazuela de barro con asas que se introduce en una especie de cilindro de metal con perforaciones en la parte alta y un fondo c\u00f3nico donde se deposita el carb\u00f3n y que tambi\u00e9n est\u00e1 perforado para facilitar el tiro durante la combusti\u00f3n. De esta manera, las patatas, las verduras, la carne, las morcillas y cualquier otra comida que vayas a cocinar en el puchero, se cuece lentamente y queda sabros\u00edsima. El artilugio fue inventado, c<a href=\"http:\/\/4.bp.blogspot.com\/-mhzOcw9XHf8\/ThNeY13312I\/AAAAAAAABWI\/7KKURlUd_IQ\/s1600\/IMG_5415.JPG\"><img decoding=\"async\" style=\"MARGIN: 0px 10px 10px 0px; WIDTH: 320px; FLOAT: left; HEIGHT: 240px; CURSOR: hand\" id=\"BLOGGER_PHOTO_ID_5625944140387178338\" border=\"0\" alt=\"\" src=\"https:\/\/www.euroresidentes.com\/viajes\/viajar\/wp-content\/uploads\/sites\/3\/2011\/07\/IMG_5415.jpg\" \/><\/a>\u00f3mo no, por los maquinistas y fogoneros de la l\u00ednea de La Robla en 1915 que, antes del uso del carb\u00f3n, utilizaban en la olla el vapor de la locomotora como fuente de calor.<br \/>Terminada la comida, el autob\u00fas nos llev\u00f3 a Balmaseda y desde all\u00ed en tren a Bilbao, la \u00faltima etapa del recorrido y la hora de las despedidas. Despedidas de la tripulaci\u00f3n del tren, que nos atendi\u00f3 maravillosamente bien durante todo el viaje, e intercambio entre los viajeros de tarjetas, de direcciones de e-mail, de buenos deseos para el verano y de qu\u00e9 bien nos lo hemos pasado.<br \/>El expreso de La Robla lleg\u00f3 a Bilbao a las 18,30h del domingo 22 de Mayo. Fin del viaje.<\/p>\n","protected":false},"excerpt":{"rendered":"<p>El tren no se puso en marcha. A las 8h son\u00f3 la campanilla y sin prisas ni traqueteos hubo tiempo para levantarse y asearse. Durante el desayuno se notaba el talante m\u00e1s relajado en la mayor\u00eda de los viajeros. No s\u00e9 si porque hab\u00edan dormido mejor o porque hab\u00eda sido la \u00faltima noche a pasar en el tren. El que alg\u00fan viajero comentara que ya hab\u00eda empezado a hacer el equipaje me hizo dudar. Yo, por cierto, esa noche dorm\u00ed de maravilla.A las 9,30h viajamos en el autob\u00fas a Medina de Pomar. Localidad situada en el centro de la comarca <\/p>\n","protected":false},"author":1,"featured_media":1504,"comment_status":"open","ping_status":"open","sticky":false,"template":"","format":"standard","meta":{"footnotes":""},"categories":[1],"tags":[],"class_list":["post-1289","post","type-post","status-publish","format-standard","has-post-thumbnail","hentry","category-general","has_thumb"],"yoast_head":"<!-- This site is optimized with the Yoast SEO plugin v24.1 - https:\/\/yoast.com\/wordpress\/plugins\/seo\/ -->\n<title>El expreso de La Robla IV. Espinosa de los Monteros-Bilbao - Viajar<\/title>\n<meta name=\"robots\" content=\"index, follow, max-snippet:-1, max-image-preview:large, max-video-preview:-1\" \/>\n<link rel=\"canonical\" href=\"https:\/\/www.euroresidentes.com\/viajes\/viajar\/el-expreso-de-la-robla-iv-espinosa-de\/\" \/>\n<meta property=\"og:locale\" content=\"es_ES\" \/>\n<meta property=\"og:type\" content=\"article\" \/>\n<meta property=\"og:title\" content=\"El expreso de La Robla IV. Espinosa de los Monteros-Bilbao - Viajar\" \/>\n<meta property=\"og:description\" content=\"El tren no se puso en marcha. A las 8h son\u00f3 la campanilla y sin prisas ni traqueteos hubo tiempo para levantarse y asearse. Durante el desayuno se notaba el talante m\u00e1s relajado en la mayor\u00eda de los viajeros. No s\u00e9 si porque hab\u00edan dormido mejor o porque hab\u00eda sido la \u00faltima noche a pasar en el tren. El que alg\u00fan viajero comentara que ya hab\u00eda empezado a hacer el equipaje me hizo dudar. Yo, por cierto, esa noche dorm\u00ed de maravilla.A las 9,30h viajamos en el autob\u00fas a Medina de Pomar. Localidad situada en el centro de la comarca\" \/>\n<meta property=\"og:url\" content=\"https:\/\/www.euroresidentes.com\/viajes\/viajar\/el-expreso-de-la-robla-iv-espinosa-de\/\" \/>\n<meta property=\"og:site_name\" content=\"Viajar\" \/>\n<meta property=\"article:publisher\" content=\"https:\/\/www.facebook.com\/euroresidentes\/\" \/>\n<meta property=\"article:published_time\" content=\"2011-07-05T18:25:00+00:00\" \/>\n<meta property=\"article:modified_time\" content=\"2016-03-10T20:12:10+00:00\" \/>\n<meta property=\"og:image\" content=\"https:\/\/www.euroresidentes.com\/viajes\/viajar\/wp-content\/uploads\/sites\/3\/2011\/07\/IMG_1093.jpg\" \/>\n\t<meta property=\"og:image:width\" content=\"320\" \/>\n\t<meta property=\"og:image:height\" content=\"213\" \/>\n\t<meta property=\"og:image:type\" content=\"image\/jpeg\" \/>\n<meta name=\"author\" content=\"Euroresidentes\" \/>\n<meta name=\"twitter:card\" content=\"summary_large_image\" \/>\n<meta name=\"twitter:label1\" content=\"Written by\" \/>\n\t<meta name=\"twitter:data1\" content=\"Euroresidentes\" \/>\n\t<meta name=\"twitter:label2\" content=\"Est. reading time\" \/>\n\t<meta name=\"twitter:data2\" content=\"4 minutos\" \/>\n<script type=\"application\/ld+json\" class=\"yoast-schema-graph\">{\"@context\":\"https:\/\/schema.org\",\"@graph\":[{\"@type\":\"WebPage\",\"@id\":\"https:\/\/www.euroresidentes.com\/viajes\/viajar\/el-expreso-de-la-robla-iv-espinosa-de\/\",\"url\":\"https:\/\/www.euroresidentes.com\/viajes\/viajar\/el-expreso-de-la-robla-iv-espinosa-de\/\",\"name\":\"El expreso de La Robla IV. Espinosa de los Monteros-Bilbao - Viajar\",\"isPartOf\":{\"@id\":\"https:\/\/www.euroresidentes.com\/viajes\/viajar\/#website\"},\"primaryImageOfPage\":{\"@id\":\"https:\/\/www.euroresidentes.com\/viajes\/viajar\/el-expreso-de-la-robla-iv-espinosa-de\/#primaryimage\"},\"image\":{\"@id\":\"https:\/\/www.euroresidentes.com\/viajes\/viajar\/el-expreso-de-la-robla-iv-espinosa-de\/#primaryimage\"},\"thumbnailUrl\":\"https:\/\/www.euroresidentes.com\/viajes\/viajar\/wp-content\/uploads\/sites\/3\/2011\/07\/IMG_1093.jpg\",\"datePublished\":\"2011-07-05T18:25:00+00:00\",\"dateModified\":\"2016-03-10T20:12:10+00:00\",\"author\":{\"@id\":\"https:\/\/www.euroresidentes.com\/viajes\/viajar\/#\/schema\/person\/4bbb21ebb04e241332a6c1c0c1f40bc1\"},\"breadcrumb\":{\"@id\":\"https:\/\/www.euroresidentes.com\/viajes\/viajar\/el-expreso-de-la-robla-iv-espinosa-de\/#breadcrumb\"},\"inLanguage\":\"es\",\"potentialAction\":[{\"@type\":\"ReadAction\",\"target\":[\"https:\/\/www.euroresidentes.com\/viajes\/viajar\/el-expreso-de-la-robla-iv-espinosa-de\/\"]}]},{\"@type\":\"ImageObject\",\"inLanguage\":\"es\",\"@id\":\"https:\/\/www.euroresidentes.com\/viajes\/viajar\/el-expreso-de-la-robla-iv-espinosa-de\/#primaryimage\",\"url\":\"https:\/\/www.euroresidentes.com\/viajes\/viajar\/wp-content\/uploads\/sites\/3\/2011\/07\/IMG_1093.jpg\",\"contentUrl\":\"https:\/\/www.euroresidentes.com\/viajes\/viajar\/wp-content\/uploads\/sites\/3\/2011\/07\/IMG_1093.jpg\",\"width\":320,\"height\":213},{\"@type\":\"BreadcrumbList\",\"@id\":\"https:\/\/www.euroresidentes.com\/viajes\/viajar\/el-expreso-de-la-robla-iv-espinosa-de\/#breadcrumb\",\"itemListElement\":[{\"@type\":\"ListItem\",\"position\":1,\"name\":\"Portada\",\"item\":\"https:\/\/www.euroresidentes.com\/viajes\/viajar\/\"},{\"@type\":\"ListItem\",\"position\":2,\"name\":\"El expreso de La Robla IV. Espinosa de los Monteros-Bilbao\"}]},{\"@type\":\"WebSite\",\"@id\":\"https:\/\/www.euroresidentes.com\/viajes\/viajar\/#website\",\"url\":\"https:\/\/www.euroresidentes.com\/viajes\/viajar\/\",\"name\":\"Viajar\",\"description\":\"Viajar Euroresidentes\",\"potentialAction\":[{\"@type\":\"SearchAction\",\"target\":{\"@type\":\"EntryPoint\",\"urlTemplate\":\"https:\/\/www.euroresidentes.com\/viajes\/viajar\/?s={search_term_string}\"},\"query-input\":{\"@type\":\"PropertyValueSpecification\",\"valueRequired\":true,\"valueName\":\"search_term_string\"}}],\"inLanguage\":\"es\"},{\"@type\":\"Person\",\"@id\":\"https:\/\/www.euroresidentes.com\/viajes\/viajar\/#\/schema\/person\/4bbb21ebb04e241332a6c1c0c1f40bc1\",\"name\":\"Euroresidentes\",\"image\":{\"@type\":\"ImageObject\",\"inLanguage\":\"es\",\"@id\":\"https:\/\/www.euroresidentes.com\/viajes\/viajar\/#\/schema\/person\/image\/\",\"url\":\"https:\/\/www.euroresidentes.com\/viajes\/viajar\/wp-content\/uploads\/sites\/3\/2016\/03\/logo-euroresidentes-150x150.jpg\",\"contentUrl\":\"https:\/\/www.euroresidentes.com\/viajes\/viajar\/wp-content\/uploads\/sites\/3\/2016\/03\/logo-euroresidentes-150x150.jpg\",\"caption\":\"Euroresidentes\"},\"description\":\"EuroresidentesContenidos \u00fatiles que ayudan a resolver las necesidades grandes y peque\u00f1as de al vida cotidiana.\",\"sameAs\":[\"https:\/\/www.euroresidentes.com\/info.htm\"],\"url\":\"https:\/\/www.euroresidentes.com\/viajes\/viajar\/author\/euroresidentes\/\"}]}<\/script>\n<!-- \/ Yoast SEO plugin. -->","yoast_head_json":{"title":"El expreso de La Robla IV. Espinosa de los Monteros-Bilbao - Viajar","robots":{"index":"index","follow":"follow","max-snippet":"max-snippet:-1","max-image-preview":"max-image-preview:large","max-video-preview":"max-video-preview:-1"},"canonical":"https:\/\/www.euroresidentes.com\/viajes\/viajar\/el-expreso-de-la-robla-iv-espinosa-de\/","og_locale":"es_ES","og_type":"article","og_title":"El expreso de La Robla IV. Espinosa de los Monteros-Bilbao - Viajar","og_description":"El tren no se puso en marcha. A las 8h son\u00f3 la campanilla y sin prisas ni traqueteos hubo tiempo para levantarse y asearse. Durante el desayuno se notaba el talante m\u00e1s relajado en la mayor\u00eda de los viajeros. No s\u00e9 si porque hab\u00edan dormido mejor o porque hab\u00eda sido la \u00faltima noche a pasar en el tren. El que alg\u00fan viajero comentara que ya hab\u00eda empezado a hacer el equipaje me hizo dudar. Yo, por cierto, esa noche dorm\u00ed de maravilla.A las 9,30h viajamos en el autob\u00fas a Medina de Pomar. Localidad situada en el centro de la comarca","og_url":"https:\/\/www.euroresidentes.com\/viajes\/viajar\/el-expreso-de-la-robla-iv-espinosa-de\/","og_site_name":"Viajar","article_publisher":"https:\/\/www.facebook.com\/euroresidentes\/","article_published_time":"2011-07-05T18:25:00+00:00","article_modified_time":"2016-03-10T20:12:10+00:00","og_image":[{"width":320,"height":213,"url":"https:\/\/www.euroresidentes.com\/viajes\/viajar\/wp-content\/uploads\/sites\/3\/2011\/07\/IMG_1093.jpg","type":"image\/jpeg"}],"author":"Euroresidentes","twitter_card":"summary_large_image","twitter_misc":{"Written by":"Euroresidentes","Est. reading time":"4 minutos"},"schema":{"@context":"https:\/\/schema.org","@graph":[{"@type":"WebPage","@id":"https:\/\/www.euroresidentes.com\/viajes\/viajar\/el-expreso-de-la-robla-iv-espinosa-de\/","url":"https:\/\/www.euroresidentes.com\/viajes\/viajar\/el-expreso-de-la-robla-iv-espinosa-de\/","name":"El expreso de La Robla IV. Espinosa de los Monteros-Bilbao - Viajar","isPartOf":{"@id":"https:\/\/www.euroresidentes.com\/viajes\/viajar\/#website"},"primaryImageOfPage":{"@id":"https:\/\/www.euroresidentes.com\/viajes\/viajar\/el-expreso-de-la-robla-iv-espinosa-de\/#primaryimage"},"image":{"@id":"https:\/\/www.euroresidentes.com\/viajes\/viajar\/el-expreso-de-la-robla-iv-espinosa-de\/#primaryimage"},"thumbnailUrl":"https:\/\/www.euroresidentes.com\/viajes\/viajar\/wp-content\/uploads\/sites\/3\/2011\/07\/IMG_1093.jpg","datePublished":"2011-07-05T18:25:00+00:00","dateModified":"2016-03-10T20:12:10+00:00","author":{"@id":"https:\/\/www.euroresidentes.com\/viajes\/viajar\/#\/schema\/person\/4bbb21ebb04e241332a6c1c0c1f40bc1"},"breadcrumb":{"@id":"https:\/\/www.euroresidentes.com\/viajes\/viajar\/el-expreso-de-la-robla-iv-espinosa-de\/#breadcrumb"},"inLanguage":"es","potentialAction":[{"@type":"ReadAction","target":["https:\/\/www.euroresidentes.com\/viajes\/viajar\/el-expreso-de-la-robla-iv-espinosa-de\/"]}]},{"@type":"ImageObject","inLanguage":"es","@id":"https:\/\/www.euroresidentes.com\/viajes\/viajar\/el-expreso-de-la-robla-iv-espinosa-de\/#primaryimage","url":"https:\/\/www.euroresidentes.com\/viajes\/viajar\/wp-content\/uploads\/sites\/3\/2011\/07\/IMG_1093.jpg","contentUrl":"https:\/\/www.euroresidentes.com\/viajes\/viajar\/wp-content\/uploads\/sites\/3\/2011\/07\/IMG_1093.jpg","width":320,"height":213},{"@type":"BreadcrumbList","@id":"https:\/\/www.euroresidentes.com\/viajes\/viajar\/el-expreso-de-la-robla-iv-espinosa-de\/#breadcrumb","itemListElement":[{"@type":"ListItem","position":1,"name":"Portada","item":"https:\/\/www.euroresidentes.com\/viajes\/viajar\/"},{"@type":"ListItem","position":2,"name":"El expreso de La Robla IV. Espinosa de los Monteros-Bilbao"}]},{"@type":"WebSite","@id":"https:\/\/www.euroresidentes.com\/viajes\/viajar\/#website","url":"https:\/\/www.euroresidentes.com\/viajes\/viajar\/","name":"Viajar","description":"Viajar Euroresidentes","potentialAction":[{"@type":"SearchAction","target":{"@type":"EntryPoint","urlTemplate":"https:\/\/www.euroresidentes.com\/viajes\/viajar\/?s={search_term_string}"},"query-input":{"@type":"PropertyValueSpecification","valueRequired":true,"valueName":"search_term_string"}}],"inLanguage":"es"},{"@type":"Person","@id":"https:\/\/www.euroresidentes.com\/viajes\/viajar\/#\/schema\/person\/4bbb21ebb04e241332a6c1c0c1f40bc1","name":"Euroresidentes","image":{"@type":"ImageObject","inLanguage":"es","@id":"https:\/\/www.euroresidentes.com\/viajes\/viajar\/#\/schema\/person\/image\/","url":"https:\/\/www.euroresidentes.com\/viajes\/viajar\/wp-content\/uploads\/sites\/3\/2016\/03\/logo-euroresidentes-150x150.jpg","contentUrl":"https:\/\/www.euroresidentes.com\/viajes\/viajar\/wp-content\/uploads\/sites\/3\/2016\/03\/logo-euroresidentes-150x150.jpg","caption":"Euroresidentes"},"description":"EuroresidentesContenidos \u00fatiles que ayudan a resolver las necesidades grandes y peque\u00f1as de al vida cotidiana.","sameAs":["https:\/\/www.euroresidentes.com\/info.htm"],"url":"https:\/\/www.euroresidentes.com\/viajes\/viajar\/author\/euroresidentes\/"}]}},"_links":{"self":[{"href":"https:\/\/www.euroresidentes.com\/viajes\/viajar\/wp-json\/wp\/v2\/posts\/1289","targetHints":{"allow":["GET"]}}],"collection":[{"href":"https:\/\/www.euroresidentes.com\/viajes\/viajar\/wp-json\/wp\/v2\/posts"}],"about":[{"href":"https:\/\/www.euroresidentes.com\/viajes\/viajar\/wp-json\/wp\/v2\/types\/post"}],"author":[{"embeddable":true,"href":"https:\/\/www.euroresidentes.com\/viajes\/viajar\/wp-json\/wp\/v2\/users\/1"}],"replies":[{"embeddable":true,"href":"https:\/\/www.euroresidentes.com\/viajes\/viajar\/wp-json\/wp\/v2\/comments?post=1289"}],"version-history":[{"count":1,"href":"https:\/\/www.euroresidentes.com\/viajes\/viajar\/wp-json\/wp\/v2\/posts\/1289\/revisions"}],"predecessor-version":[{"id":1511,"href":"https:\/\/www.euroresidentes.com\/viajes\/viajar\/wp-json\/wp\/v2\/posts\/1289\/revisions\/1511"}],"wp:featuredmedia":[{"embeddable":true,"href":"https:\/\/www.euroresidentes.com\/viajes\/viajar\/wp-json\/wp\/v2\/media\/1504"}],"wp:attachment":[{"href":"https:\/\/www.euroresidentes.com\/viajes\/viajar\/wp-json\/wp\/v2\/media?parent=1289"}],"wp:term":[{"taxonomy":"category","embeddable":true,"href":"https:\/\/www.euroresidentes.com\/viajes\/viajar\/wp-json\/wp\/v2\/categories?post=1289"},{"taxonomy":"post_tag","embeddable":true,"href":"https:\/\/www.euroresidentes.com\/viajes\/viajar\/wp-json\/wp\/v2\/tags?post=1289"}],"curies":[{"name":"wp","href":"https:\/\/api.w.org\/{rel}","templated":true}]}}