{"id":1283,"date":"2011-10-05T11:53:00","date_gmt":"2011-10-05T09:53:00","guid":{"rendered":"https:\/\/www.euroresidentes.com\/viajes\/viajar\/un-dia-en-oviedo"},"modified":"2018-04-16T15:39:21","modified_gmt":"2018-04-16T13:39:21","slug":"un-dia-en-oviedo","status":"publish","type":"post","link":"https:\/\/www.euroresidentes.com\/viajes\/viajar\/un-dia-en-oviedo\/","title":{"rendered":"Un d\u00eda en Oviedo"},"content":{"rendered":"<p><a href=\"http:\/\/3.bp.blogspot.com\/-W0H0geJc3Ww\/ToxF-16hcbI\/AAAAAAAABoo\/l0ZKSc0YEjQ\/s1600\/IMG_4652.JPG\"><img decoding=\"async\" style=\"MARGIN: 0px 0px 10px 10px; WIDTH: 240px; FLOAT: right; HEIGHT: 320px; CURSOR: hand\" id=\"BLOGGER_PHOTO_ID_5659975777624617394\" border=\"0\" alt=\"\" src=\"https:\/\/www.euroresidentes.com\/viajes\/viajar\/wp-content\/uploads\/sites\/3\/2011\/10\/IMG_4652.jpg\" \/><\/a>Siempre que voy a Asturias suelo dedicar un d\u00eda para visitar Oviedo. Llegamos temprano y pudimos dejar el coche en el Parking de la plaza de La Escandalera, en pleno centro de la ciudad. Hac\u00eda una ma\u00f1ana gris, encalmada, algo fresquita para ser el mes de agosto, con una ligera llovizna a ratos, pero era una de esas ma\u00f1anas t\u00edpicas asturianas en las que apetece dar un buen paseo. Por ello decidimos equiparnos con chubasqueros y realizar una visita a las iglesias prerrom\u00e1nicas del monte Naranco. Un taxi nos llev\u00f3 hasta la parte m\u00e1s alta, donde se encuentra la Iglesia de San Miguel de Lillo. Estaba envuelta por una bruma bajo la que se fund\u00eda el color marr\u00f3n de sus piedras con el verde de la pradera en la que se asienta. Tan s\u00f3lo la vimos por fuera, pues la visita del interior se hace complicada por ser restringido el n\u00ba de personas que pueden acceder a la vez y por la dificultad para conseguir un ticket de acceso. Despu\u00e9s, caminamos hasta Santa Mar\u00eda del Naranco, situada unos 100 metros m\u00e1s abajo, donde hab\u00eda, como siempre, gran cantidad de turistas a su alrededor esperando realizar la visita. Al cabo de un rato <a href=\"http:\/\/1.bp.blogspot.com\/-wWHDjGv0Q6M\/ToxGQzBfzwI\/AAAAAAAABow\/vmmTitekHYA\/s1600\/IMG_4661.JPG\"><img decoding=\"async\" style=\"MARGIN: 0px 0px 10px 10px; WIDTH: 320px; FLOAT: right; HEIGHT: 240px; CURSOR: hand\" id=\"BLOGGER_PHOTO_ID_5659976086086209282\" border=\"0\" alt=\"\" src=\"https:\/\/www.euroresidentes.com\/viajes\/viajar\/wp-content\/uploads\/sites\/3\/2011\/10\/IMG_4661.jpg\" \/><\/a>de contemplar tan bella joya del prerrom\u00e1nico asturiano seguimos caminando por un frondoso sendero que conduce al aparcamiento habilitado para los veh\u00edculos de los visitantes, pero que est\u00e1 situado bastante m\u00e1s abajo de donde se encuentran los monumentos. Despu\u00e9s, un agradable paseo por la ladera del monte y por las calles en bajada nos llev\u00f3 hasta la estaci\u00f3n de ferrocar<a href=\"http:\/\/4.bp.blogspot.com\/-l6z8OX5gWCU\/ToxGyZboZGI\/AAAAAAAABo4\/-nMeTBLKeL8\/s1600\/IMG_5605.JPG\"><img decoding=\"async\" style=\"MARGIN: 0px 10px 10px 0px; WIDTH: 199px; FLOAT: left; HEIGHT: 200px; CURSOR: hand\" id=\"BLOGGER_PHOTO_ID_5659976663332054114\" border=\"0\" alt=\"\" src=\"https:\/\/www.euroresidentes.com\/viajes\/viajar\/wp-content\/uploads\/sites\/3\/2011\/10\/IMG_5605.jpg\" \/><\/a>ril, ya muy cerca del centro de la ciudad.<br \/>La catedral es visita obligada en Oviedo. Su C\u00e1mara Santa, de origen prerrom\u00e1nico, alberga los dos grandes tesoros asturianos, la Cruz de los \u00c1ngeles y la Caja de las \u00c1gatas, <a href=\"http:\/\/2.bp.blogspot.com\/-V2hYNrEN2p4\/ToxI43xoWCI\/AAAAAAAABpY\/N4yEnlkZDDs\/s1600\/IMG_5609.JPG\"><img decoding=\"async\" style=\"MARGIN: 0px 0px 10px 10px; WIDTH: 200px; FLOAT: right; HEIGHT: 132px; CURSOR: hand\" id=\"BLOGGER_PHOTO_ID_5659978973579860002\" border=\"0\" alt=\"\" src=\"https:\/\/www.euroresidentes.com\/viajes\/viajar\/wp-content\/uploads\/sites\/3\/2011\/10\/IMG_5609.jpg\" \/><\/a>sin desde\u00f1ar a la Cruz de la Victoria y al Arca Santa. Siempre hay cola de turistas para entrar en la C\u00e1mara. Este a\u00f1o no entramos a la catedral. Era m\u00e1s interesante ver la peque\u00f1a cola que se hab\u00eda formado en torno a la escultura que representa a La Regenta, situada en la plaza, para poder hacerse una foto teniendo de fondo la fachada y la torre de la catedral. Adem\u00e1s, era tarde y hab\u00eda que comer.<br \/>Por los<a href=\"http:\/\/4.bp.blogspot.com\/-vClX4jYM2o4\/ToxHzX-AzqI\/AAAAAAAABpI\/zjUkpt05sz8\/s1600\/IMG_5591.JPG\"><img decoding=\"async\" style=\"MARGIN: 0px 10px 10px 0px; WIDTH: 200px; FLOAT: left; HEIGHT: 150px; CURSOR: hand\" id=\"BLOGGER_PHOTO_ID_5659977779630886562\" border=\"0\" alt=\"\" src=\"https:\/\/www.euroresidentes.com\/viajes\/viajar\/wp-content\/uploads\/sites\/3\/2011\/10\/IMG_5591.jpg\" \/><\/a> alrededores de la catedral hay un mont\u00f3n de sidrer\u00edas y restaurantes. Entramos en Faro Vidio, un restaurante situado entre la catedral y la plaza del Ayuntamiento en sitio obligado de paso. Tiene fama por su marisco y es un poco caro, pero ofrece un men\u00fa diario por 16\u20ac que est\u00e1 muy bien. Ese d\u00eda consist\u00eda en una abundante y rica fabada a la que no <a href=\"http:\/\/4.bp.blogspot.com\/-f5lowVl5Qzw\/ToxHTPnNg6I\/AAAAAAAABpA\/oIqx1cHiOqQ\/s1600\/IMG_5586.JPG\"><img decoding=\"async\" style=\"MARGIN: 0px 0px 10px 10px; WIDTH: 134px; FLOAT: right; HEIGHT: 200px; CURSOR: hand\" id=\"BLOGGER_PHOTO_ID_5659977227631952802\" border=\"0\" alt=\"\" src=\"https:\/\/www.euroresidentes.com\/viajes\/viajar\/wp-content\/uploads\/sites\/3\/2011\/10\/IMG_5586.jpg\" \/><\/a>le faltaba ning\u00fan ingrediente, unas cocochas de merluza, extraordinarias y un delicioso postre casero. Los domingos ofrecen un men\u00fa m\u00e1s sofisticado aumentando el precio en unos pocos euros.<br \/>Despu\u00e9s de c<a href=\"http:\/\/1.bp.blogspot.com\/-f1AMoCYxos4\/ToxIQav5FII\/AAAAAAAABpQ\/RJVXSYCCqgg\/s1600\/IMG_5593.JPG\"><img decoding=\"async\" style=\"MARGIN: 0px 10px 10px 0px; WIDTH: 200px; FLOAT: left; HEIGHT: 150px; CURSOR: hand\" id=\"BLOGGER_PHOTO_ID_5659978278593172610\" border=\"0\" alt=\"\" src=\"https:\/\/www.euroresidentes.com\/viajes\/viajar\/wp-content\/uploads\/sites\/3\/2011\/10\/IMG_5593.jpg\" \/><\/a>omer, un paseo por el barrio viejo nos vino muy bien para hacer la digesti\u00f3n, pero eso s\u00ed, visitando la plaza del Font\u00e1n, situada un poco m\u00e1s all\u00e1 del Ayuntamiento en la que, adem\u00e1s del Mercado con su buen restaurante, hay varias sidrer\u00edas donde comer y tapear. Compramos queso Gamoneu en uno de los pocos puestos del Mercado que estaba abierto despu\u00e9s de que la <a href=\"http:\/\/1.bp.blogspot.com\/-g3bNpZBOZEI\/ToxJYmYgLoI\/AAAAAAAABpg\/McaGc-XKboo\/s1600\/IMG_5588.JPG\"><img decoding=\"async\" style=\"MARGIN: 0px 0px 10px 10px; WIDTH: 200px; FLOAT: right; HEIGHT: 150px; CURSOR: hand\" id=\"BLOGGER_PHOTO_ID_5659979518666878594\" border=\"0\" alt=\"\" src=\"https:\/\/www.euroresidentes.com\/viajes\/viajar\/wp-content\/uploads\/sites\/3\/2011\/10\/IMG_5588.jpg\" \/><\/a>se\u00f1ora que lo atend\u00eda nos asegurara, ante nuestra duda, de que era de los primeros quesos que ya hab\u00edan bajado los<a href=\"http:\/\/2.bp.blogspot.com\/-JlDUji_8pNQ\/ToxKBp8J-BI\/AAAAAAAABpo\/kMZ5qzW0UAE\/s1600\/IMG_5599.JPG\"><img decoding=\"async\" style=\"MARGIN: 0px 10px 10px 0px; WIDTH: 150px; FLOAT: left; HEIGHT: 200px; CURSOR: hand\" id=\"BLOGGER_PHOTO_ID_5659980223996360722\" border=\"0\" alt=\"\" src=\"https:\/\/www.euroresidentes.com\/viajes\/viajar\/wp-content\/uploads\/sites\/3\/2011\/10\/IMG_5599.jpg\" \/><\/a> pastores de los Picos de Europa. Emprendimos entonces la retirada hacia el parking de La Escandalera pasando de camino por la Confiter\u00eda Rialto para llevarnos un buen surtido de moscovitas, pastas a base de almendras, nata y chocolate, y de carballones, pastel t\u00edpico asturiano cuyo ingrediente fundamental tambi\u00e9n es la almendra. Ambos dulces est\u00e1n deliciosos.<\/p>\n","protected":false},"excerpt":{"rendered":"<p>Siempre que voy a Asturias suelo dedicar un d\u00eda para visitar Oviedo. Llegamos temprano y pudimos dejar el coche en el Parking de la plaza de La Escandalera, en pleno centro de la ciudad. Hac\u00eda una ma\u00f1ana gris, encalmada, algo fresquita para ser el mes de agosto, con una ligera llovizna a ratos, pero era una de esas ma\u00f1anas t\u00edpicas asturianas en las que apetece dar un buen paseo. Por ello decidimos equiparnos con chubasqueros y realizar una visita a las iglesias prerrom\u00e1nicas del monte Naranco. Un taxi nos llev\u00f3 hasta la parte m\u00e1s alta, donde se encuentra la Iglesia <\/p>\n","protected":false},"author":1,"featured_media":1456,"comment_status":"open","ping_status":"open","sticky":false,"template":"","format":"standard","meta":{"footnotes":""},"categories":[136,107],"tags":[],"class_list":["post-1283","post","type-post","status-publish","format-standard","has-post-thumbnail","hentry","category-escapadas","category-espana","has_thumb"],"yoast_head":"<!-- This site is optimized with the Yoast SEO plugin v24.1 - https:\/\/yoast.com\/wordpress\/plugins\/seo\/ -->\n<title>Un d\u00eda en Oviedo - Viajar<\/title>\n<meta name=\"robots\" content=\"index, follow, max-snippet:-1, max-image-preview:large, max-video-preview:-1\" \/>\n<link rel=\"canonical\" href=\"https:\/\/www.euroresidentes.com\/viajes\/viajar\/un-dia-en-oviedo\/\" \/>\n<meta property=\"og:locale\" content=\"es_ES\" \/>\n<meta property=\"og:type\" content=\"article\" \/>\n<meta property=\"og:title\" content=\"Un d\u00eda en Oviedo - Viajar\" \/>\n<meta property=\"og:description\" content=\"Siempre que voy a Asturias suelo dedicar un d\u00eda para visitar Oviedo. Llegamos temprano y pudimos dejar el coche en el Parking de la plaza de La Escandalera, en pleno centro de la ciudad. Hac\u00eda una ma\u00f1ana gris, encalmada, algo fresquita para ser el mes de agosto, con una ligera llovizna a ratos, pero era una de esas ma\u00f1anas t\u00edpicas asturianas en las que apetece dar un buen paseo. Por ello decidimos equiparnos con chubasqueros y realizar una visita a las iglesias prerrom\u00e1nicas del monte Naranco. Un taxi nos llev\u00f3 hasta la parte m\u00e1s alta, donde se encuentra la Iglesia\" \/>\n<meta property=\"og:url\" content=\"https:\/\/www.euroresidentes.com\/viajes\/viajar\/un-dia-en-oviedo\/\" \/>\n<meta property=\"og:site_name\" content=\"Viajar\" \/>\n<meta property=\"article:publisher\" content=\"https:\/\/www.facebook.com\/euroresidentes\/\" \/>\n<meta property=\"article:published_time\" content=\"2011-10-05T09:53:00+00:00\" \/>\n<meta property=\"article:modified_time\" content=\"2018-04-16T13:39:21+00:00\" \/>\n<meta property=\"og:image\" content=\"https:\/\/www.euroresidentes.com\/viajes\/viajar\/wp-content\/uploads\/sites\/3\/2011\/10\/IMG_4652.jpg\" \/>\n\t<meta property=\"og:image:width\" content=\"240\" \/>\n\t<meta property=\"og:image:height\" content=\"320\" \/>\n\t<meta property=\"og:image:type\" content=\"image\/jpeg\" \/>\n<meta name=\"author\" content=\"Euroresidentes\" \/>\n<meta name=\"twitter:card\" content=\"summary_large_image\" \/>\n<meta name=\"twitter:label1\" content=\"Written by\" \/>\n\t<meta name=\"twitter:data1\" content=\"Euroresidentes\" \/>\n\t<meta name=\"twitter:label2\" content=\"Est. reading time\" \/>\n\t<meta name=\"twitter:data2\" content=\"3 minutos\" \/>\n<script type=\"application\/ld+json\" class=\"yoast-schema-graph\">{\"@context\":\"https:\/\/schema.org\",\"@graph\":[{\"@type\":\"WebPage\",\"@id\":\"https:\/\/www.euroresidentes.com\/viajes\/viajar\/un-dia-en-oviedo\/\",\"url\":\"https:\/\/www.euroresidentes.com\/viajes\/viajar\/un-dia-en-oviedo\/\",\"name\":\"Un d\u00eda en Oviedo - Viajar\",\"isPartOf\":{\"@id\":\"https:\/\/www.euroresidentes.com\/viajes\/viajar\/#website\"},\"primaryImageOfPage\":{\"@id\":\"https:\/\/www.euroresidentes.com\/viajes\/viajar\/un-dia-en-oviedo\/#primaryimage\"},\"image\":{\"@id\":\"https:\/\/www.euroresidentes.com\/viajes\/viajar\/un-dia-en-oviedo\/#primaryimage\"},\"thumbnailUrl\":\"https:\/\/www.euroresidentes.com\/viajes\/viajar\/wp-content\/uploads\/sites\/3\/2011\/10\/IMG_4652.jpg\",\"datePublished\":\"2011-10-05T09:53:00+00:00\",\"dateModified\":\"2018-04-16T13:39:21+00:00\",\"author\":{\"@id\":\"https:\/\/www.euroresidentes.com\/viajes\/viajar\/#\/schema\/person\/4bbb21ebb04e241332a6c1c0c1f40bc1\"},\"breadcrumb\":{\"@id\":\"https:\/\/www.euroresidentes.com\/viajes\/viajar\/un-dia-en-oviedo\/#breadcrumb\"},\"inLanguage\":\"es\",\"potentialAction\":[{\"@type\":\"ReadAction\",\"target\":[\"https:\/\/www.euroresidentes.com\/viajes\/viajar\/un-dia-en-oviedo\/\"]}]},{\"@type\":\"ImageObject\",\"inLanguage\":\"es\",\"@id\":\"https:\/\/www.euroresidentes.com\/viajes\/viajar\/un-dia-en-oviedo\/#primaryimage\",\"url\":\"https:\/\/www.euroresidentes.com\/viajes\/viajar\/wp-content\/uploads\/sites\/3\/2011\/10\/IMG_4652.jpg\",\"contentUrl\":\"https:\/\/www.euroresidentes.com\/viajes\/viajar\/wp-content\/uploads\/sites\/3\/2011\/10\/IMG_4652.jpg\",\"width\":240,\"height\":320},{\"@type\":\"BreadcrumbList\",\"@id\":\"https:\/\/www.euroresidentes.com\/viajes\/viajar\/un-dia-en-oviedo\/#breadcrumb\",\"itemListElement\":[{\"@type\":\"ListItem\",\"position\":1,\"name\":\"Portada\",\"item\":\"https:\/\/www.euroresidentes.com\/viajes\/viajar\/\"},{\"@type\":\"ListItem\",\"position\":2,\"name\":\"Un d\u00eda en Oviedo\"}]},{\"@type\":\"WebSite\",\"@id\":\"https:\/\/www.euroresidentes.com\/viajes\/viajar\/#website\",\"url\":\"https:\/\/www.euroresidentes.com\/viajes\/viajar\/\",\"name\":\"Viajar\",\"description\":\"Viajar Euroresidentes\",\"potentialAction\":[{\"@type\":\"SearchAction\",\"target\":{\"@type\":\"EntryPoint\",\"urlTemplate\":\"https:\/\/www.euroresidentes.com\/viajes\/viajar\/?s={search_term_string}\"},\"query-input\":{\"@type\":\"PropertyValueSpecification\",\"valueRequired\":true,\"valueName\":\"search_term_string\"}}],\"inLanguage\":\"es\"},{\"@type\":\"Person\",\"@id\":\"https:\/\/www.euroresidentes.com\/viajes\/viajar\/#\/schema\/person\/4bbb21ebb04e241332a6c1c0c1f40bc1\",\"name\":\"Euroresidentes\",\"image\":{\"@type\":\"ImageObject\",\"inLanguage\":\"es\",\"@id\":\"https:\/\/www.euroresidentes.com\/viajes\/viajar\/#\/schema\/person\/image\/\",\"url\":\"https:\/\/www.euroresidentes.com\/viajes\/viajar\/wp-content\/uploads\/sites\/3\/2016\/03\/logo-euroresidentes-150x150.jpg\",\"contentUrl\":\"https:\/\/www.euroresidentes.com\/viajes\/viajar\/wp-content\/uploads\/sites\/3\/2016\/03\/logo-euroresidentes-150x150.jpg\",\"caption\":\"Euroresidentes\"},\"description\":\"EuroresidentesContenidos \u00fatiles que ayudan a resolver las necesidades grandes y peque\u00f1as de al vida cotidiana.\",\"sameAs\":[\"https:\/\/www.euroresidentes.com\/info.htm\"],\"url\":\"https:\/\/www.euroresidentes.com\/viajes\/viajar\/author\/euroresidentes\/\"}]}<\/script>\n<!-- \/ Yoast SEO plugin. -->","yoast_head_json":{"title":"Un d\u00eda en Oviedo - Viajar","robots":{"index":"index","follow":"follow","max-snippet":"max-snippet:-1","max-image-preview":"max-image-preview:large","max-video-preview":"max-video-preview:-1"},"canonical":"https:\/\/www.euroresidentes.com\/viajes\/viajar\/un-dia-en-oviedo\/","og_locale":"es_ES","og_type":"article","og_title":"Un d\u00eda en Oviedo - Viajar","og_description":"Siempre que voy a Asturias suelo dedicar un d\u00eda para visitar Oviedo. Llegamos temprano y pudimos dejar el coche en el Parking de la plaza de La Escandalera, en pleno centro de la ciudad. Hac\u00eda una ma\u00f1ana gris, encalmada, algo fresquita para ser el mes de agosto, con una ligera llovizna a ratos, pero era una de esas ma\u00f1anas t\u00edpicas asturianas en las que apetece dar un buen paseo. Por ello decidimos equiparnos con chubasqueros y realizar una visita a las iglesias prerrom\u00e1nicas del monte Naranco. Un taxi nos llev\u00f3 hasta la parte m\u00e1s alta, donde se encuentra la Iglesia","og_url":"https:\/\/www.euroresidentes.com\/viajes\/viajar\/un-dia-en-oviedo\/","og_site_name":"Viajar","article_publisher":"https:\/\/www.facebook.com\/euroresidentes\/","article_published_time":"2011-10-05T09:53:00+00:00","article_modified_time":"2018-04-16T13:39:21+00:00","og_image":[{"width":240,"height":320,"url":"https:\/\/www.euroresidentes.com\/viajes\/viajar\/wp-content\/uploads\/sites\/3\/2011\/10\/IMG_4652.jpg","type":"image\/jpeg"}],"author":"Euroresidentes","twitter_card":"summary_large_image","twitter_misc":{"Written by":"Euroresidentes","Est. reading time":"3 minutos"},"schema":{"@context":"https:\/\/schema.org","@graph":[{"@type":"WebPage","@id":"https:\/\/www.euroresidentes.com\/viajes\/viajar\/un-dia-en-oviedo\/","url":"https:\/\/www.euroresidentes.com\/viajes\/viajar\/un-dia-en-oviedo\/","name":"Un d\u00eda en Oviedo - Viajar","isPartOf":{"@id":"https:\/\/www.euroresidentes.com\/viajes\/viajar\/#website"},"primaryImageOfPage":{"@id":"https:\/\/www.euroresidentes.com\/viajes\/viajar\/un-dia-en-oviedo\/#primaryimage"},"image":{"@id":"https:\/\/www.euroresidentes.com\/viajes\/viajar\/un-dia-en-oviedo\/#primaryimage"},"thumbnailUrl":"https:\/\/www.euroresidentes.com\/viajes\/viajar\/wp-content\/uploads\/sites\/3\/2011\/10\/IMG_4652.jpg","datePublished":"2011-10-05T09:53:00+00:00","dateModified":"2018-04-16T13:39:21+00:00","author":{"@id":"https:\/\/www.euroresidentes.com\/viajes\/viajar\/#\/schema\/person\/4bbb21ebb04e241332a6c1c0c1f40bc1"},"breadcrumb":{"@id":"https:\/\/www.euroresidentes.com\/viajes\/viajar\/un-dia-en-oviedo\/#breadcrumb"},"inLanguage":"es","potentialAction":[{"@type":"ReadAction","target":["https:\/\/www.euroresidentes.com\/viajes\/viajar\/un-dia-en-oviedo\/"]}]},{"@type":"ImageObject","inLanguage":"es","@id":"https:\/\/www.euroresidentes.com\/viajes\/viajar\/un-dia-en-oviedo\/#primaryimage","url":"https:\/\/www.euroresidentes.com\/viajes\/viajar\/wp-content\/uploads\/sites\/3\/2011\/10\/IMG_4652.jpg","contentUrl":"https:\/\/www.euroresidentes.com\/viajes\/viajar\/wp-content\/uploads\/sites\/3\/2011\/10\/IMG_4652.jpg","width":240,"height":320},{"@type":"BreadcrumbList","@id":"https:\/\/www.euroresidentes.com\/viajes\/viajar\/un-dia-en-oviedo\/#breadcrumb","itemListElement":[{"@type":"ListItem","position":1,"name":"Portada","item":"https:\/\/www.euroresidentes.com\/viajes\/viajar\/"},{"@type":"ListItem","position":2,"name":"Un d\u00eda en Oviedo"}]},{"@type":"WebSite","@id":"https:\/\/www.euroresidentes.com\/viajes\/viajar\/#website","url":"https:\/\/www.euroresidentes.com\/viajes\/viajar\/","name":"Viajar","description":"Viajar Euroresidentes","potentialAction":[{"@type":"SearchAction","target":{"@type":"EntryPoint","urlTemplate":"https:\/\/www.euroresidentes.com\/viajes\/viajar\/?s={search_term_string}"},"query-input":{"@type":"PropertyValueSpecification","valueRequired":true,"valueName":"search_term_string"}}],"inLanguage":"es"},{"@type":"Person","@id":"https:\/\/www.euroresidentes.com\/viajes\/viajar\/#\/schema\/person\/4bbb21ebb04e241332a6c1c0c1f40bc1","name":"Euroresidentes","image":{"@type":"ImageObject","inLanguage":"es","@id":"https:\/\/www.euroresidentes.com\/viajes\/viajar\/#\/schema\/person\/image\/","url":"https:\/\/www.euroresidentes.com\/viajes\/viajar\/wp-content\/uploads\/sites\/3\/2016\/03\/logo-euroresidentes-150x150.jpg","contentUrl":"https:\/\/www.euroresidentes.com\/viajes\/viajar\/wp-content\/uploads\/sites\/3\/2016\/03\/logo-euroresidentes-150x150.jpg","caption":"Euroresidentes"},"description":"EuroresidentesContenidos \u00fatiles que ayudan a resolver las necesidades grandes y peque\u00f1as de al vida cotidiana.","sameAs":["https:\/\/www.euroresidentes.com\/info.htm"],"url":"https:\/\/www.euroresidentes.com\/viajes\/viajar\/author\/euroresidentes\/"}]}},"_links":{"self":[{"href":"https:\/\/www.euroresidentes.com\/viajes\/viajar\/wp-json\/wp\/v2\/posts\/1283","targetHints":{"allow":["GET"]}}],"collection":[{"href":"https:\/\/www.euroresidentes.com\/viajes\/viajar\/wp-json\/wp\/v2\/posts"}],"about":[{"href":"https:\/\/www.euroresidentes.com\/viajes\/viajar\/wp-json\/wp\/v2\/types\/post"}],"author":[{"embeddable":true,"href":"https:\/\/www.euroresidentes.com\/viajes\/viajar\/wp-json\/wp\/v2\/users\/1"}],"replies":[{"embeddable":true,"href":"https:\/\/www.euroresidentes.com\/viajes\/viajar\/wp-json\/wp\/v2\/comments?post=1283"}],"version-history":[{"count":1,"href":"https:\/\/www.euroresidentes.com\/viajes\/viajar\/wp-json\/wp\/v2\/posts\/1283\/revisions"}],"predecessor-version":[{"id":1465,"href":"https:\/\/www.euroresidentes.com\/viajes\/viajar\/wp-json\/wp\/v2\/posts\/1283\/revisions\/1465"}],"wp:featuredmedia":[{"embeddable":true,"href":"https:\/\/www.euroresidentes.com\/viajes\/viajar\/wp-json\/wp\/v2\/media\/1456"}],"wp:attachment":[{"href":"https:\/\/www.euroresidentes.com\/viajes\/viajar\/wp-json\/wp\/v2\/media?parent=1283"}],"wp:term":[{"taxonomy":"category","embeddable":true,"href":"https:\/\/www.euroresidentes.com\/viajes\/viajar\/wp-json\/wp\/v2\/categories?post=1283"},{"taxonomy":"post_tag","embeddable":true,"href":"https:\/\/www.euroresidentes.com\/viajes\/viajar\/wp-json\/wp\/v2\/tags?post=1283"}],"curies":[{"name":"wp","href":"https:\/\/api.w.org\/{rel}","templated":true}]}}