{"id":2089,"date":"2009-04-27T12:09:00","date_gmt":"2009-04-27T12:09:00","guid":{"rendered":"https:\/\/www.euroresidentes.com\/tecnologia\/noticias-internet\/cambios-en-facebook-aprobados-por-los"},"modified":"2016-03-01T14:38:49","modified_gmt":"2016-03-01T14:38:49","slug":"cambios-en-facebook-aprobados-por-los","status":"publish","type":"post","link":"https:\/\/www.euroresidentes.com\/tecnologia\/noticias-internet\/cambios-en-facebook-aprobados-por-los\/","title":{"rendered":"Cambios en Facebook aprobados por los usuarios"},"content":{"rendered":"<p>Una mayor\u00eda de usuarios de Facebook han votado a favor de los cambios que les dan control sobre los contenidos y datos que publican en el sitio. <\/p>\n<p>Los primeros resultados sugieren que el 75% de los votantes respaldan las propuestas. <\/p>\n<p>La votaci\u00f3n surgi\u00f3 como consecuencia de los cambios realizados en febrero por Facebook en sus t\u00e9rminos y condiciones de uso. <\/p>\n<p>La iniciativa de Facebook despert\u00f3 la ira de los usuarios, al parecer que otorgaba a la red social la propiedad de las im\u00e1genes, v\u00eddeos y datos personales publicados por los usuarios en las p\u00e1ginas de sus perfiles. <\/p>\n<p>En respuesta a las cr\u00edticas, Facebook retir\u00f3 los cambios, redact\u00f3 un nuevo conjunto de t\u00e9rminos e invit\u00f3 a sus 200 millones de miembros a opinar con su voto. <\/p>\n<p>Los nuevos t\u00e9rminos devuelven a los usuarios el control de lo que se hace con los datos que publican en el sitio y les conceden el derecho de pedir que se borren si dejan de utilizar Facebook. <\/p>\n<p>Unas 600.000 personas en total participaron en la votaci\u00f3n que dur\u00f3 una semana. En principio, Facebook se\u00f1al\u00f3 que solo adoptar\u00eda esos nuevos t\u00e9rminos si el 30% de sus miembros los respaldaba. Sin embargo, al anunciar los resultados en el blog de Facebook, Ted Ullyot, director jur\u00eddico de Facebook, coment\u00f3 que los adoptar\u00edan igual. <\/p>\n<p>Seg\u00fan \u00e9l, un recuento preliminar sugiri\u00f3 que el 74,4% de los usuarios respaldar\u00edan los nuevos principios de Facebook. <\/p>\n<p>Ahora, un auditor externo esta evaluando los votos para dar el resultado final. <br \/>\u00abEsperamos que la participaci\u00f3n sea mayor en futuras votaciones\u00bb, se\u00f1al\u00f3. <\/p>\n<p>Fuente: <a href=\"http:\/\/news.bbc.co.uk\/2\/hi\/technology\/8016532.stm\">BBC Technology<\/a><\/p>\n","protected":false},"excerpt":{"rendered":"<p>Una mayor\u00eda de usuarios de Facebook han votado a favor de los cambios que les dan control sobre los contenidos y datos que publican en el sitio. Los primeros resultados sugieren que el 75% de los votantes respaldan las propuestas. La votaci\u00f3n surgi\u00f3 como consecuencia de los cambios realizados en febrero por Facebook en sus t\u00e9rminos y condiciones de uso. La iniciativa de Facebook despert\u00f3 la ira de los usuarios, al parecer que otorgaba a la red social la propiedad de las im\u00e1genes, v\u00eddeos y datos personales publicados por los usuarios en las p\u00e1ginas de sus perfiles. En respuesta a <\/p>\n","protected":false},"author":1,"featured_media":0,"comment_status":"open","ping_status":"open","sticky":false,"template":"","format":"standard","meta":{"footnotes":""},"categories":[1],"tags":[],"class_list":["post-2089","post","type-post","status-publish","format-standard","hentry","category-general"],"yoast_head":"<!-- This site is optimized with the Yoast SEO plugin v24.1 - https:\/\/yoast.com\/wordpress\/plugins\/seo\/ -->\n<title>Cambios en Facebook aprobados por los usuarios - Noticias Internet<\/title>\n<meta name=\"robots\" content=\"index, follow, max-snippet:-1, max-image-preview:large, max-video-preview:-1\" \/>\n<link rel=\"canonical\" href=\"https:\/\/www.euroresidentes.com\/tecnologia\/noticias-internet\/cambios-en-facebook-aprobados-por-los\/\" \/>\n<meta property=\"og:locale\" content=\"es_ES\" \/>\n<meta property=\"og:type\" content=\"article\" \/>\n<meta property=\"og:title\" content=\"Cambios en Facebook aprobados por los usuarios - Noticias Internet\" \/>\n<meta property=\"og:description\" content=\"Una mayor\u00eda de usuarios de Facebook han votado a favor de los cambios que les dan control sobre los contenidos y datos que publican en el sitio. Los primeros resultados sugieren que el 75% de los votantes respaldan las propuestas. La votaci\u00f3n surgi\u00f3 como consecuencia de los cambios realizados en febrero por Facebook en sus t\u00e9rminos y condiciones de uso. La iniciativa de Facebook despert\u00f3 la ira de los usuarios, al parecer que otorgaba a la red social la propiedad de las im\u00e1genes, v\u00eddeos y datos personales publicados por los usuarios en las p\u00e1ginas de sus perfiles. En respuesta a\" \/>\n<meta property=\"og:url\" content=\"https:\/\/www.euroresidentes.com\/tecnologia\/noticias-internet\/cambios-en-facebook-aprobados-por-los\/\" \/>\n<meta property=\"og:site_name\" content=\"Noticias Internet\" \/>\n<meta property=\"article:published_time\" content=\"2009-04-27T12:09:00+00:00\" \/>\n<meta property=\"article:modified_time\" content=\"2016-03-01T14:38:49+00:00\" \/>\n<meta name=\"author\" content=\"Euroresidentes\" \/>\n<meta name=\"twitter:card\" content=\"summary_large_image\" \/>\n<meta name=\"twitter:label1\" content=\"Written by\" \/>\n\t<meta name=\"twitter:data1\" content=\"Euroresidentes\" \/>\n\t<meta name=\"twitter:label2\" content=\"Est. reading time\" \/>\n\t<meta name=\"twitter:data2\" content=\"1 minuto\" \/>\n<script type=\"application\/ld+json\" class=\"yoast-schema-graph\">{\"@context\":\"https:\/\/schema.org\",\"@graph\":[{\"@type\":\"WebPage\",\"@id\":\"https:\/\/www.euroresidentes.com\/tecnologia\/noticias-internet\/cambios-en-facebook-aprobados-por-los\/\",\"url\":\"https:\/\/www.euroresidentes.com\/tecnologia\/noticias-internet\/cambios-en-facebook-aprobados-por-los\/\",\"name\":\"Cambios en Facebook aprobados por los usuarios - Noticias Internet\",\"isPartOf\":{\"@id\":\"https:\/\/www.euroresidentes.com\/tecnologia\/noticias-internet\/#website\"},\"datePublished\":\"2009-04-27T12:09:00+00:00\",\"dateModified\":\"2016-03-01T14:38:49+00:00\",\"author\":{\"@id\":\"https:\/\/www.euroresidentes.com\/tecnologia\/noticias-internet\/#\/schema\/person\/8cb13da0909a9d75116f29d6910d0907\"},\"breadcrumb\":{\"@id\":\"https:\/\/www.euroresidentes.com\/tecnologia\/noticias-internet\/cambios-en-facebook-aprobados-por-los\/#breadcrumb\"},\"inLanguage\":\"es\",\"potentialAction\":[{\"@type\":\"ReadAction\",\"target\":[\"https:\/\/www.euroresidentes.com\/tecnologia\/noticias-internet\/cambios-en-facebook-aprobados-por-los\/\"]}]},{\"@type\":\"BreadcrumbList\",\"@id\":\"https:\/\/www.euroresidentes.com\/tecnologia\/noticias-internet\/cambios-en-facebook-aprobados-por-los\/#breadcrumb\",\"itemListElement\":[{\"@type\":\"ListItem\",\"position\":1,\"name\":\"Portada\",\"item\":\"https:\/\/www.euroresidentes.com\/tecnologia\/noticias-internet\/\"},{\"@type\":\"ListItem\",\"position\":2,\"name\":\"Cambios en Facebook aprobados por los usuarios\"}]},{\"@type\":\"WebSite\",\"@id\":\"https:\/\/www.euroresidentes.com\/tecnologia\/noticias-internet\/#website\",\"url\":\"https:\/\/www.euroresidentes.com\/tecnologia\/noticias-internet\/\",\"name\":\"Noticias Internet\",\"description\":\"Euroresidentes\",\"potentialAction\":[{\"@type\":\"SearchAction\",\"target\":{\"@type\":\"EntryPoint\",\"urlTemplate\":\"https:\/\/www.euroresidentes.com\/tecnologia\/noticias-internet\/?s={search_term_string}\"},\"query-input\":{\"@type\":\"PropertyValueSpecification\",\"valueRequired\":true,\"valueName\":\"search_term_string\"}}],\"inLanguage\":\"es\"},{\"@type\":\"Person\",\"@id\":\"https:\/\/www.euroresidentes.com\/tecnologia\/noticias-internet\/#\/schema\/person\/8cb13da0909a9d75116f29d6910d0907\",\"name\":\"Euroresidentes\",\"image\":{\"@type\":\"ImageObject\",\"inLanguage\":\"es\",\"@id\":\"https:\/\/www.euroresidentes.com\/tecnologia\/noticias-internet\/#\/schema\/person\/image\/\",\"url\":\"https:\/\/www.euroresidentes.com\/tecnologia\/noticias-internet\/wp-content\/uploads\/sites\/5\/2016\/03\/logo-euroresidentes-300x300-150x150.jpg\",\"contentUrl\":\"https:\/\/www.euroresidentes.com\/tecnologia\/noticias-internet\/wp-content\/uploads\/sites\/5\/2016\/03\/logo-euroresidentes-300x300-150x150.jpg\",\"caption\":\"Euroresidentes\"},\"description\":\"EuroresidentesContenidos \u00fatiles que ayudan a resolver las necesidades grandes y peque\u00f1as de la vida cotidiana.\",\"sameAs\":[\"https:\/\/www.euroresidentes.com\/info.htm\"],\"url\":\"https:\/\/www.euroresidentes.com\/tecnologia\/noticias-internet\/author\/euroresidentes\/\"}]}<\/script>\n<!-- \/ Yoast SEO plugin. -->","yoast_head_json":{"title":"Cambios en Facebook aprobados por los usuarios - Noticias Internet","robots":{"index":"index","follow":"follow","max-snippet":"max-snippet:-1","max-image-preview":"max-image-preview:large","max-video-preview":"max-video-preview:-1"},"canonical":"https:\/\/www.euroresidentes.com\/tecnologia\/noticias-internet\/cambios-en-facebook-aprobados-por-los\/","og_locale":"es_ES","og_type":"article","og_title":"Cambios en Facebook aprobados por los usuarios - Noticias Internet","og_description":"Una mayor\u00eda de usuarios de Facebook han votado a favor de los cambios que les dan control sobre los contenidos y datos que publican en el sitio. Los primeros resultados sugieren que el 75% de los votantes respaldan las propuestas. La votaci\u00f3n surgi\u00f3 como consecuencia de los cambios realizados en febrero por Facebook en sus t\u00e9rminos y condiciones de uso. La iniciativa de Facebook despert\u00f3 la ira de los usuarios, al parecer que otorgaba a la red social la propiedad de las im\u00e1genes, v\u00eddeos y datos personales publicados por los usuarios en las p\u00e1ginas de sus perfiles. En respuesta a","og_url":"https:\/\/www.euroresidentes.com\/tecnologia\/noticias-internet\/cambios-en-facebook-aprobados-por-los\/","og_site_name":"Noticias Internet","article_published_time":"2009-04-27T12:09:00+00:00","article_modified_time":"2016-03-01T14:38:49+00:00","author":"Euroresidentes","twitter_card":"summary_large_image","twitter_misc":{"Written by":"Euroresidentes","Est. reading time":"1 minuto"},"schema":{"@context":"https:\/\/schema.org","@graph":[{"@type":"WebPage","@id":"https:\/\/www.euroresidentes.com\/tecnologia\/noticias-internet\/cambios-en-facebook-aprobados-por-los\/","url":"https:\/\/www.euroresidentes.com\/tecnologia\/noticias-internet\/cambios-en-facebook-aprobados-por-los\/","name":"Cambios en Facebook aprobados por los usuarios - Noticias Internet","isPartOf":{"@id":"https:\/\/www.euroresidentes.com\/tecnologia\/noticias-internet\/#website"},"datePublished":"2009-04-27T12:09:00+00:00","dateModified":"2016-03-01T14:38:49+00:00","author":{"@id":"https:\/\/www.euroresidentes.com\/tecnologia\/noticias-internet\/#\/schema\/person\/8cb13da0909a9d75116f29d6910d0907"},"breadcrumb":{"@id":"https:\/\/www.euroresidentes.com\/tecnologia\/noticias-internet\/cambios-en-facebook-aprobados-por-los\/#breadcrumb"},"inLanguage":"es","potentialAction":[{"@type":"ReadAction","target":["https:\/\/www.euroresidentes.com\/tecnologia\/noticias-internet\/cambios-en-facebook-aprobados-por-los\/"]}]},{"@type":"BreadcrumbList","@id":"https:\/\/www.euroresidentes.com\/tecnologia\/noticias-internet\/cambios-en-facebook-aprobados-por-los\/#breadcrumb","itemListElement":[{"@type":"ListItem","position":1,"name":"Portada","item":"https:\/\/www.euroresidentes.com\/tecnologia\/noticias-internet\/"},{"@type":"ListItem","position":2,"name":"Cambios en Facebook aprobados por los usuarios"}]},{"@type":"WebSite","@id":"https:\/\/www.euroresidentes.com\/tecnologia\/noticias-internet\/#website","url":"https:\/\/www.euroresidentes.com\/tecnologia\/noticias-internet\/","name":"Noticias Internet","description":"Euroresidentes","potentialAction":[{"@type":"SearchAction","target":{"@type":"EntryPoint","urlTemplate":"https:\/\/www.euroresidentes.com\/tecnologia\/noticias-internet\/?s={search_term_string}"},"query-input":{"@type":"PropertyValueSpecification","valueRequired":true,"valueName":"search_term_string"}}],"inLanguage":"es"},{"@type":"Person","@id":"https:\/\/www.euroresidentes.com\/tecnologia\/noticias-internet\/#\/schema\/person\/8cb13da0909a9d75116f29d6910d0907","name":"Euroresidentes","image":{"@type":"ImageObject","inLanguage":"es","@id":"https:\/\/www.euroresidentes.com\/tecnologia\/noticias-internet\/#\/schema\/person\/image\/","url":"https:\/\/www.euroresidentes.com\/tecnologia\/noticias-internet\/wp-content\/uploads\/sites\/5\/2016\/03\/logo-euroresidentes-300x300-150x150.jpg","contentUrl":"https:\/\/www.euroresidentes.com\/tecnologia\/noticias-internet\/wp-content\/uploads\/sites\/5\/2016\/03\/logo-euroresidentes-300x300-150x150.jpg","caption":"Euroresidentes"},"description":"EuroresidentesContenidos \u00fatiles que ayudan a resolver las necesidades grandes y peque\u00f1as de la vida cotidiana.","sameAs":["https:\/\/www.euroresidentes.com\/info.htm"],"url":"https:\/\/www.euroresidentes.com\/tecnologia\/noticias-internet\/author\/euroresidentes\/"}]}},"_links":{"self":[{"href":"https:\/\/www.euroresidentes.com\/tecnologia\/noticias-internet\/wp-json\/wp\/v2\/posts\/2089","targetHints":{"allow":["GET"]}}],"collection":[{"href":"https:\/\/www.euroresidentes.com\/tecnologia\/noticias-internet\/wp-json\/wp\/v2\/posts"}],"about":[{"href":"https:\/\/www.euroresidentes.com\/tecnologia\/noticias-internet\/wp-json\/wp\/v2\/types\/post"}],"author":[{"embeddable":true,"href":"https:\/\/www.euroresidentes.com\/tecnologia\/noticias-internet\/wp-json\/wp\/v2\/users\/1"}],"replies":[{"embeddable":true,"href":"https:\/\/www.euroresidentes.com\/tecnologia\/noticias-internet\/wp-json\/wp\/v2\/comments?post=2089"}],"version-history":[{"count":0,"href":"https:\/\/www.euroresidentes.com\/tecnologia\/noticias-internet\/wp-json\/wp\/v2\/posts\/2089\/revisions"}],"wp:attachment":[{"href":"https:\/\/www.euroresidentes.com\/tecnologia\/noticias-internet\/wp-json\/wp\/v2\/media?parent=2089"}],"wp:term":[{"taxonomy":"category","embeddable":true,"href":"https:\/\/www.euroresidentes.com\/tecnologia\/noticias-internet\/wp-json\/wp\/v2\/categories?post=2089"},{"taxonomy":"post_tag","embeddable":true,"href":"https:\/\/www.euroresidentes.com\/tecnologia\/noticias-internet\/wp-json\/wp\/v2\/tags?post=2089"}],"curies":[{"name":"wp","href":"https:\/\/api.w.org\/{rel}","templated":true}]}}