{"id":2015,"date":"2009-12-03T09:19:00","date_gmt":"2009-12-03T09:19:00","guid":{"rendered":"https:\/\/www.euroresidentes.com\/tecnologia\/noticias-internet\/politica-gubernamental-y-manifiesto-en"},"modified":"2016-03-01T14:38:46","modified_gmt":"2016-03-01T14:38:46","slug":"politica-gubernamental-y-manifiesto-en","status":"publish","type":"post","link":"https:\/\/www.euroresidentes.com\/tecnologia\/noticias-internet\/politica-gubernamental-y-manifiesto-en\/","title":{"rendered":"Pol\u00edtica gubernamental y manifiesto \u201cEn defensa de los derechos fundamentales en Internet\u00bb"},"content":{"rendered":"<p>Pol\u00edtica gubernamental y manifiesto \u201cEn defensa de los derechos fundamentales en Internet\u00bb<\/p>\n<p>Desde estas p\u00e1ginas queremos <b>sumarnos al manifiesto publicado en toda la red<\/b> en <b>defensa de los derechos fundamentales en Internet<\/b>.<\/p>\n<p>Este blog lleva ya muchos a\u00f1os public\u00e1ndose, desde 2004, y en el espacio de esto a\u00f1os si hemos constatado algo con claridad es el <b>retraso y torpeza sistem\u00e1tica<\/b> de las <b>pol\u00edticas relacionadas con el desarrollo de la sociedad de informaci\u00f3n en Espa\u00f1a.<\/b><\/p>\n<p>Recordemos brevemente:<\/p>\n<p>1. En los inicios del despegue de Internet, el desprop\u00f3sito p<b>rimer plan gubernamental, Info XXI<\/b>.<br \/>2. La regulaci\u00f3n de los <b>domininios.es<\/b>, equiparable \u00fanicamente en el mundo a un pa\u00eds como Bolivia.<br \/>3. La permisividad a los operadores y proveedores de <b>banda ancha para mantener precios altos<\/b> superiores a casi todos los pa\u00edses avanzados\u2026 O las restricciones para el avance de las ciudades y <b>espacios wifi<\/b>.<br \/>4. La nula toma de referencia para aprovechar el <b>peso del espa\u00f1ol en la red<\/b> (frente al alem\u00e1n, franc\u00e9s, italiano\u2026) como base para una estrategia activa en el desarrollo de la sociedad de la informaci\u00f3n.<br \/>5. La <b>le<b>ntitud e inercia en la aplicaci\u00f3n de la e-administraci\u00f3n<\/b> o no digamos la administraci\u00f3n 2.0, absolutamente inexistente.<\/b><\/p>\n<div>6. La puesta en marcha y aplicaci\u00f3n del <b>canon digital<\/b>.<br \/>7. Los retrasos en incorporar al mundo educativo los nuevos recursos derivados de la revoluci\u00f3n digital.<br \/>8. La <b>d\u00e9bil presencia de empresas espa\u00f1olas<\/b> de referencia en el mundo global de Internet<br \/>9. La <b>carencia de una cultura digital en la empresa<\/b> y la incapacidad gubernamental para instrumentar pol\u00edticas activas que incentiven procesos innovadores y competitivos. Aqu\u00ed hay que situar la posici\u00f3n absolutamente proteccionista de las industrias m\u00e1s afectadas (cine, m\u00fasica, libros.. y en un futuro inmediato: prensa, etc.)<br \/>10. El desprop\u00f3sito, desaguisado y rid\u00edculo improvisador del gobierno espa\u00f1ol al colocar la <b>libertad de expresi\u00f3n en Internet<\/b> en una posici\u00f3n  vulnerable.<\/p>\n<p>No estamos ante un hecho aislado, sino ante una trayectoria que ha llevado a este pa\u00eds, hace pocos a\u00f1os, a estar a la cola de Europa en los indicadores de desarrollo de la sociedad de la informaci\u00f3n en Espa\u00f1a. Por esto, no nos sorprende esta iniciativa gubernamental&#8230; <\/p><\/div>\n<div><\/div>\n<div>Lo m\u00e1s valioso, destacable y encomiable ha sido la reacci\u00f3n de la red, demostrando su fuerza y su capacidad de movilizaci\u00f3n. Y quiz\u00e1s este sea el mayor y mejor recurso para que Internet en Espa\u00f1a adquiera la dimensi\u00f3n que por derecho propio le corresponde.<\/div>\n","protected":false},"excerpt":{"rendered":"<p>Pol\u00edtica gubernamental y manifiesto \u201cEn defensa de los derechos fundamentales en Internet\u00bb Desde estas p\u00e1ginas queremos sumarnos al manifiesto publicado en toda la red en defensa de los derechos fundamentales en Internet. Este blog lleva ya muchos a\u00f1os public\u00e1ndose, desde 2004, y en el espacio de esto a\u00f1os si hemos constatado algo con claridad es el retraso y torpeza sistem\u00e1tica de las pol\u00edticas relacionadas con el desarrollo de la sociedad de informaci\u00f3n en Espa\u00f1a. Recordemos brevemente: 1. En los inicios del despegue de Internet, el desprop\u00f3sito primer plan gubernamental, Info XXI.2. La regulaci\u00f3n de los domininios.es, equiparable \u00fanicamente en el <\/p>\n","protected":false},"author":1,"featured_media":0,"comment_status":"open","ping_status":"open","sticky":false,"template":"","format":"standard","meta":{"footnotes":""},"categories":[1],"tags":[77,78,66],"class_list":["post-2015","post","type-post","status-publish","format-standard","hentry","category-general","tag-administracion","tag-internet-accesible","tag-sociedad-informacion"],"yoast_head":"<!-- This site is optimized with the Yoast SEO plugin v24.1 - https:\/\/yoast.com\/wordpress\/plugins\/seo\/ -->\n<title>Pol\u00edtica gubernamental y manifiesto \u201cEn defensa de los derechos fundamentales en Internet&quot; - Noticias Internet<\/title>\n<meta name=\"robots\" content=\"index, follow, max-snippet:-1, max-image-preview:large, max-video-preview:-1\" \/>\n<link rel=\"canonical\" href=\"https:\/\/www.euroresidentes.com\/tecnologia\/noticias-internet\/politica-gubernamental-y-manifiesto-en\/\" \/>\n<meta property=\"og:locale\" content=\"es_ES\" \/>\n<meta property=\"og:type\" content=\"article\" \/>\n<meta property=\"og:title\" content=\"Pol\u00edtica gubernamental y manifiesto \u201cEn defensa de los derechos fundamentales en Internet&quot; - Noticias Internet\" \/>\n<meta property=\"og:description\" content=\"Pol\u00edtica gubernamental y manifiesto \u201cEn defensa de los derechos fundamentales en Internet\u00bb Desde estas p\u00e1ginas queremos sumarnos al manifiesto publicado en toda la red en defensa de los derechos fundamentales en Internet. Este blog lleva ya muchos a\u00f1os public\u00e1ndose, desde 2004, y en el espacio de esto a\u00f1os si hemos constatado algo con claridad es el retraso y torpeza sistem\u00e1tica de las pol\u00edticas relacionadas con el desarrollo de la sociedad de informaci\u00f3n en Espa\u00f1a. Recordemos brevemente: 1. En los inicios del despegue de Internet, el desprop\u00f3sito primer plan gubernamental, Info XXI.2. La regulaci\u00f3n de los domininios.es, equiparable \u00fanicamente en el\" \/>\n<meta property=\"og:url\" content=\"https:\/\/www.euroresidentes.com\/tecnologia\/noticias-internet\/politica-gubernamental-y-manifiesto-en\/\" \/>\n<meta property=\"og:site_name\" content=\"Noticias Internet\" \/>\n<meta property=\"article:published_time\" content=\"2009-12-03T09:19:00+00:00\" \/>\n<meta property=\"article:modified_time\" content=\"2016-03-01T14:38:46+00:00\" \/>\n<meta name=\"author\" content=\"Euroresidentes\" \/>\n<meta name=\"twitter:card\" content=\"summary_large_image\" \/>\n<meta name=\"twitter:label1\" content=\"Written by\" \/>\n\t<meta name=\"twitter:data1\" content=\"Euroresidentes\" \/>\n\t<meta name=\"twitter:label2\" content=\"Est. reading time\" \/>\n\t<meta name=\"twitter:data2\" content=\"2 minutos\" \/>\n<script type=\"application\/ld+json\" class=\"yoast-schema-graph\">{\"@context\":\"https:\/\/schema.org\",\"@graph\":[{\"@type\":\"WebPage\",\"@id\":\"https:\/\/www.euroresidentes.com\/tecnologia\/noticias-internet\/politica-gubernamental-y-manifiesto-en\/\",\"url\":\"https:\/\/www.euroresidentes.com\/tecnologia\/noticias-internet\/politica-gubernamental-y-manifiesto-en\/\",\"name\":\"Pol\u00edtica gubernamental y manifiesto \u201cEn defensa de los derechos fundamentales en Internet\\\" - Noticias Internet\",\"isPartOf\":{\"@id\":\"https:\/\/www.euroresidentes.com\/tecnologia\/noticias-internet\/#website\"},\"datePublished\":\"2009-12-03T09:19:00+00:00\",\"dateModified\":\"2016-03-01T14:38:46+00:00\",\"author\":{\"@id\":\"https:\/\/www.euroresidentes.com\/tecnologia\/noticias-internet\/#\/schema\/person\/8cb13da0909a9d75116f29d6910d0907\"},\"breadcrumb\":{\"@id\":\"https:\/\/www.euroresidentes.com\/tecnologia\/noticias-internet\/politica-gubernamental-y-manifiesto-en\/#breadcrumb\"},\"inLanguage\":\"es\",\"potentialAction\":[{\"@type\":\"ReadAction\",\"target\":[\"https:\/\/www.euroresidentes.com\/tecnologia\/noticias-internet\/politica-gubernamental-y-manifiesto-en\/\"]}]},{\"@type\":\"BreadcrumbList\",\"@id\":\"https:\/\/www.euroresidentes.com\/tecnologia\/noticias-internet\/politica-gubernamental-y-manifiesto-en\/#breadcrumb\",\"itemListElement\":[{\"@type\":\"ListItem\",\"position\":1,\"name\":\"Portada\",\"item\":\"https:\/\/www.euroresidentes.com\/tecnologia\/noticias-internet\/\"},{\"@type\":\"ListItem\",\"position\":2,\"name\":\"Pol\u00edtica gubernamental y manifiesto \u201cEn defensa de los derechos fundamentales en Internet\u00bb\"}]},{\"@type\":\"WebSite\",\"@id\":\"https:\/\/www.euroresidentes.com\/tecnologia\/noticias-internet\/#website\",\"url\":\"https:\/\/www.euroresidentes.com\/tecnologia\/noticias-internet\/\",\"name\":\"Noticias Internet\",\"description\":\"Euroresidentes\",\"potentialAction\":[{\"@type\":\"SearchAction\",\"target\":{\"@type\":\"EntryPoint\",\"urlTemplate\":\"https:\/\/www.euroresidentes.com\/tecnologia\/noticias-internet\/?s={search_term_string}\"},\"query-input\":{\"@type\":\"PropertyValueSpecification\",\"valueRequired\":true,\"valueName\":\"search_term_string\"}}],\"inLanguage\":\"es\"},{\"@type\":\"Person\",\"@id\":\"https:\/\/www.euroresidentes.com\/tecnologia\/noticias-internet\/#\/schema\/person\/8cb13da0909a9d75116f29d6910d0907\",\"name\":\"Euroresidentes\",\"image\":{\"@type\":\"ImageObject\",\"inLanguage\":\"es\",\"@id\":\"https:\/\/www.euroresidentes.com\/tecnologia\/noticias-internet\/#\/schema\/person\/image\/\",\"url\":\"https:\/\/www.euroresidentes.com\/tecnologia\/noticias-internet\/wp-content\/uploads\/sites\/5\/2016\/03\/logo-euroresidentes-300x300-150x150.jpg\",\"contentUrl\":\"https:\/\/www.euroresidentes.com\/tecnologia\/noticias-internet\/wp-content\/uploads\/sites\/5\/2016\/03\/logo-euroresidentes-300x300-150x150.jpg\",\"caption\":\"Euroresidentes\"},\"description\":\"EuroresidentesContenidos \u00fatiles que ayudan a resolver las necesidades grandes y peque\u00f1as de la vida cotidiana.\",\"sameAs\":[\"https:\/\/www.euroresidentes.com\/info.htm\"],\"url\":\"https:\/\/www.euroresidentes.com\/tecnologia\/noticias-internet\/author\/euroresidentes\/\"}]}<\/script>\n<!-- \/ Yoast SEO plugin. -->","yoast_head_json":{"title":"Pol\u00edtica gubernamental y manifiesto \u201cEn defensa de los derechos fundamentales en Internet\" - Noticias Internet","robots":{"index":"index","follow":"follow","max-snippet":"max-snippet:-1","max-image-preview":"max-image-preview:large","max-video-preview":"max-video-preview:-1"},"canonical":"https:\/\/www.euroresidentes.com\/tecnologia\/noticias-internet\/politica-gubernamental-y-manifiesto-en\/","og_locale":"es_ES","og_type":"article","og_title":"Pol\u00edtica gubernamental y manifiesto \u201cEn defensa de los derechos fundamentales en Internet\" - Noticias Internet","og_description":"Pol\u00edtica gubernamental y manifiesto \u201cEn defensa de los derechos fundamentales en Internet\u00bb Desde estas p\u00e1ginas queremos sumarnos al manifiesto publicado en toda la red en defensa de los derechos fundamentales en Internet. Este blog lleva ya muchos a\u00f1os public\u00e1ndose, desde 2004, y en el espacio de esto a\u00f1os si hemos constatado algo con claridad es el retraso y torpeza sistem\u00e1tica de las pol\u00edticas relacionadas con el desarrollo de la sociedad de informaci\u00f3n en Espa\u00f1a. Recordemos brevemente: 1. En los inicios del despegue de Internet, el desprop\u00f3sito primer plan gubernamental, Info XXI.2. La regulaci\u00f3n de los domininios.es, equiparable \u00fanicamente en el","og_url":"https:\/\/www.euroresidentes.com\/tecnologia\/noticias-internet\/politica-gubernamental-y-manifiesto-en\/","og_site_name":"Noticias Internet","article_published_time":"2009-12-03T09:19:00+00:00","article_modified_time":"2016-03-01T14:38:46+00:00","author":"Euroresidentes","twitter_card":"summary_large_image","twitter_misc":{"Written by":"Euroresidentes","Est. reading time":"2 minutos"},"schema":{"@context":"https:\/\/schema.org","@graph":[{"@type":"WebPage","@id":"https:\/\/www.euroresidentes.com\/tecnologia\/noticias-internet\/politica-gubernamental-y-manifiesto-en\/","url":"https:\/\/www.euroresidentes.com\/tecnologia\/noticias-internet\/politica-gubernamental-y-manifiesto-en\/","name":"Pol\u00edtica gubernamental y manifiesto \u201cEn defensa de los derechos fundamentales en Internet\" - Noticias Internet","isPartOf":{"@id":"https:\/\/www.euroresidentes.com\/tecnologia\/noticias-internet\/#website"},"datePublished":"2009-12-03T09:19:00+00:00","dateModified":"2016-03-01T14:38:46+00:00","author":{"@id":"https:\/\/www.euroresidentes.com\/tecnologia\/noticias-internet\/#\/schema\/person\/8cb13da0909a9d75116f29d6910d0907"},"breadcrumb":{"@id":"https:\/\/www.euroresidentes.com\/tecnologia\/noticias-internet\/politica-gubernamental-y-manifiesto-en\/#breadcrumb"},"inLanguage":"es","potentialAction":[{"@type":"ReadAction","target":["https:\/\/www.euroresidentes.com\/tecnologia\/noticias-internet\/politica-gubernamental-y-manifiesto-en\/"]}]},{"@type":"BreadcrumbList","@id":"https:\/\/www.euroresidentes.com\/tecnologia\/noticias-internet\/politica-gubernamental-y-manifiesto-en\/#breadcrumb","itemListElement":[{"@type":"ListItem","position":1,"name":"Portada","item":"https:\/\/www.euroresidentes.com\/tecnologia\/noticias-internet\/"},{"@type":"ListItem","position":2,"name":"Pol\u00edtica gubernamental y manifiesto \u201cEn defensa de los derechos fundamentales en Internet\u00bb"}]},{"@type":"WebSite","@id":"https:\/\/www.euroresidentes.com\/tecnologia\/noticias-internet\/#website","url":"https:\/\/www.euroresidentes.com\/tecnologia\/noticias-internet\/","name":"Noticias Internet","description":"Euroresidentes","potentialAction":[{"@type":"SearchAction","target":{"@type":"EntryPoint","urlTemplate":"https:\/\/www.euroresidentes.com\/tecnologia\/noticias-internet\/?s={search_term_string}"},"query-input":{"@type":"PropertyValueSpecification","valueRequired":true,"valueName":"search_term_string"}}],"inLanguage":"es"},{"@type":"Person","@id":"https:\/\/www.euroresidentes.com\/tecnologia\/noticias-internet\/#\/schema\/person\/8cb13da0909a9d75116f29d6910d0907","name":"Euroresidentes","image":{"@type":"ImageObject","inLanguage":"es","@id":"https:\/\/www.euroresidentes.com\/tecnologia\/noticias-internet\/#\/schema\/person\/image\/","url":"https:\/\/www.euroresidentes.com\/tecnologia\/noticias-internet\/wp-content\/uploads\/sites\/5\/2016\/03\/logo-euroresidentes-300x300-150x150.jpg","contentUrl":"https:\/\/www.euroresidentes.com\/tecnologia\/noticias-internet\/wp-content\/uploads\/sites\/5\/2016\/03\/logo-euroresidentes-300x300-150x150.jpg","caption":"Euroresidentes"},"description":"EuroresidentesContenidos \u00fatiles que ayudan a resolver las necesidades grandes y peque\u00f1as de la vida cotidiana.","sameAs":["https:\/\/www.euroresidentes.com\/info.htm"],"url":"https:\/\/www.euroresidentes.com\/tecnologia\/noticias-internet\/author\/euroresidentes\/"}]}},"_links":{"self":[{"href":"https:\/\/www.euroresidentes.com\/tecnologia\/noticias-internet\/wp-json\/wp\/v2\/posts\/2015","targetHints":{"allow":["GET"]}}],"collection":[{"href":"https:\/\/www.euroresidentes.com\/tecnologia\/noticias-internet\/wp-json\/wp\/v2\/posts"}],"about":[{"href":"https:\/\/www.euroresidentes.com\/tecnologia\/noticias-internet\/wp-json\/wp\/v2\/types\/post"}],"author":[{"embeddable":true,"href":"https:\/\/www.euroresidentes.com\/tecnologia\/noticias-internet\/wp-json\/wp\/v2\/users\/1"}],"replies":[{"embeddable":true,"href":"https:\/\/www.euroresidentes.com\/tecnologia\/noticias-internet\/wp-json\/wp\/v2\/comments?post=2015"}],"version-history":[{"count":0,"href":"https:\/\/www.euroresidentes.com\/tecnologia\/noticias-internet\/wp-json\/wp\/v2\/posts\/2015\/revisions"}],"wp:attachment":[{"href":"https:\/\/www.euroresidentes.com\/tecnologia\/noticias-internet\/wp-json\/wp\/v2\/media?parent=2015"}],"wp:term":[{"taxonomy":"category","embeddable":true,"href":"https:\/\/www.euroresidentes.com\/tecnologia\/noticias-internet\/wp-json\/wp\/v2\/categories?post=2015"},{"taxonomy":"post_tag","embeddable":true,"href":"https:\/\/www.euroresidentes.com\/tecnologia\/noticias-internet\/wp-json\/wp\/v2\/tags?post=2015"}],"curies":[{"name":"wp","href":"https:\/\/api.w.org\/{rel}","templated":true}]}}