{"id":1099,"date":"2014-05-15T10:32:00","date_gmt":"2014-05-15T10:32:00","guid":{"rendered":"https:\/\/www.euroresidentes.com\/tecnologia\/noticias-google\/la-sentencia-europea-contra-google"},"modified":"2016-03-01T12:23:57","modified_gmt":"2016-03-01T12:23:57","slug":"la-sentencia-europea-contra-google","status":"publish","type":"post","link":"https:\/\/www.euroresidentes.com\/tecnologia\/noticias-google\/la-sentencia-europea-contra-google\/","title":{"rendered":"La sentencia europea contra Google desata una oleda de cr\u00edticas"},"content":{"rendered":"<p>Dentro y fuera de Europa y de Espa\u00f1a la sentencia contra Google sobre el derecho al olvido ha desatado una oleada de cr\u00edticas.<\/p>\n<p>Algunos art\u00edculos en espa\u00f1ol e ingl\u00e9s (una selecci\u00f3n) al respecto:<\/p>\n<ul>\n<li>Andr\u00e9s Pedre\u00f1o: <a href=\"http:\/\/empresa-innovacion.euroresidentes.com\/2014\/05\/la-sentencia-europea-contra-google-y-el.html\" target=\"_blank\">La sentencia europea contra Google y el \u00abderecho al recuerdo\u00bb<\/a><\/li>\n<li>Enrique Dans:&nbsp;<a href=\"http:\/\/www.enriquedans.com\/2014\/05\/del-derecho-al-olvido-a-la-amnesia-forzada.html\" target=\"_blank\">Del \u00abderecho al olvido\u00bb a la \u00abamnesia forzada\u00bb<\/a>.<\/li>\n<li>Jason Abbruzzese y Lorenzo Franceschi-Bicchierai &nbsp;(Mashable): <a href=\"http:\/\/mashable.com\/2014\/05\/13\/right-to-be-forgotten-europe-google\/\" target=\"_blank\">What Europe&#8217;s &#8216;Right to Be Forgotten&#8217; Means for Google (and You)<\/a><\/li>\n<li>Lance Ulanoff &nbsp;(Mashable): <a href=\"http:\/\/mashable.com\/2014\/05\/13\/right-to-be-forgotten-europe-google\/\" target=\"_blank\">EU Wants a &#8216;Right to Be Forgotten,&#8217; But the Internet Never Forgets  <\/a><\/li>\n<li>WSJ: <a href=\"http:\/\/blogs.wsj.com\/digits\/2014\/05\/13\/what-you-need-to-know-about-the-eu-high-court-google-ruling\/\" target=\"_blank\">Google\u2019s Legal Blow: What \u2018the Right to Be Forgotten\u2019 Means<\/a><\/li>\n<li>Thecrumch: <a href=\"http:\/\/techcrunch.com\/2014\/05\/13\/forget-me-not\/\" target=\"_blank\">EU Court Rules Google Must Give Individuals \u201cRight To Be Forgotten\u201d (Or Not To Be Found)<\/a><\/li>\n<\/ul>\n<div>\nEs curioso que los medios tradicionales, prensa papel y TV, tradicionales guardianes de la libertad de informar, debido a su enfrentamientos con Google han hecho una peligrosa dejaci\u00f3n des sus funciones. Por el contrario, la mayor parte de los medios de informaci\u00f3n digital, conscientes de la envergadura del problema est\u00e1n siendo no s\u00f3lo cr\u00edticos sino altamente sarc\u00e1sticos con la sentencia.<\/div>\n<div>\n<\/div>\n<div>\nEn medios como Twitter expertos han abierto interrogantes interesantes:<\/div>\n<div>\n<\/div>\n<table align=\"center\" cellpadding=\"0\" cellspacing=\"0\" class=\"tr-caption-container\" style=\"margin-left: auto; margin-right: auto; text-align: center;\">\n<tbody>\n<tr>\n<td style=\"text-align: center;\"><a href=\"https:\/\/www.euroresidentes.com\/tecnologia\/noticias-google\/wp-content\/uploads\/sites\/4\/2014\/05\/derecho-al-olvido-twitter.jpg\" imageanchor=\"1\" style=\"margin-left: auto; margin-right: auto;\"><img decoding=\"async\" border=\"0\" src=\"https:\/\/www.euroresidentes.com\/tecnologia\/noticias-google\/wp-content\/uploads\/sites\/4\/2014\/05\/derecho-al-olvido-twitter.jpg\" \/><\/a><\/td>\n<\/tr>\n<tr>\n<td class=\"tr-caption\" style=\"text-align: center;\">Fuente: Mashable<\/td>\n<\/tr>\n<\/tbody>\n<\/table>\n<div>\n<\/div>\n<div>\n<\/div>\n<div>\n<\/div>\n<div>\n<\/div>\n<p><\/p>\n","protected":false},"excerpt":{"rendered":"<p>Dentro y fuera de Europa y de Espa\u00f1a la sentencia contra Google sobre el derecho al olvido ha desatado una oleada de cr\u00edticas. Algunos art\u00edculos en espa\u00f1ol e ingl\u00e9s (una selecci\u00f3n) al respecto: Andr\u00e9s Pedre\u00f1o: La sentencia europea contra Google y el \u00abderecho al recuerdo\u00bb Enrique Dans:&nbsp;Del \u00abderecho al olvido\u00bb a la \u00abamnesia forzada\u00bb. Jason Abbruzzese y Lorenzo Franceschi-Bicchierai &nbsp;(Mashable): What Europe&#8217;s &#8216;Right to Be Forgotten&#8217; Means for Google (and You) Lance Ulanoff &nbsp;(Mashable): EU Wants a &#8216;Right to Be Forgotten,&#8217; But the Internet Never Forgets WSJ: Google\u2019s Legal Blow: What \u2018the Right to Be Forgotten\u2019 Means Thecrumch: EU Court <\/p>\n","protected":false},"author":1,"featured_media":1804,"comment_status":"open","ping_status":"open","sticky":false,"template":"","format":"standard","meta":{"footnotes":""},"categories":[1],"tags":[41],"class_list":["post-1099","post","type-post","status-publish","format-standard","has-post-thumbnail","hentry","category-general","tag-juicios-contra-google","has_thumb"],"yoast_head":"<!-- This site is optimized with the Yoast SEO plugin v24.1 - https:\/\/yoast.com\/wordpress\/plugins\/seo\/ -->\n<title>La sentencia europea contra Google desata una oleda de cr\u00edticas - Noticias Google<\/title>\n<meta name=\"robots\" content=\"index, follow, max-snippet:-1, max-image-preview:large, max-video-preview:-1\" \/>\n<link rel=\"canonical\" href=\"https:\/\/www.euroresidentes.com\/tecnologia\/noticias-google\/la-sentencia-europea-contra-google\/\" \/>\n<meta property=\"og:locale\" content=\"es_ES\" \/>\n<meta property=\"og:type\" content=\"article\" \/>\n<meta property=\"og:title\" content=\"La sentencia europea contra Google desata una oleda de cr\u00edticas - Noticias Google\" \/>\n<meta property=\"og:description\" content=\"Dentro y fuera de Europa y de Espa\u00f1a la sentencia contra Google sobre el derecho al olvido ha desatado una oleada de cr\u00edticas. Algunos art\u00edculos en espa\u00f1ol e ingl\u00e9s (una selecci\u00f3n) al respecto: Andr\u00e9s Pedre\u00f1o: La sentencia europea contra Google y el \u00abderecho al recuerdo\u00bb Enrique Dans:&nbsp;Del \u00abderecho al olvido\u00bb a la \u00abamnesia forzada\u00bb. Jason Abbruzzese y Lorenzo Franceschi-Bicchierai &nbsp;(Mashable): What Europe&#8217;s &#8216;Right to Be Forgotten&#8217; Means for Google (and You) Lance Ulanoff &nbsp;(Mashable): EU Wants a &#8216;Right to Be Forgotten,&#8217; But the Internet Never Forgets WSJ: Google\u2019s Legal Blow: What \u2018the Right to Be Forgotten\u2019 Means Thecrumch: EU Court\" \/>\n<meta property=\"og:url\" content=\"https:\/\/www.euroresidentes.com\/tecnologia\/noticias-google\/la-sentencia-europea-contra-google\/\" \/>\n<meta property=\"og:site_name\" content=\"Noticias Google\" \/>\n<meta property=\"article:published_time\" content=\"2014-05-15T10:32:00+00:00\" \/>\n<meta property=\"article:modified_time\" content=\"2016-03-01T12:23:57+00:00\" \/>\n<meta property=\"og:image\" content=\"https:\/\/www.euroresidentes.com\/tecnologia\/noticias-google\/wp-content\/uploads\/sites\/4\/2014\/05\/derecho-al-olvido-twitter.jpg\" \/>\n\t<meta property=\"og:image:width\" content=\"530\" \/>\n\t<meta property=\"og:image:height\" content=\"678\" \/>\n\t<meta property=\"og:image:type\" content=\"image\/jpeg\" \/>\n<meta name=\"author\" content=\"Euroresidentes\" \/>\n<meta name=\"twitter:card\" content=\"summary_large_image\" \/>\n<meta name=\"twitter:label1\" content=\"Written by\" \/>\n\t<meta name=\"twitter:data1\" content=\"Euroresidentes\" \/>\n\t<meta name=\"twitter:label2\" content=\"Est. reading time\" \/>\n\t<meta name=\"twitter:data2\" content=\"1 minuto\" \/>\n<script type=\"application\/ld+json\" class=\"yoast-schema-graph\">{\"@context\":\"https:\/\/schema.org\",\"@graph\":[{\"@type\":\"WebPage\",\"@id\":\"https:\/\/www.euroresidentes.com\/tecnologia\/noticias-google\/la-sentencia-europea-contra-google\/\",\"url\":\"https:\/\/www.euroresidentes.com\/tecnologia\/noticias-google\/la-sentencia-europea-contra-google\/\",\"name\":\"La sentencia europea contra Google desata una oleda de cr\u00edticas - Noticias Google\",\"isPartOf\":{\"@id\":\"https:\/\/www.euroresidentes.com\/tecnologia\/noticias-google\/#website\"},\"primaryImageOfPage\":{\"@id\":\"https:\/\/www.euroresidentes.com\/tecnologia\/noticias-google\/la-sentencia-europea-contra-google\/#primaryimage\"},\"image\":{\"@id\":\"https:\/\/www.euroresidentes.com\/tecnologia\/noticias-google\/la-sentencia-europea-contra-google\/#primaryimage\"},\"thumbnailUrl\":\"https:\/\/www.euroresidentes.com\/tecnologia\/noticias-google\/wp-content\/uploads\/sites\/4\/2014\/05\/derecho-al-olvido-twitter.jpg\",\"datePublished\":\"2014-05-15T10:32:00+00:00\",\"dateModified\":\"2016-03-01T12:23:57+00:00\",\"author\":{\"@id\":\"https:\/\/www.euroresidentes.com\/tecnologia\/noticias-google\/#\/schema\/person\/8cb13da0909a9d75116f29d6910d0907\"},\"breadcrumb\":{\"@id\":\"https:\/\/www.euroresidentes.com\/tecnologia\/noticias-google\/la-sentencia-europea-contra-google\/#breadcrumb\"},\"inLanguage\":\"es\",\"potentialAction\":[{\"@type\":\"ReadAction\",\"target\":[\"https:\/\/www.euroresidentes.com\/tecnologia\/noticias-google\/la-sentencia-europea-contra-google\/\"]}]},{\"@type\":\"ImageObject\",\"inLanguage\":\"es\",\"@id\":\"https:\/\/www.euroresidentes.com\/tecnologia\/noticias-google\/la-sentencia-europea-contra-google\/#primaryimage\",\"url\":\"https:\/\/www.euroresidentes.com\/tecnologia\/noticias-google\/wp-content\/uploads\/sites\/4\/2014\/05\/derecho-al-olvido-twitter.jpg\",\"contentUrl\":\"https:\/\/www.euroresidentes.com\/tecnologia\/noticias-google\/wp-content\/uploads\/sites\/4\/2014\/05\/derecho-al-olvido-twitter.jpg\",\"width\":530,\"height\":678},{\"@type\":\"BreadcrumbList\",\"@id\":\"https:\/\/www.euroresidentes.com\/tecnologia\/noticias-google\/la-sentencia-europea-contra-google\/#breadcrumb\",\"itemListElement\":[{\"@type\":\"ListItem\",\"position\":1,\"name\":\"Portada\",\"item\":\"https:\/\/www.euroresidentes.com\/tecnologia\/noticias-google\/\"},{\"@type\":\"ListItem\",\"position\":2,\"name\":\"La sentencia europea contra Google desata una oleda de cr\u00edticas\"}]},{\"@type\":\"WebSite\",\"@id\":\"https:\/\/www.euroresidentes.com\/tecnologia\/noticias-google\/#website\",\"url\":\"https:\/\/www.euroresidentes.com\/tecnologia\/noticias-google\/\",\"name\":\"Noticias Google\",\"description\":\"Euroresidentes\",\"potentialAction\":[{\"@type\":\"SearchAction\",\"target\":{\"@type\":\"EntryPoint\",\"urlTemplate\":\"https:\/\/www.euroresidentes.com\/tecnologia\/noticias-google\/?s={search_term_string}\"},\"query-input\":{\"@type\":\"PropertyValueSpecification\",\"valueRequired\":true,\"valueName\":\"search_term_string\"}}],\"inLanguage\":\"es\"},{\"@type\":\"Person\",\"@id\":\"https:\/\/www.euroresidentes.com\/tecnologia\/noticias-google\/#\/schema\/person\/8cb13da0909a9d75116f29d6910d0907\",\"name\":\"Euroresidentes\",\"image\":{\"@type\":\"ImageObject\",\"inLanguage\":\"es\",\"@id\":\"https:\/\/www.euroresidentes.com\/tecnologia\/noticias-google\/#\/schema\/person\/image\/\",\"url\":\"https:\/\/www.euroresidentes.com\/tecnologia\/noticias-google\/wp-content\/uploads\/sites\/4\/2016\/03\/logo-euroresidentes-300x300-150x150.jpg\",\"contentUrl\":\"https:\/\/www.euroresidentes.com\/tecnologia\/noticias-google\/wp-content\/uploads\/sites\/4\/2016\/03\/logo-euroresidentes-300x300-150x150.jpg\",\"caption\":\"Euroresidentes\"},\"description\":\"EuroresidentesContenidos \u00fatiles que ayudan a resolver las necesidades grandes y peque\u00f1as de la vida cotidiana.\",\"sameAs\":[\"https:\/\/www.euroresidentes.com\/info.htm\"],\"url\":\"https:\/\/www.euroresidentes.com\/tecnologia\/noticias-google\/author\/euroresidentes\/\"}]}<\/script>\n<!-- \/ Yoast SEO plugin. -->","yoast_head_json":{"title":"La sentencia europea contra Google desata una oleda de cr\u00edticas - Noticias Google","robots":{"index":"index","follow":"follow","max-snippet":"max-snippet:-1","max-image-preview":"max-image-preview:large","max-video-preview":"max-video-preview:-1"},"canonical":"https:\/\/www.euroresidentes.com\/tecnologia\/noticias-google\/la-sentencia-europea-contra-google\/","og_locale":"es_ES","og_type":"article","og_title":"La sentencia europea contra Google desata una oleda de cr\u00edticas - Noticias Google","og_description":"Dentro y fuera de Europa y de Espa\u00f1a la sentencia contra Google sobre el derecho al olvido ha desatado una oleada de cr\u00edticas. Algunos art\u00edculos en espa\u00f1ol e ingl\u00e9s (una selecci\u00f3n) al respecto: Andr\u00e9s Pedre\u00f1o: La sentencia europea contra Google y el \u00abderecho al recuerdo\u00bb Enrique Dans:&nbsp;Del \u00abderecho al olvido\u00bb a la \u00abamnesia forzada\u00bb. Jason Abbruzzese y Lorenzo Franceschi-Bicchierai &nbsp;(Mashable): What Europe&#8217;s &#8216;Right to Be Forgotten&#8217; Means for Google (and You) Lance Ulanoff &nbsp;(Mashable): EU Wants a &#8216;Right to Be Forgotten,&#8217; But the Internet Never Forgets WSJ: Google\u2019s Legal Blow: What \u2018the Right to Be Forgotten\u2019 Means Thecrumch: EU Court","og_url":"https:\/\/www.euroresidentes.com\/tecnologia\/noticias-google\/la-sentencia-europea-contra-google\/","og_site_name":"Noticias Google","article_published_time":"2014-05-15T10:32:00+00:00","article_modified_time":"2016-03-01T12:23:57+00:00","og_image":[{"width":530,"height":678,"url":"https:\/\/www.euroresidentes.com\/tecnologia\/noticias-google\/wp-content\/uploads\/sites\/4\/2014\/05\/derecho-al-olvido-twitter.jpg","type":"image\/jpeg"}],"author":"Euroresidentes","twitter_card":"summary_large_image","twitter_misc":{"Written by":"Euroresidentes","Est. reading time":"1 minuto"},"schema":{"@context":"https:\/\/schema.org","@graph":[{"@type":"WebPage","@id":"https:\/\/www.euroresidentes.com\/tecnologia\/noticias-google\/la-sentencia-europea-contra-google\/","url":"https:\/\/www.euroresidentes.com\/tecnologia\/noticias-google\/la-sentencia-europea-contra-google\/","name":"La sentencia europea contra Google desata una oleda de cr\u00edticas - Noticias Google","isPartOf":{"@id":"https:\/\/www.euroresidentes.com\/tecnologia\/noticias-google\/#website"},"primaryImageOfPage":{"@id":"https:\/\/www.euroresidentes.com\/tecnologia\/noticias-google\/la-sentencia-europea-contra-google\/#primaryimage"},"image":{"@id":"https:\/\/www.euroresidentes.com\/tecnologia\/noticias-google\/la-sentencia-europea-contra-google\/#primaryimage"},"thumbnailUrl":"https:\/\/www.euroresidentes.com\/tecnologia\/noticias-google\/wp-content\/uploads\/sites\/4\/2014\/05\/derecho-al-olvido-twitter.jpg","datePublished":"2014-05-15T10:32:00+00:00","dateModified":"2016-03-01T12:23:57+00:00","author":{"@id":"https:\/\/www.euroresidentes.com\/tecnologia\/noticias-google\/#\/schema\/person\/8cb13da0909a9d75116f29d6910d0907"},"breadcrumb":{"@id":"https:\/\/www.euroresidentes.com\/tecnologia\/noticias-google\/la-sentencia-europea-contra-google\/#breadcrumb"},"inLanguage":"es","potentialAction":[{"@type":"ReadAction","target":["https:\/\/www.euroresidentes.com\/tecnologia\/noticias-google\/la-sentencia-europea-contra-google\/"]}]},{"@type":"ImageObject","inLanguage":"es","@id":"https:\/\/www.euroresidentes.com\/tecnologia\/noticias-google\/la-sentencia-europea-contra-google\/#primaryimage","url":"https:\/\/www.euroresidentes.com\/tecnologia\/noticias-google\/wp-content\/uploads\/sites\/4\/2014\/05\/derecho-al-olvido-twitter.jpg","contentUrl":"https:\/\/www.euroresidentes.com\/tecnologia\/noticias-google\/wp-content\/uploads\/sites\/4\/2014\/05\/derecho-al-olvido-twitter.jpg","width":530,"height":678},{"@type":"BreadcrumbList","@id":"https:\/\/www.euroresidentes.com\/tecnologia\/noticias-google\/la-sentencia-europea-contra-google\/#breadcrumb","itemListElement":[{"@type":"ListItem","position":1,"name":"Portada","item":"https:\/\/www.euroresidentes.com\/tecnologia\/noticias-google\/"},{"@type":"ListItem","position":2,"name":"La sentencia europea contra Google desata una oleda de cr\u00edticas"}]},{"@type":"WebSite","@id":"https:\/\/www.euroresidentes.com\/tecnologia\/noticias-google\/#website","url":"https:\/\/www.euroresidentes.com\/tecnologia\/noticias-google\/","name":"Noticias Google","description":"Euroresidentes","potentialAction":[{"@type":"SearchAction","target":{"@type":"EntryPoint","urlTemplate":"https:\/\/www.euroresidentes.com\/tecnologia\/noticias-google\/?s={search_term_string}"},"query-input":{"@type":"PropertyValueSpecification","valueRequired":true,"valueName":"search_term_string"}}],"inLanguage":"es"},{"@type":"Person","@id":"https:\/\/www.euroresidentes.com\/tecnologia\/noticias-google\/#\/schema\/person\/8cb13da0909a9d75116f29d6910d0907","name":"Euroresidentes","image":{"@type":"ImageObject","inLanguage":"es","@id":"https:\/\/www.euroresidentes.com\/tecnologia\/noticias-google\/#\/schema\/person\/image\/","url":"https:\/\/www.euroresidentes.com\/tecnologia\/noticias-google\/wp-content\/uploads\/sites\/4\/2016\/03\/logo-euroresidentes-300x300-150x150.jpg","contentUrl":"https:\/\/www.euroresidentes.com\/tecnologia\/noticias-google\/wp-content\/uploads\/sites\/4\/2016\/03\/logo-euroresidentes-300x300-150x150.jpg","caption":"Euroresidentes"},"description":"EuroresidentesContenidos \u00fatiles que ayudan a resolver las necesidades grandes y peque\u00f1as de la vida cotidiana.","sameAs":["https:\/\/www.euroresidentes.com\/info.htm"],"url":"https:\/\/www.euroresidentes.com\/tecnologia\/noticias-google\/author\/euroresidentes\/"}]}},"_links":{"self":[{"href":"https:\/\/www.euroresidentes.com\/tecnologia\/noticias-google\/wp-json\/wp\/v2\/posts\/1099","targetHints":{"allow":["GET"]}}],"collection":[{"href":"https:\/\/www.euroresidentes.com\/tecnologia\/noticias-google\/wp-json\/wp\/v2\/posts"}],"about":[{"href":"https:\/\/www.euroresidentes.com\/tecnologia\/noticias-google\/wp-json\/wp\/v2\/types\/post"}],"author":[{"embeddable":true,"href":"https:\/\/www.euroresidentes.com\/tecnologia\/noticias-google\/wp-json\/wp\/v2\/users\/1"}],"replies":[{"embeddable":true,"href":"https:\/\/www.euroresidentes.com\/tecnologia\/noticias-google\/wp-json\/wp\/v2\/comments?post=1099"}],"version-history":[{"count":0,"href":"https:\/\/www.euroresidentes.com\/tecnologia\/noticias-google\/wp-json\/wp\/v2\/posts\/1099\/revisions"}],"wp:featuredmedia":[{"embeddable":true,"href":"https:\/\/www.euroresidentes.com\/tecnologia\/noticias-google\/wp-json\/wp\/v2\/media\/1804"}],"wp:attachment":[{"href":"https:\/\/www.euroresidentes.com\/tecnologia\/noticias-google\/wp-json\/wp\/v2\/media?parent=1099"}],"wp:term":[{"taxonomy":"category","embeddable":true,"href":"https:\/\/www.euroresidentes.com\/tecnologia\/noticias-google\/wp-json\/wp\/v2\/categories?post=1099"},{"taxonomy":"post_tag","embeddable":true,"href":"https:\/\/www.euroresidentes.com\/tecnologia\/noticias-google\/wp-json\/wp\/v2\/tags?post=1099"}],"curies":[{"name":"wp","href":"https:\/\/api.w.org\/{rel}","templated":true}]}}