{"id":4341,"date":"2005-11-03T12:04:00","date_gmt":"2005-11-03T12:04:00","guid":{"rendered":"https:\/\/www.euroresidentes.com\/tecnologia\/nanotecnologia\/cidetec-amplia-instalaciones-en-el-pas"},"modified":"2016-03-02T00:27:17","modified_gmt":"2016-03-02T00:27:17","slug":"cidetec-amplia-instalaciones-en-el-pas","status":"publish","type":"post","link":"https:\/\/www.euroresidentes.com\/tecnologia\/nanotecnologia\/cidetec-amplia-instalaciones-en-el-pas\/","title":{"rendered":"Cidetec amplia instalaciones en el Pa\u00eds Vasco"},"content":{"rendered":"<p>La nanotecnolog\u00eda en el Pa\u00eds Vasco sigue su trayectoria ascendente, esta vez con las nuevas inversiones de Cidetec y nuevas instalaciones inauguradas.<\/p>\n<p>Investigaci\u00f3n en nanotecnolog\u00eda, pilas de hidr\u00f3geno, biosensores van a recibir el mayor impulso gracias a <a href=\"http:\/\/www.cidetec.es\/\">Cidetec<\/a>, el nuevo centro de tecnolog\u00eda electroqu\u00edmica inaugurado en el Parque Tecnol\u00f3gico de Miramon, a las afueras de San Sebastian. La inversi\u00f3n requerida es de 6 millones de euros.<\/p>\n<p>Sus 1.500 metros cuadrados actuales se ampliar\u00e1n pr\u00f3ximamente con una nave industrial de 500 metros cuadrados para proyectos de demostraci\u00f3n.<\/p>\n<p>Javier Rodr\u00edguez, director de Cidetec, se\u00f1ala que son \u00abel \u00fanico centro tecnol\u00f3gico que existe en Espa\u00f1a dedicado en exclusiva a investigar y desarrollar tecnolog\u00eda electroqu\u00edmica\u00bb. Sus proyectos de investigaci\u00f3n se centran en tres \u00e1mbitos: la energ\u00eda, el tratamiento de superficies y los nuevos materiales.<\/p>\n<p>Fuente: Eitb24,  <a class=\"links\" href=\"http:\/\/www.eitb24.com\/noticia_en.php?id=101740\" target=\"_blank\"><em>Basque foundation inaugurates new facilities<\/em><\/a>,<\/p>\n","protected":false},"excerpt":{"rendered":"<p>La nanotecnolog\u00eda en el Pa\u00eds Vasco sigue su trayectoria ascendente, esta vez con las nuevas inversiones de Cidetec y nuevas instalaciones inauguradas. Investigaci\u00f3n en nanotecnolog\u00eda, pilas de hidr\u00f3geno, biosensores van a recibir el mayor impulso gracias a Cidetec, el nuevo centro de tecnolog\u00eda electroqu\u00edmica inaugurado en el Parque Tecnol\u00f3gico de Miramon, a las afueras de San Sebastian. La inversi\u00f3n requerida es de 6 millones de euros. Sus 1.500 metros cuadrados actuales se ampliar\u00e1n pr\u00f3ximamente con una nave industrial de 500 metros cuadrados para proyectos de demostraci\u00f3n. Javier Rodr\u00edguez, director de Cidetec, se\u00f1ala que son \u00abel \u00fanico centro tecnol\u00f3gico que existe <\/p>\n","protected":false},"author":1,"featured_media":0,"comment_status":"open","ping_status":"open","sticky":false,"template":"","format":"standard","meta":{"footnotes":""},"categories":[1],"tags":[],"class_list":["post-4341","post","type-post","status-publish","format-standard","hentry","category-general"],"yoast_head":"<!-- This site is optimized with the Yoast SEO plugin v24.1 - https:\/\/yoast.com\/wordpress\/plugins\/seo\/ -->\n<title>Cidetec amplia instalaciones en el Pa\u00eds Vasco - Nanotecnolog\u00eda<\/title>\n<meta name=\"robots\" content=\"index, follow, max-snippet:-1, max-image-preview:large, max-video-preview:-1\" \/>\n<link rel=\"canonical\" href=\"https:\/\/www.euroresidentes.com\/tecnologia\/nanotecnologia\/cidetec-amplia-instalaciones-en-el-pas\/\" \/>\n<meta property=\"og:locale\" content=\"es_ES\" \/>\n<meta property=\"og:type\" content=\"article\" \/>\n<meta property=\"og:title\" content=\"Cidetec amplia instalaciones en el Pa\u00eds Vasco - Nanotecnolog\u00eda\" \/>\n<meta property=\"og:description\" content=\"La nanotecnolog\u00eda en el Pa\u00eds Vasco sigue su trayectoria ascendente, esta vez con las nuevas inversiones de Cidetec y nuevas instalaciones inauguradas. Investigaci\u00f3n en nanotecnolog\u00eda, pilas de hidr\u00f3geno, biosensores van a recibir el mayor impulso gracias a Cidetec, el nuevo centro de tecnolog\u00eda electroqu\u00edmica inaugurado en el Parque Tecnol\u00f3gico de Miramon, a las afueras de San Sebastian. La inversi\u00f3n requerida es de 6 millones de euros. Sus 1.500 metros cuadrados actuales se ampliar\u00e1n pr\u00f3ximamente con una nave industrial de 500 metros cuadrados para proyectos de demostraci\u00f3n. Javier Rodr\u00edguez, director de Cidetec, se\u00f1ala que son \u00abel \u00fanico centro tecnol\u00f3gico que existe\" \/>\n<meta property=\"og:url\" content=\"https:\/\/www.euroresidentes.com\/tecnologia\/nanotecnologia\/cidetec-amplia-instalaciones-en-el-pas\/\" \/>\n<meta property=\"og:site_name\" content=\"Nanotecnolog\u00eda\" \/>\n<meta property=\"article:published_time\" content=\"2005-11-03T12:04:00+00:00\" \/>\n<meta property=\"article:modified_time\" content=\"2016-03-02T00:27:17+00:00\" \/>\n<meta name=\"author\" content=\"Euroresidentes\" \/>\n<meta name=\"twitter:card\" content=\"summary_large_image\" \/>\n<meta name=\"twitter:label1\" content=\"Written by\" \/>\n\t<meta name=\"twitter:data1\" content=\"Euroresidentes\" \/>\n\t<meta name=\"twitter:label2\" content=\"Est. reading time\" \/>\n\t<meta name=\"twitter:data2\" content=\"1 minuto\" \/>\n<script type=\"application\/ld+json\" class=\"yoast-schema-graph\">{\"@context\":\"https:\/\/schema.org\",\"@graph\":[{\"@type\":\"WebPage\",\"@id\":\"https:\/\/www.euroresidentes.com\/tecnologia\/nanotecnologia\/cidetec-amplia-instalaciones-en-el-pas\/\",\"url\":\"https:\/\/www.euroresidentes.com\/tecnologia\/nanotecnologia\/cidetec-amplia-instalaciones-en-el-pas\/\",\"name\":\"Cidetec amplia instalaciones en el Pa\u00eds Vasco - Nanotecnolog\u00eda\",\"isPartOf\":{\"@id\":\"https:\/\/www.euroresidentes.com\/tecnologia\/nanotecnologia\/#website\"},\"datePublished\":\"2005-11-03T12:04:00+00:00\",\"dateModified\":\"2016-03-02T00:27:17+00:00\",\"author\":{\"@id\":\"https:\/\/www.euroresidentes.com\/tecnologia\/nanotecnologia\/#\/schema\/person\/8cb13da0909a9d75116f29d6910d0907\"},\"breadcrumb\":{\"@id\":\"https:\/\/www.euroresidentes.com\/tecnologia\/nanotecnologia\/cidetec-amplia-instalaciones-en-el-pas\/#breadcrumb\"},\"inLanguage\":\"es\",\"potentialAction\":[{\"@type\":\"ReadAction\",\"target\":[\"https:\/\/www.euroresidentes.com\/tecnologia\/nanotecnologia\/cidetec-amplia-instalaciones-en-el-pas\/\"]}]},{\"@type\":\"BreadcrumbList\",\"@id\":\"https:\/\/www.euroresidentes.com\/tecnologia\/nanotecnologia\/cidetec-amplia-instalaciones-en-el-pas\/#breadcrumb\",\"itemListElement\":[{\"@type\":\"ListItem\",\"position\":1,\"name\":\"Portada\",\"item\":\"https:\/\/www.euroresidentes.com\/tecnologia\/nanotecnologia\/\"},{\"@type\":\"ListItem\",\"position\":2,\"name\":\"Cidetec amplia instalaciones en el Pa\u00eds Vasco\"}]},{\"@type\":\"WebSite\",\"@id\":\"https:\/\/www.euroresidentes.com\/tecnologia\/nanotecnologia\/#website\",\"url\":\"https:\/\/www.euroresidentes.com\/tecnologia\/nanotecnologia\/\",\"name\":\"Nanotecnolog\u00eda\",\"description\":\"Euroresidentes\",\"potentialAction\":[{\"@type\":\"SearchAction\",\"target\":{\"@type\":\"EntryPoint\",\"urlTemplate\":\"https:\/\/www.euroresidentes.com\/tecnologia\/nanotecnologia\/?s={search_term_string}\"},\"query-input\":{\"@type\":\"PropertyValueSpecification\",\"valueRequired\":true,\"valueName\":\"search_term_string\"}}],\"inLanguage\":\"es\"},{\"@type\":\"Person\",\"@id\":\"https:\/\/www.euroresidentes.com\/tecnologia\/nanotecnologia\/#\/schema\/person\/8cb13da0909a9d75116f29d6910d0907\",\"name\":\"Euroresidentes\",\"image\":{\"@type\":\"ImageObject\",\"inLanguage\":\"es\",\"@id\":\"https:\/\/www.euroresidentes.com\/tecnologia\/nanotecnologia\/#\/schema\/person\/image\/\",\"url\":\"https:\/\/www.euroresidentes.com\/tecnologia\/nanotecnologia\/wp-content\/uploads\/sites\/6\/2016\/03\/logo-euroresidentes-300x300-150x150.jpg\",\"contentUrl\":\"https:\/\/www.euroresidentes.com\/tecnologia\/nanotecnologia\/wp-content\/uploads\/sites\/6\/2016\/03\/logo-euroresidentes-300x300-150x150.jpg\",\"caption\":\"Euroresidentes\"},\"description\":\"EuroresidentesContenidos \u00fatiles que ayudan a resolver las necesidades grandes y peque\u00f1as de la vida cotidiana.\",\"sameAs\":[\"https:\/\/www.euroresidentes.com\/info.htm\"],\"url\":\"https:\/\/www.euroresidentes.com\/tecnologia\/nanotecnologia\/author\/euroresidentes\/\"}]}<\/script>\n<!-- \/ Yoast SEO plugin. -->","yoast_head_json":{"title":"Cidetec amplia instalaciones en el Pa\u00eds Vasco - Nanotecnolog\u00eda","robots":{"index":"index","follow":"follow","max-snippet":"max-snippet:-1","max-image-preview":"max-image-preview:large","max-video-preview":"max-video-preview:-1"},"canonical":"https:\/\/www.euroresidentes.com\/tecnologia\/nanotecnologia\/cidetec-amplia-instalaciones-en-el-pas\/","og_locale":"es_ES","og_type":"article","og_title":"Cidetec amplia instalaciones en el Pa\u00eds Vasco - Nanotecnolog\u00eda","og_description":"La nanotecnolog\u00eda en el Pa\u00eds Vasco sigue su trayectoria ascendente, esta vez con las nuevas inversiones de Cidetec y nuevas instalaciones inauguradas. Investigaci\u00f3n en nanotecnolog\u00eda, pilas de hidr\u00f3geno, biosensores van a recibir el mayor impulso gracias a Cidetec, el nuevo centro de tecnolog\u00eda electroqu\u00edmica inaugurado en el Parque Tecnol\u00f3gico de Miramon, a las afueras de San Sebastian. La inversi\u00f3n requerida es de 6 millones de euros. Sus 1.500 metros cuadrados actuales se ampliar\u00e1n pr\u00f3ximamente con una nave industrial de 500 metros cuadrados para proyectos de demostraci\u00f3n. Javier Rodr\u00edguez, director de Cidetec, se\u00f1ala que son \u00abel \u00fanico centro tecnol\u00f3gico que existe","og_url":"https:\/\/www.euroresidentes.com\/tecnologia\/nanotecnologia\/cidetec-amplia-instalaciones-en-el-pas\/","og_site_name":"Nanotecnolog\u00eda","article_published_time":"2005-11-03T12:04:00+00:00","article_modified_time":"2016-03-02T00:27:17+00:00","author":"Euroresidentes","twitter_card":"summary_large_image","twitter_misc":{"Written by":"Euroresidentes","Est. reading time":"1 minuto"},"schema":{"@context":"https:\/\/schema.org","@graph":[{"@type":"WebPage","@id":"https:\/\/www.euroresidentes.com\/tecnologia\/nanotecnologia\/cidetec-amplia-instalaciones-en-el-pas\/","url":"https:\/\/www.euroresidentes.com\/tecnologia\/nanotecnologia\/cidetec-amplia-instalaciones-en-el-pas\/","name":"Cidetec amplia instalaciones en el Pa\u00eds Vasco - Nanotecnolog\u00eda","isPartOf":{"@id":"https:\/\/www.euroresidentes.com\/tecnologia\/nanotecnologia\/#website"},"datePublished":"2005-11-03T12:04:00+00:00","dateModified":"2016-03-02T00:27:17+00:00","author":{"@id":"https:\/\/www.euroresidentes.com\/tecnologia\/nanotecnologia\/#\/schema\/person\/8cb13da0909a9d75116f29d6910d0907"},"breadcrumb":{"@id":"https:\/\/www.euroresidentes.com\/tecnologia\/nanotecnologia\/cidetec-amplia-instalaciones-en-el-pas\/#breadcrumb"},"inLanguage":"es","potentialAction":[{"@type":"ReadAction","target":["https:\/\/www.euroresidentes.com\/tecnologia\/nanotecnologia\/cidetec-amplia-instalaciones-en-el-pas\/"]}]},{"@type":"BreadcrumbList","@id":"https:\/\/www.euroresidentes.com\/tecnologia\/nanotecnologia\/cidetec-amplia-instalaciones-en-el-pas\/#breadcrumb","itemListElement":[{"@type":"ListItem","position":1,"name":"Portada","item":"https:\/\/www.euroresidentes.com\/tecnologia\/nanotecnologia\/"},{"@type":"ListItem","position":2,"name":"Cidetec amplia instalaciones en el Pa\u00eds Vasco"}]},{"@type":"WebSite","@id":"https:\/\/www.euroresidentes.com\/tecnologia\/nanotecnologia\/#website","url":"https:\/\/www.euroresidentes.com\/tecnologia\/nanotecnologia\/","name":"Nanotecnolog\u00eda","description":"Euroresidentes","potentialAction":[{"@type":"SearchAction","target":{"@type":"EntryPoint","urlTemplate":"https:\/\/www.euroresidentes.com\/tecnologia\/nanotecnologia\/?s={search_term_string}"},"query-input":{"@type":"PropertyValueSpecification","valueRequired":true,"valueName":"search_term_string"}}],"inLanguage":"es"},{"@type":"Person","@id":"https:\/\/www.euroresidentes.com\/tecnologia\/nanotecnologia\/#\/schema\/person\/8cb13da0909a9d75116f29d6910d0907","name":"Euroresidentes","image":{"@type":"ImageObject","inLanguage":"es","@id":"https:\/\/www.euroresidentes.com\/tecnologia\/nanotecnologia\/#\/schema\/person\/image\/","url":"https:\/\/www.euroresidentes.com\/tecnologia\/nanotecnologia\/wp-content\/uploads\/sites\/6\/2016\/03\/logo-euroresidentes-300x300-150x150.jpg","contentUrl":"https:\/\/www.euroresidentes.com\/tecnologia\/nanotecnologia\/wp-content\/uploads\/sites\/6\/2016\/03\/logo-euroresidentes-300x300-150x150.jpg","caption":"Euroresidentes"},"description":"EuroresidentesContenidos \u00fatiles que ayudan a resolver las necesidades grandes y peque\u00f1as de la vida cotidiana.","sameAs":["https:\/\/www.euroresidentes.com\/info.htm"],"url":"https:\/\/www.euroresidentes.com\/tecnologia\/nanotecnologia\/author\/euroresidentes\/"}]}},"_links":{"self":[{"href":"https:\/\/www.euroresidentes.com\/tecnologia\/nanotecnologia\/wp-json\/wp\/v2\/posts\/4341","targetHints":{"allow":["GET"]}}],"collection":[{"href":"https:\/\/www.euroresidentes.com\/tecnologia\/nanotecnologia\/wp-json\/wp\/v2\/posts"}],"about":[{"href":"https:\/\/www.euroresidentes.com\/tecnologia\/nanotecnologia\/wp-json\/wp\/v2\/types\/post"}],"author":[{"embeddable":true,"href":"https:\/\/www.euroresidentes.com\/tecnologia\/nanotecnologia\/wp-json\/wp\/v2\/users\/1"}],"replies":[{"embeddable":true,"href":"https:\/\/www.euroresidentes.com\/tecnologia\/nanotecnologia\/wp-json\/wp\/v2\/comments?post=4341"}],"version-history":[{"count":0,"href":"https:\/\/www.euroresidentes.com\/tecnologia\/nanotecnologia\/wp-json\/wp\/v2\/posts\/4341\/revisions"}],"wp:attachment":[{"href":"https:\/\/www.euroresidentes.com\/tecnologia\/nanotecnologia\/wp-json\/wp\/v2\/media?parent=4341"}],"wp:term":[{"taxonomy":"category","embeddable":true,"href":"https:\/\/www.euroresidentes.com\/tecnologia\/nanotecnologia\/wp-json\/wp\/v2\/categories?post=4341"},{"taxonomy":"post_tag","embeddable":true,"href":"https:\/\/www.euroresidentes.com\/tecnologia\/nanotecnologia\/wp-json\/wp\/v2\/tags?post=4341"}],"curies":[{"name":"wp","href":"https:\/\/api.w.org\/{rel}","templated":true}]}}