{"id":4201,"date":"2006-01-15T21:52:00","date_gmt":"2006-01-15T21:52:00","guid":{"rendered":"https:\/\/www.euroresidentes.com\/tecnologia\/nanotecnologia\/nanotecnologa-en-la-opinin-pblica"},"modified":"2016-03-02T00:26:53","modified_gmt":"2016-03-02T00:26:53","slug":"nanotecnologa-en-la-opinin-pblica","status":"publish","type":"post","link":"https:\/\/www.euroresidentes.com\/tecnologia\/nanotecnologia\/nanotecnologa-en-la-opinin-pblica\/","title":{"rendered":"Nanotecnolog\u00eda en la opini\u00f3n p\u00fablica"},"content":{"rendered":"<p><a name=\"OLE_LINK4\"><\/a><a name=\"OLE_LINK3\">En el punto de mira: el primer panorama de la <\/a>nanotecnolog\u00eda entre el p\u00fablico canadiense y el estadounidense<\/p>\n<p>En un<a href=\"http:\/\/www.azonano.com\/Details.asp?ArticleID=1468\"> estudio realizado por Edna Einsiedel, de la Universidad de Calgary<\/a>, se descubri\u00f3 que el p\u00fablico de Canad\u00e1 y EEUU conf\u00eda mucho m\u00e1s en los nanocient\u00edficos que en los encargados de regular la nanotecnolog\u00eda. Alrededor de un cuarto de los encuestados afirmaban haber discutido sobre nanotecnolog\u00eda con anterioridad.<\/p>\n<p>Sobre un 70% estaban de acuerdo en que \u201cla nanotecnolog\u00eda ser\u00e1 una de las fuentes m\u00e1s importantes de curaciones y tratamientos sanitarios en el siglo XXI\u201d y alrededor de un 80% coincid\u00edan en que \u201cla investigaci\u00f3n en nanotecnolog\u00eda representa la pr\u00f3xima frontera del empe\u00f1o humano y nos conducir\u00e1 a una calidad de vida significativa\u201d.<\/p>\n<p>La mayor\u00eda de los estadounidenses dijeron \u201capruebo el uso de la nanotecnolog\u00eda mientras contin\u00faen los niveles de control y regulaci\u00f3n habituales del gobierno\u201d,  mientras que la mayor parte de los canadienses dijeron \u201capruebo la nanotecnolog\u00eda siempre y cuando se controle y regule de forma m\u00e1s estricta\u201d.<\/p>\n<p>Fuente: <a href=\"http:\/\/www.azonano.com\/Details.asp?ArticleID=1468\">http:\/\/www.azonano.com\/Details.asp?ArticleID=1468<\/a><\/p>\n","protected":false},"excerpt":{"rendered":"<p>En el punto de mira: el primer panorama de la nanotecnolog\u00eda entre el p\u00fablico canadiense y el estadounidense En un estudio realizado por Edna Einsiedel, de la Universidad de Calgary, se descubri\u00f3 que el p\u00fablico de Canad\u00e1 y EEUU conf\u00eda mucho m\u00e1s en los nanocient\u00edficos que en los encargados de regular la nanotecnolog\u00eda. Alrededor de un cuarto de los encuestados afirmaban haber discutido sobre nanotecnolog\u00eda con anterioridad. Sobre un 70% estaban de acuerdo en que \u201cla nanotecnolog\u00eda ser\u00e1 una de las fuentes m\u00e1s importantes de curaciones y tratamientos sanitarios en el siglo XXI\u201d y alrededor de un 80% coincid\u00edan en <\/p>\n","protected":false},"author":1,"featured_media":0,"comment_status":"open","ping_status":"open","sticky":false,"template":"","format":"standard","meta":{"footnotes":""},"categories":[1],"tags":[],"class_list":["post-4201","post","type-post","status-publish","format-standard","hentry","category-general"],"yoast_head":"<!-- This site is optimized with the Yoast SEO plugin v24.1 - https:\/\/yoast.com\/wordpress\/plugins\/seo\/ -->\n<title>Nanotecnolog\u00eda en la opini\u00f3n p\u00fablica - Nanotecnolog\u00eda<\/title>\n<meta name=\"robots\" content=\"index, follow, max-snippet:-1, max-image-preview:large, max-video-preview:-1\" \/>\n<link rel=\"canonical\" href=\"https:\/\/www.euroresidentes.com\/tecnologia\/nanotecnologia\/nanotecnologa-en-la-opinin-pblica\/\" \/>\n<meta property=\"og:locale\" content=\"es_ES\" \/>\n<meta property=\"og:type\" content=\"article\" \/>\n<meta property=\"og:title\" content=\"Nanotecnolog\u00eda en la opini\u00f3n p\u00fablica - Nanotecnolog\u00eda\" \/>\n<meta property=\"og:description\" content=\"En el punto de mira: el primer panorama de la nanotecnolog\u00eda entre el p\u00fablico canadiense y el estadounidense En un estudio realizado por Edna Einsiedel, de la Universidad de Calgary, se descubri\u00f3 que el p\u00fablico de Canad\u00e1 y EEUU conf\u00eda mucho m\u00e1s en los nanocient\u00edficos que en los encargados de regular la nanotecnolog\u00eda. Alrededor de un cuarto de los encuestados afirmaban haber discutido sobre nanotecnolog\u00eda con anterioridad. Sobre un 70% estaban de acuerdo en que \u201cla nanotecnolog\u00eda ser\u00e1 una de las fuentes m\u00e1s importantes de curaciones y tratamientos sanitarios en el siglo XXI\u201d y alrededor de un 80% coincid\u00edan en\" \/>\n<meta property=\"og:url\" content=\"https:\/\/www.euroresidentes.com\/tecnologia\/nanotecnologia\/nanotecnologa-en-la-opinin-pblica\/\" \/>\n<meta property=\"og:site_name\" content=\"Nanotecnolog\u00eda\" \/>\n<meta property=\"article:published_time\" content=\"2006-01-15T21:52:00+00:00\" \/>\n<meta property=\"article:modified_time\" content=\"2016-03-02T00:26:53+00:00\" \/>\n<meta name=\"author\" content=\"Euroresidentes\" \/>\n<meta name=\"twitter:card\" content=\"summary_large_image\" \/>\n<meta name=\"twitter:label1\" content=\"Written by\" \/>\n\t<meta name=\"twitter:data1\" content=\"Euroresidentes\" \/>\n\t<meta name=\"twitter:label2\" content=\"Est. reading time\" \/>\n\t<meta name=\"twitter:data2\" content=\"1 minuto\" \/>\n<script type=\"application\/ld+json\" class=\"yoast-schema-graph\">{\"@context\":\"https:\/\/schema.org\",\"@graph\":[{\"@type\":\"WebPage\",\"@id\":\"https:\/\/www.euroresidentes.com\/tecnologia\/nanotecnologia\/nanotecnologa-en-la-opinin-pblica\/\",\"url\":\"https:\/\/www.euroresidentes.com\/tecnologia\/nanotecnologia\/nanotecnologa-en-la-opinin-pblica\/\",\"name\":\"Nanotecnolog\u00eda en la opini\u00f3n p\u00fablica - Nanotecnolog\u00eda\",\"isPartOf\":{\"@id\":\"https:\/\/www.euroresidentes.com\/tecnologia\/nanotecnologia\/#website\"},\"datePublished\":\"2006-01-15T21:52:00+00:00\",\"dateModified\":\"2016-03-02T00:26:53+00:00\",\"author\":{\"@id\":\"https:\/\/www.euroresidentes.com\/tecnologia\/nanotecnologia\/#\/schema\/person\/8cb13da0909a9d75116f29d6910d0907\"},\"breadcrumb\":{\"@id\":\"https:\/\/www.euroresidentes.com\/tecnologia\/nanotecnologia\/nanotecnologa-en-la-opinin-pblica\/#breadcrumb\"},\"inLanguage\":\"es\",\"potentialAction\":[{\"@type\":\"ReadAction\",\"target\":[\"https:\/\/www.euroresidentes.com\/tecnologia\/nanotecnologia\/nanotecnologa-en-la-opinin-pblica\/\"]}]},{\"@type\":\"BreadcrumbList\",\"@id\":\"https:\/\/www.euroresidentes.com\/tecnologia\/nanotecnologia\/nanotecnologa-en-la-opinin-pblica\/#breadcrumb\",\"itemListElement\":[{\"@type\":\"ListItem\",\"position\":1,\"name\":\"Portada\",\"item\":\"https:\/\/www.euroresidentes.com\/tecnologia\/nanotecnologia\/\"},{\"@type\":\"ListItem\",\"position\":2,\"name\":\"Nanotecnolog\u00eda en la opini\u00f3n p\u00fablica\"}]},{\"@type\":\"WebSite\",\"@id\":\"https:\/\/www.euroresidentes.com\/tecnologia\/nanotecnologia\/#website\",\"url\":\"https:\/\/www.euroresidentes.com\/tecnologia\/nanotecnologia\/\",\"name\":\"Nanotecnolog\u00eda\",\"description\":\"Euroresidentes\",\"potentialAction\":[{\"@type\":\"SearchAction\",\"target\":{\"@type\":\"EntryPoint\",\"urlTemplate\":\"https:\/\/www.euroresidentes.com\/tecnologia\/nanotecnologia\/?s={search_term_string}\"},\"query-input\":{\"@type\":\"PropertyValueSpecification\",\"valueRequired\":true,\"valueName\":\"search_term_string\"}}],\"inLanguage\":\"es\"},{\"@type\":\"Person\",\"@id\":\"https:\/\/www.euroresidentes.com\/tecnologia\/nanotecnologia\/#\/schema\/person\/8cb13da0909a9d75116f29d6910d0907\",\"name\":\"Euroresidentes\",\"image\":{\"@type\":\"ImageObject\",\"inLanguage\":\"es\",\"@id\":\"https:\/\/www.euroresidentes.com\/tecnologia\/nanotecnologia\/#\/schema\/person\/image\/\",\"url\":\"https:\/\/www.euroresidentes.com\/tecnologia\/nanotecnologia\/wp-content\/uploads\/sites\/6\/2016\/03\/logo-euroresidentes-300x300-150x150.jpg\",\"contentUrl\":\"https:\/\/www.euroresidentes.com\/tecnologia\/nanotecnologia\/wp-content\/uploads\/sites\/6\/2016\/03\/logo-euroresidentes-300x300-150x150.jpg\",\"caption\":\"Euroresidentes\"},\"description\":\"EuroresidentesContenidos \u00fatiles que ayudan a resolver las necesidades grandes y peque\u00f1as de la vida cotidiana.\",\"sameAs\":[\"https:\/\/www.euroresidentes.com\/info.htm\"],\"url\":\"https:\/\/www.euroresidentes.com\/tecnologia\/nanotecnologia\/author\/euroresidentes\/\"}]}<\/script>\n<!-- \/ Yoast SEO plugin. -->","yoast_head_json":{"title":"Nanotecnolog\u00eda en la opini\u00f3n p\u00fablica - Nanotecnolog\u00eda","robots":{"index":"index","follow":"follow","max-snippet":"max-snippet:-1","max-image-preview":"max-image-preview:large","max-video-preview":"max-video-preview:-1"},"canonical":"https:\/\/www.euroresidentes.com\/tecnologia\/nanotecnologia\/nanotecnologa-en-la-opinin-pblica\/","og_locale":"es_ES","og_type":"article","og_title":"Nanotecnolog\u00eda en la opini\u00f3n p\u00fablica - Nanotecnolog\u00eda","og_description":"En el punto de mira: el primer panorama de la nanotecnolog\u00eda entre el p\u00fablico canadiense y el estadounidense En un estudio realizado por Edna Einsiedel, de la Universidad de Calgary, se descubri\u00f3 que el p\u00fablico de Canad\u00e1 y EEUU conf\u00eda mucho m\u00e1s en los nanocient\u00edficos que en los encargados de regular la nanotecnolog\u00eda. Alrededor de un cuarto de los encuestados afirmaban haber discutido sobre nanotecnolog\u00eda con anterioridad. Sobre un 70% estaban de acuerdo en que \u201cla nanotecnolog\u00eda ser\u00e1 una de las fuentes m\u00e1s importantes de curaciones y tratamientos sanitarios en el siglo XXI\u201d y alrededor de un 80% coincid\u00edan en","og_url":"https:\/\/www.euroresidentes.com\/tecnologia\/nanotecnologia\/nanotecnologa-en-la-opinin-pblica\/","og_site_name":"Nanotecnolog\u00eda","article_published_time":"2006-01-15T21:52:00+00:00","article_modified_time":"2016-03-02T00:26:53+00:00","author":"Euroresidentes","twitter_card":"summary_large_image","twitter_misc":{"Written by":"Euroresidentes","Est. reading time":"1 minuto"},"schema":{"@context":"https:\/\/schema.org","@graph":[{"@type":"WebPage","@id":"https:\/\/www.euroresidentes.com\/tecnologia\/nanotecnologia\/nanotecnologa-en-la-opinin-pblica\/","url":"https:\/\/www.euroresidentes.com\/tecnologia\/nanotecnologia\/nanotecnologa-en-la-opinin-pblica\/","name":"Nanotecnolog\u00eda en la opini\u00f3n p\u00fablica - Nanotecnolog\u00eda","isPartOf":{"@id":"https:\/\/www.euroresidentes.com\/tecnologia\/nanotecnologia\/#website"},"datePublished":"2006-01-15T21:52:00+00:00","dateModified":"2016-03-02T00:26:53+00:00","author":{"@id":"https:\/\/www.euroresidentes.com\/tecnologia\/nanotecnologia\/#\/schema\/person\/8cb13da0909a9d75116f29d6910d0907"},"breadcrumb":{"@id":"https:\/\/www.euroresidentes.com\/tecnologia\/nanotecnologia\/nanotecnologa-en-la-opinin-pblica\/#breadcrumb"},"inLanguage":"es","potentialAction":[{"@type":"ReadAction","target":["https:\/\/www.euroresidentes.com\/tecnologia\/nanotecnologia\/nanotecnologa-en-la-opinin-pblica\/"]}]},{"@type":"BreadcrumbList","@id":"https:\/\/www.euroresidentes.com\/tecnologia\/nanotecnologia\/nanotecnologa-en-la-opinin-pblica\/#breadcrumb","itemListElement":[{"@type":"ListItem","position":1,"name":"Portada","item":"https:\/\/www.euroresidentes.com\/tecnologia\/nanotecnologia\/"},{"@type":"ListItem","position":2,"name":"Nanotecnolog\u00eda en la opini\u00f3n p\u00fablica"}]},{"@type":"WebSite","@id":"https:\/\/www.euroresidentes.com\/tecnologia\/nanotecnologia\/#website","url":"https:\/\/www.euroresidentes.com\/tecnologia\/nanotecnologia\/","name":"Nanotecnolog\u00eda","description":"Euroresidentes","potentialAction":[{"@type":"SearchAction","target":{"@type":"EntryPoint","urlTemplate":"https:\/\/www.euroresidentes.com\/tecnologia\/nanotecnologia\/?s={search_term_string}"},"query-input":{"@type":"PropertyValueSpecification","valueRequired":true,"valueName":"search_term_string"}}],"inLanguage":"es"},{"@type":"Person","@id":"https:\/\/www.euroresidentes.com\/tecnologia\/nanotecnologia\/#\/schema\/person\/8cb13da0909a9d75116f29d6910d0907","name":"Euroresidentes","image":{"@type":"ImageObject","inLanguage":"es","@id":"https:\/\/www.euroresidentes.com\/tecnologia\/nanotecnologia\/#\/schema\/person\/image\/","url":"https:\/\/www.euroresidentes.com\/tecnologia\/nanotecnologia\/wp-content\/uploads\/sites\/6\/2016\/03\/logo-euroresidentes-300x300-150x150.jpg","contentUrl":"https:\/\/www.euroresidentes.com\/tecnologia\/nanotecnologia\/wp-content\/uploads\/sites\/6\/2016\/03\/logo-euroresidentes-300x300-150x150.jpg","caption":"Euroresidentes"},"description":"EuroresidentesContenidos \u00fatiles que ayudan a resolver las necesidades grandes y peque\u00f1as de la vida cotidiana.","sameAs":["https:\/\/www.euroresidentes.com\/info.htm"],"url":"https:\/\/www.euroresidentes.com\/tecnologia\/nanotecnologia\/author\/euroresidentes\/"}]}},"_links":{"self":[{"href":"https:\/\/www.euroresidentes.com\/tecnologia\/nanotecnologia\/wp-json\/wp\/v2\/posts\/4201","targetHints":{"allow":["GET"]}}],"collection":[{"href":"https:\/\/www.euroresidentes.com\/tecnologia\/nanotecnologia\/wp-json\/wp\/v2\/posts"}],"about":[{"href":"https:\/\/www.euroresidentes.com\/tecnologia\/nanotecnologia\/wp-json\/wp\/v2\/types\/post"}],"author":[{"embeddable":true,"href":"https:\/\/www.euroresidentes.com\/tecnologia\/nanotecnologia\/wp-json\/wp\/v2\/users\/1"}],"replies":[{"embeddable":true,"href":"https:\/\/www.euroresidentes.com\/tecnologia\/nanotecnologia\/wp-json\/wp\/v2\/comments?post=4201"}],"version-history":[{"count":0,"href":"https:\/\/www.euroresidentes.com\/tecnologia\/nanotecnologia\/wp-json\/wp\/v2\/posts\/4201\/revisions"}],"wp:attachment":[{"href":"https:\/\/www.euroresidentes.com\/tecnologia\/nanotecnologia\/wp-json\/wp\/v2\/media?parent=4201"}],"wp:term":[{"taxonomy":"category","embeddable":true,"href":"https:\/\/www.euroresidentes.com\/tecnologia\/nanotecnologia\/wp-json\/wp\/v2\/categories?post=4201"},{"taxonomy":"post_tag","embeddable":true,"href":"https:\/\/www.euroresidentes.com\/tecnologia\/nanotecnologia\/wp-json\/wp\/v2\/tags?post=4201"}],"curies":[{"name":"wp","href":"https:\/\/api.w.org\/{rel}","templated":true}]}}