{"id":4089,"date":"2006-03-17T08:30:00","date_gmt":"2006-03-17T08:30:00","guid":{"rendered":"https:\/\/www.euroresidentes.com\/tecnologia\/nanotecnologia\/la-nanotecnologa-y-nuestro-reto"},"modified":"2016-03-02T00:26:43","modified_gmt":"2016-03-02T00:26:43","slug":"la-nanotecnologa-y-nuestro-reto","status":"publish","type":"post","link":"https:\/\/www.euroresidentes.com\/tecnologia\/nanotecnologia\/la-nanotecnologa-y-nuestro-reto\/","title":{"rendered":"La nanotecnolog\u00eda y nuestro reto energ\u00e9tico: el almacenamiento de la energ\u00eda"},"content":{"rendered":"<p>17\/03: La nanotecnolog\u00eda y nuestro reto energ\u00e9tico<\/p>\n<p>Cada d\u00eda estoy m\u00e1s convencido de que un gran reto se presenta ante nosotros (el mundo y la humanidad); lo que yo llamo \u201cel reto de los teravatios\u201d. He estado investigando acerca del problema energ\u00e9tico y he participado en la b\u00fasqueda de teravatios o trillones de vatios de electricidad. Lo que busco es resolver lo que considero constituye el problema m\u00e1s importante al que se enfrenta la humanidad: la dificultad de generar energ\u00eda en las cantidades que ser\u00e1n necesarias para este siglo, en el que el n\u00famero de personas del planeta podr\u00eda alcanzar los 10.000 millones.<\/p>\n<p>La clave no est\u00e1 solo en una fuente de energ\u00eda, sino tambi\u00e9n en el almacenamiento y el transporte de dicha energ\u00eda. Si pudi\u00e9semos resolver el problema del almacenamiento local, resolver\u00edamos b\u00e1sicamente todo el problema. La mayor dificultad de las energ\u00edas renovables en general y, concretamente, de la solar y la e\u00f3lica, es que no son regulares ni transportables. Es necesario almacenarlas. El almacenamiento de energ\u00eda en bater\u00edas, condensadores, pilas de combustible y otros sistemas qu\u00edmicos como el hidr\u00f3geno, depende de las interacciones a nanoescala: las reacciones de transferencia de carga que se producen en la superficie de algunos \u00e1tomos. Los dispositivos de almacenamiento de \u00faltima generaci\u00f3n est\u00e1n todos optimizados mediante avances de nanoingenier\u00eda y el uso de part\u00edculas catalizadoras a nanoescala.<\/p>\n<p>Fuente: <a href=\"http:\/\/www.informit.com\/articles\/article.asp?p=446450&amp;rl=1\">informit.com<\/a><\/p>\n<p><strong>Temas relacionados con energ\u00eda y nanotecnolog\u00eda:<\/strong><\/p>\n<ul>\n<li><a class=\"l\" onmousedown=\"return clk(this.href,'res','1','')\" href=\"http:\/\/www.euroresidentes.com\/futuro\/nanotecnologia\/nanotecnologia_responsable\/nanotecnologia_energia_solar.htm\">Beneficios nanotecnolog\u00eda energ\u00eda solar<\/a><\/li>\n<li><a class=\"l\" onmousedown=\"return clk(this.href,'res','4','')\" href=\"http:\/\/www.euroresidentes.com\/Blogs\/nanotecnologia\/2005\/03\/energia-y-celulas-de-combustible.html\">Energia y pilas de combustible<\/a><\/li>\n<li><a class=\"l\" onmousedown=\"return clk(this.href,'res','6','')\" href=\"http:\/\/www.euroresidentes.com\/futuro\/energia_solar\/index.htm\">Energ\u00eda solar<\/a><\/li>\n<li><a href=\"http:\/\/www.euroresidentes.com\/Blogs\/avances_tecnologicos\/2004\/08\/nanotecnologa-puede-crear-una-red-de.htm\">Nanotecnolog\u00eda puede crear una red de Internet basada en energ\u00eda solar<\/a><\/li>\n<li><a href=\"http:\/\/www.euroresidentes.com\/Blogs\/noticias\/2005\/11\/nanotecnologa-petrleo-e-industria-de.html\">Nanotecnolog\u00eda, petr\u00f3leo e industria de la energ\u00eda <\/a><\/li>\n<li><a href=\"http:\/\/www.euroresidentes.com\/Blogs\/nanotecnologia\/2005\/10\/motor-molecular-arranca-con-energa.html\">Motor molecular arranca con energ\u00eda qu\u00edmica<\/a> <\/li>\n<li><a class=\"l\" onmousedown=\"return clk(this.href,'res','12','')\" href=\"http:\/\/www.euroresidentes.com\/futuro\/nanotecnologia\/noticias\/2005\/mayo\/nanotecnologia_noticias_03.htm\">Nanotecnolog\u00eda noticias: energ\u00eda solar e hidr\u00f3geno como combustible<\/a><\/li>\n<\/ul>\n","protected":false},"excerpt":{"rendered":"<p>17\/03: La nanotecnolog\u00eda y nuestro reto energ\u00e9tico Cada d\u00eda estoy m\u00e1s convencido de que un gran reto se presenta ante nosotros (el mundo y la humanidad); lo que yo llamo \u201cel reto de los teravatios\u201d. He estado investigando acerca del problema energ\u00e9tico y he participado en la b\u00fasqueda de teravatios o trillones de vatios de electricidad. Lo que busco es resolver lo que considero constituye el problema m\u00e1s importante al que se enfrenta la humanidad: la dificultad de generar energ\u00eda en las cantidades que ser\u00e1n necesarias para este siglo, en el que el n\u00famero de personas del planeta podr\u00eda alcanzar <\/p>\n","protected":false},"author":1,"featured_media":0,"comment_status":"open","ping_status":"open","sticky":false,"template":"","format":"standard","meta":{"footnotes":""},"categories":[1],"tags":[],"class_list":["post-4089","post","type-post","status-publish","format-standard","hentry","category-general"],"yoast_head":"<!-- This site is optimized with the Yoast SEO plugin v24.1 - https:\/\/yoast.com\/wordpress\/plugins\/seo\/ -->\n<title>La nanotecnolog\u00eda y nuestro reto energ\u00e9tico: el almacenamiento de la energ\u00eda - Nanotecnolog\u00eda<\/title>\n<meta name=\"robots\" content=\"index, follow, max-snippet:-1, max-image-preview:large, max-video-preview:-1\" \/>\n<link rel=\"canonical\" href=\"https:\/\/www.euroresidentes.com\/tecnologia\/nanotecnologia\/la-nanotecnologa-y-nuestro-reto\/\" \/>\n<meta property=\"og:locale\" content=\"es_ES\" \/>\n<meta property=\"og:type\" content=\"article\" \/>\n<meta property=\"og:title\" content=\"La nanotecnolog\u00eda y nuestro reto energ\u00e9tico: el almacenamiento de la energ\u00eda - Nanotecnolog\u00eda\" \/>\n<meta property=\"og:description\" content=\"17\/03: La nanotecnolog\u00eda y nuestro reto energ\u00e9tico Cada d\u00eda estoy m\u00e1s convencido de que un gran reto se presenta ante nosotros (el mundo y la humanidad); lo que yo llamo \u201cel reto de los teravatios\u201d. He estado investigando acerca del problema energ\u00e9tico y he participado en la b\u00fasqueda de teravatios o trillones de vatios de electricidad. Lo que busco es resolver lo que considero constituye el problema m\u00e1s importante al que se enfrenta la humanidad: la dificultad de generar energ\u00eda en las cantidades que ser\u00e1n necesarias para este siglo, en el que el n\u00famero de personas del planeta podr\u00eda alcanzar\" \/>\n<meta property=\"og:url\" content=\"https:\/\/www.euroresidentes.com\/tecnologia\/nanotecnologia\/la-nanotecnologa-y-nuestro-reto\/\" \/>\n<meta property=\"og:site_name\" content=\"Nanotecnolog\u00eda\" \/>\n<meta property=\"article:published_time\" content=\"2006-03-17T08:30:00+00:00\" \/>\n<meta property=\"article:modified_time\" content=\"2016-03-02T00:26:43+00:00\" \/>\n<meta name=\"author\" content=\"Euroresidentes\" \/>\n<meta name=\"twitter:card\" content=\"summary_large_image\" \/>\n<meta name=\"twitter:label1\" content=\"Written by\" \/>\n\t<meta name=\"twitter:data1\" content=\"Euroresidentes\" \/>\n\t<meta name=\"twitter:label2\" content=\"Est. reading time\" \/>\n\t<meta name=\"twitter:data2\" content=\"2 minutos\" \/>\n<script type=\"application\/ld+json\" class=\"yoast-schema-graph\">{\"@context\":\"https:\/\/schema.org\",\"@graph\":[{\"@type\":\"WebPage\",\"@id\":\"https:\/\/www.euroresidentes.com\/tecnologia\/nanotecnologia\/la-nanotecnologa-y-nuestro-reto\/\",\"url\":\"https:\/\/www.euroresidentes.com\/tecnologia\/nanotecnologia\/la-nanotecnologa-y-nuestro-reto\/\",\"name\":\"La nanotecnolog\u00eda y nuestro reto energ\u00e9tico: el almacenamiento de la energ\u00eda - Nanotecnolog\u00eda\",\"isPartOf\":{\"@id\":\"https:\/\/www.euroresidentes.com\/tecnologia\/nanotecnologia\/#website\"},\"datePublished\":\"2006-03-17T08:30:00+00:00\",\"dateModified\":\"2016-03-02T00:26:43+00:00\",\"author\":{\"@id\":\"https:\/\/www.euroresidentes.com\/tecnologia\/nanotecnologia\/#\/schema\/person\/8cb13da0909a9d75116f29d6910d0907\"},\"breadcrumb\":{\"@id\":\"https:\/\/www.euroresidentes.com\/tecnologia\/nanotecnologia\/la-nanotecnologa-y-nuestro-reto\/#breadcrumb\"},\"inLanguage\":\"es\",\"potentialAction\":[{\"@type\":\"ReadAction\",\"target\":[\"https:\/\/www.euroresidentes.com\/tecnologia\/nanotecnologia\/la-nanotecnologa-y-nuestro-reto\/\"]}]},{\"@type\":\"BreadcrumbList\",\"@id\":\"https:\/\/www.euroresidentes.com\/tecnologia\/nanotecnologia\/la-nanotecnologa-y-nuestro-reto\/#breadcrumb\",\"itemListElement\":[{\"@type\":\"ListItem\",\"position\":1,\"name\":\"Portada\",\"item\":\"https:\/\/www.euroresidentes.com\/tecnologia\/nanotecnologia\/\"},{\"@type\":\"ListItem\",\"position\":2,\"name\":\"La nanotecnolog\u00eda y nuestro reto energ\u00e9tico: el almacenamiento de la energ\u00eda\"}]},{\"@type\":\"WebSite\",\"@id\":\"https:\/\/www.euroresidentes.com\/tecnologia\/nanotecnologia\/#website\",\"url\":\"https:\/\/www.euroresidentes.com\/tecnologia\/nanotecnologia\/\",\"name\":\"Nanotecnolog\u00eda\",\"description\":\"Euroresidentes\",\"potentialAction\":[{\"@type\":\"SearchAction\",\"target\":{\"@type\":\"EntryPoint\",\"urlTemplate\":\"https:\/\/www.euroresidentes.com\/tecnologia\/nanotecnologia\/?s={search_term_string}\"},\"query-input\":{\"@type\":\"PropertyValueSpecification\",\"valueRequired\":true,\"valueName\":\"search_term_string\"}}],\"inLanguage\":\"es\"},{\"@type\":\"Person\",\"@id\":\"https:\/\/www.euroresidentes.com\/tecnologia\/nanotecnologia\/#\/schema\/person\/8cb13da0909a9d75116f29d6910d0907\",\"name\":\"Euroresidentes\",\"image\":{\"@type\":\"ImageObject\",\"inLanguage\":\"es\",\"@id\":\"https:\/\/www.euroresidentes.com\/tecnologia\/nanotecnologia\/#\/schema\/person\/image\/\",\"url\":\"https:\/\/www.euroresidentes.com\/tecnologia\/nanotecnologia\/wp-content\/uploads\/sites\/6\/2016\/03\/logo-euroresidentes-300x300-150x150.jpg\",\"contentUrl\":\"https:\/\/www.euroresidentes.com\/tecnologia\/nanotecnologia\/wp-content\/uploads\/sites\/6\/2016\/03\/logo-euroresidentes-300x300-150x150.jpg\",\"caption\":\"Euroresidentes\"},\"description\":\"EuroresidentesContenidos \u00fatiles que ayudan a resolver las necesidades grandes y peque\u00f1as de la vida cotidiana.\",\"sameAs\":[\"https:\/\/www.euroresidentes.com\/info.htm\"],\"url\":\"https:\/\/www.euroresidentes.com\/tecnologia\/nanotecnologia\/author\/euroresidentes\/\"}]}<\/script>\n<!-- \/ Yoast SEO plugin. -->","yoast_head_json":{"title":"La nanotecnolog\u00eda y nuestro reto energ\u00e9tico: el almacenamiento de la energ\u00eda - Nanotecnolog\u00eda","robots":{"index":"index","follow":"follow","max-snippet":"max-snippet:-1","max-image-preview":"max-image-preview:large","max-video-preview":"max-video-preview:-1"},"canonical":"https:\/\/www.euroresidentes.com\/tecnologia\/nanotecnologia\/la-nanotecnologa-y-nuestro-reto\/","og_locale":"es_ES","og_type":"article","og_title":"La nanotecnolog\u00eda y nuestro reto energ\u00e9tico: el almacenamiento de la energ\u00eda - Nanotecnolog\u00eda","og_description":"17\/03: La nanotecnolog\u00eda y nuestro reto energ\u00e9tico Cada d\u00eda estoy m\u00e1s convencido de que un gran reto se presenta ante nosotros (el mundo y la humanidad); lo que yo llamo \u201cel reto de los teravatios\u201d. He estado investigando acerca del problema energ\u00e9tico y he participado en la b\u00fasqueda de teravatios o trillones de vatios de electricidad. Lo que busco es resolver lo que considero constituye el problema m\u00e1s importante al que se enfrenta la humanidad: la dificultad de generar energ\u00eda en las cantidades que ser\u00e1n necesarias para este siglo, en el que el n\u00famero de personas del planeta podr\u00eda alcanzar","og_url":"https:\/\/www.euroresidentes.com\/tecnologia\/nanotecnologia\/la-nanotecnologa-y-nuestro-reto\/","og_site_name":"Nanotecnolog\u00eda","article_published_time":"2006-03-17T08:30:00+00:00","article_modified_time":"2016-03-02T00:26:43+00:00","author":"Euroresidentes","twitter_card":"summary_large_image","twitter_misc":{"Written by":"Euroresidentes","Est. reading time":"2 minutos"},"schema":{"@context":"https:\/\/schema.org","@graph":[{"@type":"WebPage","@id":"https:\/\/www.euroresidentes.com\/tecnologia\/nanotecnologia\/la-nanotecnologa-y-nuestro-reto\/","url":"https:\/\/www.euroresidentes.com\/tecnologia\/nanotecnologia\/la-nanotecnologa-y-nuestro-reto\/","name":"La nanotecnolog\u00eda y nuestro reto energ\u00e9tico: el almacenamiento de la energ\u00eda - Nanotecnolog\u00eda","isPartOf":{"@id":"https:\/\/www.euroresidentes.com\/tecnologia\/nanotecnologia\/#website"},"datePublished":"2006-03-17T08:30:00+00:00","dateModified":"2016-03-02T00:26:43+00:00","author":{"@id":"https:\/\/www.euroresidentes.com\/tecnologia\/nanotecnologia\/#\/schema\/person\/8cb13da0909a9d75116f29d6910d0907"},"breadcrumb":{"@id":"https:\/\/www.euroresidentes.com\/tecnologia\/nanotecnologia\/la-nanotecnologa-y-nuestro-reto\/#breadcrumb"},"inLanguage":"es","potentialAction":[{"@type":"ReadAction","target":["https:\/\/www.euroresidentes.com\/tecnologia\/nanotecnologia\/la-nanotecnologa-y-nuestro-reto\/"]}]},{"@type":"BreadcrumbList","@id":"https:\/\/www.euroresidentes.com\/tecnologia\/nanotecnologia\/la-nanotecnologa-y-nuestro-reto\/#breadcrumb","itemListElement":[{"@type":"ListItem","position":1,"name":"Portada","item":"https:\/\/www.euroresidentes.com\/tecnologia\/nanotecnologia\/"},{"@type":"ListItem","position":2,"name":"La nanotecnolog\u00eda y nuestro reto energ\u00e9tico: el almacenamiento de la energ\u00eda"}]},{"@type":"WebSite","@id":"https:\/\/www.euroresidentes.com\/tecnologia\/nanotecnologia\/#website","url":"https:\/\/www.euroresidentes.com\/tecnologia\/nanotecnologia\/","name":"Nanotecnolog\u00eda","description":"Euroresidentes","potentialAction":[{"@type":"SearchAction","target":{"@type":"EntryPoint","urlTemplate":"https:\/\/www.euroresidentes.com\/tecnologia\/nanotecnologia\/?s={search_term_string}"},"query-input":{"@type":"PropertyValueSpecification","valueRequired":true,"valueName":"search_term_string"}}],"inLanguage":"es"},{"@type":"Person","@id":"https:\/\/www.euroresidentes.com\/tecnologia\/nanotecnologia\/#\/schema\/person\/8cb13da0909a9d75116f29d6910d0907","name":"Euroresidentes","image":{"@type":"ImageObject","inLanguage":"es","@id":"https:\/\/www.euroresidentes.com\/tecnologia\/nanotecnologia\/#\/schema\/person\/image\/","url":"https:\/\/www.euroresidentes.com\/tecnologia\/nanotecnologia\/wp-content\/uploads\/sites\/6\/2016\/03\/logo-euroresidentes-300x300-150x150.jpg","contentUrl":"https:\/\/www.euroresidentes.com\/tecnologia\/nanotecnologia\/wp-content\/uploads\/sites\/6\/2016\/03\/logo-euroresidentes-300x300-150x150.jpg","caption":"Euroresidentes"},"description":"EuroresidentesContenidos \u00fatiles que ayudan a resolver las necesidades grandes y peque\u00f1as de la vida cotidiana.","sameAs":["https:\/\/www.euroresidentes.com\/info.htm"],"url":"https:\/\/www.euroresidentes.com\/tecnologia\/nanotecnologia\/author\/euroresidentes\/"}]}},"_links":{"self":[{"href":"https:\/\/www.euroresidentes.com\/tecnologia\/nanotecnologia\/wp-json\/wp\/v2\/posts\/4089","targetHints":{"allow":["GET"]}}],"collection":[{"href":"https:\/\/www.euroresidentes.com\/tecnologia\/nanotecnologia\/wp-json\/wp\/v2\/posts"}],"about":[{"href":"https:\/\/www.euroresidentes.com\/tecnologia\/nanotecnologia\/wp-json\/wp\/v2\/types\/post"}],"author":[{"embeddable":true,"href":"https:\/\/www.euroresidentes.com\/tecnologia\/nanotecnologia\/wp-json\/wp\/v2\/users\/1"}],"replies":[{"embeddable":true,"href":"https:\/\/www.euroresidentes.com\/tecnologia\/nanotecnologia\/wp-json\/wp\/v2\/comments?post=4089"}],"version-history":[{"count":0,"href":"https:\/\/www.euroresidentes.com\/tecnologia\/nanotecnologia\/wp-json\/wp\/v2\/posts\/4089\/revisions"}],"wp:attachment":[{"href":"https:\/\/www.euroresidentes.com\/tecnologia\/nanotecnologia\/wp-json\/wp\/v2\/media?parent=4089"}],"wp:term":[{"taxonomy":"category","embeddable":true,"href":"https:\/\/www.euroresidentes.com\/tecnologia\/nanotecnologia\/wp-json\/wp\/v2\/categories?post=4089"},{"taxonomy":"post_tag","embeddable":true,"href":"https:\/\/www.euroresidentes.com\/tecnologia\/nanotecnologia\/wp-json\/wp\/v2\/tags?post=4089"}],"curies":[{"name":"wp","href":"https:\/\/api.w.org\/{rel}","templated":true}]}}