{"id":3218,"date":"2012-02-27T16:36:00","date_gmt":"2012-02-27T16:36:00","guid":{"rendered":"https:\/\/www.euroresidentes.com\/tecnologia\/nanotecnologia\/blog-pos"},"modified":"2016-03-01T23:46:06","modified_gmt":"2016-03-01T23:46:06","slug":"blog-pos","status":"publish","type":"post","link":"https:\/\/www.euroresidentes.com\/tecnologia\/nanotecnologia\/blog-pos\/","title":{"rendered":"Im\u00e1genes de cargas el\u00e9ctricas de una mol\u00e9cula"},"content":{"rendered":"<p><b>Observan, por primera vez, en imagen las cargas el\u00e9ctricas de una mol\u00e9cula<\/b><\/p>\n<p>Unos investigadores han mostrado las primeras im\u00e1genes de la \u00abdistribuci\u00f3n de las cargas\u00bb en una sola mol\u00e9cula, en las que se observa un baile intrincado de electrones a escalas diminutas.<\/p>\n<p>Anteriormente, se hab\u00edan medido las cargas de \u00e1tomos individuales, pero captar su baile dentro de una mol\u00e9cula compleja es significativamente m\u00e1s dif\u00edcil.<\/p>\n<p>Esta pionera medici\u00f3n podr\u00eda arrojar luz sobre una gama de procesos de \u00abtransferencia de carga\u00bb comunes en la naturaleza.<\/p>\n<p>Los detalles se han publicado en la revista Nature Nanotechnology.<\/p>\n<p>El trabajo lo ha realizado un grupo de IBM Research Zurich especializado en examinar el mundo a la escala infinitesimal de \u00e1tomos y mol\u00e9culas.<\/p>\n<p>Se trata del mismo equipo que realiz\u00f3 la medici\u00f3n de la carga en \u00e1tomos individuales y que tom\u00f3 la primera imagen de una sola mol\u00e9cula; en cierto modo, el nuevo trabajo es una combinaci\u00f3n de los dos anteriores. No obstante utiliza una t\u00e9cnica diferente, llamada microscop\u00eda de sonda de Kelvin, una variante de la microscop\u00eda de fuerza at\u00f3mica que permiti\u00f3 captar la primera imagen molecular en el 2009.<\/p>\n<p>\u00abAhora ser\u00e1 posible investigar a nivel de una sola mol\u00e9cula c\u00f3mo se redistribuye la carga cu\u00e1ndo se forman enlaces qu\u00edmicos individuales entre los \u00e1tomos y las mol\u00e9culas de superficies\u00bb, se\u00f1al\u00f3 el autor principal de la investigaci\u00f3n, Fabian Mohn. \u00abEsto es esencial si pretendemos construir dispositivos a escala at\u00f3mica y molecular\u00bb. <a href=\"http:\/\/www.bbc.co.uk\/news\/science-environment-17156036\">Fuente: BBC Science<\/a><\/p>\n","protected":false},"excerpt":{"rendered":"<p>Observan, por primera vez, en imagen las cargas el\u00e9ctricas de una mol\u00e9cula Unos investigadores han mostrado las primeras im\u00e1genes de la \u00abdistribuci\u00f3n de las cargas\u00bb en una sola mol\u00e9cula, en las que se observa un baile intrincado de electrones a escalas diminutas. Anteriormente, se hab\u00edan medido las cargas de \u00e1tomos individuales, pero captar su baile dentro de una mol\u00e9cula compleja es significativamente m\u00e1s dif\u00edcil. Esta pionera medici\u00f3n podr\u00eda arrojar luz sobre una gama de procesos de \u00abtransferencia de carga\u00bb comunes en la naturaleza. Los detalles se han publicado en la revista Nature Nanotechnology. El trabajo lo ha realizado un grupo <\/p>\n","protected":false},"author":1,"featured_media":0,"comment_status":"open","ping_status":"open","sticky":false,"template":"","format":"standard","meta":{"footnotes":""},"categories":[1],"tags":[],"class_list":["post-3218","post","type-post","status-publish","format-standard","hentry","category-general"],"yoast_head":"<!-- This site is optimized with the Yoast SEO plugin v24.1 - https:\/\/yoast.com\/wordpress\/plugins\/seo\/ -->\n<title>Im\u00e1genes de cargas el\u00e9ctricas de una mol\u00e9cula - Nanotecnolog\u00eda<\/title>\n<meta name=\"robots\" content=\"index, follow, max-snippet:-1, max-image-preview:large, max-video-preview:-1\" \/>\n<link rel=\"canonical\" href=\"https:\/\/www.euroresidentes.com\/tecnologia\/nanotecnologia\/blog-pos\/\" \/>\n<meta property=\"og:locale\" content=\"es_ES\" \/>\n<meta property=\"og:type\" content=\"article\" \/>\n<meta property=\"og:title\" content=\"Im\u00e1genes de cargas el\u00e9ctricas de una mol\u00e9cula - Nanotecnolog\u00eda\" \/>\n<meta property=\"og:description\" content=\"Observan, por primera vez, en imagen las cargas el\u00e9ctricas de una mol\u00e9cula Unos investigadores han mostrado las primeras im\u00e1genes de la \u00abdistribuci\u00f3n de las cargas\u00bb en una sola mol\u00e9cula, en las que se observa un baile intrincado de electrones a escalas diminutas. Anteriormente, se hab\u00edan medido las cargas de \u00e1tomos individuales, pero captar su baile dentro de una mol\u00e9cula compleja es significativamente m\u00e1s dif\u00edcil. Esta pionera medici\u00f3n podr\u00eda arrojar luz sobre una gama de procesos de \u00abtransferencia de carga\u00bb comunes en la naturaleza. Los detalles se han publicado en la revista Nature Nanotechnology. El trabajo lo ha realizado un grupo\" \/>\n<meta property=\"og:url\" content=\"https:\/\/www.euroresidentes.com\/tecnologia\/nanotecnologia\/blog-pos\/\" \/>\n<meta property=\"og:site_name\" content=\"Nanotecnolog\u00eda\" \/>\n<meta property=\"article:published_time\" content=\"2012-02-27T16:36:00+00:00\" \/>\n<meta property=\"article:modified_time\" content=\"2016-03-01T23:46:06+00:00\" \/>\n<meta name=\"author\" content=\"Euroresidentes\" \/>\n<meta name=\"twitter:card\" content=\"summary_large_image\" \/>\n<meta name=\"twitter:label1\" content=\"Written by\" \/>\n\t<meta name=\"twitter:data1\" content=\"Euroresidentes\" \/>\n\t<meta name=\"twitter:label2\" content=\"Est. reading time\" \/>\n\t<meta name=\"twitter:data2\" content=\"1 minuto\" \/>\n<script type=\"application\/ld+json\" class=\"yoast-schema-graph\">{\"@context\":\"https:\/\/schema.org\",\"@graph\":[{\"@type\":\"WebPage\",\"@id\":\"https:\/\/www.euroresidentes.com\/tecnologia\/nanotecnologia\/blog-pos\/\",\"url\":\"https:\/\/www.euroresidentes.com\/tecnologia\/nanotecnologia\/blog-pos\/\",\"name\":\"Im\u00e1genes de cargas el\u00e9ctricas de una mol\u00e9cula - Nanotecnolog\u00eda\",\"isPartOf\":{\"@id\":\"https:\/\/www.euroresidentes.com\/tecnologia\/nanotecnologia\/#website\"},\"datePublished\":\"2012-02-27T16:36:00+00:00\",\"dateModified\":\"2016-03-01T23:46:06+00:00\",\"author\":{\"@id\":\"https:\/\/www.euroresidentes.com\/tecnologia\/nanotecnologia\/#\/schema\/person\/8cb13da0909a9d75116f29d6910d0907\"},\"breadcrumb\":{\"@id\":\"https:\/\/www.euroresidentes.com\/tecnologia\/nanotecnologia\/blog-pos\/#breadcrumb\"},\"inLanguage\":\"es\",\"potentialAction\":[{\"@type\":\"ReadAction\",\"target\":[\"https:\/\/www.euroresidentes.com\/tecnologia\/nanotecnologia\/blog-pos\/\"]}]},{\"@type\":\"BreadcrumbList\",\"@id\":\"https:\/\/www.euroresidentes.com\/tecnologia\/nanotecnologia\/blog-pos\/#breadcrumb\",\"itemListElement\":[{\"@type\":\"ListItem\",\"position\":1,\"name\":\"Portada\",\"item\":\"https:\/\/www.euroresidentes.com\/tecnologia\/nanotecnologia\/\"},{\"@type\":\"ListItem\",\"position\":2,\"name\":\"Im\u00e1genes de cargas el\u00e9ctricas de una mol\u00e9cula\"}]},{\"@type\":\"WebSite\",\"@id\":\"https:\/\/www.euroresidentes.com\/tecnologia\/nanotecnologia\/#website\",\"url\":\"https:\/\/www.euroresidentes.com\/tecnologia\/nanotecnologia\/\",\"name\":\"Nanotecnolog\u00eda\",\"description\":\"Euroresidentes\",\"potentialAction\":[{\"@type\":\"SearchAction\",\"target\":{\"@type\":\"EntryPoint\",\"urlTemplate\":\"https:\/\/www.euroresidentes.com\/tecnologia\/nanotecnologia\/?s={search_term_string}\"},\"query-input\":{\"@type\":\"PropertyValueSpecification\",\"valueRequired\":true,\"valueName\":\"search_term_string\"}}],\"inLanguage\":\"es\"},{\"@type\":\"Person\",\"@id\":\"https:\/\/www.euroresidentes.com\/tecnologia\/nanotecnologia\/#\/schema\/person\/8cb13da0909a9d75116f29d6910d0907\",\"name\":\"Euroresidentes\",\"image\":{\"@type\":\"ImageObject\",\"inLanguage\":\"es\",\"@id\":\"https:\/\/www.euroresidentes.com\/tecnologia\/nanotecnologia\/#\/schema\/person\/image\/\",\"url\":\"https:\/\/www.euroresidentes.com\/tecnologia\/nanotecnologia\/wp-content\/uploads\/sites\/6\/2016\/03\/logo-euroresidentes-300x300-150x150.jpg\",\"contentUrl\":\"https:\/\/www.euroresidentes.com\/tecnologia\/nanotecnologia\/wp-content\/uploads\/sites\/6\/2016\/03\/logo-euroresidentes-300x300-150x150.jpg\",\"caption\":\"Euroresidentes\"},\"description\":\"EuroresidentesContenidos \u00fatiles que ayudan a resolver las necesidades grandes y peque\u00f1as de la vida cotidiana.\",\"sameAs\":[\"https:\/\/www.euroresidentes.com\/info.htm\"],\"url\":\"https:\/\/www.euroresidentes.com\/tecnologia\/nanotecnologia\/author\/euroresidentes\/\"}]}<\/script>\n<!-- \/ Yoast SEO plugin. -->","yoast_head_json":{"title":"Im\u00e1genes de cargas el\u00e9ctricas de una mol\u00e9cula - Nanotecnolog\u00eda","robots":{"index":"index","follow":"follow","max-snippet":"max-snippet:-1","max-image-preview":"max-image-preview:large","max-video-preview":"max-video-preview:-1"},"canonical":"https:\/\/www.euroresidentes.com\/tecnologia\/nanotecnologia\/blog-pos\/","og_locale":"es_ES","og_type":"article","og_title":"Im\u00e1genes de cargas el\u00e9ctricas de una mol\u00e9cula - Nanotecnolog\u00eda","og_description":"Observan, por primera vez, en imagen las cargas el\u00e9ctricas de una mol\u00e9cula Unos investigadores han mostrado las primeras im\u00e1genes de la \u00abdistribuci\u00f3n de las cargas\u00bb en una sola mol\u00e9cula, en las que se observa un baile intrincado de electrones a escalas diminutas. Anteriormente, se hab\u00edan medido las cargas de \u00e1tomos individuales, pero captar su baile dentro de una mol\u00e9cula compleja es significativamente m\u00e1s dif\u00edcil. Esta pionera medici\u00f3n podr\u00eda arrojar luz sobre una gama de procesos de \u00abtransferencia de carga\u00bb comunes en la naturaleza. Los detalles se han publicado en la revista Nature Nanotechnology. El trabajo lo ha realizado un grupo","og_url":"https:\/\/www.euroresidentes.com\/tecnologia\/nanotecnologia\/blog-pos\/","og_site_name":"Nanotecnolog\u00eda","article_published_time":"2012-02-27T16:36:00+00:00","article_modified_time":"2016-03-01T23:46:06+00:00","author":"Euroresidentes","twitter_card":"summary_large_image","twitter_misc":{"Written by":"Euroresidentes","Est. reading time":"1 minuto"},"schema":{"@context":"https:\/\/schema.org","@graph":[{"@type":"WebPage","@id":"https:\/\/www.euroresidentes.com\/tecnologia\/nanotecnologia\/blog-pos\/","url":"https:\/\/www.euroresidentes.com\/tecnologia\/nanotecnologia\/blog-pos\/","name":"Im\u00e1genes de cargas el\u00e9ctricas de una mol\u00e9cula - Nanotecnolog\u00eda","isPartOf":{"@id":"https:\/\/www.euroresidentes.com\/tecnologia\/nanotecnologia\/#website"},"datePublished":"2012-02-27T16:36:00+00:00","dateModified":"2016-03-01T23:46:06+00:00","author":{"@id":"https:\/\/www.euroresidentes.com\/tecnologia\/nanotecnologia\/#\/schema\/person\/8cb13da0909a9d75116f29d6910d0907"},"breadcrumb":{"@id":"https:\/\/www.euroresidentes.com\/tecnologia\/nanotecnologia\/blog-pos\/#breadcrumb"},"inLanguage":"es","potentialAction":[{"@type":"ReadAction","target":["https:\/\/www.euroresidentes.com\/tecnologia\/nanotecnologia\/blog-pos\/"]}]},{"@type":"BreadcrumbList","@id":"https:\/\/www.euroresidentes.com\/tecnologia\/nanotecnologia\/blog-pos\/#breadcrumb","itemListElement":[{"@type":"ListItem","position":1,"name":"Portada","item":"https:\/\/www.euroresidentes.com\/tecnologia\/nanotecnologia\/"},{"@type":"ListItem","position":2,"name":"Im\u00e1genes de cargas el\u00e9ctricas de una mol\u00e9cula"}]},{"@type":"WebSite","@id":"https:\/\/www.euroresidentes.com\/tecnologia\/nanotecnologia\/#website","url":"https:\/\/www.euroresidentes.com\/tecnologia\/nanotecnologia\/","name":"Nanotecnolog\u00eda","description":"Euroresidentes","potentialAction":[{"@type":"SearchAction","target":{"@type":"EntryPoint","urlTemplate":"https:\/\/www.euroresidentes.com\/tecnologia\/nanotecnologia\/?s={search_term_string}"},"query-input":{"@type":"PropertyValueSpecification","valueRequired":true,"valueName":"search_term_string"}}],"inLanguage":"es"},{"@type":"Person","@id":"https:\/\/www.euroresidentes.com\/tecnologia\/nanotecnologia\/#\/schema\/person\/8cb13da0909a9d75116f29d6910d0907","name":"Euroresidentes","image":{"@type":"ImageObject","inLanguage":"es","@id":"https:\/\/www.euroresidentes.com\/tecnologia\/nanotecnologia\/#\/schema\/person\/image\/","url":"https:\/\/www.euroresidentes.com\/tecnologia\/nanotecnologia\/wp-content\/uploads\/sites\/6\/2016\/03\/logo-euroresidentes-300x300-150x150.jpg","contentUrl":"https:\/\/www.euroresidentes.com\/tecnologia\/nanotecnologia\/wp-content\/uploads\/sites\/6\/2016\/03\/logo-euroresidentes-300x300-150x150.jpg","caption":"Euroresidentes"},"description":"EuroresidentesContenidos \u00fatiles que ayudan a resolver las necesidades grandes y peque\u00f1as de la vida cotidiana.","sameAs":["https:\/\/www.euroresidentes.com\/info.htm"],"url":"https:\/\/www.euroresidentes.com\/tecnologia\/nanotecnologia\/author\/euroresidentes\/"}]}},"_links":{"self":[{"href":"https:\/\/www.euroresidentes.com\/tecnologia\/nanotecnologia\/wp-json\/wp\/v2\/posts\/3218","targetHints":{"allow":["GET"]}}],"collection":[{"href":"https:\/\/www.euroresidentes.com\/tecnologia\/nanotecnologia\/wp-json\/wp\/v2\/posts"}],"about":[{"href":"https:\/\/www.euroresidentes.com\/tecnologia\/nanotecnologia\/wp-json\/wp\/v2\/types\/post"}],"author":[{"embeddable":true,"href":"https:\/\/www.euroresidentes.com\/tecnologia\/nanotecnologia\/wp-json\/wp\/v2\/users\/1"}],"replies":[{"embeddable":true,"href":"https:\/\/www.euroresidentes.com\/tecnologia\/nanotecnologia\/wp-json\/wp\/v2\/comments?post=3218"}],"version-history":[{"count":0,"href":"https:\/\/www.euroresidentes.com\/tecnologia\/nanotecnologia\/wp-json\/wp\/v2\/posts\/3218\/revisions"}],"wp:attachment":[{"href":"https:\/\/www.euroresidentes.com\/tecnologia\/nanotecnologia\/wp-json\/wp\/v2\/media?parent=3218"}],"wp:term":[{"taxonomy":"category","embeddable":true,"href":"https:\/\/www.euroresidentes.com\/tecnologia\/nanotecnologia\/wp-json\/wp\/v2\/categories?post=3218"},{"taxonomy":"post_tag","embeddable":true,"href":"https:\/\/www.euroresidentes.com\/tecnologia\/nanotecnologia\/wp-json\/wp\/v2\/tags?post=3218"}],"curies":[{"name":"wp","href":"https:\/\/api.w.org\/{rel}","templated":true}]}}