{"id":1769,"date":"2009-07-04T06:55:00","date_gmt":"2009-07-04T06:55:00","guid":{"rendered":"https:\/\/www.euroresidentes.com\/tecnologia\/nanotecnologia\/centro-iberico-de-investigacion-en"},"modified":"2016-03-01T16:00:52","modified_gmt":"2016-03-01T16:00:52","slug":"centro-iberico-de-investigacion-en","status":"publish","type":"post","link":"https:\/\/www.euroresidentes.com\/tecnologia\/nanotecnologia\/centro-iberico-de-investigacion-en\/","title":{"rendered":"Centro ib\u00e9rico de investigaci\u00f3n en nanotecnolog\u00eda"},"content":{"rendered":"<p>Presidente del Gobierno de Espa\u00f1a, Jos\u00e9 Luis Rodriguez Zapatero y el primer ministro portugu\u00e9s Jos\u00e9 S\u00f3crates estuvieron entre los dignatarios que asistieron a la inauguraci\u00f3n del Centro ib\u00e9rico de investigaci\u00f3n en nanotecnolog\u00eda creado en el norte de Portugal, que se espera atraiga a las mentes m\u00e1s brillantes del mundo en el campo de la investigaci\u00f3n submolecular.<\/p>\n<p>El centro trabajar\u00e1 en los campos de la nanomedicina, el seguimiento medioambiental, la electr\u00f3nica y la nanomanipulaci\u00f3n molecular. La nanoinvestigaci\u00f3n, que tiene lugar a niveles subat\u00f3micos y submoleculares, tiene posibles aplicaciones en la medicina, la rob\u00f3tica, la inform\u00e1tica, la alimentaci\u00f3n e incluso la cosm\u00e9tica.<\/p>\n<p>Con una inversi\u00f3n inicial de 140 millones de d\u00f3lares y un coste anual previsto de 30 millones de euros que se espera costeen Espa\u00f1a y Portugal, el centro ser\u00e1 el primer laboratorio de nanotecnolog\u00eda con estatus de organizaci\u00f3n internacional. Esto facilitar\u00e1 la contrataci\u00f3n de cient\u00edficos de otros pa\u00edses.<\/p>\n<p>Un total de 200 cient\u00edficos y 100 estudiantes de doctorado trabajar\u00e1n en las instalaciones de 14.400m2. Cuarenta ya han sido contratados y se est\u00e1 llevando a cabo un proceso de formaci\u00f3n especializado. El centro estar\u00e1 totalmente operativo a mediados del 2010.<\/p>\n","protected":false},"excerpt":{"rendered":"<p>Presidente del Gobierno de Espa\u00f1a, Jos\u00e9 Luis Rodriguez Zapatero y el primer ministro portugu\u00e9s Jos\u00e9 S\u00f3crates estuvieron entre los dignatarios que asistieron a la inauguraci\u00f3n del Centro ib\u00e9rico de investigaci\u00f3n en nanotecnolog\u00eda creado en el norte de Portugal, que se espera atraiga a las mentes m\u00e1s brillantes del mundo en el campo de la investigaci\u00f3n submolecular. El centro trabajar\u00e1 en los campos de la nanomedicina, el seguimiento medioambiental, la electr\u00f3nica y la nanomanipulaci\u00f3n molecular. La nanoinvestigaci\u00f3n, que tiene lugar a niveles subat\u00f3micos y submoleculares, tiene posibles aplicaciones en la medicina, la rob\u00f3tica, la inform\u00e1tica, la alimentaci\u00f3n e incluso la cosm\u00e9tica. <\/p>\n","protected":false},"author":1,"featured_media":0,"comment_status":"open","ping_status":"open","sticky":false,"template":"","format":"standard","meta":{"footnotes":""},"categories":[1],"tags":[],"class_list":["post-1769","post","type-post","status-publish","format-standard","hentry","category-general"],"yoast_head":"<!-- This site is optimized with the Yoast SEO plugin v24.1 - https:\/\/yoast.com\/wordpress\/plugins\/seo\/ -->\n<title>Centro ib\u00e9rico de investigaci\u00f3n en nanotecnolog\u00eda - Nanotecnolog\u00eda<\/title>\n<meta name=\"robots\" content=\"index, follow, max-snippet:-1, max-image-preview:large, max-video-preview:-1\" \/>\n<link rel=\"canonical\" href=\"https:\/\/www.euroresidentes.com\/tecnologia\/nanotecnologia\/centro-iberico-de-investigacion-en\/\" \/>\n<meta property=\"og:locale\" content=\"es_ES\" \/>\n<meta property=\"og:type\" content=\"article\" \/>\n<meta property=\"og:title\" content=\"Centro ib\u00e9rico de investigaci\u00f3n en nanotecnolog\u00eda - Nanotecnolog\u00eda\" \/>\n<meta property=\"og:description\" content=\"Presidente del Gobierno de Espa\u00f1a, Jos\u00e9 Luis Rodriguez Zapatero y el primer ministro portugu\u00e9s Jos\u00e9 S\u00f3crates estuvieron entre los dignatarios que asistieron a la inauguraci\u00f3n del Centro ib\u00e9rico de investigaci\u00f3n en nanotecnolog\u00eda creado en el norte de Portugal, que se espera atraiga a las mentes m\u00e1s brillantes del mundo en el campo de la investigaci\u00f3n submolecular. El centro trabajar\u00e1 en los campos de la nanomedicina, el seguimiento medioambiental, la electr\u00f3nica y la nanomanipulaci\u00f3n molecular. La nanoinvestigaci\u00f3n, que tiene lugar a niveles subat\u00f3micos y submoleculares, tiene posibles aplicaciones en la medicina, la rob\u00f3tica, la inform\u00e1tica, la alimentaci\u00f3n e incluso la cosm\u00e9tica.\" \/>\n<meta property=\"og:url\" content=\"https:\/\/www.euroresidentes.com\/tecnologia\/nanotecnologia\/centro-iberico-de-investigacion-en\/\" \/>\n<meta property=\"og:site_name\" content=\"Nanotecnolog\u00eda\" \/>\n<meta property=\"article:published_time\" content=\"2009-07-04T06:55:00+00:00\" \/>\n<meta property=\"article:modified_time\" content=\"2016-03-01T16:00:52+00:00\" \/>\n<meta name=\"author\" content=\"Euroresidentes\" \/>\n<meta name=\"twitter:card\" content=\"summary_large_image\" \/>\n<meta name=\"twitter:label1\" content=\"Written by\" \/>\n\t<meta name=\"twitter:data1\" content=\"Euroresidentes\" \/>\n\t<meta name=\"twitter:label2\" content=\"Est. reading time\" \/>\n\t<meta name=\"twitter:data2\" content=\"1 minuto\" \/>\n<script type=\"application\/ld+json\" class=\"yoast-schema-graph\">{\"@context\":\"https:\/\/schema.org\",\"@graph\":[{\"@type\":\"WebPage\",\"@id\":\"https:\/\/www.euroresidentes.com\/tecnologia\/nanotecnologia\/centro-iberico-de-investigacion-en\/\",\"url\":\"https:\/\/www.euroresidentes.com\/tecnologia\/nanotecnologia\/centro-iberico-de-investigacion-en\/\",\"name\":\"Centro ib\u00e9rico de investigaci\u00f3n en nanotecnolog\u00eda - Nanotecnolog\u00eda\",\"isPartOf\":{\"@id\":\"https:\/\/www.euroresidentes.com\/tecnologia\/nanotecnologia\/#website\"},\"datePublished\":\"2009-07-04T06:55:00+00:00\",\"dateModified\":\"2016-03-01T16:00:52+00:00\",\"author\":{\"@id\":\"https:\/\/www.euroresidentes.com\/tecnologia\/nanotecnologia\/#\/schema\/person\/8cb13da0909a9d75116f29d6910d0907\"},\"breadcrumb\":{\"@id\":\"https:\/\/www.euroresidentes.com\/tecnologia\/nanotecnologia\/centro-iberico-de-investigacion-en\/#breadcrumb\"},\"inLanguage\":\"es\",\"potentialAction\":[{\"@type\":\"ReadAction\",\"target\":[\"https:\/\/www.euroresidentes.com\/tecnologia\/nanotecnologia\/centro-iberico-de-investigacion-en\/\"]}]},{\"@type\":\"BreadcrumbList\",\"@id\":\"https:\/\/www.euroresidentes.com\/tecnologia\/nanotecnologia\/centro-iberico-de-investigacion-en\/#breadcrumb\",\"itemListElement\":[{\"@type\":\"ListItem\",\"position\":1,\"name\":\"Portada\",\"item\":\"https:\/\/www.euroresidentes.com\/tecnologia\/nanotecnologia\/\"},{\"@type\":\"ListItem\",\"position\":2,\"name\":\"Centro ib\u00e9rico de investigaci\u00f3n en nanotecnolog\u00eda\"}]},{\"@type\":\"WebSite\",\"@id\":\"https:\/\/www.euroresidentes.com\/tecnologia\/nanotecnologia\/#website\",\"url\":\"https:\/\/www.euroresidentes.com\/tecnologia\/nanotecnologia\/\",\"name\":\"Nanotecnolog\u00eda\",\"description\":\"Euroresidentes\",\"potentialAction\":[{\"@type\":\"SearchAction\",\"target\":{\"@type\":\"EntryPoint\",\"urlTemplate\":\"https:\/\/www.euroresidentes.com\/tecnologia\/nanotecnologia\/?s={search_term_string}\"},\"query-input\":{\"@type\":\"PropertyValueSpecification\",\"valueRequired\":true,\"valueName\":\"search_term_string\"}}],\"inLanguage\":\"es\"},{\"@type\":\"Person\",\"@id\":\"https:\/\/www.euroresidentes.com\/tecnologia\/nanotecnologia\/#\/schema\/person\/8cb13da0909a9d75116f29d6910d0907\",\"name\":\"Euroresidentes\",\"image\":{\"@type\":\"ImageObject\",\"inLanguage\":\"es\",\"@id\":\"https:\/\/www.euroresidentes.com\/tecnologia\/nanotecnologia\/#\/schema\/person\/image\/\",\"url\":\"https:\/\/www.euroresidentes.com\/tecnologia\/nanotecnologia\/wp-content\/uploads\/sites\/6\/2016\/03\/logo-euroresidentes-300x300-150x150.jpg\",\"contentUrl\":\"https:\/\/www.euroresidentes.com\/tecnologia\/nanotecnologia\/wp-content\/uploads\/sites\/6\/2016\/03\/logo-euroresidentes-300x300-150x150.jpg\",\"caption\":\"Euroresidentes\"},\"description\":\"EuroresidentesContenidos \u00fatiles que ayudan a resolver las necesidades grandes y peque\u00f1as de la vida cotidiana.\",\"sameAs\":[\"https:\/\/www.euroresidentes.com\/info.htm\"],\"url\":\"https:\/\/www.euroresidentes.com\/tecnologia\/nanotecnologia\/author\/euroresidentes\/\"}]}<\/script>\n<!-- \/ Yoast SEO plugin. -->","yoast_head_json":{"title":"Centro ib\u00e9rico de investigaci\u00f3n en nanotecnolog\u00eda - Nanotecnolog\u00eda","robots":{"index":"index","follow":"follow","max-snippet":"max-snippet:-1","max-image-preview":"max-image-preview:large","max-video-preview":"max-video-preview:-1"},"canonical":"https:\/\/www.euroresidentes.com\/tecnologia\/nanotecnologia\/centro-iberico-de-investigacion-en\/","og_locale":"es_ES","og_type":"article","og_title":"Centro ib\u00e9rico de investigaci\u00f3n en nanotecnolog\u00eda - Nanotecnolog\u00eda","og_description":"Presidente del Gobierno de Espa\u00f1a, Jos\u00e9 Luis Rodriguez Zapatero y el primer ministro portugu\u00e9s Jos\u00e9 S\u00f3crates estuvieron entre los dignatarios que asistieron a la inauguraci\u00f3n del Centro ib\u00e9rico de investigaci\u00f3n en nanotecnolog\u00eda creado en el norte de Portugal, que se espera atraiga a las mentes m\u00e1s brillantes del mundo en el campo de la investigaci\u00f3n submolecular. El centro trabajar\u00e1 en los campos de la nanomedicina, el seguimiento medioambiental, la electr\u00f3nica y la nanomanipulaci\u00f3n molecular. La nanoinvestigaci\u00f3n, que tiene lugar a niveles subat\u00f3micos y submoleculares, tiene posibles aplicaciones en la medicina, la rob\u00f3tica, la inform\u00e1tica, la alimentaci\u00f3n e incluso la cosm\u00e9tica.","og_url":"https:\/\/www.euroresidentes.com\/tecnologia\/nanotecnologia\/centro-iberico-de-investigacion-en\/","og_site_name":"Nanotecnolog\u00eda","article_published_time":"2009-07-04T06:55:00+00:00","article_modified_time":"2016-03-01T16:00:52+00:00","author":"Euroresidentes","twitter_card":"summary_large_image","twitter_misc":{"Written by":"Euroresidentes","Est. reading time":"1 minuto"},"schema":{"@context":"https:\/\/schema.org","@graph":[{"@type":"WebPage","@id":"https:\/\/www.euroresidentes.com\/tecnologia\/nanotecnologia\/centro-iberico-de-investigacion-en\/","url":"https:\/\/www.euroresidentes.com\/tecnologia\/nanotecnologia\/centro-iberico-de-investigacion-en\/","name":"Centro ib\u00e9rico de investigaci\u00f3n en nanotecnolog\u00eda - Nanotecnolog\u00eda","isPartOf":{"@id":"https:\/\/www.euroresidentes.com\/tecnologia\/nanotecnologia\/#website"},"datePublished":"2009-07-04T06:55:00+00:00","dateModified":"2016-03-01T16:00:52+00:00","author":{"@id":"https:\/\/www.euroresidentes.com\/tecnologia\/nanotecnologia\/#\/schema\/person\/8cb13da0909a9d75116f29d6910d0907"},"breadcrumb":{"@id":"https:\/\/www.euroresidentes.com\/tecnologia\/nanotecnologia\/centro-iberico-de-investigacion-en\/#breadcrumb"},"inLanguage":"es","potentialAction":[{"@type":"ReadAction","target":["https:\/\/www.euroresidentes.com\/tecnologia\/nanotecnologia\/centro-iberico-de-investigacion-en\/"]}]},{"@type":"BreadcrumbList","@id":"https:\/\/www.euroresidentes.com\/tecnologia\/nanotecnologia\/centro-iberico-de-investigacion-en\/#breadcrumb","itemListElement":[{"@type":"ListItem","position":1,"name":"Portada","item":"https:\/\/www.euroresidentes.com\/tecnologia\/nanotecnologia\/"},{"@type":"ListItem","position":2,"name":"Centro ib\u00e9rico de investigaci\u00f3n en nanotecnolog\u00eda"}]},{"@type":"WebSite","@id":"https:\/\/www.euroresidentes.com\/tecnologia\/nanotecnologia\/#website","url":"https:\/\/www.euroresidentes.com\/tecnologia\/nanotecnologia\/","name":"Nanotecnolog\u00eda","description":"Euroresidentes","potentialAction":[{"@type":"SearchAction","target":{"@type":"EntryPoint","urlTemplate":"https:\/\/www.euroresidentes.com\/tecnologia\/nanotecnologia\/?s={search_term_string}"},"query-input":{"@type":"PropertyValueSpecification","valueRequired":true,"valueName":"search_term_string"}}],"inLanguage":"es"},{"@type":"Person","@id":"https:\/\/www.euroresidentes.com\/tecnologia\/nanotecnologia\/#\/schema\/person\/8cb13da0909a9d75116f29d6910d0907","name":"Euroresidentes","image":{"@type":"ImageObject","inLanguage":"es","@id":"https:\/\/www.euroresidentes.com\/tecnologia\/nanotecnologia\/#\/schema\/person\/image\/","url":"https:\/\/www.euroresidentes.com\/tecnologia\/nanotecnologia\/wp-content\/uploads\/sites\/6\/2016\/03\/logo-euroresidentes-300x300-150x150.jpg","contentUrl":"https:\/\/www.euroresidentes.com\/tecnologia\/nanotecnologia\/wp-content\/uploads\/sites\/6\/2016\/03\/logo-euroresidentes-300x300-150x150.jpg","caption":"Euroresidentes"},"description":"EuroresidentesContenidos \u00fatiles que ayudan a resolver las necesidades grandes y peque\u00f1as de la vida cotidiana.","sameAs":["https:\/\/www.euroresidentes.com\/info.htm"],"url":"https:\/\/www.euroresidentes.com\/tecnologia\/nanotecnologia\/author\/euroresidentes\/"}]}},"_links":{"self":[{"href":"https:\/\/www.euroresidentes.com\/tecnologia\/nanotecnologia\/wp-json\/wp\/v2\/posts\/1769","targetHints":{"allow":["GET"]}}],"collection":[{"href":"https:\/\/www.euroresidentes.com\/tecnologia\/nanotecnologia\/wp-json\/wp\/v2\/posts"}],"about":[{"href":"https:\/\/www.euroresidentes.com\/tecnologia\/nanotecnologia\/wp-json\/wp\/v2\/types\/post"}],"author":[{"embeddable":true,"href":"https:\/\/www.euroresidentes.com\/tecnologia\/nanotecnologia\/wp-json\/wp\/v2\/users\/1"}],"replies":[{"embeddable":true,"href":"https:\/\/www.euroresidentes.com\/tecnologia\/nanotecnologia\/wp-json\/wp\/v2\/comments?post=1769"}],"version-history":[{"count":0,"href":"https:\/\/www.euroresidentes.com\/tecnologia\/nanotecnologia\/wp-json\/wp\/v2\/posts\/1769\/revisions"}],"wp:attachment":[{"href":"https:\/\/www.euroresidentes.com\/tecnologia\/nanotecnologia\/wp-json\/wp\/v2\/media?parent=1769"}],"wp:term":[{"taxonomy":"category","embeddable":true,"href":"https:\/\/www.euroresidentes.com\/tecnologia\/nanotecnologia\/wp-json\/wp\/v2\/categories?post=1769"},{"taxonomy":"post_tag","embeddable":true,"href":"https:\/\/www.euroresidentes.com\/tecnologia\/nanotecnologia\/wp-json\/wp\/v2\/tags?post=1769"}],"curies":[{"name":"wp","href":"https:\/\/api.w.org\/{rel}","templated":true}]}}