{"id":1587,"date":"2010-12-08T00:40:00","date_gmt":"2010-12-08T00:40:00","guid":{"rendered":"https:\/\/www.euroresidentes.com\/tecnologia\/nanotecnologia\/bloqueo-europeo-de-los-transgenicos-y"},"modified":"2016-03-01T15:59:14","modified_gmt":"2016-03-01T15:59:14","slug":"bloqueo-europeo-de-los-transgenicos-y","status":"publish","type":"post","link":"https:\/\/www.euroresidentes.com\/tecnologia\/nanotecnologia\/bloqueo-europeo-de-los-transgenicos-y\/","title":{"rendered":"Bloqueo europeo de los transg\u00e9nicos y la nanotecnolog\u00eda"},"content":{"rendered":"<div><b>EE.UU. pide que se ponga fin al bloqueo de los transg\u00e9nicos y la nanotecnolog\u00eda en la UE<\/b><\/div>\n<div><\/div>\n<p>Funcionarios de los EE.UU. afirman estar \u00absorprendidos y decepcionados\u00bb por la negativa de Europa de integrar tecnolog\u00edas como la modificaci\u00f3n gen\u00e9tica (GM) y la nanotecnolog\u00eda en la agricultura.<\/p>\n<p>La agricultura europea se est\u00e1 quedando atr\u00e1s debido a su oposici\u00f3n a los cultivos transg\u00e9nicos y a la nanotecnolog\u00eda, han advertido.<\/p>\n<p>En declaraciones a la Comisi\u00f3n de Agricultura, Pesca y Ganader\u00eda de la C\u00e1mara de los Lores del Reino Unido, los funcionarios del Ministerio de Agricultura estadounidense (USDA) se\u00f1alaron que es necesario que los consumidores de la UE acepten ambas tecnolog\u00edas para permitir \u00abuna agricultura m\u00e1s sostenible en el futuro.<\/p>\n<p>Muchos pa\u00edses europeos se han opuesto a la introducci\u00f3n de cultivos modificados gen\u00e9ticamente tras una reciente solicitud de Greenpeace y Avaaz en la que se pide su prohibici\u00f3n que est\u00e1 respaldada por m\u00e1s de un mill\u00f3n de firmas. Los Diputados al Parlamento Europeo votaron en julio la prohibici\u00f3n de los productos c\u00e1rnicos y l\u00e1cteos de animales clonados y la introducci\u00f3n de una moratoria sobre los alimentos que utilizan la nanotecnolog\u00eda hasta que se puedan descartar riesgos potenciales para la salud.<\/p>\n<p>\u00abCreo que es probable que suceda con otras nuevas tecnolog\u00edas a menos que los cient\u00edficos encuentren otras formas de presentar la informaci\u00f3n y de atraer a los consumidores a un nivel diferente\u00bb, se\u00f1al\u00f3 la baronesa Howarth de Breckland, miembro de la comisi\u00f3n.<\/p>\n<p>Fuente: <a href=\"http:\/\/www.theecologist.org\/News\/news_round_up\/689723\/us_calls_for_an_end_to_the_eu_block_on_gm_and_nanotechnology.html\">The Ecologist<\/a><\/p>\n","protected":false},"excerpt":{"rendered":"<p>EE.UU. pide que se ponga fin al bloqueo de los transg\u00e9nicos y la nanotecnolog\u00eda en la UE Funcionarios de los EE.UU. afirman estar \u00absorprendidos y decepcionados\u00bb por la negativa de Europa de integrar tecnolog\u00edas como la modificaci\u00f3n gen\u00e9tica (GM) y la nanotecnolog\u00eda en la agricultura. La agricultura europea se est\u00e1 quedando atr\u00e1s debido a su oposici\u00f3n a los cultivos transg\u00e9nicos y a la nanotecnolog\u00eda, han advertido. En declaraciones a la Comisi\u00f3n de Agricultura, Pesca y Ganader\u00eda de la C\u00e1mara de los Lores del Reino Unido, los funcionarios del Ministerio de Agricultura estadounidense (USDA) se\u00f1alaron que es necesario que los consumidores <\/p>\n","protected":false},"author":1,"featured_media":0,"comment_status":"open","ping_status":"open","sticky":false,"template":"","format":"standard","meta":{"footnotes":""},"categories":[1],"tags":[],"class_list":["post-1587","post","type-post","status-publish","format-standard","hentry","category-general"],"yoast_head":"<!-- This site is optimized with the Yoast SEO plugin v24.1 - https:\/\/yoast.com\/wordpress\/plugins\/seo\/ -->\n<title>Bloqueo europeo de los transg\u00e9nicos y la nanotecnolog\u00eda - Nanotecnolog\u00eda<\/title>\n<meta name=\"robots\" content=\"index, follow, max-snippet:-1, max-image-preview:large, max-video-preview:-1\" \/>\n<link rel=\"canonical\" href=\"https:\/\/www.euroresidentes.com\/tecnologia\/nanotecnologia\/bloqueo-europeo-de-los-transgenicos-y\/\" \/>\n<meta property=\"og:locale\" content=\"es_ES\" \/>\n<meta property=\"og:type\" content=\"article\" \/>\n<meta property=\"og:title\" content=\"Bloqueo europeo de los transg\u00e9nicos y la nanotecnolog\u00eda - Nanotecnolog\u00eda\" \/>\n<meta property=\"og:description\" content=\"EE.UU. pide que se ponga fin al bloqueo de los transg\u00e9nicos y la nanotecnolog\u00eda en la UE Funcionarios de los EE.UU. afirman estar \u00absorprendidos y decepcionados\u00bb por la negativa de Europa de integrar tecnolog\u00edas como la modificaci\u00f3n gen\u00e9tica (GM) y la nanotecnolog\u00eda en la agricultura. La agricultura europea se est\u00e1 quedando atr\u00e1s debido a su oposici\u00f3n a los cultivos transg\u00e9nicos y a la nanotecnolog\u00eda, han advertido. En declaraciones a la Comisi\u00f3n de Agricultura, Pesca y Ganader\u00eda de la C\u00e1mara de los Lores del Reino Unido, los funcionarios del Ministerio de Agricultura estadounidense (USDA) se\u00f1alaron que es necesario que los consumidores\" \/>\n<meta property=\"og:url\" content=\"https:\/\/www.euroresidentes.com\/tecnologia\/nanotecnologia\/bloqueo-europeo-de-los-transgenicos-y\/\" \/>\n<meta property=\"og:site_name\" content=\"Nanotecnolog\u00eda\" \/>\n<meta property=\"article:published_time\" content=\"2010-12-08T00:40:00+00:00\" \/>\n<meta property=\"article:modified_time\" content=\"2016-03-01T15:59:14+00:00\" \/>\n<meta name=\"author\" content=\"Euroresidentes\" \/>\n<meta name=\"twitter:card\" content=\"summary_large_image\" \/>\n<meta name=\"twitter:label1\" content=\"Written by\" \/>\n\t<meta name=\"twitter:data1\" content=\"Euroresidentes\" \/>\n\t<meta name=\"twitter:label2\" content=\"Est. reading time\" \/>\n\t<meta name=\"twitter:data2\" content=\"1 minuto\" \/>\n<script type=\"application\/ld+json\" class=\"yoast-schema-graph\">{\"@context\":\"https:\/\/schema.org\",\"@graph\":[{\"@type\":\"WebPage\",\"@id\":\"https:\/\/www.euroresidentes.com\/tecnologia\/nanotecnologia\/bloqueo-europeo-de-los-transgenicos-y\/\",\"url\":\"https:\/\/www.euroresidentes.com\/tecnologia\/nanotecnologia\/bloqueo-europeo-de-los-transgenicos-y\/\",\"name\":\"Bloqueo europeo de los transg\u00e9nicos y la nanotecnolog\u00eda - Nanotecnolog\u00eda\",\"isPartOf\":{\"@id\":\"https:\/\/www.euroresidentes.com\/tecnologia\/nanotecnologia\/#website\"},\"datePublished\":\"2010-12-08T00:40:00+00:00\",\"dateModified\":\"2016-03-01T15:59:14+00:00\",\"author\":{\"@id\":\"https:\/\/www.euroresidentes.com\/tecnologia\/nanotecnologia\/#\/schema\/person\/8cb13da0909a9d75116f29d6910d0907\"},\"breadcrumb\":{\"@id\":\"https:\/\/www.euroresidentes.com\/tecnologia\/nanotecnologia\/bloqueo-europeo-de-los-transgenicos-y\/#breadcrumb\"},\"inLanguage\":\"es\",\"potentialAction\":[{\"@type\":\"ReadAction\",\"target\":[\"https:\/\/www.euroresidentes.com\/tecnologia\/nanotecnologia\/bloqueo-europeo-de-los-transgenicos-y\/\"]}]},{\"@type\":\"BreadcrumbList\",\"@id\":\"https:\/\/www.euroresidentes.com\/tecnologia\/nanotecnologia\/bloqueo-europeo-de-los-transgenicos-y\/#breadcrumb\",\"itemListElement\":[{\"@type\":\"ListItem\",\"position\":1,\"name\":\"Portada\",\"item\":\"https:\/\/www.euroresidentes.com\/tecnologia\/nanotecnologia\/\"},{\"@type\":\"ListItem\",\"position\":2,\"name\":\"Bloqueo europeo de los transg\u00e9nicos y la nanotecnolog\u00eda\"}]},{\"@type\":\"WebSite\",\"@id\":\"https:\/\/www.euroresidentes.com\/tecnologia\/nanotecnologia\/#website\",\"url\":\"https:\/\/www.euroresidentes.com\/tecnologia\/nanotecnologia\/\",\"name\":\"Nanotecnolog\u00eda\",\"description\":\"Euroresidentes\",\"potentialAction\":[{\"@type\":\"SearchAction\",\"target\":{\"@type\":\"EntryPoint\",\"urlTemplate\":\"https:\/\/www.euroresidentes.com\/tecnologia\/nanotecnologia\/?s={search_term_string}\"},\"query-input\":{\"@type\":\"PropertyValueSpecification\",\"valueRequired\":true,\"valueName\":\"search_term_string\"}}],\"inLanguage\":\"es\"},{\"@type\":\"Person\",\"@id\":\"https:\/\/www.euroresidentes.com\/tecnologia\/nanotecnologia\/#\/schema\/person\/8cb13da0909a9d75116f29d6910d0907\",\"name\":\"Euroresidentes\",\"image\":{\"@type\":\"ImageObject\",\"inLanguage\":\"es\",\"@id\":\"https:\/\/www.euroresidentes.com\/tecnologia\/nanotecnologia\/#\/schema\/person\/image\/\",\"url\":\"https:\/\/www.euroresidentes.com\/tecnologia\/nanotecnologia\/wp-content\/uploads\/sites\/6\/2016\/03\/logo-euroresidentes-300x300-150x150.jpg\",\"contentUrl\":\"https:\/\/www.euroresidentes.com\/tecnologia\/nanotecnologia\/wp-content\/uploads\/sites\/6\/2016\/03\/logo-euroresidentes-300x300-150x150.jpg\",\"caption\":\"Euroresidentes\"},\"description\":\"EuroresidentesContenidos \u00fatiles que ayudan a resolver las necesidades grandes y peque\u00f1as de la vida cotidiana.\",\"sameAs\":[\"https:\/\/www.euroresidentes.com\/info.htm\"],\"url\":\"https:\/\/www.euroresidentes.com\/tecnologia\/nanotecnologia\/author\/euroresidentes\/\"}]}<\/script>\n<!-- \/ Yoast SEO plugin. -->","yoast_head_json":{"title":"Bloqueo europeo de los transg\u00e9nicos y la nanotecnolog\u00eda - Nanotecnolog\u00eda","robots":{"index":"index","follow":"follow","max-snippet":"max-snippet:-1","max-image-preview":"max-image-preview:large","max-video-preview":"max-video-preview:-1"},"canonical":"https:\/\/www.euroresidentes.com\/tecnologia\/nanotecnologia\/bloqueo-europeo-de-los-transgenicos-y\/","og_locale":"es_ES","og_type":"article","og_title":"Bloqueo europeo de los transg\u00e9nicos y la nanotecnolog\u00eda - Nanotecnolog\u00eda","og_description":"EE.UU. pide que se ponga fin al bloqueo de los transg\u00e9nicos y la nanotecnolog\u00eda en la UE Funcionarios de los EE.UU. afirman estar \u00absorprendidos y decepcionados\u00bb por la negativa de Europa de integrar tecnolog\u00edas como la modificaci\u00f3n gen\u00e9tica (GM) y la nanotecnolog\u00eda en la agricultura. La agricultura europea se est\u00e1 quedando atr\u00e1s debido a su oposici\u00f3n a los cultivos transg\u00e9nicos y a la nanotecnolog\u00eda, han advertido. En declaraciones a la Comisi\u00f3n de Agricultura, Pesca y Ganader\u00eda de la C\u00e1mara de los Lores del Reino Unido, los funcionarios del Ministerio de Agricultura estadounidense (USDA) se\u00f1alaron que es necesario que los consumidores","og_url":"https:\/\/www.euroresidentes.com\/tecnologia\/nanotecnologia\/bloqueo-europeo-de-los-transgenicos-y\/","og_site_name":"Nanotecnolog\u00eda","article_published_time":"2010-12-08T00:40:00+00:00","article_modified_time":"2016-03-01T15:59:14+00:00","author":"Euroresidentes","twitter_card":"summary_large_image","twitter_misc":{"Written by":"Euroresidentes","Est. reading time":"1 minuto"},"schema":{"@context":"https:\/\/schema.org","@graph":[{"@type":"WebPage","@id":"https:\/\/www.euroresidentes.com\/tecnologia\/nanotecnologia\/bloqueo-europeo-de-los-transgenicos-y\/","url":"https:\/\/www.euroresidentes.com\/tecnologia\/nanotecnologia\/bloqueo-europeo-de-los-transgenicos-y\/","name":"Bloqueo europeo de los transg\u00e9nicos y la nanotecnolog\u00eda - Nanotecnolog\u00eda","isPartOf":{"@id":"https:\/\/www.euroresidentes.com\/tecnologia\/nanotecnologia\/#website"},"datePublished":"2010-12-08T00:40:00+00:00","dateModified":"2016-03-01T15:59:14+00:00","author":{"@id":"https:\/\/www.euroresidentes.com\/tecnologia\/nanotecnologia\/#\/schema\/person\/8cb13da0909a9d75116f29d6910d0907"},"breadcrumb":{"@id":"https:\/\/www.euroresidentes.com\/tecnologia\/nanotecnologia\/bloqueo-europeo-de-los-transgenicos-y\/#breadcrumb"},"inLanguage":"es","potentialAction":[{"@type":"ReadAction","target":["https:\/\/www.euroresidentes.com\/tecnologia\/nanotecnologia\/bloqueo-europeo-de-los-transgenicos-y\/"]}]},{"@type":"BreadcrumbList","@id":"https:\/\/www.euroresidentes.com\/tecnologia\/nanotecnologia\/bloqueo-europeo-de-los-transgenicos-y\/#breadcrumb","itemListElement":[{"@type":"ListItem","position":1,"name":"Portada","item":"https:\/\/www.euroresidentes.com\/tecnologia\/nanotecnologia\/"},{"@type":"ListItem","position":2,"name":"Bloqueo europeo de los transg\u00e9nicos y la nanotecnolog\u00eda"}]},{"@type":"WebSite","@id":"https:\/\/www.euroresidentes.com\/tecnologia\/nanotecnologia\/#website","url":"https:\/\/www.euroresidentes.com\/tecnologia\/nanotecnologia\/","name":"Nanotecnolog\u00eda","description":"Euroresidentes","potentialAction":[{"@type":"SearchAction","target":{"@type":"EntryPoint","urlTemplate":"https:\/\/www.euroresidentes.com\/tecnologia\/nanotecnologia\/?s={search_term_string}"},"query-input":{"@type":"PropertyValueSpecification","valueRequired":true,"valueName":"search_term_string"}}],"inLanguage":"es"},{"@type":"Person","@id":"https:\/\/www.euroresidentes.com\/tecnologia\/nanotecnologia\/#\/schema\/person\/8cb13da0909a9d75116f29d6910d0907","name":"Euroresidentes","image":{"@type":"ImageObject","inLanguage":"es","@id":"https:\/\/www.euroresidentes.com\/tecnologia\/nanotecnologia\/#\/schema\/person\/image\/","url":"https:\/\/www.euroresidentes.com\/tecnologia\/nanotecnologia\/wp-content\/uploads\/sites\/6\/2016\/03\/logo-euroresidentes-300x300-150x150.jpg","contentUrl":"https:\/\/www.euroresidentes.com\/tecnologia\/nanotecnologia\/wp-content\/uploads\/sites\/6\/2016\/03\/logo-euroresidentes-300x300-150x150.jpg","caption":"Euroresidentes"},"description":"EuroresidentesContenidos \u00fatiles que ayudan a resolver las necesidades grandes y peque\u00f1as de la vida cotidiana.","sameAs":["https:\/\/www.euroresidentes.com\/info.htm"],"url":"https:\/\/www.euroresidentes.com\/tecnologia\/nanotecnologia\/author\/euroresidentes\/"}]}},"_links":{"self":[{"href":"https:\/\/www.euroresidentes.com\/tecnologia\/nanotecnologia\/wp-json\/wp\/v2\/posts\/1587","targetHints":{"allow":["GET"]}}],"collection":[{"href":"https:\/\/www.euroresidentes.com\/tecnologia\/nanotecnologia\/wp-json\/wp\/v2\/posts"}],"about":[{"href":"https:\/\/www.euroresidentes.com\/tecnologia\/nanotecnologia\/wp-json\/wp\/v2\/types\/post"}],"author":[{"embeddable":true,"href":"https:\/\/www.euroresidentes.com\/tecnologia\/nanotecnologia\/wp-json\/wp\/v2\/users\/1"}],"replies":[{"embeddable":true,"href":"https:\/\/www.euroresidentes.com\/tecnologia\/nanotecnologia\/wp-json\/wp\/v2\/comments?post=1587"}],"version-history":[{"count":0,"href":"https:\/\/www.euroresidentes.com\/tecnologia\/nanotecnologia\/wp-json\/wp\/v2\/posts\/1587\/revisions"}],"wp:attachment":[{"href":"https:\/\/www.euroresidentes.com\/tecnologia\/nanotecnologia\/wp-json\/wp\/v2\/media?parent=1587"}],"wp:term":[{"taxonomy":"category","embeddable":true,"href":"https:\/\/www.euroresidentes.com\/tecnologia\/nanotecnologia\/wp-json\/wp\/v2\/categories?post=1587"},{"taxonomy":"post_tag","embeddable":true,"href":"https:\/\/www.euroresidentes.com\/tecnologia\/nanotecnologia\/wp-json\/wp\/v2\/tags?post=1587"}],"curies":[{"name":"wp","href":"https:\/\/api.w.org\/{rel}","templated":true}]}}