{"id":1342,"date":"2012-07-19T01:30:00","date_gmt":"2012-07-19T01:30:00","guid":{"rendered":"https:\/\/www.euroresidentes.com\/tecnologia\/nanotecnologia\/el-max-planck-gesellschaft-y-la-epf"},"modified":"2016-03-04T10:48:01","modified_gmt":"2016-03-04T10:48:01","slug":"el-max-planck-gesellschaft-y-la-epf","status":"publish","type":"post","link":"https:\/\/www.euroresidentes.com\/tecnologia\/nanotecnologia\/el-max-planck-gesellschaft-y-la-epf\/","title":{"rendered":"El Max-Planck-Gesellschaft y la EPFL firman un acuerdo de colaboraci\u00f3n en nanociencia"},"content":{"rendered":"<p>El Instituto Max Planck Gesellschaft (MPG) ha firmado un acuerdo de colaboraci\u00f3n con la EPFL (Escuela Polit\u00e9cnica Federal de Lausana), de Suiza, para establecer conjuntamente un laboratorio para la investigaci\u00f3n de las nanociencias.<\/p>\n<p>El MPG, conocido por sus 80 institutos y 17 Premios Nobel, ya ha establecido previamente otros centros de investigaci\u00f3n en diversos lugares del mundo. Algunos de ellos son el Centro Nacional de Ciencias Biol\u00f3gicas de Bangalore, el centro de investigaci\u00f3n de la Universidad de Princeton y el Instituto Weizmann en Israel.<\/p>\n<p>Seg\u00fan el nuevo acuerdo, firmado el 16 de julio del 2012 en el campus de la EPFL, el nuevo Centro Max Planck-EPFL de Nanociencias y Tecnolog\u00edas Moleculares se establecer\u00e1 en Lausana. La investigaci\u00f3n se centrar\u00e1 en dos \u00e1reas: bionanotecnolog\u00eda y nanociencias fundamentales. El centro abrir\u00e1 su puertas a principios del 2013 y, en un principio, dar\u00e1 empleo a un cient\u00edfico y dos estudiantes de doctorado. Las tesis ser\u00e1n financiadas a partes iguales por ambas organizaciones y codirigidas a promover un entorno de estudios colaborativos entre Alemania y Suiza.<\/p>\n<p>El programa comenzar\u00e1 en verano, con una convocatoria para recibir propuestas de proyectos de nanociencia conjuntos en los campos de la f\u00edsica, la ciencia de los materiales, la qu\u00edmica, la ingenier\u00eda el\u00e9ctrica y la bioingenier\u00eda.<\/p>\n<p>Fuente: <a href=\"http:\/\/www.azonano.com\/news.aspx?newsID=25255\">http:\/\/www.azonano.com\/news.aspx?newsID=25255<\/a> <\/p>\n","protected":false},"excerpt":{"rendered":"<p>El Instituto Max Planck Gesellschaft (MPG) ha firmado un acuerdo de colaboraci\u00f3n con la EPFL (Escuela Polit\u00e9cnica Federal de Lausana), de Suiza, para establecer conjuntamente un laboratorio para la investigaci\u00f3n de las nanociencias. El MPG, conocido por sus 80 institutos y 17 Premios Nobel, ya ha establecido previamente otros centros de investigaci\u00f3n en diversos lugares del mundo. Algunos de ellos son el Centro Nacional de Ciencias Biol\u00f3gicas de Bangalore, el centro de investigaci\u00f3n de la Universidad de Princeton y el Instituto Weizmann en Israel. Seg\u00fan el nuevo acuerdo, firmado el 16 de julio del 2012 en el campus de la <\/p>\n","protected":false},"author":7,"featured_media":0,"comment_status":"open","ping_status":"open","sticky":false,"template":"","format":"standard","meta":{"footnotes":""},"categories":[1],"tags":[],"class_list":["post-1342","post","type-post","status-publish","format-standard","hentry","category-general"],"yoast_head":"<!-- This site is optimized with the Yoast SEO plugin v24.1 - https:\/\/yoast.com\/wordpress\/plugins\/seo\/ -->\n<title>El Max-Planck-Gesellschaft y la EPFL firman un acuerdo de colaboraci\u00f3n en nanociencia - Nanotecnolog\u00eda<\/title>\n<meta name=\"robots\" content=\"index, follow, max-snippet:-1, max-image-preview:large, max-video-preview:-1\" \/>\n<link rel=\"canonical\" href=\"https:\/\/www.euroresidentes.com\/tecnologia\/nanotecnologia\/el-max-planck-gesellschaft-y-la-epf\/\" \/>\n<meta property=\"og:locale\" content=\"es_ES\" \/>\n<meta property=\"og:type\" content=\"article\" \/>\n<meta property=\"og:title\" content=\"El Max-Planck-Gesellschaft y la EPFL firman un acuerdo de colaboraci\u00f3n en nanociencia - Nanotecnolog\u00eda\" \/>\n<meta property=\"og:description\" content=\"El Instituto Max Planck Gesellschaft (MPG) ha firmado un acuerdo de colaboraci\u00f3n con la EPFL (Escuela Polit\u00e9cnica Federal de Lausana), de Suiza, para establecer conjuntamente un laboratorio para la investigaci\u00f3n de las nanociencias. El MPG, conocido por sus 80 institutos y 17 Premios Nobel, ya ha establecido previamente otros centros de investigaci\u00f3n en diversos lugares del mundo. Algunos de ellos son el Centro Nacional de Ciencias Biol\u00f3gicas de Bangalore, el centro de investigaci\u00f3n de la Universidad de Princeton y el Instituto Weizmann en Israel. Seg\u00fan el nuevo acuerdo, firmado el 16 de julio del 2012 en el campus de la\" \/>\n<meta property=\"og:url\" content=\"https:\/\/www.euroresidentes.com\/tecnologia\/nanotecnologia\/el-max-planck-gesellschaft-y-la-epf\/\" \/>\n<meta property=\"og:site_name\" content=\"Nanotecnolog\u00eda\" \/>\n<meta property=\"article:author\" content=\"https:\/\/www.facebook.com\/profile.php?id=100000186278104\" \/>\n<meta property=\"article:published_time\" content=\"2012-07-19T01:30:00+00:00\" \/>\n<meta property=\"article:modified_time\" content=\"2016-03-04T10:48:01+00:00\" \/>\n<meta name=\"author\" content=\"M. Rodr\u00edguez\" \/>\n<meta name=\"twitter:card\" content=\"summary_large_image\" \/>\n<meta name=\"twitter:creator\" content=\"@mgarod3\" \/>\n<meta name=\"twitter:label1\" content=\"Written by\" \/>\n\t<meta name=\"twitter:data1\" content=\"M. Rodr\u00edguez\" \/>\n\t<meta name=\"twitter:label2\" content=\"Est. reading time\" \/>\n\t<meta name=\"twitter:data2\" content=\"1 minuto\" \/>\n<script type=\"application\/ld+json\" class=\"yoast-schema-graph\">{\"@context\":\"https:\/\/schema.org\",\"@graph\":[{\"@type\":\"WebPage\",\"@id\":\"https:\/\/www.euroresidentes.com\/tecnologia\/nanotecnologia\/el-max-planck-gesellschaft-y-la-epf\/\",\"url\":\"https:\/\/www.euroresidentes.com\/tecnologia\/nanotecnologia\/el-max-planck-gesellschaft-y-la-epf\/\",\"name\":\"El Max-Planck-Gesellschaft y la EPFL firman un acuerdo de colaboraci\u00f3n en nanociencia - Nanotecnolog\u00eda\",\"isPartOf\":{\"@id\":\"https:\/\/www.euroresidentes.com\/tecnologia\/nanotecnologia\/#website\"},\"datePublished\":\"2012-07-19T01:30:00+00:00\",\"dateModified\":\"2016-03-04T10:48:01+00:00\",\"author\":{\"@id\":\"https:\/\/www.euroresidentes.com\/tecnologia\/nanotecnologia\/#\/schema\/person\/522527c848344b20d633af2744a64a3b\"},\"breadcrumb\":{\"@id\":\"https:\/\/www.euroresidentes.com\/tecnologia\/nanotecnologia\/el-max-planck-gesellschaft-y-la-epf\/#breadcrumb\"},\"inLanguage\":\"es\",\"potentialAction\":[{\"@type\":\"ReadAction\",\"target\":[\"https:\/\/www.euroresidentes.com\/tecnologia\/nanotecnologia\/el-max-planck-gesellschaft-y-la-epf\/\"]}]},{\"@type\":\"BreadcrumbList\",\"@id\":\"https:\/\/www.euroresidentes.com\/tecnologia\/nanotecnologia\/el-max-planck-gesellschaft-y-la-epf\/#breadcrumb\",\"itemListElement\":[{\"@type\":\"ListItem\",\"position\":1,\"name\":\"Portada\",\"item\":\"https:\/\/www.euroresidentes.com\/tecnologia\/nanotecnologia\/\"},{\"@type\":\"ListItem\",\"position\":2,\"name\":\"El Max-Planck-Gesellschaft y la EPFL firman un acuerdo de colaboraci\u00f3n en nanociencia\"}]},{\"@type\":\"WebSite\",\"@id\":\"https:\/\/www.euroresidentes.com\/tecnologia\/nanotecnologia\/#website\",\"url\":\"https:\/\/www.euroresidentes.com\/tecnologia\/nanotecnologia\/\",\"name\":\"Nanotecnolog\u00eda\",\"description\":\"Euroresidentes\",\"potentialAction\":[{\"@type\":\"SearchAction\",\"target\":{\"@type\":\"EntryPoint\",\"urlTemplate\":\"https:\/\/www.euroresidentes.com\/tecnologia\/nanotecnologia\/?s={search_term_string}\"},\"query-input\":{\"@type\":\"PropertyValueSpecification\",\"valueRequired\":true,\"valueName\":\"search_term_string\"}}],\"inLanguage\":\"es\"},{\"@type\":\"Person\",\"@id\":\"https:\/\/www.euroresidentes.com\/tecnologia\/nanotecnologia\/#\/schema\/person\/522527c848344b20d633af2744a64a3b\",\"name\":\"M. Rodr\u00edguez\",\"image\":{\"@type\":\"ImageObject\",\"inLanguage\":\"es\",\"@id\":\"https:\/\/www.euroresidentes.com\/tecnologia\/nanotecnologia\/#\/schema\/person\/image\/\",\"url\":\"https:\/\/www.euroresidentes.com\/tecnologia\/nanotecnologia\/wp-content\/uploads\/sites\/6\/2016\/09\/mrodriguez2-150x150.jpg\",\"contentUrl\":\"https:\/\/www.euroresidentes.com\/tecnologia\/nanotecnologia\/wp-content\/uploads\/sites\/6\/2016\/09\/mrodriguez2-150x150.jpg\",\"caption\":\"M. Rodr\u00edguez\"},\"description\":\"Mercedes Rodr\u00edguezTraductora y editora de contenidos web apasionada de la ciencia y la tecnolog\u00eda.\",\"sameAs\":[\"https:\/\/www.euroresidentes.com\/tecnologia\/merchy-rodriguez.html\",\"https:\/\/www.facebook.com\/profile.php?id=100000186278104\",\"https:\/\/x.com\/mgarod3\"],\"url\":\"https:\/\/www.euroresidentes.com\/tecnologia\/nanotecnologia\/author\/merchy\/\"}]}<\/script>\n<!-- \/ Yoast SEO plugin. -->","yoast_head_json":{"title":"El Max-Planck-Gesellschaft y la EPFL firman un acuerdo de colaboraci\u00f3n en nanociencia - Nanotecnolog\u00eda","robots":{"index":"index","follow":"follow","max-snippet":"max-snippet:-1","max-image-preview":"max-image-preview:large","max-video-preview":"max-video-preview:-1"},"canonical":"https:\/\/www.euroresidentes.com\/tecnologia\/nanotecnologia\/el-max-planck-gesellschaft-y-la-epf\/","og_locale":"es_ES","og_type":"article","og_title":"El Max-Planck-Gesellschaft y la EPFL firman un acuerdo de colaboraci\u00f3n en nanociencia - Nanotecnolog\u00eda","og_description":"El Instituto Max Planck Gesellschaft (MPG) ha firmado un acuerdo de colaboraci\u00f3n con la EPFL (Escuela Polit\u00e9cnica Federal de Lausana), de Suiza, para establecer conjuntamente un laboratorio para la investigaci\u00f3n de las nanociencias. El MPG, conocido por sus 80 institutos y 17 Premios Nobel, ya ha establecido previamente otros centros de investigaci\u00f3n en diversos lugares del mundo. Algunos de ellos son el Centro Nacional de Ciencias Biol\u00f3gicas de Bangalore, el centro de investigaci\u00f3n de la Universidad de Princeton y el Instituto Weizmann en Israel. Seg\u00fan el nuevo acuerdo, firmado el 16 de julio del 2012 en el campus de la","og_url":"https:\/\/www.euroresidentes.com\/tecnologia\/nanotecnologia\/el-max-planck-gesellschaft-y-la-epf\/","og_site_name":"Nanotecnolog\u00eda","article_author":"https:\/\/www.facebook.com\/profile.php?id=100000186278104","article_published_time":"2012-07-19T01:30:00+00:00","article_modified_time":"2016-03-04T10:48:01+00:00","author":"M. Rodr\u00edguez","twitter_card":"summary_large_image","twitter_creator":"@mgarod3","twitter_misc":{"Written by":"M. Rodr\u00edguez","Est. reading time":"1 minuto"},"schema":{"@context":"https:\/\/schema.org","@graph":[{"@type":"WebPage","@id":"https:\/\/www.euroresidentes.com\/tecnologia\/nanotecnologia\/el-max-planck-gesellschaft-y-la-epf\/","url":"https:\/\/www.euroresidentes.com\/tecnologia\/nanotecnologia\/el-max-planck-gesellschaft-y-la-epf\/","name":"El Max-Planck-Gesellschaft y la EPFL firman un acuerdo de colaboraci\u00f3n en nanociencia - Nanotecnolog\u00eda","isPartOf":{"@id":"https:\/\/www.euroresidentes.com\/tecnologia\/nanotecnologia\/#website"},"datePublished":"2012-07-19T01:30:00+00:00","dateModified":"2016-03-04T10:48:01+00:00","author":{"@id":"https:\/\/www.euroresidentes.com\/tecnologia\/nanotecnologia\/#\/schema\/person\/522527c848344b20d633af2744a64a3b"},"breadcrumb":{"@id":"https:\/\/www.euroresidentes.com\/tecnologia\/nanotecnologia\/el-max-planck-gesellschaft-y-la-epf\/#breadcrumb"},"inLanguage":"es","potentialAction":[{"@type":"ReadAction","target":["https:\/\/www.euroresidentes.com\/tecnologia\/nanotecnologia\/el-max-planck-gesellschaft-y-la-epf\/"]}]},{"@type":"BreadcrumbList","@id":"https:\/\/www.euroresidentes.com\/tecnologia\/nanotecnologia\/el-max-planck-gesellschaft-y-la-epf\/#breadcrumb","itemListElement":[{"@type":"ListItem","position":1,"name":"Portada","item":"https:\/\/www.euroresidentes.com\/tecnologia\/nanotecnologia\/"},{"@type":"ListItem","position":2,"name":"El Max-Planck-Gesellschaft y la EPFL firman un acuerdo de colaboraci\u00f3n en nanociencia"}]},{"@type":"WebSite","@id":"https:\/\/www.euroresidentes.com\/tecnologia\/nanotecnologia\/#website","url":"https:\/\/www.euroresidentes.com\/tecnologia\/nanotecnologia\/","name":"Nanotecnolog\u00eda","description":"Euroresidentes","potentialAction":[{"@type":"SearchAction","target":{"@type":"EntryPoint","urlTemplate":"https:\/\/www.euroresidentes.com\/tecnologia\/nanotecnologia\/?s={search_term_string}"},"query-input":{"@type":"PropertyValueSpecification","valueRequired":true,"valueName":"search_term_string"}}],"inLanguage":"es"},{"@type":"Person","@id":"https:\/\/www.euroresidentes.com\/tecnologia\/nanotecnologia\/#\/schema\/person\/522527c848344b20d633af2744a64a3b","name":"M. Rodr\u00edguez","image":{"@type":"ImageObject","inLanguage":"es","@id":"https:\/\/www.euroresidentes.com\/tecnologia\/nanotecnologia\/#\/schema\/person\/image\/","url":"https:\/\/www.euroresidentes.com\/tecnologia\/nanotecnologia\/wp-content\/uploads\/sites\/6\/2016\/09\/mrodriguez2-150x150.jpg","contentUrl":"https:\/\/www.euroresidentes.com\/tecnologia\/nanotecnologia\/wp-content\/uploads\/sites\/6\/2016\/09\/mrodriguez2-150x150.jpg","caption":"M. Rodr\u00edguez"},"description":"Mercedes Rodr\u00edguezTraductora y editora de contenidos web apasionada de la ciencia y la tecnolog\u00eda.","sameAs":["https:\/\/www.euroresidentes.com\/tecnologia\/merchy-rodriguez.html","https:\/\/www.facebook.com\/profile.php?id=100000186278104","https:\/\/x.com\/mgarod3"],"url":"https:\/\/www.euroresidentes.com\/tecnologia\/nanotecnologia\/author\/merchy\/"}]}},"_links":{"self":[{"href":"https:\/\/www.euroresidentes.com\/tecnologia\/nanotecnologia\/wp-json\/wp\/v2\/posts\/1342","targetHints":{"allow":["GET"]}}],"collection":[{"href":"https:\/\/www.euroresidentes.com\/tecnologia\/nanotecnologia\/wp-json\/wp\/v2\/posts"}],"about":[{"href":"https:\/\/www.euroresidentes.com\/tecnologia\/nanotecnologia\/wp-json\/wp\/v2\/types\/post"}],"author":[{"embeddable":true,"href":"https:\/\/www.euroresidentes.com\/tecnologia\/nanotecnologia\/wp-json\/wp\/v2\/users\/7"}],"replies":[{"embeddable":true,"href":"https:\/\/www.euroresidentes.com\/tecnologia\/nanotecnologia\/wp-json\/wp\/v2\/comments?post=1342"}],"version-history":[{"count":0,"href":"https:\/\/www.euroresidentes.com\/tecnologia\/nanotecnologia\/wp-json\/wp\/v2\/posts\/1342\/revisions"}],"wp:attachment":[{"href":"https:\/\/www.euroresidentes.com\/tecnologia\/nanotecnologia\/wp-json\/wp\/v2\/media?parent=1342"}],"wp:term":[{"taxonomy":"category","embeddable":true,"href":"https:\/\/www.euroresidentes.com\/tecnologia\/nanotecnologia\/wp-json\/wp\/v2\/categories?post=1342"},{"taxonomy":"post_tag","embeddable":true,"href":"https:\/\/www.euroresidentes.com\/tecnologia\/nanotecnologia\/wp-json\/wp\/v2\/tags?post=1342"}],"curies":[{"name":"wp","href":"https:\/\/api.w.org\/{rel}","templated":true}]}}