{"id":1318,"date":"2012-09-06T21:52:00","date_gmt":"2012-09-06T21:52:00","guid":{"rendered":"https:\/\/www.euroresidentes.com\/tecnologia\/nanotecnologia\/imaginenano-2013-se-celebrara-en-bilbao"},"modified":"2016-03-04T10:48:00","modified_gmt":"2016-03-04T10:48:00","slug":"imaginenano-2013-se-celebrara-en-bilbao","status":"publish","type":"post","link":"https:\/\/www.euroresidentes.com\/tecnologia\/nanotecnologia\/imaginenano-2013-se-celebrara-en-bilbao\/","title":{"rendered":"ImagineNano 2013 se celebrar\u00e1 en Bilbao, del 23 al 26 de abril"},"content":{"rendered":"<p>El Centro de Exposiciones de Bilbao albergar\u00e1 por segunda vez ImagineNano, el evento internacional de Nanociencia y Nanotecnolog\u00eda. El evento tendr\u00e1 lugar la pr\u00f3xima primavera, del 23 al 26 de abril de 2013 en Bilbao.<\/p>\n<p>ImagineNano estar\u00e1 organizado, una vez m\u00e1s, por la fundaci\u00f3n Phantoms, el CIC NanoGUNE y el Centro Internacional de F\u00edsica de Donostia, en colaboraci\u00f3n con el Centro de Exposiciones de Bilbao.<\/p>\n<p>La edici\u00f3n de 2013 conservar\u00e1 la misma estructura con un alto nivel de infraestructura. Bajo el mismo techo se celebrar\u00e1n varios congresos internacionales (Graphene, NanoSpain, NanoBio &amp; Med, Photonics\/Plasmonics\/Magneto-Optics (PPM), TNA Energy y nanoSD \u00abSecurity&amp;Defense\u00bb), as\u00ed como una amplia exposici\u00f3n en la que se mostrar\u00e1n avances vanguardistas en investigaci\u00f3n y desarrollo de nanotecnolog\u00eda, un Foro Industrial y un encuentro empresarial. El evento reunir\u00e1 a la comunidad mundial de la nanotecnolog\u00eda, incluyendo investigadores, industriales, responsables pol\u00edticos e inversores.<\/p>\n<p>Se espera que en la feria se den cita empresas e instituciones de diferentes \u00e1reas: herramientas de nanotecnolog\u00eda, materiales, tecnolog\u00eda de nanofabricaci\u00f3n, biotecnolog\u00eda, redes, inversores, editoriales y metrolog\u00eda, entre otras.<\/p>\n<p>ImagineNano es ya un evento consolidado y est\u00e1 considerado el m\u00e1s grande de Europa en su campo. Las noticias sobre evento se actualizar\u00e1n regularmente en su sitio web: <a href=\"http:\/\/www.blogger.com\/www.imaginenano.com\">www.imaginenano.com<\/a>. <\/p>\n<p>Fuente: <a href=\"http:\/\/www.azonano.com\/news.aspx?newsID=25501\">http:\/\/www.azonano.com\/news.aspx?newsID=25501<\/a> <\/p>\n","protected":false},"excerpt":{"rendered":"<p>El Centro de Exposiciones de Bilbao albergar\u00e1 por segunda vez ImagineNano, el evento internacional de Nanociencia y Nanotecnolog\u00eda. El evento tendr\u00e1 lugar la pr\u00f3xima primavera, del 23 al 26 de abril de 2013 en Bilbao. ImagineNano estar\u00e1 organizado, una vez m\u00e1s, por la fundaci\u00f3n Phantoms, el CIC NanoGUNE y el Centro Internacional de F\u00edsica de Donostia, en colaboraci\u00f3n con el Centro de Exposiciones de Bilbao. La edici\u00f3n de 2013 conservar\u00e1 la misma estructura con un alto nivel de infraestructura. Bajo el mismo techo se celebrar\u00e1n varios congresos internacionales (Graphene, NanoSpain, NanoBio &amp; Med, Photonics\/Plasmonics\/Magneto-Optics (PPM), TNA Energy y nanoSD \u00abSecurity&amp;Defense\u00bb), <\/p>\n","protected":false},"author":7,"featured_media":0,"comment_status":"open","ping_status":"open","sticky":false,"template":"","format":"standard","meta":{"footnotes":""},"categories":[1],"tags":[],"class_list":["post-1318","post","type-post","status-publish","format-standard","hentry","category-general"],"yoast_head":"<!-- This site is optimized with the Yoast SEO plugin v24.1 - https:\/\/yoast.com\/wordpress\/plugins\/seo\/ -->\n<title>ImagineNano 2013 se celebrar\u00e1 en Bilbao, del 23 al 26 de abril - Nanotecnolog\u00eda<\/title>\n<meta name=\"robots\" content=\"index, follow, max-snippet:-1, max-image-preview:large, max-video-preview:-1\" \/>\n<link rel=\"canonical\" href=\"https:\/\/www.euroresidentes.com\/tecnologia\/nanotecnologia\/imaginenano-2013-se-celebrara-en-bilbao\/\" \/>\n<meta property=\"og:locale\" content=\"es_ES\" \/>\n<meta property=\"og:type\" content=\"article\" \/>\n<meta property=\"og:title\" content=\"ImagineNano 2013 se celebrar\u00e1 en Bilbao, del 23 al 26 de abril - Nanotecnolog\u00eda\" \/>\n<meta property=\"og:description\" content=\"El Centro de Exposiciones de Bilbao albergar\u00e1 por segunda vez ImagineNano, el evento internacional de Nanociencia y Nanotecnolog\u00eda. El evento tendr\u00e1 lugar la pr\u00f3xima primavera, del 23 al 26 de abril de 2013 en Bilbao. ImagineNano estar\u00e1 organizado, una vez m\u00e1s, por la fundaci\u00f3n Phantoms, el CIC NanoGUNE y el Centro Internacional de F\u00edsica de Donostia, en colaboraci\u00f3n con el Centro de Exposiciones de Bilbao. La edici\u00f3n de 2013 conservar\u00e1 la misma estructura con un alto nivel de infraestructura. Bajo el mismo techo se celebrar\u00e1n varios congresos internacionales (Graphene, NanoSpain, NanoBio &amp; Med, Photonics\/Plasmonics\/Magneto-Optics (PPM), TNA Energy y nanoSD \u00abSecurity&amp;Defense\u00bb),\" \/>\n<meta property=\"og:url\" content=\"https:\/\/www.euroresidentes.com\/tecnologia\/nanotecnologia\/imaginenano-2013-se-celebrara-en-bilbao\/\" \/>\n<meta property=\"og:site_name\" content=\"Nanotecnolog\u00eda\" \/>\n<meta property=\"article:author\" content=\"https:\/\/www.facebook.com\/profile.php?id=100000186278104\" \/>\n<meta property=\"article:published_time\" content=\"2012-09-06T21:52:00+00:00\" \/>\n<meta property=\"article:modified_time\" content=\"2016-03-04T10:48:00+00:00\" \/>\n<meta name=\"author\" content=\"M. Rodr\u00edguez\" \/>\n<meta name=\"twitter:card\" content=\"summary_large_image\" \/>\n<meta name=\"twitter:creator\" content=\"@mgarod3\" \/>\n<meta name=\"twitter:label1\" content=\"Written by\" \/>\n\t<meta name=\"twitter:data1\" content=\"M. Rodr\u00edguez\" \/>\n\t<meta name=\"twitter:label2\" content=\"Est. reading time\" \/>\n\t<meta name=\"twitter:data2\" content=\"1 minuto\" \/>\n<script type=\"application\/ld+json\" class=\"yoast-schema-graph\">{\"@context\":\"https:\/\/schema.org\",\"@graph\":[{\"@type\":\"WebPage\",\"@id\":\"https:\/\/www.euroresidentes.com\/tecnologia\/nanotecnologia\/imaginenano-2013-se-celebrara-en-bilbao\/\",\"url\":\"https:\/\/www.euroresidentes.com\/tecnologia\/nanotecnologia\/imaginenano-2013-se-celebrara-en-bilbao\/\",\"name\":\"ImagineNano 2013 se celebrar\u00e1 en Bilbao, del 23 al 26 de abril - Nanotecnolog\u00eda\",\"isPartOf\":{\"@id\":\"https:\/\/www.euroresidentes.com\/tecnologia\/nanotecnologia\/#website\"},\"datePublished\":\"2012-09-06T21:52:00+00:00\",\"dateModified\":\"2016-03-04T10:48:00+00:00\",\"author\":{\"@id\":\"https:\/\/www.euroresidentes.com\/tecnologia\/nanotecnologia\/#\/schema\/person\/522527c848344b20d633af2744a64a3b\"},\"breadcrumb\":{\"@id\":\"https:\/\/www.euroresidentes.com\/tecnologia\/nanotecnologia\/imaginenano-2013-se-celebrara-en-bilbao\/#breadcrumb\"},\"inLanguage\":\"es\",\"potentialAction\":[{\"@type\":\"ReadAction\",\"target\":[\"https:\/\/www.euroresidentes.com\/tecnologia\/nanotecnologia\/imaginenano-2013-se-celebrara-en-bilbao\/\"]}]},{\"@type\":\"BreadcrumbList\",\"@id\":\"https:\/\/www.euroresidentes.com\/tecnologia\/nanotecnologia\/imaginenano-2013-se-celebrara-en-bilbao\/#breadcrumb\",\"itemListElement\":[{\"@type\":\"ListItem\",\"position\":1,\"name\":\"Portada\",\"item\":\"https:\/\/www.euroresidentes.com\/tecnologia\/nanotecnologia\/\"},{\"@type\":\"ListItem\",\"position\":2,\"name\":\"ImagineNano 2013 se celebrar\u00e1 en Bilbao, del 23 al 26 de abril\"}]},{\"@type\":\"WebSite\",\"@id\":\"https:\/\/www.euroresidentes.com\/tecnologia\/nanotecnologia\/#website\",\"url\":\"https:\/\/www.euroresidentes.com\/tecnologia\/nanotecnologia\/\",\"name\":\"Nanotecnolog\u00eda\",\"description\":\"Euroresidentes\",\"potentialAction\":[{\"@type\":\"SearchAction\",\"target\":{\"@type\":\"EntryPoint\",\"urlTemplate\":\"https:\/\/www.euroresidentes.com\/tecnologia\/nanotecnologia\/?s={search_term_string}\"},\"query-input\":{\"@type\":\"PropertyValueSpecification\",\"valueRequired\":true,\"valueName\":\"search_term_string\"}}],\"inLanguage\":\"es\"},{\"@type\":\"Person\",\"@id\":\"https:\/\/www.euroresidentes.com\/tecnologia\/nanotecnologia\/#\/schema\/person\/522527c848344b20d633af2744a64a3b\",\"name\":\"M. Rodr\u00edguez\",\"image\":{\"@type\":\"ImageObject\",\"inLanguage\":\"es\",\"@id\":\"https:\/\/www.euroresidentes.com\/tecnologia\/nanotecnologia\/#\/schema\/person\/image\/\",\"url\":\"https:\/\/www.euroresidentes.com\/tecnologia\/nanotecnologia\/wp-content\/uploads\/sites\/6\/2016\/09\/mrodriguez2-150x150.jpg\",\"contentUrl\":\"https:\/\/www.euroresidentes.com\/tecnologia\/nanotecnologia\/wp-content\/uploads\/sites\/6\/2016\/09\/mrodriguez2-150x150.jpg\",\"caption\":\"M. Rodr\u00edguez\"},\"description\":\"Mercedes Rodr\u00edguezTraductora y editora de contenidos web apasionada de la ciencia y la tecnolog\u00eda.\",\"sameAs\":[\"https:\/\/www.euroresidentes.com\/tecnologia\/merchy-rodriguez.html\",\"https:\/\/www.facebook.com\/profile.php?id=100000186278104\",\"https:\/\/x.com\/mgarod3\"],\"url\":\"https:\/\/www.euroresidentes.com\/tecnologia\/nanotecnologia\/author\/merchy\/\"}]}<\/script>\n<!-- \/ Yoast SEO plugin. -->","yoast_head_json":{"title":"ImagineNano 2013 se celebrar\u00e1 en Bilbao, del 23 al 26 de abril - Nanotecnolog\u00eda","robots":{"index":"index","follow":"follow","max-snippet":"max-snippet:-1","max-image-preview":"max-image-preview:large","max-video-preview":"max-video-preview:-1"},"canonical":"https:\/\/www.euroresidentes.com\/tecnologia\/nanotecnologia\/imaginenano-2013-se-celebrara-en-bilbao\/","og_locale":"es_ES","og_type":"article","og_title":"ImagineNano 2013 se celebrar\u00e1 en Bilbao, del 23 al 26 de abril - Nanotecnolog\u00eda","og_description":"El Centro de Exposiciones de Bilbao albergar\u00e1 por segunda vez ImagineNano, el evento internacional de Nanociencia y Nanotecnolog\u00eda. El evento tendr\u00e1 lugar la pr\u00f3xima primavera, del 23 al 26 de abril de 2013 en Bilbao. ImagineNano estar\u00e1 organizado, una vez m\u00e1s, por la fundaci\u00f3n Phantoms, el CIC NanoGUNE y el Centro Internacional de F\u00edsica de Donostia, en colaboraci\u00f3n con el Centro de Exposiciones de Bilbao. La edici\u00f3n de 2013 conservar\u00e1 la misma estructura con un alto nivel de infraestructura. Bajo el mismo techo se celebrar\u00e1n varios congresos internacionales (Graphene, NanoSpain, NanoBio &amp; Med, Photonics\/Plasmonics\/Magneto-Optics (PPM), TNA Energy y nanoSD \u00abSecurity&amp;Defense\u00bb),","og_url":"https:\/\/www.euroresidentes.com\/tecnologia\/nanotecnologia\/imaginenano-2013-se-celebrara-en-bilbao\/","og_site_name":"Nanotecnolog\u00eda","article_author":"https:\/\/www.facebook.com\/profile.php?id=100000186278104","article_published_time":"2012-09-06T21:52:00+00:00","article_modified_time":"2016-03-04T10:48:00+00:00","author":"M. Rodr\u00edguez","twitter_card":"summary_large_image","twitter_creator":"@mgarod3","twitter_misc":{"Written by":"M. Rodr\u00edguez","Est. reading time":"1 minuto"},"schema":{"@context":"https:\/\/schema.org","@graph":[{"@type":"WebPage","@id":"https:\/\/www.euroresidentes.com\/tecnologia\/nanotecnologia\/imaginenano-2013-se-celebrara-en-bilbao\/","url":"https:\/\/www.euroresidentes.com\/tecnologia\/nanotecnologia\/imaginenano-2013-se-celebrara-en-bilbao\/","name":"ImagineNano 2013 se celebrar\u00e1 en Bilbao, del 23 al 26 de abril - Nanotecnolog\u00eda","isPartOf":{"@id":"https:\/\/www.euroresidentes.com\/tecnologia\/nanotecnologia\/#website"},"datePublished":"2012-09-06T21:52:00+00:00","dateModified":"2016-03-04T10:48:00+00:00","author":{"@id":"https:\/\/www.euroresidentes.com\/tecnologia\/nanotecnologia\/#\/schema\/person\/522527c848344b20d633af2744a64a3b"},"breadcrumb":{"@id":"https:\/\/www.euroresidentes.com\/tecnologia\/nanotecnologia\/imaginenano-2013-se-celebrara-en-bilbao\/#breadcrumb"},"inLanguage":"es","potentialAction":[{"@type":"ReadAction","target":["https:\/\/www.euroresidentes.com\/tecnologia\/nanotecnologia\/imaginenano-2013-se-celebrara-en-bilbao\/"]}]},{"@type":"BreadcrumbList","@id":"https:\/\/www.euroresidentes.com\/tecnologia\/nanotecnologia\/imaginenano-2013-se-celebrara-en-bilbao\/#breadcrumb","itemListElement":[{"@type":"ListItem","position":1,"name":"Portada","item":"https:\/\/www.euroresidentes.com\/tecnologia\/nanotecnologia\/"},{"@type":"ListItem","position":2,"name":"ImagineNano 2013 se celebrar\u00e1 en Bilbao, del 23 al 26 de abril"}]},{"@type":"WebSite","@id":"https:\/\/www.euroresidentes.com\/tecnologia\/nanotecnologia\/#website","url":"https:\/\/www.euroresidentes.com\/tecnologia\/nanotecnologia\/","name":"Nanotecnolog\u00eda","description":"Euroresidentes","potentialAction":[{"@type":"SearchAction","target":{"@type":"EntryPoint","urlTemplate":"https:\/\/www.euroresidentes.com\/tecnologia\/nanotecnologia\/?s={search_term_string}"},"query-input":{"@type":"PropertyValueSpecification","valueRequired":true,"valueName":"search_term_string"}}],"inLanguage":"es"},{"@type":"Person","@id":"https:\/\/www.euroresidentes.com\/tecnologia\/nanotecnologia\/#\/schema\/person\/522527c848344b20d633af2744a64a3b","name":"M. Rodr\u00edguez","image":{"@type":"ImageObject","inLanguage":"es","@id":"https:\/\/www.euroresidentes.com\/tecnologia\/nanotecnologia\/#\/schema\/person\/image\/","url":"https:\/\/www.euroresidentes.com\/tecnologia\/nanotecnologia\/wp-content\/uploads\/sites\/6\/2016\/09\/mrodriguez2-150x150.jpg","contentUrl":"https:\/\/www.euroresidentes.com\/tecnologia\/nanotecnologia\/wp-content\/uploads\/sites\/6\/2016\/09\/mrodriguez2-150x150.jpg","caption":"M. Rodr\u00edguez"},"description":"Mercedes Rodr\u00edguezTraductora y editora de contenidos web apasionada de la ciencia y la tecnolog\u00eda.","sameAs":["https:\/\/www.euroresidentes.com\/tecnologia\/merchy-rodriguez.html","https:\/\/www.facebook.com\/profile.php?id=100000186278104","https:\/\/x.com\/mgarod3"],"url":"https:\/\/www.euroresidentes.com\/tecnologia\/nanotecnologia\/author\/merchy\/"}]}},"_links":{"self":[{"href":"https:\/\/www.euroresidentes.com\/tecnologia\/nanotecnologia\/wp-json\/wp\/v2\/posts\/1318","targetHints":{"allow":["GET"]}}],"collection":[{"href":"https:\/\/www.euroresidentes.com\/tecnologia\/nanotecnologia\/wp-json\/wp\/v2\/posts"}],"about":[{"href":"https:\/\/www.euroresidentes.com\/tecnologia\/nanotecnologia\/wp-json\/wp\/v2\/types\/post"}],"author":[{"embeddable":true,"href":"https:\/\/www.euroresidentes.com\/tecnologia\/nanotecnologia\/wp-json\/wp\/v2\/users\/7"}],"replies":[{"embeddable":true,"href":"https:\/\/www.euroresidentes.com\/tecnologia\/nanotecnologia\/wp-json\/wp\/v2\/comments?post=1318"}],"version-history":[{"count":0,"href":"https:\/\/www.euroresidentes.com\/tecnologia\/nanotecnologia\/wp-json\/wp\/v2\/posts\/1318\/revisions"}],"wp:attachment":[{"href":"https:\/\/www.euroresidentes.com\/tecnologia\/nanotecnologia\/wp-json\/wp\/v2\/media?parent=1318"}],"wp:term":[{"taxonomy":"category","embeddable":true,"href":"https:\/\/www.euroresidentes.com\/tecnologia\/nanotecnologia\/wp-json\/wp\/v2\/categories?post=1318"},{"taxonomy":"post_tag","embeddable":true,"href":"https:\/\/www.euroresidentes.com\/tecnologia\/nanotecnologia\/wp-json\/wp\/v2\/tags?post=1318"}],"curies":[{"name":"wp","href":"https:\/\/api.w.org\/{rel}","templated":true}]}}