{"id":126,"date":"2015-01-12T11:33:00","date_gmt":"2015-01-12T11:33:00","guid":{"rendered":"https:\/\/www.euroresidentes.com\/tecnologia\/in4u\/la-fundacion-everis-convoca-los-premios"},"modified":"2017-12-07T15:43:56","modified_gmt":"2017-12-07T14:43:56","slug":"la-fundacion-everis-convoca-los-premios","status":"publish","type":"post","link":"https:\/\/www.euroresidentes.com\/tecnologia\/in4u\/la-fundacion-everis-convoca-los-premios\/","title":{"rendered":"La Fundaci\u00f3n Everis convoca los premios Emprendedor 2015"},"content":{"rendered":"<p>Premios Emprendedor 2015<\/p>\n<p> Hasta el 31\/03\/2015 se puede concurrir a este prestigioso premio, cuyo ganador recibir\u00e1 60.000\u20ac en met\u00e1lico m\u00e1s 10.000\u20ac adicionales en servicios de acompa\u00f1amiento suministrados por\u00a0<a href=\"http:\/\/www.i-deals.es\/index.html\" target=\"_blank\" rel=\"nofollow\">i-deals<\/a>, una empresa promovida por la consultora Everis especializada en valorar y comercializar innovaciones tecnol\u00f3gicas.<\/p>\n<div class=\"separator\" style=\"clear: both; text-align: center;\"><a style=\"margin-left: 1em; margin-right: 1em;\" href=\"https:\/\/www.euroresidentes.com\/tecnologia\/in4u\/wp-content\/uploads\/sites\/2\/2015\/01\/lean_canvas1.jpg\"><img decoding=\"async\" src=\"https:\/\/www.euroresidentes.com\/tecnologia\/in4u\/wp-content\/uploads\/sites\/2\/2015\/01\/lean_canvas1.jpg\" alt=\"\" border=\"0\" \/>\u00a0<\/a><\/div>\n<div class=\"separator\" style=\"clear: both; text-align: left;\">\u00a0<\/div>\n<div class=\"separator\" style=\"clear: both; text-align: left;\">\u00a0<\/div>\n<p>Bien entendido que las fronteras entre los distintos \u00e1mbitos de actuaci\u00f3n tienden a ser cada vez m\u00e1s difusas por la convergencia e interacci\u00f3n de las tecnolog\u00edas de base asociadas a cada disciplina, las propuestas de ideas que opten al premio deben tener como objetivo la puesta en marcha de una innovaci\u00f3n tecnol\u00f3gica, de gesti\u00f3n, social o ambiental, encuadradas en los siguientes campos o categor\u00edas:<\/p>\n<div class=\"separator\" style=\"clear: both; text-align: left;\">\u00a0<\/div>\n<ul>\n<li>Tecnolog\u00edas de la informaci\u00f3n y econom\u00eda digital<\/li>\n<li>Biotecnolog\u00eda y salud (incluyendo dispositivos m\u00e9dicos, f\u00e1rmacos, eHealth y mHealth)\u00a0<\/li>\n<li>Tecnolog\u00edas industriales o energ\u00e9ticas (incluyendo el \u00e1mbito de las Smart cities)<\/li>\n<\/ul>\n<p>Analizando las bases de la convocatoria me han llamado la atenci\u00f3n dos aspectos relacionados con la forma de presentaci\u00f3n de los proyectos candidatos al premio: la obligatoriedad de presentar el mismo bajo el formato de modelo de negocio CANVAS e incluir un v\u00eddeo expositivo de 5 minutos de duraci\u00f3n.<\/p>\n<div class=\"separator\" style=\"clear: both; text-align: left;\">\u00a0<\/div>\n<p>Con respecto al primer aspecto, herramienta,\u00a0 al que Javier Meg\u00edas denomina \u201c<a href=\"http:\/\/javiermegias.com\/blog\/2011\/11\/herramientas-el-lienzo-de-modelos-de-negocio-business-model-canvas\/\" target=\"_blank\" rel=\"nofollow\">el lienzo de modelos de negocio<\/a>\u201d,\u00a0 recomiendo visitar y seguir el magn\u00edfico blog de este autor sobre innovaci\u00f3n estrat\u00e9gica, uno de los mejores que conozco, que incluye, adem\u00e1s de una breve introducci\u00f3n te\u00f3rica, el ejemplo pr\u00e1ctico del modelo CANVAS aplicado a NESPRESSO. <\/p>\n<p> Pero la primera persona a la que le o\u00ed hablar del modelo CANVAS fue a mi amigo, y no por eso menos admirado, <a href=\"https:\/\/www.youtube.com\/watch?v=Dv4ukOgwIdQ\" target=\"_blank\" rel=\"nofollow\"><b>XaviCamps<\/b><\/a><b>. <\/b>En este enlace pod\u00e9is apreciar una magistral presentaci\u00f3n visual del modelo de negocio de <a href=\"http:\/\/es.slideshare.net\/XavierComa\/innovacin-modelo-de-negocio-2-7656526\" target=\"_blank\" rel=\"nofollow\">SouthwestAirlines <\/a><strong>. <\/strong>De su <a href=\"http:\/\/thejazzmusician-xavier.blogspot.com.es\/\" target=\"_blank\" rel=\"nofollow\">blog<\/a> he tomado prestada la imagen de arriba. Por cierto, aprovecho estas l\u00edneas para felicitarle por su reciente premio de la <a href=\"http:\/\/www.tatum.es\/blogosferarrhh\/Paginas\/PostsC.aspx?PmId=1107\" target=\"_blank\" rel=\"nofollow\">Blogosferade RRHH<\/a>.<\/p>\n","protected":false},"excerpt":{"rendered":"<p>Premios Emprendedor 2015 Hasta el 31\/03\/2015 se puede concurrir a este prestigioso premio, cuyo ganador recibir\u00e1 60.000\u20ac en met\u00e1lico m\u00e1s 10.000\u20ac adicionales en servicios de acompa\u00f1amiento suministrados por\u00a0i-deals, una empresa promovida por la consultora Everis especializada en valorar y comercializar innovaciones tecnol\u00f3gicas. \u00a0 \u00a0 \u00a0 Bien entendido que las fronteras entre los distintos \u00e1mbitos de actuaci\u00f3n tienden a ser cada vez m\u00e1s difusas por la convergencia e interacci\u00f3n de las tecnolog\u00edas de base asociadas a cada disciplina, las propuestas de ideas que opten al premio deben tener como objetivo la puesta en marcha de una innovaci\u00f3n tecnol\u00f3gica, de gesti\u00f3n, social <\/p>\n","protected":false},"author":3,"featured_media":208,"comment_status":"open","ping_status":"open","sticky":false,"template":"","format":"standard","meta":{"footnotes":""},"categories":[11],"tags":[],"class_list":["post-126","post","type-post","status-publish","format-standard","has-post-thumbnail","hentry","category-general","has_thumb"],"yoast_head":"<!-- This site is optimized with the Yoast SEO plugin v24.1 - https:\/\/yoast.com\/wordpress\/plugins\/seo\/ -->\n<title>La Fundaci\u00f3n Everis convoca los premios Emprendedor 2015 - In4U<\/title>\n<meta name=\"robots\" content=\"index, follow, max-snippet:-1, max-image-preview:large, max-video-preview:-1\" \/>\n<link rel=\"canonical\" href=\"https:\/\/www.euroresidentes.com\/tecnologia\/in4u\/la-fundacion-everis-convoca-los-premios\/\" \/>\n<meta property=\"og:locale\" content=\"es_ES\" \/>\n<meta property=\"og:type\" content=\"article\" \/>\n<meta property=\"og:title\" content=\"La Fundaci\u00f3n Everis convoca los premios Emprendedor 2015 - In4U\" \/>\n<meta property=\"og:description\" content=\"Premios Emprendedor 2015 Hasta el 31\/03\/2015 se puede concurrir a este prestigioso premio, cuyo ganador recibir\u00e1 60.000\u20ac en met\u00e1lico m\u00e1s 10.000\u20ac adicionales en servicios de acompa\u00f1amiento suministrados por\u00a0i-deals, una empresa promovida por la consultora Everis especializada en valorar y comercializar innovaciones tecnol\u00f3gicas. \u00a0 \u00a0 \u00a0 Bien entendido que las fronteras entre los distintos \u00e1mbitos de actuaci\u00f3n tienden a ser cada vez m\u00e1s difusas por la convergencia e interacci\u00f3n de las tecnolog\u00edas de base asociadas a cada disciplina, las propuestas de ideas que opten al premio deben tener como objetivo la puesta en marcha de una innovaci\u00f3n tecnol\u00f3gica, de gesti\u00f3n, social\" \/>\n<meta property=\"og:url\" content=\"https:\/\/www.euroresidentes.com\/tecnologia\/in4u\/la-fundacion-everis-convoca-los-premios\/\" \/>\n<meta property=\"og:site_name\" content=\"In4U\" \/>\n<meta property=\"article:published_time\" content=\"2015-01-12T11:33:00+00:00\" \/>\n<meta property=\"article:modified_time\" content=\"2017-12-07T14:43:56+00:00\" \/>\n<meta property=\"og:image\" content=\"https:\/\/www.euroresidentes.com\/tecnologia\/in4u\/wp-content\/uploads\/sites\/2\/2015\/01\/lean_canvas1.jpg\" \/>\n\t<meta property=\"og:image:width\" content=\"600\" \/>\n\t<meta property=\"og:image:height\" content=\"380\" \/>\n\t<meta property=\"og:image:type\" content=\"image\/jpeg\" \/>\n<meta name=\"author\" content=\"Juan Jos\u00e9 R\u00edos Pi\u00f1era\" \/>\n<meta name=\"twitter:card\" content=\"summary_large_image\" \/>\n<meta name=\"twitter:label1\" content=\"Written by\" \/>\n\t<meta name=\"twitter:data1\" content=\"Juan Jos\u00e9 R\u00edos Pi\u00f1era\" \/>\n\t<meta name=\"twitter:label2\" content=\"Est. reading time\" \/>\n\t<meta name=\"twitter:data2\" content=\"2 minutos\" \/>\n<script type=\"application\/ld+json\" class=\"yoast-schema-graph\">{\"@context\":\"https:\/\/schema.org\",\"@graph\":[{\"@type\":\"WebPage\",\"@id\":\"https:\/\/www.euroresidentes.com\/tecnologia\/in4u\/la-fundacion-everis-convoca-los-premios\/\",\"url\":\"https:\/\/www.euroresidentes.com\/tecnologia\/in4u\/la-fundacion-everis-convoca-los-premios\/\",\"name\":\"La Fundaci\u00f3n Everis convoca los premios Emprendedor 2015 - In4U\",\"isPartOf\":{\"@id\":\"https:\/\/www.euroresidentes.com\/tecnologia\/in4u\/#website\"},\"primaryImageOfPage\":{\"@id\":\"https:\/\/www.euroresidentes.com\/tecnologia\/in4u\/la-fundacion-everis-convoca-los-premios\/#primaryimage\"},\"image\":{\"@id\":\"https:\/\/www.euroresidentes.com\/tecnologia\/in4u\/la-fundacion-everis-convoca-los-premios\/#primaryimage\"},\"thumbnailUrl\":\"https:\/\/www.euroresidentes.com\/tecnologia\/in4u\/wp-content\/uploads\/sites\/2\/2015\/01\/lean_canvas1.jpg\",\"datePublished\":\"2015-01-12T11:33:00+00:00\",\"dateModified\":\"2017-12-07T14:43:56+00:00\",\"author\":{\"@id\":\"https:\/\/www.euroresidentes.com\/tecnologia\/in4u\/#\/schema\/person\/83b7b9138ef818fce4d2d15f6f129f40\"},\"breadcrumb\":{\"@id\":\"https:\/\/www.euroresidentes.com\/tecnologia\/in4u\/la-fundacion-everis-convoca-los-premios\/#breadcrumb\"},\"inLanguage\":\"es\",\"potentialAction\":[{\"@type\":\"ReadAction\",\"target\":[\"https:\/\/www.euroresidentes.com\/tecnologia\/in4u\/la-fundacion-everis-convoca-los-premios\/\"]}]},{\"@type\":\"ImageObject\",\"inLanguage\":\"es\",\"@id\":\"https:\/\/www.euroresidentes.com\/tecnologia\/in4u\/la-fundacion-everis-convoca-los-premios\/#primaryimage\",\"url\":\"https:\/\/www.euroresidentes.com\/tecnologia\/in4u\/wp-content\/uploads\/sites\/2\/2015\/01\/lean_canvas1.jpg\",\"contentUrl\":\"https:\/\/www.euroresidentes.com\/tecnologia\/in4u\/wp-content\/uploads\/sites\/2\/2015\/01\/lean_canvas1.jpg\",\"width\":600,\"height\":380},{\"@type\":\"BreadcrumbList\",\"@id\":\"https:\/\/www.euroresidentes.com\/tecnologia\/in4u\/la-fundacion-everis-convoca-los-premios\/#breadcrumb\",\"itemListElement\":[{\"@type\":\"ListItem\",\"position\":1,\"name\":\"Portada\",\"item\":\"https:\/\/www.euroresidentes.com\/tecnologia\/in4u\/\"},{\"@type\":\"ListItem\",\"position\":2,\"name\":\"La Fundaci\u00f3n Everis convoca los premios Emprendedor 2015\"}]},{\"@type\":\"WebSite\",\"@id\":\"https:\/\/www.euroresidentes.com\/tecnologia\/in4u\/#website\",\"url\":\"https:\/\/www.euroresidentes.com\/tecnologia\/in4u\/\",\"name\":\"In4U\",\"description\":\"Euroresidentes\",\"potentialAction\":[{\"@type\":\"SearchAction\",\"target\":{\"@type\":\"EntryPoint\",\"urlTemplate\":\"https:\/\/www.euroresidentes.com\/tecnologia\/in4u\/?s={search_term_string}\"},\"query-input\":{\"@type\":\"PropertyValueSpecification\",\"valueRequired\":true,\"valueName\":\"search_term_string\"}}],\"inLanguage\":\"es\"},{\"@type\":\"Person\",\"@id\":\"https:\/\/www.euroresidentes.com\/tecnologia\/in4u\/#\/schema\/person\/83b7b9138ef818fce4d2d15f6f129f40\",\"name\":\"Juan Jos\u00e9 R\u00edos Pi\u00f1era\",\"image\":{\"@type\":\"ImageObject\",\"inLanguage\":\"es\",\"@id\":\"https:\/\/www.euroresidentes.com\/tecnologia\/in4u\/#\/schema\/person\/image\/\",\"url\":\"https:\/\/www.euroresidentes.com\/tecnologia\/in4u\/wp-content\/uploads\/sites\/2\/2016\/03\/juan-jose-rios-150x150.jpg\",\"contentUrl\":\"https:\/\/www.euroresidentes.com\/tecnologia\/in4u\/wp-content\/uploads\/sites\/2\/2016\/03\/juan-jose-rios-150x150.jpg\",\"caption\":\"Juan Jos\u00e9 R\u00edos Pi\u00f1era\"},\"description\":\"Juan Jos\u00e9 R\u00edosLicenciado en Matem\u00e1ticas, profesor del IES Alfonso X El Sabio de Murcia. Actualmente es asesor de innovaci\u00f3n de la Comunidad Aut\u00f3noma de la Regi\u00f3n de Murcia.\",\"sameAs\":[\"https:\/\/www.euroresidentes.com\/tecnologia\/juan-jose-rios.html\"],\"url\":\"https:\/\/www.euroresidentes.com\/tecnologia\/in4u\/author\/juanjose\/\"}]}<\/script>\n<!-- \/ Yoast SEO plugin. -->","yoast_head_json":{"title":"La Fundaci\u00f3n Everis convoca los premios Emprendedor 2015 - In4U","robots":{"index":"index","follow":"follow","max-snippet":"max-snippet:-1","max-image-preview":"max-image-preview:large","max-video-preview":"max-video-preview:-1"},"canonical":"https:\/\/www.euroresidentes.com\/tecnologia\/in4u\/la-fundacion-everis-convoca-los-premios\/","og_locale":"es_ES","og_type":"article","og_title":"La Fundaci\u00f3n Everis convoca los premios Emprendedor 2015 - In4U","og_description":"Premios Emprendedor 2015 Hasta el 31\/03\/2015 se puede concurrir a este prestigioso premio, cuyo ganador recibir\u00e1 60.000\u20ac en met\u00e1lico m\u00e1s 10.000\u20ac adicionales en servicios de acompa\u00f1amiento suministrados por\u00a0i-deals, una empresa promovida por la consultora Everis especializada en valorar y comercializar innovaciones tecnol\u00f3gicas. \u00a0 \u00a0 \u00a0 Bien entendido que las fronteras entre los distintos \u00e1mbitos de actuaci\u00f3n tienden a ser cada vez m\u00e1s difusas por la convergencia e interacci\u00f3n de las tecnolog\u00edas de base asociadas a cada disciplina, las propuestas de ideas que opten al premio deben tener como objetivo la puesta en marcha de una innovaci\u00f3n tecnol\u00f3gica, de gesti\u00f3n, social","og_url":"https:\/\/www.euroresidentes.com\/tecnologia\/in4u\/la-fundacion-everis-convoca-los-premios\/","og_site_name":"In4U","article_published_time":"2015-01-12T11:33:00+00:00","article_modified_time":"2017-12-07T14:43:56+00:00","og_image":[{"width":600,"height":380,"url":"https:\/\/www.euroresidentes.com\/tecnologia\/in4u\/wp-content\/uploads\/sites\/2\/2015\/01\/lean_canvas1.jpg","type":"image\/jpeg"}],"author":"Juan Jos\u00e9 R\u00edos Pi\u00f1era","twitter_card":"summary_large_image","twitter_misc":{"Written by":"Juan Jos\u00e9 R\u00edos Pi\u00f1era","Est. reading time":"2 minutos"},"schema":{"@context":"https:\/\/schema.org","@graph":[{"@type":"WebPage","@id":"https:\/\/www.euroresidentes.com\/tecnologia\/in4u\/la-fundacion-everis-convoca-los-premios\/","url":"https:\/\/www.euroresidentes.com\/tecnologia\/in4u\/la-fundacion-everis-convoca-los-premios\/","name":"La Fundaci\u00f3n Everis convoca los premios Emprendedor 2015 - In4U","isPartOf":{"@id":"https:\/\/www.euroresidentes.com\/tecnologia\/in4u\/#website"},"primaryImageOfPage":{"@id":"https:\/\/www.euroresidentes.com\/tecnologia\/in4u\/la-fundacion-everis-convoca-los-premios\/#primaryimage"},"image":{"@id":"https:\/\/www.euroresidentes.com\/tecnologia\/in4u\/la-fundacion-everis-convoca-los-premios\/#primaryimage"},"thumbnailUrl":"https:\/\/www.euroresidentes.com\/tecnologia\/in4u\/wp-content\/uploads\/sites\/2\/2015\/01\/lean_canvas1.jpg","datePublished":"2015-01-12T11:33:00+00:00","dateModified":"2017-12-07T14:43:56+00:00","author":{"@id":"https:\/\/www.euroresidentes.com\/tecnologia\/in4u\/#\/schema\/person\/83b7b9138ef818fce4d2d15f6f129f40"},"breadcrumb":{"@id":"https:\/\/www.euroresidentes.com\/tecnologia\/in4u\/la-fundacion-everis-convoca-los-premios\/#breadcrumb"},"inLanguage":"es","potentialAction":[{"@type":"ReadAction","target":["https:\/\/www.euroresidentes.com\/tecnologia\/in4u\/la-fundacion-everis-convoca-los-premios\/"]}]},{"@type":"ImageObject","inLanguage":"es","@id":"https:\/\/www.euroresidentes.com\/tecnologia\/in4u\/la-fundacion-everis-convoca-los-premios\/#primaryimage","url":"https:\/\/www.euroresidentes.com\/tecnologia\/in4u\/wp-content\/uploads\/sites\/2\/2015\/01\/lean_canvas1.jpg","contentUrl":"https:\/\/www.euroresidentes.com\/tecnologia\/in4u\/wp-content\/uploads\/sites\/2\/2015\/01\/lean_canvas1.jpg","width":600,"height":380},{"@type":"BreadcrumbList","@id":"https:\/\/www.euroresidentes.com\/tecnologia\/in4u\/la-fundacion-everis-convoca-los-premios\/#breadcrumb","itemListElement":[{"@type":"ListItem","position":1,"name":"Portada","item":"https:\/\/www.euroresidentes.com\/tecnologia\/in4u\/"},{"@type":"ListItem","position":2,"name":"La Fundaci\u00f3n Everis convoca los premios Emprendedor 2015"}]},{"@type":"WebSite","@id":"https:\/\/www.euroresidentes.com\/tecnologia\/in4u\/#website","url":"https:\/\/www.euroresidentes.com\/tecnologia\/in4u\/","name":"In4U","description":"Euroresidentes","potentialAction":[{"@type":"SearchAction","target":{"@type":"EntryPoint","urlTemplate":"https:\/\/www.euroresidentes.com\/tecnologia\/in4u\/?s={search_term_string}"},"query-input":{"@type":"PropertyValueSpecification","valueRequired":true,"valueName":"search_term_string"}}],"inLanguage":"es"},{"@type":"Person","@id":"https:\/\/www.euroresidentes.com\/tecnologia\/in4u\/#\/schema\/person\/83b7b9138ef818fce4d2d15f6f129f40","name":"Juan Jos\u00e9 R\u00edos Pi\u00f1era","image":{"@type":"ImageObject","inLanguage":"es","@id":"https:\/\/www.euroresidentes.com\/tecnologia\/in4u\/#\/schema\/person\/image\/","url":"https:\/\/www.euroresidentes.com\/tecnologia\/in4u\/wp-content\/uploads\/sites\/2\/2016\/03\/juan-jose-rios-150x150.jpg","contentUrl":"https:\/\/www.euroresidentes.com\/tecnologia\/in4u\/wp-content\/uploads\/sites\/2\/2016\/03\/juan-jose-rios-150x150.jpg","caption":"Juan Jos\u00e9 R\u00edos Pi\u00f1era"},"description":"Juan Jos\u00e9 R\u00edosLicenciado en Matem\u00e1ticas, profesor del IES Alfonso X El Sabio de Murcia. Actualmente es asesor de innovaci\u00f3n de la Comunidad Aut\u00f3noma de la Regi\u00f3n de Murcia.","sameAs":["https:\/\/www.euroresidentes.com\/tecnologia\/juan-jose-rios.html"],"url":"https:\/\/www.euroresidentes.com\/tecnologia\/in4u\/author\/juanjose\/"}]}},"_links":{"self":[{"href":"https:\/\/www.euroresidentes.com\/tecnologia\/in4u\/wp-json\/wp\/v2\/posts\/126","targetHints":{"allow":["GET"]}}],"collection":[{"href":"https:\/\/www.euroresidentes.com\/tecnologia\/in4u\/wp-json\/wp\/v2\/posts"}],"about":[{"href":"https:\/\/www.euroresidentes.com\/tecnologia\/in4u\/wp-json\/wp\/v2\/types\/post"}],"author":[{"embeddable":true,"href":"https:\/\/www.euroresidentes.com\/tecnologia\/in4u\/wp-json\/wp\/v2\/users\/3"}],"replies":[{"embeddable":true,"href":"https:\/\/www.euroresidentes.com\/tecnologia\/in4u\/wp-json\/wp\/v2\/comments?post=126"}],"version-history":[{"count":0,"href":"https:\/\/www.euroresidentes.com\/tecnologia\/in4u\/wp-json\/wp\/v2\/posts\/126\/revisions"}],"wp:featuredmedia":[{"embeddable":true,"href":"https:\/\/www.euroresidentes.com\/tecnologia\/in4u\/wp-json\/wp\/v2\/media\/208"}],"wp:attachment":[{"href":"https:\/\/www.euroresidentes.com\/tecnologia\/in4u\/wp-json\/wp\/v2\/media?parent=126"}],"wp:term":[{"taxonomy":"category","embeddable":true,"href":"https:\/\/www.euroresidentes.com\/tecnologia\/in4u\/wp-json\/wp\/v2\/categories?post=126"},{"taxonomy":"post_tag","embeddable":true,"href":"https:\/\/www.euroresidentes.com\/tecnologia\/in4u\/wp-json\/wp\/v2\/tags?post=126"}],"curies":[{"name":"wp","href":"https:\/\/api.w.org\/{rel}","templated":true}]}}