{"id":121,"date":"2015-03-16T13:53:00","date_gmt":"2015-03-16T13:53:00","guid":{"rendered":"https:\/\/www.euroresidentes.com\/tecnologia\/in4u\/los-datos-publicos-mas-democracia-y-mas"},"modified":"2016-03-02T12:47:54","modified_gmt":"2016-03-02T12:47:54","slug":"los-datos-publicos-mas-democracia-y-mas","status":"publish","type":"post","link":"https:\/\/www.euroresidentes.com\/tecnologia\/in4u\/los-datos-publicos-mas-democracia-y-mas\/","title":{"rendered":"Los datos p\u00fablicos, m\u00e1s democracia y m\u00e1s negocio"},"content":{"rendered":"<p>En mi p\u00e1gina de presentaci\u00f3n como autor de este blog dec\u00eda que: \u00ab..<i>.Las instituciones no pueden seguir funcionando casi como en el siglo XIX. Deben transformarse, en el contexto del paradigma de Gobierno Abierto, para convertirse en organizaciones centradas en los ciudadanos, transparentes, sostenibles, eficientes, ligeras y facilitadoras de la actividad empresarial de la mano de iniciativas como el OPEN DATA &#8230;<\/i>\u00bb <\/p>\n<p>El modelo de Gobierno Abierto fue definido por primera vez en 2009 por la <a href=\"http:\/\/es.wikipedia.org\/wiki\/Gobierno_abierto\" rel=\"nofollow\" target=\"_blank\">Administraci\u00f3n Obama<\/a> y trata de extender al funcionamiento de las instituciones  la filosof\u00eda del software libre. Este nuevo paradigma, que se inspira en los principios de transparencia, colaboraci\u00f3n y participaci\u00f3n, se apoya en dos ejes operativos:<\/p>\n<ul>\n<li>Open data: Apertura y reutilizaci\u00f3n de datos p\u00fablicos<\/li>\n<li>Open Action:  Uso de redes sociales para fomentar la participaci\u00f3n ciudadana.<\/li>\n<\/ul>\n<p><\/p>\n<div class=\"separator\" style=\"clear: both; text-align: center;\">\n<a href=\"https:\/\/www.euroresidentes.com\/tecnologia\/in4u\/wp-content\/uploads\/sites\/2\/2015\/03\/obama-oGov-pyramide2.jpg\" imageanchor=\"1\" style=\"margin-left: 1em; margin-right: 1em;\"><img loading=\"lazy\" decoding=\"async\" border=\"0\" src=\"https:\/\/www.euroresidentes.com\/tecnologia\/in4u\/wp-content\/uploads\/sites\/2\/2015\/03\/obama-oGov-pyramide2.jpg\" height=\"240\" width=\"320\" \/><\/a><\/div>\n<div class=\"separator\" style=\"clear: both; text-align: left;\">\n<\/div>\n<p>\nLa transparencia es la piedra angular de una nueva Administraci\u00f3n que debe sentirse obligada a dejar de resultar tan cr\u00edptica e ilegible para los ciudadanos, que son sus financiadores, y a ser consecuente con este hecho asumiendo esta sencilla norma fundamental: \u00ab<i>Cualquier dato o informaci\u00f3n generada con dinero p\u00fablico deben ser de dominio p\u00fablico\u00bb<\/i>.Con las \u00fanicas excepciones derivadas de las exigencias legales de privacidad y seguridad. <\/p>\n<p><b><a href=\"https:\/\/prezi.com\/3uuepukqnvn-\/datosgobes\/\" rel=\"nofollow\" target=\"_blank\">El OPEN DATA<\/a> <\/b>consiste en la liberaci\u00f3n de la informaci\u00f3n y los datos p\u00fablicos en formatos divulgativos, legibles por los ciudadanos, y normalizados para posibilitar la interoperabilidad con otras Administraciones P\u00fablicas as\u00ed como su  tratamiento inform\u00e1tico por parte de las propias instituciones y las empresas.<\/p>\n<p>Tambi\u00e9n se engloban en este concepto los datos provenientes de los sensores electr\u00f3nicos que proliferan en nuestras ciudades, dentro del paradigma de <a href=\"http:\/\/es.wikipedia.org\/wiki\/Ciudad_inteligente\" rel=\"nofollow\" target=\"_blank\">Smart City.<\/a><\/p>\n<p><iframe loading=\"lazy\" allowfullscreen=\"\" frameborder=\"0\" height=\"315\" src=\"https:\/\/www.youtube.com\/embed\/kQsVopmdsFw\" width=\"560\"><\/iframe><\/p>\n<p><b>Las estrategias de datos abiertos persiguen tres objetivos fundamentales<\/b>:  Mejorar la eficiencia interna de las propias  Administraciones,   propiciar el empoderamiento de los ciudadanos y fomentar el desarrollo econ\u00f3mico asociado a la reutilizaci\u00f3n de los datos p\u00fablicos por parte de las empresas.<\/p>\n<p>En el v\u00eddeo de la jornada: \u00ab<b><a href=\"http:\/\/www.sicarm.es\/servlet\/vsicarm.servlets.Videos?METHOD=FLASH&amp;video=open22oct1_2\" rel=\"nofollow\" target=\"_blank\">Aspectos pr\u00e1cticos del OPEN DATA<\/a><\/b>\u00bb celebrada en Murcia hace unos meses pod\u00e9is acceder a la amena exposici\u00f3n sobre el concepto de datos abiertos que realiz\u00f3  uno de los mejores expertos espa\u00f1oles en esta materia, vocal de la <a href=\"https:\/\/okfn.org\/\" rel=\"nofollow\" target=\"_blank\">Open KnowledgeFoundation<\/a>, y asesor de la Comisi\u00f3n Europea (<a href=\"http:\/\/www.epsiplatform.eu\/\" rel=\"nofollow\" target=\"_blank\">EPSI<\/a>), <b>Marc Garriga<\/b>, al que tuve el honor de presentar.<\/p>\n<table align=\"center\" cellpadding=\"0\" cellspacing=\"0\" class=\"tr-caption-container\" style=\"margin-left: auto; margin-right: auto; text-align: center;\">\n<tbody>\n<tr>\n<td style=\"text-align: center;\"><a href=\"https:\/\/www.euroresidentes.com\/tecnologia\/in4u\/wp-content\/uploads\/sites\/2\/2015\/03\/Marc-Garriga-001.jpg\" imageanchor=\"1\" style=\"margin-left: auto; margin-right: auto;\"><img loading=\"lazy\" decoding=\"async\" border=\"0\" src=\"https:\/\/www.euroresidentes.com\/tecnologia\/in4u\/wp-content\/uploads\/sites\/2\/2015\/03\/Marc-Garriga-001.jpg\" height=\"240\" width=\"320\" \/><\/a><\/td>\n<\/tr>\n<tr>\n<td class=\"tr-caption\" style=\"text-align: center;\">Marc Garriga<\/td>\n<\/tr>\n<\/tbody>\n<\/table>\n<p>\nUn site muy recomendable para comprender los fundamentos del open data es el de la <b><a href=\"http:\/\/www.bcn.cl\/de-que-se-habla\/open-data-link-data\" rel=\"nofollow\" target=\"_blank\">Biblioteca Nacional de Chile<\/a><\/b>, que incluye, adem\u00e1s un v\u00eddeo de Tim Berners-Lee, inventor de la web y promotor del movimiento internacional en pro de la apertura de datos.<\/p>\n<p>Con independencia del fortalecimiento de los valores democr\u00e1ticos inherente al modelo de Gobierno Abierto  &#8211; v\u00e9anse iniciativas como: <a href=\"http:\/\/dondevanmisimpuestos.es\/\" rel=\"nofollow\" target=\"_blank\">d\u00f3nde van mis impuestos<\/a> o la de <a href=\"http:\/\/opendata.aragon.es\/\" rel=\"nofollow\" target=\"_blank\">Arag\u00f3n Open Data<\/a> &#8211; la adopci\u00f3n de pol\u00edticas de datos abiertos, de forma generalizada,  por parte de las Administraciones P\u00fablicas  est\u00e1 produciendo la irrupci\u00f3n de oportunidades de negocio para nuevo tipo de emprendedores, los llamados <a href=\"http:\/\/www.fundetec.es\/reportajes\/open-data-la-transparencia-hecha-negocio\/\" rel=\"nofollow\" target=\"_blank\">infomediarios<\/a>.<\/p>\n<p>En nuestro pa\u00eds, la referencia obligada en materia de impulso publico del sector infomediario es el portal: <a href=\"http:\/\/datos.gob.es\/\" rel=\"nofollow\" target=\"_blank\">datos.gob.es<\/a>, apuesta conjunta de los Ministerios de Hacienda y Administraciones P\u00fablicas y del Ministerio de Industria, Energ\u00eda y Turismo.<\/p>\n<p>Precisamente hoy mismo, 16\/03\/15,  se ha presentado p\u00fablicamente en Madrid la III edici\u00f3n del <a href=\"http:\/\/www.red.es\/redes\/sala-de-prensa\/noticia\/la-reutilizacion-de-datos-publicos-genera-un-volumen-de-negocio-proximo-los-5\" rel=\"nofollow\" target=\"_blank\">Informe de caracterizaci\u00f3n del sector infomediario<\/a>, en el que se ha puesto de manifiesto la pujanza y perspectivas de futuro de un sector que aglutina a las empresas que desarrollan servicios de valor a\u00f1adido reutilizando datos p\u00fablicos y privados provenientes de fuentes de confianza.<\/p>\n<p>Seg\u00fan recoge este informe, existen en nuestro pa\u00eds 413 empresas censadas en esta actividad que han generado <b>un volumen de negocio anual estimado en unos 1.200 M\u20ac<\/b> en servicios relacionados fundamentalmente con la informaci\u00f3n geogr\u00e1fica, el mundo editorial, los estudios de mercado, los an\u00e1lisis de tipo econ\u00f3mico-financiero, las ciudades inteligentes y el Big Data.<br \/>\n<b><br \/><\/b><br \/>\n<b>En un pr\u00f3ximo post<\/b> comentaremos algunas experiencias pr\u00e1cticas interesantes que pueden servir de inspiraci\u00f3n a emprendedores que aspiran a entrar a formar parte de ese selecto y reducido, de momento,  <b>grupo de 413 infomediarios<\/b> censados que han generado la nada despreciable cifra de <b>casi 3 M\u20ac de facturaci\u00f3n media.<\/b><\/p>\n<table bgcolor=\"#F2F0FA\" border=\"0\" cellpadding=\"5\" cellspacing=\"1\" style=\"width: 100%;\">\n<tbody>\n<\/tbody>\n<\/table>\n","protected":false},"excerpt":{"rendered":"<p>En mi p\u00e1gina de presentaci\u00f3n como autor de este blog dec\u00eda que: \u00ab&#8230;Las instituciones no pueden seguir funcionando casi como en el siglo XIX. Deben transformarse, en el contexto del paradigma de Gobierno Abierto, para convertirse en organizaciones centradas en los ciudadanos, transparentes, sostenibles, eficientes, ligeras y facilitadoras de la actividad empresarial de la mano de iniciativas como el OPEN DATA &#8230;\u00bb El modelo de Gobierno Abierto fue definido por primera vez en 2009 por la Administraci\u00f3n Obama y trata de extender al funcionamiento de las instituciones la filosof\u00eda del software libre. Este nuevo paradigma, que se inspira en los <\/p>\n","protected":false},"author":3,"featured_media":186,"comment_status":"open","ping_status":"open","sticky":false,"template":"","format":"standard","meta":{"footnotes":""},"categories":[11],"tags":[],"class_list":["post-121","post","type-post","status-publish","format-standard","has-post-thumbnail","hentry","category-general","has_thumb"],"yoast_head":"<!-- This site is optimized with the Yoast SEO plugin v24.1 - https:\/\/yoast.com\/wordpress\/plugins\/seo\/ -->\n<title>Los datos p\u00fablicos, m\u00e1s democracia y m\u00e1s negocio - In4U<\/title>\n<meta name=\"robots\" content=\"index, follow, max-snippet:-1, max-image-preview:large, max-video-preview:-1\" \/>\n<link rel=\"canonical\" href=\"https:\/\/www.euroresidentes.com\/tecnologia\/in4u\/los-datos-publicos-mas-democracia-y-mas\/\" \/>\n<meta property=\"og:locale\" content=\"es_ES\" \/>\n<meta property=\"og:type\" content=\"article\" \/>\n<meta property=\"og:title\" content=\"Los datos p\u00fablicos, m\u00e1s democracia y m\u00e1s negocio - In4U\" \/>\n<meta property=\"og:description\" content=\"En mi p\u00e1gina de presentaci\u00f3n como autor de este blog dec\u00eda que: \u00ab...Las instituciones no pueden seguir funcionando casi como en el siglo XIX. Deben transformarse, en el contexto del paradigma de Gobierno Abierto, para convertirse en organizaciones centradas en los ciudadanos, transparentes, sostenibles, eficientes, ligeras y facilitadoras de la actividad empresarial de la mano de iniciativas como el OPEN DATA &#8230;\u00bb El modelo de Gobierno Abierto fue definido por primera vez en 2009 por la Administraci\u00f3n Obama y trata de extender al funcionamiento de las instituciones la filosof\u00eda del software libre. Este nuevo paradigma, que se inspira en los\" \/>\n<meta property=\"og:url\" content=\"https:\/\/www.euroresidentes.com\/tecnologia\/in4u\/los-datos-publicos-mas-democracia-y-mas\/\" \/>\n<meta property=\"og:site_name\" content=\"In4U\" \/>\n<meta property=\"article:published_time\" content=\"2015-03-16T13:53:00+00:00\" \/>\n<meta property=\"article:modified_time\" content=\"2016-03-02T12:47:54+00:00\" \/>\n<meta property=\"og:image\" content=\"https:\/\/www.euroresidentes.com\/tecnologia\/in4u\/wp-content\/uploads\/sites\/2\/2015\/03\/obama-oGov-pyramide2.jpg\" \/>\n\t<meta property=\"og:image:width\" content=\"600\" \/>\n\t<meta property=\"og:image:height\" content=\"450\" \/>\n\t<meta property=\"og:image:type\" content=\"image\/jpeg\" \/>\n<meta name=\"author\" content=\"Juan Jos\u00e9 R\u00edos Pi\u00f1era\" \/>\n<meta name=\"twitter:card\" content=\"summary_large_image\" \/>\n<meta name=\"twitter:label1\" content=\"Written by\" \/>\n\t<meta name=\"twitter:data1\" content=\"Juan Jos\u00e9 R\u00edos Pi\u00f1era\" \/>\n\t<meta name=\"twitter:label2\" content=\"Est. reading time\" \/>\n\t<meta name=\"twitter:data2\" content=\"4 minutos\" \/>\n<script type=\"application\/ld+json\" class=\"yoast-schema-graph\">{\"@context\":\"https:\/\/schema.org\",\"@graph\":[{\"@type\":\"WebPage\",\"@id\":\"https:\/\/www.euroresidentes.com\/tecnologia\/in4u\/los-datos-publicos-mas-democracia-y-mas\/\",\"url\":\"https:\/\/www.euroresidentes.com\/tecnologia\/in4u\/los-datos-publicos-mas-democracia-y-mas\/\",\"name\":\"Los datos p\u00fablicos, m\u00e1s democracia y m\u00e1s negocio - In4U\",\"isPartOf\":{\"@id\":\"https:\/\/www.euroresidentes.com\/tecnologia\/in4u\/#website\"},\"primaryImageOfPage\":{\"@id\":\"https:\/\/www.euroresidentes.com\/tecnologia\/in4u\/los-datos-publicos-mas-democracia-y-mas\/#primaryimage\"},\"image\":{\"@id\":\"https:\/\/www.euroresidentes.com\/tecnologia\/in4u\/los-datos-publicos-mas-democracia-y-mas\/#primaryimage\"},\"thumbnailUrl\":\"https:\/\/www.euroresidentes.com\/tecnologia\/in4u\/wp-content\/uploads\/sites\/2\/2015\/03\/obama-oGov-pyramide2.jpg\",\"datePublished\":\"2015-03-16T13:53:00+00:00\",\"dateModified\":\"2016-03-02T12:47:54+00:00\",\"author\":{\"@id\":\"https:\/\/www.euroresidentes.com\/tecnologia\/in4u\/#\/schema\/person\/83b7b9138ef818fce4d2d15f6f129f40\"},\"breadcrumb\":{\"@id\":\"https:\/\/www.euroresidentes.com\/tecnologia\/in4u\/los-datos-publicos-mas-democracia-y-mas\/#breadcrumb\"},\"inLanguage\":\"es\",\"potentialAction\":[{\"@type\":\"ReadAction\",\"target\":[\"https:\/\/www.euroresidentes.com\/tecnologia\/in4u\/los-datos-publicos-mas-democracia-y-mas\/\"]}]},{\"@type\":\"ImageObject\",\"inLanguage\":\"es\",\"@id\":\"https:\/\/www.euroresidentes.com\/tecnologia\/in4u\/los-datos-publicos-mas-democracia-y-mas\/#primaryimage\",\"url\":\"https:\/\/www.euroresidentes.com\/tecnologia\/in4u\/wp-content\/uploads\/sites\/2\/2015\/03\/obama-oGov-pyramide2.jpg\",\"contentUrl\":\"https:\/\/www.euroresidentes.com\/tecnologia\/in4u\/wp-content\/uploads\/sites\/2\/2015\/03\/obama-oGov-pyramide2.jpg\",\"width\":600,\"height\":450},{\"@type\":\"BreadcrumbList\",\"@id\":\"https:\/\/www.euroresidentes.com\/tecnologia\/in4u\/los-datos-publicos-mas-democracia-y-mas\/#breadcrumb\",\"itemListElement\":[{\"@type\":\"ListItem\",\"position\":1,\"name\":\"Portada\",\"item\":\"https:\/\/www.euroresidentes.com\/tecnologia\/in4u\/\"},{\"@type\":\"ListItem\",\"position\":2,\"name\":\"Los datos p\u00fablicos, m\u00e1s democracia y m\u00e1s negocio\"}]},{\"@type\":\"WebSite\",\"@id\":\"https:\/\/www.euroresidentes.com\/tecnologia\/in4u\/#website\",\"url\":\"https:\/\/www.euroresidentes.com\/tecnologia\/in4u\/\",\"name\":\"In4U\",\"description\":\"Euroresidentes\",\"potentialAction\":[{\"@type\":\"SearchAction\",\"target\":{\"@type\":\"EntryPoint\",\"urlTemplate\":\"https:\/\/www.euroresidentes.com\/tecnologia\/in4u\/?s={search_term_string}\"},\"query-input\":{\"@type\":\"PropertyValueSpecification\",\"valueRequired\":true,\"valueName\":\"search_term_string\"}}],\"inLanguage\":\"es\"},{\"@type\":\"Person\",\"@id\":\"https:\/\/www.euroresidentes.com\/tecnologia\/in4u\/#\/schema\/person\/83b7b9138ef818fce4d2d15f6f129f40\",\"name\":\"Juan Jos\u00e9 R\u00edos Pi\u00f1era\",\"image\":{\"@type\":\"ImageObject\",\"inLanguage\":\"es\",\"@id\":\"https:\/\/www.euroresidentes.com\/tecnologia\/in4u\/#\/schema\/person\/image\/\",\"url\":\"https:\/\/www.euroresidentes.com\/tecnologia\/in4u\/wp-content\/uploads\/sites\/2\/2016\/03\/juan-jose-rios-150x150.jpg\",\"contentUrl\":\"https:\/\/www.euroresidentes.com\/tecnologia\/in4u\/wp-content\/uploads\/sites\/2\/2016\/03\/juan-jose-rios-150x150.jpg\",\"caption\":\"Juan Jos\u00e9 R\u00edos Pi\u00f1era\"},\"description\":\"Juan Jos\u00e9 R\u00edosLicenciado en Matem\u00e1ticas, profesor del IES Alfonso X El Sabio de Murcia. Actualmente es asesor de innovaci\u00f3n de la Comunidad Aut\u00f3noma de la Regi\u00f3n de Murcia.\",\"sameAs\":[\"https:\/\/www.euroresidentes.com\/tecnologia\/juan-jose-rios.html\"],\"url\":\"https:\/\/www.euroresidentes.com\/tecnologia\/in4u\/author\/juanjose\/\"}]}<\/script>\n<!-- \/ Yoast SEO plugin. -->","yoast_head_json":{"title":"Los datos p\u00fablicos, m\u00e1s democracia y m\u00e1s negocio - In4U","robots":{"index":"index","follow":"follow","max-snippet":"max-snippet:-1","max-image-preview":"max-image-preview:large","max-video-preview":"max-video-preview:-1"},"canonical":"https:\/\/www.euroresidentes.com\/tecnologia\/in4u\/los-datos-publicos-mas-democracia-y-mas\/","og_locale":"es_ES","og_type":"article","og_title":"Los datos p\u00fablicos, m\u00e1s democracia y m\u00e1s negocio - In4U","og_description":"En mi p\u00e1gina de presentaci\u00f3n como autor de este blog dec\u00eda que: \u00ab...Las instituciones no pueden seguir funcionando casi como en el siglo XIX. Deben transformarse, en el contexto del paradigma de Gobierno Abierto, para convertirse en organizaciones centradas en los ciudadanos, transparentes, sostenibles, eficientes, ligeras y facilitadoras de la actividad empresarial de la mano de iniciativas como el OPEN DATA &#8230;\u00bb El modelo de Gobierno Abierto fue definido por primera vez en 2009 por la Administraci\u00f3n Obama y trata de extender al funcionamiento de las instituciones la filosof\u00eda del software libre. Este nuevo paradigma, que se inspira en los","og_url":"https:\/\/www.euroresidentes.com\/tecnologia\/in4u\/los-datos-publicos-mas-democracia-y-mas\/","og_site_name":"In4U","article_published_time":"2015-03-16T13:53:00+00:00","article_modified_time":"2016-03-02T12:47:54+00:00","og_image":[{"width":600,"height":450,"url":"https:\/\/www.euroresidentes.com\/tecnologia\/in4u\/wp-content\/uploads\/sites\/2\/2015\/03\/obama-oGov-pyramide2.jpg","type":"image\/jpeg"}],"author":"Juan Jos\u00e9 R\u00edos Pi\u00f1era","twitter_card":"summary_large_image","twitter_misc":{"Written by":"Juan Jos\u00e9 R\u00edos Pi\u00f1era","Est. reading time":"4 minutos"},"schema":{"@context":"https:\/\/schema.org","@graph":[{"@type":"WebPage","@id":"https:\/\/www.euroresidentes.com\/tecnologia\/in4u\/los-datos-publicos-mas-democracia-y-mas\/","url":"https:\/\/www.euroresidentes.com\/tecnologia\/in4u\/los-datos-publicos-mas-democracia-y-mas\/","name":"Los datos p\u00fablicos, m\u00e1s democracia y m\u00e1s negocio - In4U","isPartOf":{"@id":"https:\/\/www.euroresidentes.com\/tecnologia\/in4u\/#website"},"primaryImageOfPage":{"@id":"https:\/\/www.euroresidentes.com\/tecnologia\/in4u\/los-datos-publicos-mas-democracia-y-mas\/#primaryimage"},"image":{"@id":"https:\/\/www.euroresidentes.com\/tecnologia\/in4u\/los-datos-publicos-mas-democracia-y-mas\/#primaryimage"},"thumbnailUrl":"https:\/\/www.euroresidentes.com\/tecnologia\/in4u\/wp-content\/uploads\/sites\/2\/2015\/03\/obama-oGov-pyramide2.jpg","datePublished":"2015-03-16T13:53:00+00:00","dateModified":"2016-03-02T12:47:54+00:00","author":{"@id":"https:\/\/www.euroresidentes.com\/tecnologia\/in4u\/#\/schema\/person\/83b7b9138ef818fce4d2d15f6f129f40"},"breadcrumb":{"@id":"https:\/\/www.euroresidentes.com\/tecnologia\/in4u\/los-datos-publicos-mas-democracia-y-mas\/#breadcrumb"},"inLanguage":"es","potentialAction":[{"@type":"ReadAction","target":["https:\/\/www.euroresidentes.com\/tecnologia\/in4u\/los-datos-publicos-mas-democracia-y-mas\/"]}]},{"@type":"ImageObject","inLanguage":"es","@id":"https:\/\/www.euroresidentes.com\/tecnologia\/in4u\/los-datos-publicos-mas-democracia-y-mas\/#primaryimage","url":"https:\/\/www.euroresidentes.com\/tecnologia\/in4u\/wp-content\/uploads\/sites\/2\/2015\/03\/obama-oGov-pyramide2.jpg","contentUrl":"https:\/\/www.euroresidentes.com\/tecnologia\/in4u\/wp-content\/uploads\/sites\/2\/2015\/03\/obama-oGov-pyramide2.jpg","width":600,"height":450},{"@type":"BreadcrumbList","@id":"https:\/\/www.euroresidentes.com\/tecnologia\/in4u\/los-datos-publicos-mas-democracia-y-mas\/#breadcrumb","itemListElement":[{"@type":"ListItem","position":1,"name":"Portada","item":"https:\/\/www.euroresidentes.com\/tecnologia\/in4u\/"},{"@type":"ListItem","position":2,"name":"Los datos p\u00fablicos, m\u00e1s democracia y m\u00e1s negocio"}]},{"@type":"WebSite","@id":"https:\/\/www.euroresidentes.com\/tecnologia\/in4u\/#website","url":"https:\/\/www.euroresidentes.com\/tecnologia\/in4u\/","name":"In4U","description":"Euroresidentes","potentialAction":[{"@type":"SearchAction","target":{"@type":"EntryPoint","urlTemplate":"https:\/\/www.euroresidentes.com\/tecnologia\/in4u\/?s={search_term_string}"},"query-input":{"@type":"PropertyValueSpecification","valueRequired":true,"valueName":"search_term_string"}}],"inLanguage":"es"},{"@type":"Person","@id":"https:\/\/www.euroresidentes.com\/tecnologia\/in4u\/#\/schema\/person\/83b7b9138ef818fce4d2d15f6f129f40","name":"Juan Jos\u00e9 R\u00edos Pi\u00f1era","image":{"@type":"ImageObject","inLanguage":"es","@id":"https:\/\/www.euroresidentes.com\/tecnologia\/in4u\/#\/schema\/person\/image\/","url":"https:\/\/www.euroresidentes.com\/tecnologia\/in4u\/wp-content\/uploads\/sites\/2\/2016\/03\/juan-jose-rios-150x150.jpg","contentUrl":"https:\/\/www.euroresidentes.com\/tecnologia\/in4u\/wp-content\/uploads\/sites\/2\/2016\/03\/juan-jose-rios-150x150.jpg","caption":"Juan Jos\u00e9 R\u00edos Pi\u00f1era"},"description":"Juan Jos\u00e9 R\u00edosLicenciado en Matem\u00e1ticas, profesor del IES Alfonso X El Sabio de Murcia. Actualmente es asesor de innovaci\u00f3n de la Comunidad Aut\u00f3noma de la Regi\u00f3n de Murcia.","sameAs":["https:\/\/www.euroresidentes.com\/tecnologia\/juan-jose-rios.html"],"url":"https:\/\/www.euroresidentes.com\/tecnologia\/in4u\/author\/juanjose\/"}]}},"_links":{"self":[{"href":"https:\/\/www.euroresidentes.com\/tecnologia\/in4u\/wp-json\/wp\/v2\/posts\/121","targetHints":{"allow":["GET"]}}],"collection":[{"href":"https:\/\/www.euroresidentes.com\/tecnologia\/in4u\/wp-json\/wp\/v2\/posts"}],"about":[{"href":"https:\/\/www.euroresidentes.com\/tecnologia\/in4u\/wp-json\/wp\/v2\/types\/post"}],"author":[{"embeddable":true,"href":"https:\/\/www.euroresidentes.com\/tecnologia\/in4u\/wp-json\/wp\/v2\/users\/3"}],"replies":[{"embeddable":true,"href":"https:\/\/www.euroresidentes.com\/tecnologia\/in4u\/wp-json\/wp\/v2\/comments?post=121"}],"version-history":[{"count":0,"href":"https:\/\/www.euroresidentes.com\/tecnologia\/in4u\/wp-json\/wp\/v2\/posts\/121\/revisions"}],"wp:featuredmedia":[{"embeddable":true,"href":"https:\/\/www.euroresidentes.com\/tecnologia\/in4u\/wp-json\/wp\/v2\/media\/186"}],"wp:attachment":[{"href":"https:\/\/www.euroresidentes.com\/tecnologia\/in4u\/wp-json\/wp\/v2\/media?parent=121"}],"wp:term":[{"taxonomy":"category","embeddable":true,"href":"https:\/\/www.euroresidentes.com\/tecnologia\/in4u\/wp-json\/wp\/v2\/categories?post=121"},{"taxonomy":"post_tag","embeddable":true,"href":"https:\/\/www.euroresidentes.com\/tecnologia\/in4u\/wp-json\/wp\/v2\/tags?post=121"}],"curies":[{"name":"wp","href":"https:\/\/api.w.org\/{rel}","templated":true}]}}