{"id":2108,"date":"2007-08-08T07:55:00","date_gmt":"2007-08-08T07:55:00","guid":{"rendered":"https:\/\/www.euroresidentes.com\/tecnologia\/avances-tecnologicos\/nuevo-procesador-de-intel-se-lanzar"},"modified":"2016-03-03T13:14:29","modified_gmt":"2016-03-03T13:14:29","slug":"nuevo-procesador-de-intel-se-lanzar","status":"publish","type":"post","link":"https:\/\/www.euroresidentes.com\/tecnologia\/avances-tecnologicos\/nuevo-procesador-de-intel-se-lanzar\/","title":{"rendered":"Nuevo procesador de Intel se lanzar\u00e1 este a\u00f1o"},"content":{"rendered":"<p><strong>Intel planea lanzar su procesador Penryn de 45nm en el cuarto trimestre del 2007<\/strong><\/p>\n<p>Seg\u00fan un art\u00edculo publicado esta semana en arstechnica.com, Xbit Labs afirma haber visto una serie de documentos que indican que Intel est\u00e1 planeando acelerar el lanzamiento de su procesador Penryn de 45nm. Concretamente, la compa\u00f1\u00eda lanzar\u00e1 el \u00abIntel Core Extreme\u00bb (la verdadera denominaci\u00f3n comercial todav\u00eda est\u00e1 por determinar) durante el cuarto trimestre del a\u00f1o. El chip en cuesti\u00f3n funcionar\u00e1 a 3,33GHz, con un bus a 1.333MHz y 12MB de cach\u00e9 L2. <\/p>\n<p>El sitio afirma tambi\u00e9n que la presencia de los 45nm en la mezcla total de productos ser\u00e1 todav\u00eda limitada durante el primer trimestre del 2008, con Yorkfield (procesador de 45nm Quad-Core para ordenadores de escritorio) en un 2-3%. Los Quad-Core de 45nm deber\u00edan aumentar hasta un 5-6% en el segundo trimestre, mientras que se prev\u00e9 que la producci\u00f3n global de procesadores de 45nm alcance el 30% de la productividad total a finales del segundo trimestre del 2008. Penryn est\u00e1 dise\u00f1ado para ofrecer unas cuantas mejoras microarquitect\u00f3nicas nuevas en cuanto a IPC (instrucciones por ciclo), as\u00ed como mayor rapidez que los existentes Core 2 Duo y Core 2 Quad. <\/p>\n<p>La decisi\u00f3n de Intel de adelantar la producci\u00f3n de los procesadores de 45nm al 2007 es claramente m\u00e1s pantalla que realidad, por lo que cabe preguntarse por qu\u00e9 la compa\u00f1\u00eda se apresura a adelantar la fecha en la que afirmar\u00e1n estar produciendo estos chips. <\/p>\n<p>Una posibilidad es que el paso est\u00e9 relacionado de alg\u00fan modo con AMD y para asegurarse de que Intel est\u00e1 muy por encima de los 3GHz antes de que su rival alcance esa marca. AMD, por su parte ha demostrado ya la tecnolog\u00eda de 3GHz en su procesador Barcelona, pero todav\u00eda no ha hecho declaraciones acerca de cu\u00e1ndo espera sacar al mercado CPUs que funcionen a esa frecuencia. Lo que s\u00ed se sabe hasta ahora, es que el procesador Barcelona debutar\u00e1 a 2GHz en oto\u00f1o y es poco probable que AMD aumente la frecuencia con tanta rapidez. <\/p>\n<p>La otra posibilidad es que el paso est\u00e9 relacionado con la fundici\u00f3n TSMC, que lleva tiempo afirmando estar preparada para iniciar la producci\u00f3n de los chips de 45nm en peque\u00f1as cantidades en el tercer trimestre del 2007. Un informe publicado en EET se\u00f1ala que Qualcomm ha presentado una pieza de 45nm que podr\u00eda ser producida por TSMC; la fundici\u00f3n podr\u00eda iniciar tambi\u00e9n la producci\u00f3n de piezas gr\u00e1ficas de 45nm para AMD a comienzos de 2008. No existen precedentes de que una fundici\u00f3n realice una importante transici\u00f3n de un nodo de procesos de \u00faltima generaci\u00f3n tan pr\u00f3xima al IDM m\u00e1s grande del mundo; por lo general, las fundiciones suelen demorar este tipo de transiciones un a\u00f1o o m\u00e1s. De ah\u00ed que si Intel puede, intentar\u00e1 asegurarse de iniciar la producci\u00f3n con un producto de 45nm desarrollado y de comercializaci\u00f3n masiva tan pronto como le sea posible, con el fin de mantener su dominio sobre TSMC, que para entonces todav\u00eda estar\u00e1 haciendo una producci\u00f3n arriesgada de bajo volumen de piezas de d\u00e9bil potencia. <\/p>\n<p>Fuente: <a href=\"http:\/\/arstechnica.com\/news.ars\/post\/20070803-intel-steps-up-pace-plans-to-launch-45nm-penryn-in-q4-2007.html\">Arstechnica<\/a><\/p>\n","protected":false},"excerpt":{"rendered":"<p>Intel planea lanzar su procesador Penryn de 45nm en el cuarto trimestre del 2007 Seg\u00fan un art\u00edculo publicado esta semana en arstechnica.com, Xbit Labs afirma haber visto una serie de documentos que indican que Intel est\u00e1 planeando acelerar el lanzamiento de su procesador Penryn de 45nm. Concretamente, la compa\u00f1\u00eda lanzar\u00e1 el \u00abIntel Core Extreme\u00bb (la verdadera denominaci\u00f3n comercial todav\u00eda est\u00e1 por determinar) durante el cuarto trimestre del a\u00f1o. El chip en cuesti\u00f3n funcionar\u00e1 a 3,33GHz, con un bus a 1.333MHz y 12MB de cach\u00e9 L2. El sitio afirma tambi\u00e9n que la presencia de los 45nm en la mezcla total de <\/p>\n","protected":false},"author":1,"featured_media":0,"comment_status":"open","ping_status":"open","sticky":false,"template":"","format":"standard","meta":{"footnotes":""},"categories":[1],"tags":[41],"class_list":["post-2108","post","type-post","status-publish","format-standard","hentry","category-general","tag-computadoras"],"yoast_head":"<!-- This site is optimized with the Yoast SEO plugin v24.1 - https:\/\/yoast.com\/wordpress\/plugins\/seo\/ -->\n<title>Nuevo procesador de Intel se lanzar\u00e1 este a\u00f1o - Avances Tecnol\u00f3gicos<\/title>\n<meta name=\"robots\" content=\"index, follow, max-snippet:-1, max-image-preview:large, max-video-preview:-1\" \/>\n<link rel=\"canonical\" href=\"https:\/\/www.euroresidentes.com\/tecnologia\/avances-tecnologicos\/nuevo-procesador-de-intel-se-lanzar\/\" \/>\n<meta property=\"og:locale\" content=\"es_ES\" \/>\n<meta property=\"og:type\" content=\"article\" \/>\n<meta property=\"og:title\" content=\"Nuevo procesador de Intel se lanzar\u00e1 este a\u00f1o - Avances Tecnol\u00f3gicos\" \/>\n<meta property=\"og:description\" content=\"Intel planea lanzar su procesador Penryn de 45nm en el cuarto trimestre del 2007 Seg\u00fan un art\u00edculo publicado esta semana en arstechnica.com, Xbit Labs afirma haber visto una serie de documentos que indican que Intel est\u00e1 planeando acelerar el lanzamiento de su procesador Penryn de 45nm. Concretamente, la compa\u00f1\u00eda lanzar\u00e1 el \u00abIntel Core Extreme\u00bb (la verdadera denominaci\u00f3n comercial todav\u00eda est\u00e1 por determinar) durante el cuarto trimestre del a\u00f1o. El chip en cuesti\u00f3n funcionar\u00e1 a 3,33GHz, con un bus a 1.333MHz y 12MB de cach\u00e9 L2. El sitio afirma tambi\u00e9n que la presencia de los 45nm en la mezcla total de\" \/>\n<meta property=\"og:url\" content=\"https:\/\/www.euroresidentes.com\/tecnologia\/avances-tecnologicos\/nuevo-procesador-de-intel-se-lanzar\/\" \/>\n<meta property=\"og:site_name\" content=\"Avances Tecnol\u00f3gicos\" \/>\n<meta property=\"article:published_time\" content=\"2007-08-08T07:55:00+00:00\" \/>\n<meta property=\"article:modified_time\" content=\"2016-03-03T13:14:29+00:00\" \/>\n<meta name=\"author\" content=\"Euroresidentes\" \/>\n<meta name=\"twitter:card\" content=\"summary_large_image\" \/>\n<meta name=\"twitter:label1\" content=\"Written by\" \/>\n\t<meta name=\"twitter:data1\" content=\"Euroresidentes\" \/>\n\t<meta name=\"twitter:label2\" content=\"Est. reading time\" \/>\n\t<meta name=\"twitter:data2\" content=\"3 minutos\" \/>\n<script type=\"application\/ld+json\" class=\"yoast-schema-graph\">{\"@context\":\"https:\/\/schema.org\",\"@graph\":[{\"@type\":\"WebPage\",\"@id\":\"https:\/\/www.euroresidentes.com\/tecnologia\/avances-tecnologicos\/nuevo-procesador-de-intel-se-lanzar\/\",\"url\":\"https:\/\/www.euroresidentes.com\/tecnologia\/avances-tecnologicos\/nuevo-procesador-de-intel-se-lanzar\/\",\"name\":\"Nuevo procesador de Intel se lanzar\u00e1 este a\u00f1o - Avances Tecnol\u00f3gicos\",\"isPartOf\":{\"@id\":\"https:\/\/www.euroresidentes.com\/tecnologia\/avances-tecnologicos\/#website\"},\"datePublished\":\"2007-08-08T07:55:00+00:00\",\"dateModified\":\"2016-03-03T13:14:29+00:00\",\"author\":{\"@id\":\"https:\/\/www.euroresidentes.com\/tecnologia\/avances-tecnologicos\/#\/schema\/person\/8cb13da0909a9d75116f29d6910d0907\"},\"breadcrumb\":{\"@id\":\"https:\/\/www.euroresidentes.com\/tecnologia\/avances-tecnologicos\/nuevo-procesador-de-intel-se-lanzar\/#breadcrumb\"},\"inLanguage\":\"es\",\"potentialAction\":[{\"@type\":\"ReadAction\",\"target\":[\"https:\/\/www.euroresidentes.com\/tecnologia\/avances-tecnologicos\/nuevo-procesador-de-intel-se-lanzar\/\"]}]},{\"@type\":\"BreadcrumbList\",\"@id\":\"https:\/\/www.euroresidentes.com\/tecnologia\/avances-tecnologicos\/nuevo-procesador-de-intel-se-lanzar\/#breadcrumb\",\"itemListElement\":[{\"@type\":\"ListItem\",\"position\":1,\"name\":\"Portada\",\"item\":\"https:\/\/www.euroresidentes.com\/tecnologia\/avances-tecnologicos\/\"},{\"@type\":\"ListItem\",\"position\":2,\"name\":\"Nuevo procesador de Intel se lanzar\u00e1 este a\u00f1o\"}]},{\"@type\":\"WebSite\",\"@id\":\"https:\/\/www.euroresidentes.com\/tecnologia\/avances-tecnologicos\/#website\",\"url\":\"https:\/\/www.euroresidentes.com\/tecnologia\/avances-tecnologicos\/\",\"name\":\"Avances Tecnol\u00f3gicos\",\"description\":\"Euroresidentes\",\"potentialAction\":[{\"@type\":\"SearchAction\",\"target\":{\"@type\":\"EntryPoint\",\"urlTemplate\":\"https:\/\/www.euroresidentes.com\/tecnologia\/avances-tecnologicos\/?s={search_term_string}\"},\"query-input\":{\"@type\":\"PropertyValueSpecification\",\"valueRequired\":true,\"valueName\":\"search_term_string\"}}],\"inLanguage\":\"es\"},{\"@type\":\"Person\",\"@id\":\"https:\/\/www.euroresidentes.com\/tecnologia\/avances-tecnologicos\/#\/schema\/person\/8cb13da0909a9d75116f29d6910d0907\",\"name\":\"Euroresidentes\",\"image\":{\"@type\":\"ImageObject\",\"inLanguage\":\"es\",\"@id\":\"https:\/\/www.euroresidentes.com\/tecnologia\/avances-tecnologicos\/#\/schema\/person\/image\/\",\"url\":\"https:\/\/www.euroresidentes.com\/tecnologia\/avances-tecnologicos\/wp-content\/uploads\/sites\/10\/2016\/03\/logo-euroresidentes-150x150.jpg\",\"contentUrl\":\"https:\/\/www.euroresidentes.com\/tecnologia\/avances-tecnologicos\/wp-content\/uploads\/sites\/10\/2016\/03\/logo-euroresidentes-150x150.jpg\",\"caption\":\"Euroresidentes\"},\"description\":\"EuroresidentesContenidos \u00fatiles que ayudan a resolver las necesidades grandes y peque\u00f1as de la vida cotidiana.\",\"sameAs\":[\"https:\/\/www.euroresidentes.com\/info.htm\"],\"url\":\"https:\/\/www.euroresidentes.com\/tecnologia\/avances-tecnologicos\/author\/euroresidentes\/\"}]}<\/script>\n<!-- \/ Yoast SEO plugin. -->","yoast_head_json":{"title":"Nuevo procesador de Intel se lanzar\u00e1 este a\u00f1o - Avances Tecnol\u00f3gicos","robots":{"index":"index","follow":"follow","max-snippet":"max-snippet:-1","max-image-preview":"max-image-preview:large","max-video-preview":"max-video-preview:-1"},"canonical":"https:\/\/www.euroresidentes.com\/tecnologia\/avances-tecnologicos\/nuevo-procesador-de-intel-se-lanzar\/","og_locale":"es_ES","og_type":"article","og_title":"Nuevo procesador de Intel se lanzar\u00e1 este a\u00f1o - Avances Tecnol\u00f3gicos","og_description":"Intel planea lanzar su procesador Penryn de 45nm en el cuarto trimestre del 2007 Seg\u00fan un art\u00edculo publicado esta semana en arstechnica.com, Xbit Labs afirma haber visto una serie de documentos que indican que Intel est\u00e1 planeando acelerar el lanzamiento de su procesador Penryn de 45nm. Concretamente, la compa\u00f1\u00eda lanzar\u00e1 el \u00abIntel Core Extreme\u00bb (la verdadera denominaci\u00f3n comercial todav\u00eda est\u00e1 por determinar) durante el cuarto trimestre del a\u00f1o. El chip en cuesti\u00f3n funcionar\u00e1 a 3,33GHz, con un bus a 1.333MHz y 12MB de cach\u00e9 L2. El sitio afirma tambi\u00e9n que la presencia de los 45nm en la mezcla total de","og_url":"https:\/\/www.euroresidentes.com\/tecnologia\/avances-tecnologicos\/nuevo-procesador-de-intel-se-lanzar\/","og_site_name":"Avances Tecnol\u00f3gicos","article_published_time":"2007-08-08T07:55:00+00:00","article_modified_time":"2016-03-03T13:14:29+00:00","author":"Euroresidentes","twitter_card":"summary_large_image","twitter_misc":{"Written by":"Euroresidentes","Est. reading time":"3 minutos"},"schema":{"@context":"https:\/\/schema.org","@graph":[{"@type":"WebPage","@id":"https:\/\/www.euroresidentes.com\/tecnologia\/avances-tecnologicos\/nuevo-procesador-de-intel-se-lanzar\/","url":"https:\/\/www.euroresidentes.com\/tecnologia\/avances-tecnologicos\/nuevo-procesador-de-intel-se-lanzar\/","name":"Nuevo procesador de Intel se lanzar\u00e1 este a\u00f1o - Avances Tecnol\u00f3gicos","isPartOf":{"@id":"https:\/\/www.euroresidentes.com\/tecnologia\/avances-tecnologicos\/#website"},"datePublished":"2007-08-08T07:55:00+00:00","dateModified":"2016-03-03T13:14:29+00:00","author":{"@id":"https:\/\/www.euroresidentes.com\/tecnologia\/avances-tecnologicos\/#\/schema\/person\/8cb13da0909a9d75116f29d6910d0907"},"breadcrumb":{"@id":"https:\/\/www.euroresidentes.com\/tecnologia\/avances-tecnologicos\/nuevo-procesador-de-intel-se-lanzar\/#breadcrumb"},"inLanguage":"es","potentialAction":[{"@type":"ReadAction","target":["https:\/\/www.euroresidentes.com\/tecnologia\/avances-tecnologicos\/nuevo-procesador-de-intel-se-lanzar\/"]}]},{"@type":"BreadcrumbList","@id":"https:\/\/www.euroresidentes.com\/tecnologia\/avances-tecnologicos\/nuevo-procesador-de-intel-se-lanzar\/#breadcrumb","itemListElement":[{"@type":"ListItem","position":1,"name":"Portada","item":"https:\/\/www.euroresidentes.com\/tecnologia\/avances-tecnologicos\/"},{"@type":"ListItem","position":2,"name":"Nuevo procesador de Intel se lanzar\u00e1 este a\u00f1o"}]},{"@type":"WebSite","@id":"https:\/\/www.euroresidentes.com\/tecnologia\/avances-tecnologicos\/#website","url":"https:\/\/www.euroresidentes.com\/tecnologia\/avances-tecnologicos\/","name":"Avances Tecnol\u00f3gicos","description":"Euroresidentes","potentialAction":[{"@type":"SearchAction","target":{"@type":"EntryPoint","urlTemplate":"https:\/\/www.euroresidentes.com\/tecnologia\/avances-tecnologicos\/?s={search_term_string}"},"query-input":{"@type":"PropertyValueSpecification","valueRequired":true,"valueName":"search_term_string"}}],"inLanguage":"es"},{"@type":"Person","@id":"https:\/\/www.euroresidentes.com\/tecnologia\/avances-tecnologicos\/#\/schema\/person\/8cb13da0909a9d75116f29d6910d0907","name":"Euroresidentes","image":{"@type":"ImageObject","inLanguage":"es","@id":"https:\/\/www.euroresidentes.com\/tecnologia\/avances-tecnologicos\/#\/schema\/person\/image\/","url":"https:\/\/www.euroresidentes.com\/tecnologia\/avances-tecnologicos\/wp-content\/uploads\/sites\/10\/2016\/03\/logo-euroresidentes-150x150.jpg","contentUrl":"https:\/\/www.euroresidentes.com\/tecnologia\/avances-tecnologicos\/wp-content\/uploads\/sites\/10\/2016\/03\/logo-euroresidentes-150x150.jpg","caption":"Euroresidentes"},"description":"EuroresidentesContenidos \u00fatiles que ayudan a resolver las necesidades grandes y peque\u00f1as de la vida cotidiana.","sameAs":["https:\/\/www.euroresidentes.com\/info.htm"],"url":"https:\/\/www.euroresidentes.com\/tecnologia\/avances-tecnologicos\/author\/euroresidentes\/"}]}},"_links":{"self":[{"href":"https:\/\/www.euroresidentes.com\/tecnologia\/avances-tecnologicos\/wp-json\/wp\/v2\/posts\/2108","targetHints":{"allow":["GET"]}}],"collection":[{"href":"https:\/\/www.euroresidentes.com\/tecnologia\/avances-tecnologicos\/wp-json\/wp\/v2\/posts"}],"about":[{"href":"https:\/\/www.euroresidentes.com\/tecnologia\/avances-tecnologicos\/wp-json\/wp\/v2\/types\/post"}],"author":[{"embeddable":true,"href":"https:\/\/www.euroresidentes.com\/tecnologia\/avances-tecnologicos\/wp-json\/wp\/v2\/users\/1"}],"replies":[{"embeddable":true,"href":"https:\/\/www.euroresidentes.com\/tecnologia\/avances-tecnologicos\/wp-json\/wp\/v2\/comments?post=2108"}],"version-history":[{"count":0,"href":"https:\/\/www.euroresidentes.com\/tecnologia\/avances-tecnologicos\/wp-json\/wp\/v2\/posts\/2108\/revisions"}],"wp:attachment":[{"href":"https:\/\/www.euroresidentes.com\/tecnologia\/avances-tecnologicos\/wp-json\/wp\/v2\/media?parent=2108"}],"wp:term":[{"taxonomy":"category","embeddable":true,"href":"https:\/\/www.euroresidentes.com\/tecnologia\/avances-tecnologicos\/wp-json\/wp\/v2\/categories?post=2108"},{"taxonomy":"post_tag","embeddable":true,"href":"https:\/\/www.euroresidentes.com\/tecnologia\/avances-tecnologicos\/wp-json\/wp\/v2\/tags?post=2108"}],"curies":[{"name":"wp","href":"https:\/\/api.w.org\/{rel}","templated":true}]}}