{"id":292,"date":"2004-10-29T23:35:00","date_gmt":"2004-10-29T23:35:00","guid":{"rendered":"https:\/\/www.euroresidentes.com\/social\/rodriguez-zapatero\/la-firma-de-la-constitucin-europea"},"modified":"2016-02-26T10:12:24","modified_gmt":"2016-02-26T10:12:24","slug":"la-firma-de-la-constitucin-europea","status":"publish","type":"post","link":"https:\/\/www.euroresidentes.com\/social\/rodriguez-zapatero\/la-firma-de-la-constitucin-europea","title":{"rendered":"La firma de la Constituci\u00f3n Europea"},"content":{"rendered":"<p>Pues hoy tambi\u00e9n hay foto. Quiz\u00e1s sea la foto m\u00e1s importante. \u00a1Enhorabuena Mr. President Rodr\u00edguez Zapatero! Euroresidentes ya tiene un espacio constitucional propio. Es un d\u00eda de gala para todos nosotros.<br \/>\n<br \/><img decoding=\"async\" src=\"http:\/\/www.euroresidentes.com\/Blogs\/rodriguez_zapatero\/europa.jpg\" \/><br \/>\n<br \/>Los 25 gobernantes de la Uni\u00f3n Europea y sus ministros de Exteriores posan en el patio de Miguel Angel en un d\u00eda que constituye un hito en la historia Europa.<\/p>\n<p><img decoding=\"async\" src=\"http:\/\/www.euroresidentes.com\/Blogs\/rodriguez_zapatero\/firma.jpg\" \/><\/p>\n<p>La paz y la raz\u00f3n poderorosas y capaces de vencer las resistencias que durante siglos guerras, caudillos y generales no pudieron imponer mediante violencia y armas.  Pero la prensa espa\u00f1ola lo ve de una forma muy dispar:<\/p>\n<ul>\n<li><strong>Cita con la historia \/ \u00abNo es bueno un europe\u00edsmo beato, incondicional o indiferente, sino cr\u00edtico y convincente<\/strong>\u00bb (Editorial El Pa\u00eds)<\/li>\n<li><strong>Una chuler\u00eda ante una provocaci\u00f3n \/ \u00abPuede que los peri\u00f3dicos titulen hoy que los jefes de Estado o de Gobierno de los 25 \u00abfirmaron ayer la Constituci\u00f3n Europea\u00bb. Pero el lector bien informado sabe que lo que sellaron es un Tratado y no una Constituci\u00f3n<\/strong>\u00bb (por Luis Ignacio Parada, ABC)<\/li>\n<li><strong>La consulta al Constitucional debe anteponerse al refer\u00e9ndum \/ \u00abUn informe del Consejo de Estado complica la fiesta europe\u00edsta del Gobierno, ya que el camino hacia la ratificaci\u00f3n del texto est\u00e1 plagado de importantes obst\u00e1culos<\/strong>\u00bb (Editorial El Mundo)<\/li>\n<li><strong>Europa, m\u00e1s fuerte \/ \u00abLa Constituci\u00f3n firmada ayer no satisface a todos pero har\u00e1 irreversible la integraci\u00f3n pol\u00edtica de la UE\u00bb<\/strong> (Editorial El Peri\u00f3dico)<\/li>\n<li><strong>Cimiento de la UE \/ \u00abEl refer\u00e9ndum espa\u00f1ol no debe ser aprovechado para apuntar en el d\u00e9ficit de Europa aquellas cuestiones que dependen de la voluntad interior, como es el caso de la representaci\u00f3n de las autonom\u00edas en la UE y la defensa de un reglamento que reconozca a nuestras lenguas cooficiales\u00bb<\/strong> (Editorial La Vanguardia)<\/li>\n<li><strong>La Constituci\u00f3n Europea \/ \u00abLa apuesta espont\u00e1nea del Gobierno espa\u00f1ol por pegarse a la rueda del t\u00e1ndem franco-alem\u00e1n s\u00f3lo ser\u00e1 v\u00e1lida si persigue objetivos concretos y admite otras alianzas igualmente circunstanciales<\/strong>\u00bb (Editorial ABC).<\/li>\n<\/ul>\n<p>Quiz\u00e1s Europa haya una, pero Espa\u00f1as hay muchas&#8230;<\/p>\n","protected":false},"excerpt":{"rendered":"<p>Pues hoy tambi\u00e9n hay foto. Quiz\u00e1s sea la foto m\u00e1s importante. \u00a1Enhorabuena Mr. President Rodr\u00edguez Zapatero! Euroresidentes ya tiene un espacio constitucional propio. Es un d\u00eda de gala para todos nosotros. Los 25 gobernantes de la Uni\u00f3n Europea y sus ministros de Exteriores posan en el patio de Miguel Angel en un d\u00eda que constituye un hito en la historia Europa. La paz y la raz\u00f3n poderorosas y capaces de vencer las resistencias que durante siglos guerras, caudillos y generales no pudieron imponer mediante violencia y armas. Pero la prensa espa\u00f1ola lo ve de una forma muy dispar: Cita con <\/p>\n","protected":false},"author":1,"featured_media":397,"comment_status":"open","ping_status":"open","sticky":false,"template":"","format":"standard","meta":{"footnotes":""},"categories":[1],"tags":[30],"class_list":["post-292","post","type-post","status-publish","format-standard","has-post-thumbnail","hentry","category-sin-categoria","tag-europa","has_thumb"],"yoast_head":"<!-- This site is optimized with the Yoast SEO plugin v25.6 - https:\/\/yoast.com\/wordpress\/plugins\/seo\/ -->\n<title>La firma de la Constituci\u00f3n Europea - Rodr\u00edguez Zapatero<\/title>\n<meta name=\"robots\" content=\"index, follow, max-snippet:-1, max-image-preview:large, max-video-preview:-1\" \/>\n<link rel=\"canonical\" href=\"https:\/\/www.euroresidentes.com\/social\/rodriguez-zapatero\/la-firma-de-la-constitucin-europea\" \/>\n<meta property=\"og:locale\" content=\"es_ES\" \/>\n<meta property=\"og:type\" content=\"article\" \/>\n<meta property=\"og:title\" content=\"La firma de la Constituci\u00f3n Europea - Rodr\u00edguez Zapatero\" \/>\n<meta property=\"og:description\" content=\"Pues hoy tambi\u00e9n hay foto. Quiz\u00e1s sea la foto m\u00e1s importante. \u00a1Enhorabuena Mr. President Rodr\u00edguez Zapatero! Euroresidentes ya tiene un espacio constitucional propio. Es un d\u00eda de gala para todos nosotros. Los 25 gobernantes de la Uni\u00f3n Europea y sus ministros de Exteriores posan en el patio de Miguel Angel en un d\u00eda que constituye un hito en la historia Europa. La paz y la raz\u00f3n poderorosas y capaces de vencer las resistencias que durante siglos guerras, caudillos y generales no pudieron imponer mediante violencia y armas. Pero la prensa espa\u00f1ola lo ve de una forma muy dispar: Cita con\" \/>\n<meta property=\"og:url\" content=\"https:\/\/www.euroresidentes.com\/social\/rodriguez-zapatero\/la-firma-de-la-constitucin-europea\" \/>\n<meta property=\"og:site_name\" content=\"Rodr\u00edguez Zapatero\" \/>\n<meta property=\"article:published_time\" content=\"2004-10-29T23:35:00+00:00\" \/>\n<meta property=\"article:modified_time\" content=\"2016-02-26T10:12:24+00:00\" \/>\n<meta property=\"og:image\" content=\"https:\/\/www.euroresidentes.com\/social\/rodriguez-zapatero\/wp-content\/uploads\/sites\/10\/2004\/10\/europa.jpg\" \/>\n\t<meta property=\"og:image:width\" content=\"114\" \/>\n\t<meta property=\"og:image:height\" content=\"76\" \/>\n\t<meta property=\"og:image:type\" content=\"image\/jpeg\" \/>\n<meta name=\"author\" content=\"euroresidentes\" \/>\n<meta name=\"twitter:card\" content=\"summary_large_image\" \/>\n<meta name=\"twitter:label1\" content=\"Written by\" \/>\n\t<meta name=\"twitter:data1\" content=\"euroresidentes\" \/>\n\t<meta name=\"twitter:label2\" content=\"Est. reading time\" \/>\n\t<meta name=\"twitter:data2\" content=\"2 minutos\" \/>\n<script type=\"application\/ld+json\" class=\"yoast-schema-graph\">{\"@context\":\"https:\/\/schema.org\",\"@graph\":[{\"@type\":\"WebPage\",\"@id\":\"https:\/\/www.euroresidentes.com\/social\/rodriguez-zapatero\/la-firma-de-la-constitucin-europea\",\"url\":\"https:\/\/www.euroresidentes.com\/social\/rodriguez-zapatero\/la-firma-de-la-constitucin-europea\",\"name\":\"La firma de la Constituci\u00f3n Europea - Rodr\u00edguez Zapatero\",\"isPartOf\":{\"@id\":\"https:\/\/www.euroresidentes.com\/social\/rodriguez-zapatero\/#website\"},\"primaryImageOfPage\":{\"@id\":\"https:\/\/www.euroresidentes.com\/social\/rodriguez-zapatero\/la-firma-de-la-constitucin-europea#primaryimage\"},\"image\":{\"@id\":\"https:\/\/www.euroresidentes.com\/social\/rodriguez-zapatero\/la-firma-de-la-constitucin-europea#primaryimage\"},\"thumbnailUrl\":\"https:\/\/www.euroresidentes.com\/social\/rodriguez-zapatero\/wp-content\/uploads\/sites\/10\/2004\/10\/europa.jpg\",\"datePublished\":\"2004-10-29T23:35:00+00:00\",\"dateModified\":\"2016-02-26T10:12:24+00:00\",\"author\":{\"@id\":\"https:\/\/www.euroresidentes.com\/social\/rodriguez-zapatero\/#\/schema\/person\/6d45fc03936dc2e80f83afd41105b88c\"},\"breadcrumb\":{\"@id\":\"https:\/\/www.euroresidentes.com\/social\/rodriguez-zapatero\/la-firma-de-la-constitucin-europea#breadcrumb\"},\"inLanguage\":\"es\",\"potentialAction\":[{\"@type\":\"ReadAction\",\"target\":[\"https:\/\/www.euroresidentes.com\/social\/rodriguez-zapatero\/la-firma-de-la-constitucin-europea\"]}]},{\"@type\":\"ImageObject\",\"inLanguage\":\"es\",\"@id\":\"https:\/\/www.euroresidentes.com\/social\/rodriguez-zapatero\/la-firma-de-la-constitucin-europea#primaryimage\",\"url\":\"https:\/\/www.euroresidentes.com\/social\/rodriguez-zapatero\/wp-content\/uploads\/sites\/10\/2004\/10\/europa.jpg\",\"contentUrl\":\"https:\/\/www.euroresidentes.com\/social\/rodriguez-zapatero\/wp-content\/uploads\/sites\/10\/2004\/10\/europa.jpg\",\"width\":114,\"height\":76},{\"@type\":\"BreadcrumbList\",\"@id\":\"https:\/\/www.euroresidentes.com\/social\/rodriguez-zapatero\/la-firma-de-la-constitucin-europea#breadcrumb\",\"itemListElement\":[{\"@type\":\"ListItem\",\"position\":1,\"name\":\"Home\",\"item\":\"https:\/\/www.euroresidentes.com\/social\/rodriguez-zapatero\/\"},{\"@type\":\"ListItem\",\"position\":2,\"name\":\"La firma de la Constituci\u00f3n Europea\"}]},{\"@type\":\"WebSite\",\"@id\":\"https:\/\/www.euroresidentes.com\/social\/rodriguez-zapatero\/#website\",\"url\":\"https:\/\/www.euroresidentes.com\/social\/rodriguez-zapatero\/\",\"name\":\"Rodr\u00edguez Zapatero\",\"description\":\"Otro sitio m\u00e1s de Sitios de Social Euroresidentes\",\"potentialAction\":[{\"@type\":\"SearchAction\",\"target\":{\"@type\":\"EntryPoint\",\"urlTemplate\":\"https:\/\/www.euroresidentes.com\/social\/rodriguez-zapatero\/?s={search_term_string}\"},\"query-input\":{\"@type\":\"PropertyValueSpecification\",\"valueRequired\":true,\"valueName\":\"search_term_string\"}}],\"inLanguage\":\"es\"},{\"@type\":\"Person\",\"@id\":\"https:\/\/www.euroresidentes.com\/social\/rodriguez-zapatero\/#\/schema\/person\/6d45fc03936dc2e80f83afd41105b88c\",\"name\":\"euroresidentes\",\"image\":{\"@type\":\"ImageObject\",\"inLanguage\":\"es\",\"@id\":\"https:\/\/www.euroresidentes.com\/social\/rodriguez-zapatero\/#\/schema\/person\/image\/\",\"url\":\"https:\/\/www.euroresidentes.com\/social\/rodriguez-zapatero\/wp-content\/uploads\/sites\/10\/2017\/01\/logo-euroresidentes-300x300-150x150.jpg\",\"contentUrl\":\"https:\/\/www.euroresidentes.com\/social\/rodriguez-zapatero\/wp-content\/uploads\/sites\/10\/2017\/01\/logo-euroresidentes-300x300-150x150.jpg\",\"caption\":\"euroresidentes\"},\"description\":\"EuroresidentesQueremos emocionar y sorprender a nuestros usuarios, transmitir pasi\u00f3n por la vida y ayudar a las personas a resolver las necesidades grandes y peque\u00f1as de su vida cotidiana.\",\"sameAs\":[\"https:\/\/www.euroresidentes.com\/info.htm\"],\"url\":\"https:\/\/www.euroresidentes.com\/social\/rodriguez-zapatero\/author\/euroresidentes\"}]}<\/script>\n<!-- \/ Yoast SEO plugin. -->","yoast_head_json":{"title":"La firma de la Constituci\u00f3n Europea - Rodr\u00edguez Zapatero","robots":{"index":"index","follow":"follow","max-snippet":"max-snippet:-1","max-image-preview":"max-image-preview:large","max-video-preview":"max-video-preview:-1"},"canonical":"https:\/\/www.euroresidentes.com\/social\/rodriguez-zapatero\/la-firma-de-la-constitucin-europea","og_locale":"es_ES","og_type":"article","og_title":"La firma de la Constituci\u00f3n Europea - Rodr\u00edguez Zapatero","og_description":"Pues hoy tambi\u00e9n hay foto. Quiz\u00e1s sea la foto m\u00e1s importante. \u00a1Enhorabuena Mr. President Rodr\u00edguez Zapatero! Euroresidentes ya tiene un espacio constitucional propio. Es un d\u00eda de gala para todos nosotros. Los 25 gobernantes de la Uni\u00f3n Europea y sus ministros de Exteriores posan en el patio de Miguel Angel en un d\u00eda que constituye un hito en la historia Europa. La paz y la raz\u00f3n poderorosas y capaces de vencer las resistencias que durante siglos guerras, caudillos y generales no pudieron imponer mediante violencia y armas. Pero la prensa espa\u00f1ola lo ve de una forma muy dispar: Cita con","og_url":"https:\/\/www.euroresidentes.com\/social\/rodriguez-zapatero\/la-firma-de-la-constitucin-europea","og_site_name":"Rodr\u00edguez Zapatero","article_published_time":"2004-10-29T23:35:00+00:00","article_modified_time":"2016-02-26T10:12:24+00:00","og_image":[{"width":114,"height":76,"url":"https:\/\/www.euroresidentes.com\/social\/rodriguez-zapatero\/wp-content\/uploads\/sites\/10\/2004\/10\/europa.jpg","type":"image\/jpeg"}],"author":"euroresidentes","twitter_card":"summary_large_image","twitter_misc":{"Written by":"euroresidentes","Est. reading time":"2 minutos"},"schema":{"@context":"https:\/\/schema.org","@graph":[{"@type":"WebPage","@id":"https:\/\/www.euroresidentes.com\/social\/rodriguez-zapatero\/la-firma-de-la-constitucin-europea","url":"https:\/\/www.euroresidentes.com\/social\/rodriguez-zapatero\/la-firma-de-la-constitucin-europea","name":"La firma de la Constituci\u00f3n Europea - Rodr\u00edguez Zapatero","isPartOf":{"@id":"https:\/\/www.euroresidentes.com\/social\/rodriguez-zapatero\/#website"},"primaryImageOfPage":{"@id":"https:\/\/www.euroresidentes.com\/social\/rodriguez-zapatero\/la-firma-de-la-constitucin-europea#primaryimage"},"image":{"@id":"https:\/\/www.euroresidentes.com\/social\/rodriguez-zapatero\/la-firma-de-la-constitucin-europea#primaryimage"},"thumbnailUrl":"https:\/\/www.euroresidentes.com\/social\/rodriguez-zapatero\/wp-content\/uploads\/sites\/10\/2004\/10\/europa.jpg","datePublished":"2004-10-29T23:35:00+00:00","dateModified":"2016-02-26T10:12:24+00:00","author":{"@id":"https:\/\/www.euroresidentes.com\/social\/rodriguez-zapatero\/#\/schema\/person\/6d45fc03936dc2e80f83afd41105b88c"},"breadcrumb":{"@id":"https:\/\/www.euroresidentes.com\/social\/rodriguez-zapatero\/la-firma-de-la-constitucin-europea#breadcrumb"},"inLanguage":"es","potentialAction":[{"@type":"ReadAction","target":["https:\/\/www.euroresidentes.com\/social\/rodriguez-zapatero\/la-firma-de-la-constitucin-europea"]}]},{"@type":"ImageObject","inLanguage":"es","@id":"https:\/\/www.euroresidentes.com\/social\/rodriguez-zapatero\/la-firma-de-la-constitucin-europea#primaryimage","url":"https:\/\/www.euroresidentes.com\/social\/rodriguez-zapatero\/wp-content\/uploads\/sites\/10\/2004\/10\/europa.jpg","contentUrl":"https:\/\/www.euroresidentes.com\/social\/rodriguez-zapatero\/wp-content\/uploads\/sites\/10\/2004\/10\/europa.jpg","width":114,"height":76},{"@type":"BreadcrumbList","@id":"https:\/\/www.euroresidentes.com\/social\/rodriguez-zapatero\/la-firma-de-la-constitucin-europea#breadcrumb","itemListElement":[{"@type":"ListItem","position":1,"name":"Home","item":"https:\/\/www.euroresidentes.com\/social\/rodriguez-zapatero\/"},{"@type":"ListItem","position":2,"name":"La firma de la Constituci\u00f3n Europea"}]},{"@type":"WebSite","@id":"https:\/\/www.euroresidentes.com\/social\/rodriguez-zapatero\/#website","url":"https:\/\/www.euroresidentes.com\/social\/rodriguez-zapatero\/","name":"Rodr\u00edguez Zapatero","description":"Otro sitio m\u00e1s de Sitios de Social Euroresidentes","potentialAction":[{"@type":"SearchAction","target":{"@type":"EntryPoint","urlTemplate":"https:\/\/www.euroresidentes.com\/social\/rodriguez-zapatero\/?s={search_term_string}"},"query-input":{"@type":"PropertyValueSpecification","valueRequired":true,"valueName":"search_term_string"}}],"inLanguage":"es"},{"@type":"Person","@id":"https:\/\/www.euroresidentes.com\/social\/rodriguez-zapatero\/#\/schema\/person\/6d45fc03936dc2e80f83afd41105b88c","name":"euroresidentes","image":{"@type":"ImageObject","inLanguage":"es","@id":"https:\/\/www.euroresidentes.com\/social\/rodriguez-zapatero\/#\/schema\/person\/image\/","url":"https:\/\/www.euroresidentes.com\/social\/rodriguez-zapatero\/wp-content\/uploads\/sites\/10\/2017\/01\/logo-euroresidentes-300x300-150x150.jpg","contentUrl":"https:\/\/www.euroresidentes.com\/social\/rodriguez-zapatero\/wp-content\/uploads\/sites\/10\/2017\/01\/logo-euroresidentes-300x300-150x150.jpg","caption":"euroresidentes"},"description":"EuroresidentesQueremos emocionar y sorprender a nuestros usuarios, transmitir pasi\u00f3n por la vida y ayudar a las personas a resolver las necesidades grandes y peque\u00f1as de su vida cotidiana.","sameAs":["https:\/\/www.euroresidentes.com\/info.htm"],"url":"https:\/\/www.euroresidentes.com\/social\/rodriguez-zapatero\/author\/euroresidentes"}]}},"_links":{"self":[{"href":"https:\/\/www.euroresidentes.com\/social\/rodriguez-zapatero\/wp-json\/wp\/v2\/posts\/292"}],"collection":[{"href":"https:\/\/www.euroresidentes.com\/social\/rodriguez-zapatero\/wp-json\/wp\/v2\/posts"}],"about":[{"href":"https:\/\/www.euroresidentes.com\/social\/rodriguez-zapatero\/wp-json\/wp\/v2\/types\/post"}],"author":[{"embeddable":true,"href":"https:\/\/www.euroresidentes.com\/social\/rodriguez-zapatero\/wp-json\/wp\/v2\/users\/1"}],"replies":[{"embeddable":true,"href":"https:\/\/www.euroresidentes.com\/social\/rodriguez-zapatero\/wp-json\/wp\/v2\/comments?post=292"}],"version-history":[{"count":1,"href":"https:\/\/www.euroresidentes.com\/social\/rodriguez-zapatero\/wp-json\/wp\/v2\/posts\/292\/revisions"}],"predecessor-version":[{"id":396,"href":"https:\/\/www.euroresidentes.com\/social\/rodriguez-zapatero\/wp-json\/wp\/v2\/posts\/292\/revisions\/396"}],"wp:featuredmedia":[{"embeddable":true,"href":"https:\/\/www.euroresidentes.com\/social\/rodriguez-zapatero\/wp-json\/wp\/v2\/media\/397"}],"wp:attachment":[{"href":"https:\/\/www.euroresidentes.com\/social\/rodriguez-zapatero\/wp-json\/wp\/v2\/media?parent=292"}],"wp:term":[{"taxonomy":"category","embeddable":true,"href":"https:\/\/www.euroresidentes.com\/social\/rodriguez-zapatero\/wp-json\/wp\/v2\/categories?post=292"},{"taxonomy":"post_tag","embeddable":true,"href":"https:\/\/www.euroresidentes.com\/social\/rodriguez-zapatero\/wp-json\/wp\/v2\/tags?post=292"}],"curies":[{"name":"wp","href":"https:\/\/api.w.org\/{rel}","templated":true}]}}