{"id":281,"date":"2004-11-13T07:07:00","date_gmt":"2004-11-13T07:07:00","guid":{"rendered":"https:\/\/www.euroresidentes.com\/social\/rodriguez-zapatero\/zapatero-e-iberoamrica-versus-bush-y"},"modified":"2016-02-26T10:12:23","modified_gmt":"2016-02-26T10:12:23","slug":"zapatero-e-iberoamrica-versus-bush-y","status":"publish","type":"post","link":"https:\/\/www.euroresidentes.com\/social\/rodriguez-zapatero\/zapatero-e-iberoamrica-versus-bush-y","title":{"rendered":"Zapatero e Iberoam\u00e9rica versus  Bush y APEC"},"content":{"rendered":"<p>Tras la elecci\u00f3n de Bush, uno de sus primeros actos en el exterior ser\u00e1 en Chile que el viernes de la semana que viene ser\u00e1 sede de la APEC (Foro Econ\u00f3mico Asia Pac\u00edfico). Esta organizaci\u00f3n reune a los l\u00edderes de las econom\u00edas m\u00e1s importantes del mundo de Asia (sienta en la misma mesa a Jap\u00f3n, Rusia, Taiw\u00e1n y China&#8230;) y Am\u00e9rica, con la ausencia de las europeas. <\/p>\n<p>Cabe la hip\u00f3tesis de si por la cabeza de Bush pasa potenciar la APEC y marginar el papel de Europa en Am\u00e9rica Latina y muy especialmente de Espa\u00f1a. Sin duda, esta organizaci\u00f3n es una invitaci\u00f3n a tender puentes entre los continentes asi\u00e1tico y americano, con ausencia de Europa.<\/p>\n<p>Paralelamente el presidente del Gobierno, Jos\u00e9 Luis Rodr\u00edguez Zapatero, viajar\u00e1 el pr\u00f3ximo jueves a San Jos\u00e9 de Costa Rica para participar en la XIV Cumbre Iberoamericana que reunir\u00e1 a Jefes de Estado y de Gobierno iberoamericanos y que se prolongar\u00e1 hasta el s\u00e1bado d\u00eda 20. Las noticias difundidas estos d\u00edas se\u00f1alan ausencias importantes: Presidente Lagos (Chile), Presidente Lula (Brasil)&#8230;<\/p>\n<p>\u00bfCasualidades&#8230;? Quiz\u00e1s. Pero convendr\u00e1 estar alerta los pr\u00f3ximos d\u00edas. La actitud de Bush podr\u00eda tener m\u00e1s calado de la que se deriva de no devolver una simple llamada de Zapatero.<\/p>\n<p><em>Nota: El APEC fue creado en 1989 y est\u00e1 integrado por Australia, Brunei, Canad\u00e1, Chile, China, Corea del Sur, Estados Unidos, Hong Kong, Indonesia, Jap\u00f3n, Pap\u00faa Nueva Guinea, Per\u00fa, Malasia, M\u00e9xico, Nueva Zelanda, Filipinas, Rusia, Singapur, Taiw\u00e1n, Tailandia y Vietnam.<\/em><br \/><\/p>\n","protected":false},"excerpt":{"rendered":"<p>Tras la elecci\u00f3n de Bush, uno de sus primeros actos en el exterior ser\u00e1 en Chile que el viernes de la semana que viene ser\u00e1 sede de la APEC (Foro Econ\u00f3mico Asia Pac\u00edfico). Esta organizaci\u00f3n reune a los l\u00edderes de las econom\u00edas m\u00e1s importantes del mundo de Asia (sienta en la misma mesa a Jap\u00f3n, Rusia, Taiw\u00e1n y China&#8230;) y Am\u00e9rica, con la ausencia de las europeas. Cabe la hip\u00f3tesis de si por la cabeza de Bush pasa potenciar la APEC y marginar el papel de Europa en Am\u00e9rica Latina y muy especialmente de Espa\u00f1a. Sin duda, esta organizaci\u00f3n es <\/p>\n","protected":false},"author":1,"featured_media":0,"comment_status":"open","ping_status":"open","sticky":false,"template":"","format":"standard","meta":{"footnotes":""},"categories":[1],"tags":[29,33],"class_list":["post-281","post","type-post","status-publish","format-standard","hentry","category-sin-categoria","tag-bush","tag-politica-exterior"],"yoast_head":"<!-- This site is optimized with the Yoast SEO plugin v25.6 - https:\/\/yoast.com\/wordpress\/plugins\/seo\/ -->\n<title>Zapatero e Iberoam\u00e9rica versus Bush y APEC - Rodr\u00edguez Zapatero<\/title>\n<meta name=\"robots\" content=\"index, follow, max-snippet:-1, max-image-preview:large, max-video-preview:-1\" \/>\n<link rel=\"canonical\" href=\"https:\/\/www.euroresidentes.com\/social\/rodriguez-zapatero\/zapatero-e-iberoamrica-versus-bush-y\" \/>\n<meta property=\"og:locale\" content=\"es_ES\" \/>\n<meta property=\"og:type\" content=\"article\" \/>\n<meta property=\"og:title\" content=\"Zapatero e Iberoam\u00e9rica versus Bush y APEC - Rodr\u00edguez Zapatero\" \/>\n<meta property=\"og:description\" content=\"Tras la elecci\u00f3n de Bush, uno de sus primeros actos en el exterior ser\u00e1 en Chile que el viernes de la semana que viene ser\u00e1 sede de la APEC (Foro Econ\u00f3mico Asia Pac\u00edfico). Esta organizaci\u00f3n reune a los l\u00edderes de las econom\u00edas m\u00e1s importantes del mundo de Asia (sienta en la misma mesa a Jap\u00f3n, Rusia, Taiw\u00e1n y China&#8230;) y Am\u00e9rica, con la ausencia de las europeas. Cabe la hip\u00f3tesis de si por la cabeza de Bush pasa potenciar la APEC y marginar el papel de Europa en Am\u00e9rica Latina y muy especialmente de Espa\u00f1a. Sin duda, esta organizaci\u00f3n es\" \/>\n<meta property=\"og:url\" content=\"https:\/\/www.euroresidentes.com\/social\/rodriguez-zapatero\/zapatero-e-iberoamrica-versus-bush-y\" \/>\n<meta property=\"og:site_name\" content=\"Rodr\u00edguez Zapatero\" \/>\n<meta property=\"article:published_time\" content=\"2004-11-13T07:07:00+00:00\" \/>\n<meta property=\"article:modified_time\" content=\"2016-02-26T10:12:23+00:00\" \/>\n<meta name=\"author\" content=\"euroresidentes\" \/>\n<meta name=\"twitter:card\" content=\"summary_large_image\" \/>\n<meta name=\"twitter:label1\" content=\"Written by\" \/>\n\t<meta name=\"twitter:data1\" content=\"euroresidentes\" \/>\n\t<meta name=\"twitter:label2\" content=\"Est. reading time\" \/>\n\t<meta name=\"twitter:data2\" content=\"1 minuto\" \/>\n<script type=\"application\/ld+json\" class=\"yoast-schema-graph\">{\"@context\":\"https:\/\/schema.org\",\"@graph\":[{\"@type\":\"WebPage\",\"@id\":\"https:\/\/www.euroresidentes.com\/social\/rodriguez-zapatero\/zapatero-e-iberoamrica-versus-bush-y\",\"url\":\"https:\/\/www.euroresidentes.com\/social\/rodriguez-zapatero\/zapatero-e-iberoamrica-versus-bush-y\",\"name\":\"Zapatero e Iberoam\u00e9rica versus Bush y APEC - Rodr\u00edguez Zapatero\",\"isPartOf\":{\"@id\":\"https:\/\/www.euroresidentes.com\/social\/rodriguez-zapatero\/#website\"},\"datePublished\":\"2004-11-13T07:07:00+00:00\",\"dateModified\":\"2016-02-26T10:12:23+00:00\",\"author\":{\"@id\":\"https:\/\/www.euroresidentes.com\/social\/rodriguez-zapatero\/#\/schema\/person\/6d45fc03936dc2e80f83afd41105b88c\"},\"breadcrumb\":{\"@id\":\"https:\/\/www.euroresidentes.com\/social\/rodriguez-zapatero\/zapatero-e-iberoamrica-versus-bush-y#breadcrumb\"},\"inLanguage\":\"es\",\"potentialAction\":[{\"@type\":\"ReadAction\",\"target\":[\"https:\/\/www.euroresidentes.com\/social\/rodriguez-zapatero\/zapatero-e-iberoamrica-versus-bush-y\"]}]},{\"@type\":\"BreadcrumbList\",\"@id\":\"https:\/\/www.euroresidentes.com\/social\/rodriguez-zapatero\/zapatero-e-iberoamrica-versus-bush-y#breadcrumb\",\"itemListElement\":[{\"@type\":\"ListItem\",\"position\":1,\"name\":\"Home\",\"item\":\"https:\/\/www.euroresidentes.com\/social\/rodriguez-zapatero\/\"},{\"@type\":\"ListItem\",\"position\":2,\"name\":\"Zapatero e Iberoam\u00e9rica versus Bush y APEC\"}]},{\"@type\":\"WebSite\",\"@id\":\"https:\/\/www.euroresidentes.com\/social\/rodriguez-zapatero\/#website\",\"url\":\"https:\/\/www.euroresidentes.com\/social\/rodriguez-zapatero\/\",\"name\":\"Rodr\u00edguez Zapatero\",\"description\":\"Otro sitio m\u00e1s de Sitios de Social Euroresidentes\",\"potentialAction\":[{\"@type\":\"SearchAction\",\"target\":{\"@type\":\"EntryPoint\",\"urlTemplate\":\"https:\/\/www.euroresidentes.com\/social\/rodriguez-zapatero\/?s={search_term_string}\"},\"query-input\":{\"@type\":\"PropertyValueSpecification\",\"valueRequired\":true,\"valueName\":\"search_term_string\"}}],\"inLanguage\":\"es\"},{\"@type\":\"Person\",\"@id\":\"https:\/\/www.euroresidentes.com\/social\/rodriguez-zapatero\/#\/schema\/person\/6d45fc03936dc2e80f83afd41105b88c\",\"name\":\"euroresidentes\",\"image\":{\"@type\":\"ImageObject\",\"inLanguage\":\"es\",\"@id\":\"https:\/\/www.euroresidentes.com\/social\/rodriguez-zapatero\/#\/schema\/person\/image\/\",\"url\":\"https:\/\/www.euroresidentes.com\/social\/rodriguez-zapatero\/wp-content\/uploads\/sites\/10\/2017\/01\/logo-euroresidentes-300x300-150x150.jpg\",\"contentUrl\":\"https:\/\/www.euroresidentes.com\/social\/rodriguez-zapatero\/wp-content\/uploads\/sites\/10\/2017\/01\/logo-euroresidentes-300x300-150x150.jpg\",\"caption\":\"euroresidentes\"},\"description\":\"EuroresidentesQueremos emocionar y sorprender a nuestros usuarios, transmitir pasi\u00f3n por la vida y ayudar a las personas a resolver las necesidades grandes y peque\u00f1as de su vida cotidiana.\",\"sameAs\":[\"https:\/\/www.euroresidentes.com\/info.htm\"],\"url\":\"https:\/\/www.euroresidentes.com\/social\/rodriguez-zapatero\/author\/euroresidentes\"}]}<\/script>\n<!-- \/ Yoast SEO plugin. -->","yoast_head_json":{"title":"Zapatero e Iberoam\u00e9rica versus Bush y APEC - Rodr\u00edguez Zapatero","robots":{"index":"index","follow":"follow","max-snippet":"max-snippet:-1","max-image-preview":"max-image-preview:large","max-video-preview":"max-video-preview:-1"},"canonical":"https:\/\/www.euroresidentes.com\/social\/rodriguez-zapatero\/zapatero-e-iberoamrica-versus-bush-y","og_locale":"es_ES","og_type":"article","og_title":"Zapatero e Iberoam\u00e9rica versus Bush y APEC - Rodr\u00edguez Zapatero","og_description":"Tras la elecci\u00f3n de Bush, uno de sus primeros actos en el exterior ser\u00e1 en Chile que el viernes de la semana que viene ser\u00e1 sede de la APEC (Foro Econ\u00f3mico Asia Pac\u00edfico). Esta organizaci\u00f3n reune a los l\u00edderes de las econom\u00edas m\u00e1s importantes del mundo de Asia (sienta en la misma mesa a Jap\u00f3n, Rusia, Taiw\u00e1n y China&#8230;) y Am\u00e9rica, con la ausencia de las europeas. Cabe la hip\u00f3tesis de si por la cabeza de Bush pasa potenciar la APEC y marginar el papel de Europa en Am\u00e9rica Latina y muy especialmente de Espa\u00f1a. Sin duda, esta organizaci\u00f3n es","og_url":"https:\/\/www.euroresidentes.com\/social\/rodriguez-zapatero\/zapatero-e-iberoamrica-versus-bush-y","og_site_name":"Rodr\u00edguez Zapatero","article_published_time":"2004-11-13T07:07:00+00:00","article_modified_time":"2016-02-26T10:12:23+00:00","author":"euroresidentes","twitter_card":"summary_large_image","twitter_misc":{"Written by":"euroresidentes","Est. reading time":"1 minuto"},"schema":{"@context":"https:\/\/schema.org","@graph":[{"@type":"WebPage","@id":"https:\/\/www.euroresidentes.com\/social\/rodriguez-zapatero\/zapatero-e-iberoamrica-versus-bush-y","url":"https:\/\/www.euroresidentes.com\/social\/rodriguez-zapatero\/zapatero-e-iberoamrica-versus-bush-y","name":"Zapatero e Iberoam\u00e9rica versus Bush y APEC - Rodr\u00edguez Zapatero","isPartOf":{"@id":"https:\/\/www.euroresidentes.com\/social\/rodriguez-zapatero\/#website"},"datePublished":"2004-11-13T07:07:00+00:00","dateModified":"2016-02-26T10:12:23+00:00","author":{"@id":"https:\/\/www.euroresidentes.com\/social\/rodriguez-zapatero\/#\/schema\/person\/6d45fc03936dc2e80f83afd41105b88c"},"breadcrumb":{"@id":"https:\/\/www.euroresidentes.com\/social\/rodriguez-zapatero\/zapatero-e-iberoamrica-versus-bush-y#breadcrumb"},"inLanguage":"es","potentialAction":[{"@type":"ReadAction","target":["https:\/\/www.euroresidentes.com\/social\/rodriguez-zapatero\/zapatero-e-iberoamrica-versus-bush-y"]}]},{"@type":"BreadcrumbList","@id":"https:\/\/www.euroresidentes.com\/social\/rodriguez-zapatero\/zapatero-e-iberoamrica-versus-bush-y#breadcrumb","itemListElement":[{"@type":"ListItem","position":1,"name":"Home","item":"https:\/\/www.euroresidentes.com\/social\/rodriguez-zapatero\/"},{"@type":"ListItem","position":2,"name":"Zapatero e Iberoam\u00e9rica versus Bush y APEC"}]},{"@type":"WebSite","@id":"https:\/\/www.euroresidentes.com\/social\/rodriguez-zapatero\/#website","url":"https:\/\/www.euroresidentes.com\/social\/rodriguez-zapatero\/","name":"Rodr\u00edguez Zapatero","description":"Otro sitio m\u00e1s de Sitios de Social Euroresidentes","potentialAction":[{"@type":"SearchAction","target":{"@type":"EntryPoint","urlTemplate":"https:\/\/www.euroresidentes.com\/social\/rodriguez-zapatero\/?s={search_term_string}"},"query-input":{"@type":"PropertyValueSpecification","valueRequired":true,"valueName":"search_term_string"}}],"inLanguage":"es"},{"@type":"Person","@id":"https:\/\/www.euroresidentes.com\/social\/rodriguez-zapatero\/#\/schema\/person\/6d45fc03936dc2e80f83afd41105b88c","name":"euroresidentes","image":{"@type":"ImageObject","inLanguage":"es","@id":"https:\/\/www.euroresidentes.com\/social\/rodriguez-zapatero\/#\/schema\/person\/image\/","url":"https:\/\/www.euroresidentes.com\/social\/rodriguez-zapatero\/wp-content\/uploads\/sites\/10\/2017\/01\/logo-euroresidentes-300x300-150x150.jpg","contentUrl":"https:\/\/www.euroresidentes.com\/social\/rodriguez-zapatero\/wp-content\/uploads\/sites\/10\/2017\/01\/logo-euroresidentes-300x300-150x150.jpg","caption":"euroresidentes"},"description":"EuroresidentesQueremos emocionar y sorprender a nuestros usuarios, transmitir pasi\u00f3n por la vida y ayudar a las personas a resolver las necesidades grandes y peque\u00f1as de su vida cotidiana.","sameAs":["https:\/\/www.euroresidentes.com\/info.htm"],"url":"https:\/\/www.euroresidentes.com\/social\/rodriguez-zapatero\/author\/euroresidentes"}]}},"_links":{"self":[{"href":"https:\/\/www.euroresidentes.com\/social\/rodriguez-zapatero\/wp-json\/wp\/v2\/posts\/281"}],"collection":[{"href":"https:\/\/www.euroresidentes.com\/social\/rodriguez-zapatero\/wp-json\/wp\/v2\/posts"}],"about":[{"href":"https:\/\/www.euroresidentes.com\/social\/rodriguez-zapatero\/wp-json\/wp\/v2\/types\/post"}],"author":[{"embeddable":true,"href":"https:\/\/www.euroresidentes.com\/social\/rodriguez-zapatero\/wp-json\/wp\/v2\/users\/1"}],"replies":[{"embeddable":true,"href":"https:\/\/www.euroresidentes.com\/social\/rodriguez-zapatero\/wp-json\/wp\/v2\/comments?post=281"}],"version-history":[{"count":1,"href":"https:\/\/www.euroresidentes.com\/social\/rodriguez-zapatero\/wp-json\/wp\/v2\/posts\/281\/revisions"}],"predecessor-version":[{"id":383,"href":"https:\/\/www.euroresidentes.com\/social\/rodriguez-zapatero\/wp-json\/wp\/v2\/posts\/281\/revisions\/383"}],"wp:attachment":[{"href":"https:\/\/www.euroresidentes.com\/social\/rodriguez-zapatero\/wp-json\/wp\/v2\/media?parent=281"}],"wp:term":[{"taxonomy":"category","embeddable":true,"href":"https:\/\/www.euroresidentes.com\/social\/rodriguez-zapatero\/wp-json\/wp\/v2\/categories?post=281"},{"taxonomy":"post_tag","embeddable":true,"href":"https:\/\/www.euroresidentes.com\/social\/rodriguez-zapatero\/wp-json\/wp\/v2\/tags?post=281"}],"curies":[{"name":"wp","href":"https:\/\/api.w.org\/{rel}","templated":true}]}}