{"id":275,"date":"2004-11-18T12:33:00","date_gmt":"2004-11-18T12:33:00","guid":{"rendered":"https:\/\/www.euroresidentes.com\/social\/rodriguez-zapatero\/zapatero-la-lengua-espaola-y-e"},"modified":"2016-02-26T10:12:23","modified_gmt":"2016-02-26T10:12:23","slug":"zapatero-la-lengua-espaola-y-e","status":"publish","type":"post","link":"https:\/\/www.euroresidentes.com\/social\/rodriguez-zapatero\/zapatero-la-lengua-espaola-y-e","title":{"rendered":"Zapatero, la lengua espa\u00f1ola y el Quijote"},"content":{"rendered":"<p>Recordamos que Jos\u00e9 Luis Rodr\u00edguez Zapatero siendo Jefe de la Oposici\u00f3n en el Congreso tuvo una amplia referencia al Quijote, reclamando un protagonismo para la cultura y la lengua espa\u00f1ola y su papel en el mundo.<\/p>\n<p>Estos d\u00edas se celebra el <a href=\"http:\/\/www.congresodelalengua3.ar\/home.htm\">III Congreso Internacional de la Lengua Espa\u00f1ola<\/a> en Rosario (Argentina) inaugurado por los Reyes de Espa\u00f1a. Y el Quijote est\u00e1 teniendo un extraordinario protagonismo en este Congreso. Ayer se present\u00f3 una edici\u00f3n popular publicada por la Real Academia Espa\u00f1ola (RAE) y la Asociaci\u00f3n de Academias de la Lengua Espa\u00f1ola (AALE). El propio Rey Juan Carlos se refiri\u00f3 al caballero de la triste figura en su discurso de la sesi\u00f3n inaugural. Todo es poco cuando coincide la celebraci\u00f3n de su cuarto centenario.<\/p>\n<p>Nuestra reflexi\u00f3n est\u00e1 orientada hacia si el Gobierno es consciente del potencial de la lengua espa\u00f1ola. M\u00e1s all\u00e1 de los t\u00f3picos, con Internet la lengua espa\u00f1ola pasa a ser un patrimonio estrat\u00e9gico de primer orden que dudamos se est\u00e9 aprovechando. Mientras que el Gobierno no adopte pol\u00edticas activas a favor de la sociedad de la informaci\u00f3n, el papel del espa\u00f1ol y de Espa\u00f1a se ver\u00e1 reducido dr\u00e1sticamente a una situaci\u00f3n claramente marginal.<\/p>\n<p>Le propondr\u00edamos un sencillo ejemplo al Presidente Zapatero. Hacer una B\u00fasqueda de la palabra \u201c<strong>Espa\u00f1a<\/strong>\u201d en el buscador Google: existen <strong>9.740.000 p\u00e1ginas<\/strong>. Ahora la b\u00fasqueda es \u201c<strong>Spain<\/strong>\u201d: hay <strong>65.300.000<\/strong> p\u00e1ginas.<\/p>\n<p>Ayer nos refer\u00edamos en otro blog a las restricciones del <a href=\"http:\/\/80.34.125.99\/Blogs\/RSS\/2004\/11\/registrar-un-dominio-con-redes.htm\">dominio punto.es <\/a>y a la sequ\u00eda de la pol\u00edtica de <a href=\"http:\/\/www.euroresidentes.com\/internet\/sociedad_de_la_informacion\/sociedad_informacion.htm\">desarrollo de la sociedad de la informaci\u00f3n <\/a>que hemos vivido en los \u00faltimos ocho a\u00f1os. No nos podemos permitir seguir as\u00ed. La lengua espa\u00f1ola no tiene el lugar que le corresponde en la red, y Espa\u00f1a tampoco.<\/p>\n<p>Las mejores iniciativas han sido desarrolladas por la iniciativa privada o por las universidades. Este es el caso de la <a href=\"http:\/\/www.cervantesvirtual.com\/\">Biblioteca Virtual Miguel de Cervantes<\/a>, un tesoro \u00fanico en el mundo, poco impulsada y considerada desde esferas gubernamentales y, sin embargo, un referente permanente de primera magnitud en toda Am\u00e9rica Latina que da cuenta del potencial de las inicitivas que vayan encaminadas a servir a un colectivo de 400 millones de personas.<\/p>\n<p>Zapatero har\u00eda bien en apoyar el desarrollo de la sociedad de la informaci\u00f3n para que la lengua espa\u00f1ola tenga el peso que le corresponde en la red.<\/p>\n<p>El tiempo pasa y no deber\u00edamos esperar otros cien a\u00f1os a que el Quijote cumpla quinientos.<br \/><\/p>\n","protected":false},"excerpt":{"rendered":"<p>Recordamos que Jos\u00e9 Luis Rodr\u00edguez Zapatero siendo Jefe de la Oposici\u00f3n en el Congreso tuvo una amplia referencia al Quijote, reclamando un protagonismo para la cultura y la lengua espa\u00f1ola y su papel en el mundo. Estos d\u00edas se celebra el III Congreso Internacional de la Lengua Espa\u00f1ola en Rosario (Argentina) inaugurado por los Reyes de Espa\u00f1a. Y el Quijote est\u00e1 teniendo un extraordinario protagonismo en este Congreso. Ayer se present\u00f3 una edici\u00f3n popular publicada por la Real Academia Espa\u00f1ola (RAE) y la Asociaci\u00f3n de Academias de la Lengua Espa\u00f1ola (AALE). El propio Rey Juan Carlos se refiri\u00f3 al caballero <\/p>\n","protected":false},"author":1,"featured_media":0,"comment_status":"open","ping_status":"open","sticky":false,"template":"","format":"standard","meta":{"footnotes":""},"categories":[1],"tags":[21],"class_list":["post-275","post","type-post","status-publish","format-standard","hentry","category-sin-categoria","tag-zp"],"yoast_head":"<!-- This site is optimized with the Yoast SEO plugin v25.6 - https:\/\/yoast.com\/wordpress\/plugins\/seo\/ -->\n<title>Zapatero, la lengua espa\u00f1ola y el Quijote - Rodr\u00edguez Zapatero<\/title>\n<meta name=\"robots\" content=\"index, follow, max-snippet:-1, max-image-preview:large, max-video-preview:-1\" \/>\n<link rel=\"canonical\" href=\"https:\/\/www.euroresidentes.com\/social\/rodriguez-zapatero\/zapatero-la-lengua-espaola-y-e\" \/>\n<meta property=\"og:locale\" content=\"es_ES\" \/>\n<meta property=\"og:type\" content=\"article\" \/>\n<meta property=\"og:title\" content=\"Zapatero, la lengua espa\u00f1ola y el Quijote - Rodr\u00edguez Zapatero\" \/>\n<meta property=\"og:description\" content=\"Recordamos que Jos\u00e9 Luis Rodr\u00edguez Zapatero siendo Jefe de la Oposici\u00f3n en el Congreso tuvo una amplia referencia al Quijote, reclamando un protagonismo para la cultura y la lengua espa\u00f1ola y su papel en el mundo. Estos d\u00edas se celebra el III Congreso Internacional de la Lengua Espa\u00f1ola en Rosario (Argentina) inaugurado por los Reyes de Espa\u00f1a. Y el Quijote est\u00e1 teniendo un extraordinario protagonismo en este Congreso. Ayer se present\u00f3 una edici\u00f3n popular publicada por la Real Academia Espa\u00f1ola (RAE) y la Asociaci\u00f3n de Academias de la Lengua Espa\u00f1ola (AALE). El propio Rey Juan Carlos se refiri\u00f3 al caballero\" \/>\n<meta property=\"og:url\" content=\"https:\/\/www.euroresidentes.com\/social\/rodriguez-zapatero\/zapatero-la-lengua-espaola-y-e\" \/>\n<meta property=\"og:site_name\" content=\"Rodr\u00edguez Zapatero\" \/>\n<meta property=\"article:published_time\" content=\"2004-11-18T12:33:00+00:00\" \/>\n<meta property=\"article:modified_time\" content=\"2016-02-26T10:12:23+00:00\" \/>\n<meta name=\"author\" content=\"euroresidentes\" \/>\n<meta name=\"twitter:card\" content=\"summary_large_image\" \/>\n<meta name=\"twitter:label1\" content=\"Written by\" \/>\n\t<meta name=\"twitter:data1\" content=\"euroresidentes\" \/>\n\t<meta name=\"twitter:label2\" content=\"Est. reading time\" \/>\n\t<meta name=\"twitter:data2\" content=\"2 minutos\" \/>\n<script type=\"application\/ld+json\" class=\"yoast-schema-graph\">{\"@context\":\"https:\/\/schema.org\",\"@graph\":[{\"@type\":\"WebPage\",\"@id\":\"https:\/\/www.euroresidentes.com\/social\/rodriguez-zapatero\/zapatero-la-lengua-espaola-y-e\",\"url\":\"https:\/\/www.euroresidentes.com\/social\/rodriguez-zapatero\/zapatero-la-lengua-espaola-y-e\",\"name\":\"Zapatero, la lengua espa\u00f1ola y el Quijote - Rodr\u00edguez Zapatero\",\"isPartOf\":{\"@id\":\"https:\/\/www.euroresidentes.com\/social\/rodriguez-zapatero\/#website\"},\"datePublished\":\"2004-11-18T12:33:00+00:00\",\"dateModified\":\"2016-02-26T10:12:23+00:00\",\"author\":{\"@id\":\"https:\/\/www.euroresidentes.com\/social\/rodriguez-zapatero\/#\/schema\/person\/6d45fc03936dc2e80f83afd41105b88c\"},\"breadcrumb\":{\"@id\":\"https:\/\/www.euroresidentes.com\/social\/rodriguez-zapatero\/zapatero-la-lengua-espaola-y-e#breadcrumb\"},\"inLanguage\":\"es\",\"potentialAction\":[{\"@type\":\"ReadAction\",\"target\":[\"https:\/\/www.euroresidentes.com\/social\/rodriguez-zapatero\/zapatero-la-lengua-espaola-y-e\"]}]},{\"@type\":\"BreadcrumbList\",\"@id\":\"https:\/\/www.euroresidentes.com\/social\/rodriguez-zapatero\/zapatero-la-lengua-espaola-y-e#breadcrumb\",\"itemListElement\":[{\"@type\":\"ListItem\",\"position\":1,\"name\":\"Home\",\"item\":\"https:\/\/www.euroresidentes.com\/social\/rodriguez-zapatero\/\"},{\"@type\":\"ListItem\",\"position\":2,\"name\":\"Zapatero, la lengua espa\u00f1ola y el Quijote\"}]},{\"@type\":\"WebSite\",\"@id\":\"https:\/\/www.euroresidentes.com\/social\/rodriguez-zapatero\/#website\",\"url\":\"https:\/\/www.euroresidentes.com\/social\/rodriguez-zapatero\/\",\"name\":\"Rodr\u00edguez Zapatero\",\"description\":\"Otro sitio m\u00e1s de Sitios de Social Euroresidentes\",\"potentialAction\":[{\"@type\":\"SearchAction\",\"target\":{\"@type\":\"EntryPoint\",\"urlTemplate\":\"https:\/\/www.euroresidentes.com\/social\/rodriguez-zapatero\/?s={search_term_string}\"},\"query-input\":{\"@type\":\"PropertyValueSpecification\",\"valueRequired\":true,\"valueName\":\"search_term_string\"}}],\"inLanguage\":\"es\"},{\"@type\":\"Person\",\"@id\":\"https:\/\/www.euroresidentes.com\/social\/rodriguez-zapatero\/#\/schema\/person\/6d45fc03936dc2e80f83afd41105b88c\",\"name\":\"euroresidentes\",\"image\":{\"@type\":\"ImageObject\",\"inLanguage\":\"es\",\"@id\":\"https:\/\/www.euroresidentes.com\/social\/rodriguez-zapatero\/#\/schema\/person\/image\/\",\"url\":\"https:\/\/www.euroresidentes.com\/social\/rodriguez-zapatero\/wp-content\/uploads\/sites\/10\/2017\/01\/logo-euroresidentes-300x300-150x150.jpg\",\"contentUrl\":\"https:\/\/www.euroresidentes.com\/social\/rodriguez-zapatero\/wp-content\/uploads\/sites\/10\/2017\/01\/logo-euroresidentes-300x300-150x150.jpg\",\"caption\":\"euroresidentes\"},\"description\":\"EuroresidentesQueremos emocionar y sorprender a nuestros usuarios, transmitir pasi\u00f3n por la vida y ayudar a las personas a resolver las necesidades grandes y peque\u00f1as de su vida cotidiana.\",\"sameAs\":[\"https:\/\/www.euroresidentes.com\/info.htm\"],\"url\":\"https:\/\/www.euroresidentes.com\/social\/rodriguez-zapatero\/author\/euroresidentes\"}]}<\/script>\n<!-- \/ Yoast SEO plugin. -->","yoast_head_json":{"title":"Zapatero, la lengua espa\u00f1ola y el Quijote - Rodr\u00edguez Zapatero","robots":{"index":"index","follow":"follow","max-snippet":"max-snippet:-1","max-image-preview":"max-image-preview:large","max-video-preview":"max-video-preview:-1"},"canonical":"https:\/\/www.euroresidentes.com\/social\/rodriguez-zapatero\/zapatero-la-lengua-espaola-y-e","og_locale":"es_ES","og_type":"article","og_title":"Zapatero, la lengua espa\u00f1ola y el Quijote - Rodr\u00edguez Zapatero","og_description":"Recordamos que Jos\u00e9 Luis Rodr\u00edguez Zapatero siendo Jefe de la Oposici\u00f3n en el Congreso tuvo una amplia referencia al Quijote, reclamando un protagonismo para la cultura y la lengua espa\u00f1ola y su papel en el mundo. Estos d\u00edas se celebra el III Congreso Internacional de la Lengua Espa\u00f1ola en Rosario (Argentina) inaugurado por los Reyes de Espa\u00f1a. Y el Quijote est\u00e1 teniendo un extraordinario protagonismo en este Congreso. Ayer se present\u00f3 una edici\u00f3n popular publicada por la Real Academia Espa\u00f1ola (RAE) y la Asociaci\u00f3n de Academias de la Lengua Espa\u00f1ola (AALE). El propio Rey Juan Carlos se refiri\u00f3 al caballero","og_url":"https:\/\/www.euroresidentes.com\/social\/rodriguez-zapatero\/zapatero-la-lengua-espaola-y-e","og_site_name":"Rodr\u00edguez Zapatero","article_published_time":"2004-11-18T12:33:00+00:00","article_modified_time":"2016-02-26T10:12:23+00:00","author":"euroresidentes","twitter_card":"summary_large_image","twitter_misc":{"Written by":"euroresidentes","Est. reading time":"2 minutos"},"schema":{"@context":"https:\/\/schema.org","@graph":[{"@type":"WebPage","@id":"https:\/\/www.euroresidentes.com\/social\/rodriguez-zapatero\/zapatero-la-lengua-espaola-y-e","url":"https:\/\/www.euroresidentes.com\/social\/rodriguez-zapatero\/zapatero-la-lengua-espaola-y-e","name":"Zapatero, la lengua espa\u00f1ola y el Quijote - Rodr\u00edguez Zapatero","isPartOf":{"@id":"https:\/\/www.euroresidentes.com\/social\/rodriguez-zapatero\/#website"},"datePublished":"2004-11-18T12:33:00+00:00","dateModified":"2016-02-26T10:12:23+00:00","author":{"@id":"https:\/\/www.euroresidentes.com\/social\/rodriguez-zapatero\/#\/schema\/person\/6d45fc03936dc2e80f83afd41105b88c"},"breadcrumb":{"@id":"https:\/\/www.euroresidentes.com\/social\/rodriguez-zapatero\/zapatero-la-lengua-espaola-y-e#breadcrumb"},"inLanguage":"es","potentialAction":[{"@type":"ReadAction","target":["https:\/\/www.euroresidentes.com\/social\/rodriguez-zapatero\/zapatero-la-lengua-espaola-y-e"]}]},{"@type":"BreadcrumbList","@id":"https:\/\/www.euroresidentes.com\/social\/rodriguez-zapatero\/zapatero-la-lengua-espaola-y-e#breadcrumb","itemListElement":[{"@type":"ListItem","position":1,"name":"Home","item":"https:\/\/www.euroresidentes.com\/social\/rodriguez-zapatero\/"},{"@type":"ListItem","position":2,"name":"Zapatero, la lengua espa\u00f1ola y el Quijote"}]},{"@type":"WebSite","@id":"https:\/\/www.euroresidentes.com\/social\/rodriguez-zapatero\/#website","url":"https:\/\/www.euroresidentes.com\/social\/rodriguez-zapatero\/","name":"Rodr\u00edguez Zapatero","description":"Otro sitio m\u00e1s de Sitios de Social Euroresidentes","potentialAction":[{"@type":"SearchAction","target":{"@type":"EntryPoint","urlTemplate":"https:\/\/www.euroresidentes.com\/social\/rodriguez-zapatero\/?s={search_term_string}"},"query-input":{"@type":"PropertyValueSpecification","valueRequired":true,"valueName":"search_term_string"}}],"inLanguage":"es"},{"@type":"Person","@id":"https:\/\/www.euroresidentes.com\/social\/rodriguez-zapatero\/#\/schema\/person\/6d45fc03936dc2e80f83afd41105b88c","name":"euroresidentes","image":{"@type":"ImageObject","inLanguage":"es","@id":"https:\/\/www.euroresidentes.com\/social\/rodriguez-zapatero\/#\/schema\/person\/image\/","url":"https:\/\/www.euroresidentes.com\/social\/rodriguez-zapatero\/wp-content\/uploads\/sites\/10\/2017\/01\/logo-euroresidentes-300x300-150x150.jpg","contentUrl":"https:\/\/www.euroresidentes.com\/social\/rodriguez-zapatero\/wp-content\/uploads\/sites\/10\/2017\/01\/logo-euroresidentes-300x300-150x150.jpg","caption":"euroresidentes"},"description":"EuroresidentesQueremos emocionar y sorprender a nuestros usuarios, transmitir pasi\u00f3n por la vida y ayudar a las personas a resolver las necesidades grandes y peque\u00f1as de su vida cotidiana.","sameAs":["https:\/\/www.euroresidentes.com\/info.htm"],"url":"https:\/\/www.euroresidentes.com\/social\/rodriguez-zapatero\/author\/euroresidentes"}]}},"_links":{"self":[{"href":"https:\/\/www.euroresidentes.com\/social\/rodriguez-zapatero\/wp-json\/wp\/v2\/posts\/275"}],"collection":[{"href":"https:\/\/www.euroresidentes.com\/social\/rodriguez-zapatero\/wp-json\/wp\/v2\/posts"}],"about":[{"href":"https:\/\/www.euroresidentes.com\/social\/rodriguez-zapatero\/wp-json\/wp\/v2\/types\/post"}],"author":[{"embeddable":true,"href":"https:\/\/www.euroresidentes.com\/social\/rodriguez-zapatero\/wp-json\/wp\/v2\/users\/1"}],"replies":[{"embeddable":true,"href":"https:\/\/www.euroresidentes.com\/social\/rodriguez-zapatero\/wp-json\/wp\/v2\/comments?post=275"}],"version-history":[{"count":1,"href":"https:\/\/www.euroresidentes.com\/social\/rodriguez-zapatero\/wp-json\/wp\/v2\/posts\/275\/revisions"}],"predecessor-version":[{"id":377,"href":"https:\/\/www.euroresidentes.com\/social\/rodriguez-zapatero\/wp-json\/wp\/v2\/posts\/275\/revisions\/377"}],"wp:attachment":[{"href":"https:\/\/www.euroresidentes.com\/social\/rodriguez-zapatero\/wp-json\/wp\/v2\/media?parent=275"}],"wp:term":[{"taxonomy":"category","embeddable":true,"href":"https:\/\/www.euroresidentes.com\/social\/rodriguez-zapatero\/wp-json\/wp\/v2\/categories?post=275"},{"taxonomy":"post_tag","embeddable":true,"href":"https:\/\/www.euroresidentes.com\/social\/rodriguez-zapatero\/wp-json\/wp\/v2\/tags?post=275"}],"curies":[{"name":"wp","href":"https:\/\/api.w.org\/{rel}","templated":true}]}}